{"id":1,"date":"2020-06-28T13:11:00","date_gmt":"2020-06-28T11:11:00","guid":{"rendered":"http:\/\/rowerowycieszyn.pl\/?p=1"},"modified":"2020-07-16T11:19:47","modified_gmt":"2020-07-16T09:19:47","slug":"jak-zaparkowac-rower-w-cieszynie","status":"publish","type":"post","link":"https:\/\/rowerowycieszyn.pl\/index.php\/2020\/06\/28\/jak-zaparkowac-rower-w-cieszynie\/","title":{"rendered":"Jak zaparkowa\u0107 rower na cieszy\u0144skim rynku?"},"content":{"rendered":"\r\n<p>Nie jest to wcale \u0142atwe, bo czy wiecie, ile stojak\u00f3w rowerowych jest na cieszy\u0144skim rynku? Dok\u0142adnie dwa. Jeden przy banku ING, umieszczony w tym miejscu przez ten\u017ce bank, kt\u00f3remu z uwagi na holenderski kapita\u0142 nie wypada\u0142o po prostu zignorowa\u0107 klient\u00f3w poruszaj\u0105cych si\u0119 na dw\u00f3ch k\u00f3\u0142kach. Od biedy da si\u0119 do niego przypi\u0105\u0107 8 rower\u00f3w.<\/p>\r\n<p><!--more--><\/p>\r\n\r\n\r\n\r\n<p>Jest te\u017c drugi stojak, zapomniany albo raczej wstydliwie ukryty przy bocznej \u015bcianie Urz\u0119du Miejskiego, b\u0119d\u0105cy prawdopodobnie w gestii tego\u017c. Rowerzy\u015bci niezbyt ch\u0119tnie go u\u017cywaj\u0105, bo jego pstrokaty kolor sugeruje, \u017ce jest raczej miejscem do parkowania dla go\u0142\u0119bi. Ale strata to niewielka, bo mo\u017cna tu przypi\u0105\u0107 a\u017c&#8230; dwa rowery, czego dowodzi tytu\u0142owy obrazek.<\/p>\r\n<p>Gwoli sprawiedliwo\u015bci nale\u017cy wspomnie\u0107 jeszcze o dw\u00f3ch\u00a0 stojakach\u00a0 zlokalizowanych kilkadziesi\u0105t metr\u00f3w od rynku, na placu Dominika\u0144skim, w miejscu, w kt\u00f3rym dochodzi do niego ulica Ratuszowa.\u00a0 I to ju\u017c chyba wszystko.<br \/><br \/>Cieszyn jest dumny ze swojego turystycznego charakteru. Ale czy czasami nie my\u015blimy wy\u0142\u0105cznie o turystach, kt\u00f3rzy dotr\u0105 do nas samochodem? A przecie\u017c wystarczy wyj\u015b\u0107 na miasto w dowolne weekendowe przedpo\u0142udnie, \u017ceby przekona\u0107 si\u0119 ilu z ka\u017cdej strony przemyka rowerzyst\u00f3w. Jednak rzadko kiedy zsiadaj\u0105 ze swoich pojazd\u00f3w, bo nie ka\u017cdy ma cierpliwo\u015b\u0107 szuka\u0107 kawa\u0142ka rynny, znaku drogowego czy piorunochronu, do kt\u00f3rego da\u0142oby si\u0119 przypi\u0105\u0107 ukochane dwa k\u00f3\u0142ka, nie m\u00f3wi\u0105c ju\u017c rowerach os\u00f3b wsp\u00f3\u0142towarzyszy.<\/p>\r\n\r\n\r\n\r\n<p>Zacznijmy wi\u0119c od spraw drobnych i prostych! <strong>Prosimy w\u0142adze miasta Cieszyna o umieszczenie na rynku stojaka na rowery z prawdziwego zdarzenia!<\/strong><\/p>\r\n\r\n\r\n\r\n<p>Nie musi to by\u0107 wielopi\u0119trowych czy podziemnych parking dla rower\u00f3w, podobnych do pokazanych na poni\u017cszych zdj\u0119ciach. Wystarczy prosty ale solidny stojak, do kt\u00f3rego b\u0119dzie mo\u017cna przypi\u0105\u0107 na kilkana\u015bcie pojazd\u00f3w. Stw\u00f3rzmy najpierw warunki a cykli\u015bci sami zaczn\u0105 zatrzymywa\u0107 si\u0119 na cieszy\u0144skim rynku.<\/p>\r\n<figure id=\"attachment_160\" aria-describedby=\"caption-attachment-160\" style=\"width: 1920px\" class=\"wp-caption alignnone\"><a href=\"http:\/\/rowerowycieszyn.pl\/wp-content\/uploads\/2020\/06\/P1170727_tn.jpg\"><img loading=\"lazy\" decoding=\"async\" class=\"wp-image-160 size-full\" src=\"http:\/\/rowerowycieszyn.pl\/wp-content\/uploads\/2020\/06\/P1170727_tn.jpg\" alt=\"Parking rowerowy przy stacji kolejowej w holenderskim Haarlem.\" width=\"1920\" height=\"1079\" srcset=\"https:\/\/rowerowycieszyn.pl\/wp-content\/uploads\/2020\/06\/P1170727_tn.jpg 1920w, https:\/\/rowerowycieszyn.pl\/wp-content\/uploads\/2020\/06\/P1170727_tn-300x169.jpg 300w, https:\/\/rowerowycieszyn.pl\/wp-content\/uploads\/2020\/06\/P1170727_tn-1024x575.jpg 1024w, https:\/\/rowerowycieszyn.pl\/wp-content\/uploads\/2020\/06\/P1170727_tn-768x432.jpg 768w, https:\/\/rowerowycieszyn.pl\/wp-content\/uploads\/2020\/06\/P1170727_tn-1536x863.jpg 1536w\" sizes=\"auto, (max-width: 1920px) 100vw, 1920px\" \/><\/a><figcaption id=\"caption-attachment-160\" class=\"wp-caption-text\">Holenderska miejscowo\u015b\u0107 Haarlem. Bezp\u0142atny, dwupi\u0119trowy parking dla rower\u00f3w przy dworcu kolejowym.<\/figcaption><\/figure>\r\n<figure id=\"attachment_187\" aria-describedby=\"caption-attachment-187\" style=\"width: 1920px\" class=\"wp-caption alignnone\"><a href=\"http:\/\/rowerowycieszyn.pl\/wp-content\/uploads\/2020\/06\/P1180844_tn.jpg\"><img loading=\"lazy\" decoding=\"async\" class=\"wp-image-187 size-full\" src=\"http:\/\/rowerowycieszyn.pl\/wp-content\/uploads\/2020\/06\/P1180844_tn.jpg\" alt=\"Podziemny parking rowerowy w Brugii, Belgia\" width=\"1920\" height=\"1079\" srcset=\"https:\/\/rowerowycieszyn.pl\/wp-content\/uploads\/2020\/06\/P1180844_tn.jpg 1920w, https:\/\/rowerowycieszyn.pl\/wp-content\/uploads\/2020\/06\/P1180844_tn-300x169.jpg 300w, https:\/\/rowerowycieszyn.pl\/wp-content\/uploads\/2020\/06\/P1180844_tn-1024x575.jpg 1024w, https:\/\/rowerowycieszyn.pl\/wp-content\/uploads\/2020\/06\/P1180844_tn-768x432.jpg 768w, https:\/\/rowerowycieszyn.pl\/wp-content\/uploads\/2020\/06\/P1180844_tn-1536x863.jpg 1536w\" sizes=\"auto, (max-width: 1920px) 100vw, 1920px\" \/><\/a><figcaption id=\"caption-attachment-187\" class=\"wp-caption-text\">Podziemny parking rowerowy w pobli\u017cu rynku w Brugii, Belgia.<\/figcaption><\/figure>\r\n<p>A na ten moment do\u0142\u0105czamy mapk\u0119 &#8221; zielonych parking\u00f3w&#8221;, kt\u00f3re u\u0142atwi\u0105 wam przypi\u0119cie swoich rower\u00f3w przed spacerem po cieszy\u0144skim rynku i okolicznych uliczkach.<\/p>\r\n\r\n\r\n\r\n<div class=\"wp-block-group\">\r\n<div class=\"wp-block-group__inner-container is-layout-flow wp-block-group-is-layout-flow\">\r\n<figure><iframe loading=\"lazy\" src=\"https:\/\/www.google.com\/maps\/d\/u\/0\/embed?mid=1EyRHlHavXeTeQSuqNzemUBHjguGlxoyK\" width=\"640\" height=\"480\"><\/iframe><\/figure>\r\n<\/div>\r\n<\/div>\r\n\r\n\r\n\r\n<p>&nbsp;<\/p>\r\n","protected":false},"excerpt":{"rendered":"<p>Chcesz gdzie\u015b przypi\u0105\u0107 rower na cieszy\u0144skim rynku? Spr\u00f3buj. To wcale nie takie proste.<\/p>\n","protected":false},"author":1,"featured_media":57,"comment_status":"open","ping_status":"open","sticky":false,"template":"","format":"standard","meta":{"footnotes":""},"categories":[9,5,1],"tags":[],"class_list":["post-1","post","type-post","status-publish","format-standard","has-post-thumbnail","hentry","category-aktualnosci","category-artykuly","category-bez-kategorii"],"yoast_head":"<!-- This site is optimized with the Yoast SEO plugin v27.3 - https:\/\/yoast.com\/product\/yoast-seo-wordpress\/ -->\n<title>Jak zaparkowa\u0107 rower na cieszy\u0144skim rynku? - Rowerowy Cieszyn<\/title>\n<meta name=\"description\" content=\"Gdzie przypi\u0105\u0107 rower na cieszy\u0144skim rynku? Okazuje si\u0119, \u017ce nie jest to wcale takie proste. Stojak\u00f3w jest niewiele a te dost\u0119pne s\u0105 sprytnie ukryte.\" \/>\n<meta name=\"robots\" content=\"index, follow, max-snippet:-1, max-image-preview:large, max-video-preview:-1\" \/>\n<link rel=\"canonical\" href=\"https:\/\/rowerowycieszyn.pl\/index.php\/2020\/06\/28\/jak-zaparkowac-rower-w-cieszynie\/\" \/>\n<meta property=\"og:locale\" content=\"pl_PL\" \/>\n<meta property=\"og:type\" content=\"article\" \/>\n<meta property=\"og:title\" content=\"Jak zaparkowa\u0107 rower na cieszy\u0144skim rynku? - Rowerowy Cieszyn\" \/>\n<meta property=\"og:description\" content=\"Gdzie przypi\u0105\u0107 rower na cieszy\u0144skim rynku? Okazuje si\u0119, \u017ce nie jest to wcale takie proste. Stojak\u00f3w jest niewiele a te dost\u0119pne s\u0105 sprytnie ukryte.\" \/>\n<meta property=\"og:url\" content=\"https:\/\/rowerowycieszyn.pl\/index.php\/2020\/06\/28\/jak-zaparkowac-rower-w-cieszynie\/\" \/>\n<meta property=\"og:site_name\" content=\"Rowerowy Cieszyn\" \/>\n<meta property=\"article:publisher\" content=\"https:\/\/www.facebook.com\/RowerowyCieszyn\" \/>\n<meta property=\"article:published_time\" content=\"2020-06-28T11:11:00+00:00\" \/>\n<meta property=\"article:modified_time\" content=\"2020-07-16T09:19:47+00:00\" \/>\n<meta property=\"og:image\" content=\"http:\/\/rowerowycieszyn.pl\/wp-content\/uploads\/2020\/07\/IMG_20200630_132155_tn_kor.jpg\" \/>\n\t<meta property=\"og:image:width\" content=\"1920\" \/>\n\t<meta property=\"og:image:height\" content=\"1079\" \/>\n\t<meta property=\"og:image:type\" content=\"image\/jpeg\" \/>\n<meta name=\"author\" content=\"Rowerowy Cieszyn\" \/>\n<meta name=\"twitter:card\" content=\"summary_large_image\" \/>\n<meta name=\"twitter:label1\" content=\"Napisane przez\" \/>\n\t<meta name=\"twitter:data1\" content=\"Rowerowy Cieszyn\" \/>\n\t<meta name=\"twitter:label2\" content=\"Szacowany czas czytania\" \/>\n\t<meta name=\"twitter:data2\" content=\"2 minuty\" \/>\n<script type=\"application\/ld+json\" class=\"yoast-schema-graph\">{\"@context\":\"https:\\\/\\\/schema.org\",\"@graph\":[{\"@type\":\"Article\",\"@id\":\"https:\\\/\\\/rowerowycieszyn.pl\\\/index.php\\\/2020\\\/06\\\/28\\\/jak-zaparkowac-rower-w-cieszynie\\\/#article\",\"isPartOf\":{\"@id\":\"https:\\\/\\\/rowerowycieszyn.pl\\\/index.php\\\/2020\\\/06\\\/28\\\/jak-zaparkowac-rower-w-cieszynie\\\/\"},\"author\":{\"name\":\"Rowerowy Cieszyn\",\"@id\":\"https:\\\/\\\/rowerowycieszyn.pl\\\/#\\\/schema\\\/person\\\/b698cee63b7405acd7e70007d7cc8b2a\"},\"headline\":\"Jak zaparkowa\u0107 rower na cieszy\u0144skim rynku?\",\"datePublished\":\"2020-06-28T11:11:00+00:00\",\"dateModified\":\"2020-07-16T09:19:47+00:00\",\"mainEntityOfPage\":{\"@id\":\"https:\\\/\\\/rowerowycieszyn.pl\\\/index.php\\\/2020\\\/06\\\/28\\\/jak-zaparkowac-rower-w-cieszynie\\\/\"},\"wordCount\":401,\"commentCount\":0,\"publisher\":{\"@id\":\"https:\\\/\\\/rowerowycieszyn.pl\\\/#organization\"},\"image\":{\"@id\":\"https:\\\/\\\/rowerowycieszyn.pl\\\/index.php\\\/2020\\\/06\\\/28\\\/jak-zaparkowac-rower-w-cieszynie\\\/#primaryimage\"},\"thumbnailUrl\":\"https:\\\/\\\/rowerowycieszyn.pl\\\/wp-content\\\/uploads\\\/2020\\\/07\\\/IMG_20200630_132155_tn_kor.jpg\",\"articleSection\":[\"Aktualno\u015bci\",\"Artyku\u0142y\"],\"inLanguage\":\"pl-PL\",\"potentialAction\":[{\"@type\":\"CommentAction\",\"name\":\"Comment\",\"target\":[\"https:\\\/\\\/rowerowycieszyn.pl\\\/index.php\\\/2020\\\/06\\\/28\\\/jak-zaparkowac-rower-w-cieszynie\\\/#respond\"]}]},{\"@type\":\"WebPage\",\"@id\":\"https:\\\/\\\/rowerowycieszyn.pl\\\/index.php\\\/2020\\\/06\\\/28\\\/jak-zaparkowac-rower-w-cieszynie\\\/\",\"url\":\"https:\\\/\\\/rowerowycieszyn.pl\\\/index.php\\\/2020\\\/06\\\/28\\\/jak-zaparkowac-rower-w-cieszynie\\\/\",\"name\":\"Jak zaparkowa\u0107 rower na cieszy\u0144skim rynku? - Rowerowy Cieszyn\",\"isPartOf\":{\"@id\":\"https:\\\/\\\/rowerowycieszyn.pl\\\/#website\"},\"primaryImageOfPage\":{\"@id\":\"https:\\\/\\\/rowerowycieszyn.pl\\\/index.php\\\/2020\\\/06\\\/28\\\/jak-zaparkowac-rower-w-cieszynie\\\/#primaryimage\"},\"image\":{\"@id\":\"https:\\\/\\\/rowerowycieszyn.pl\\\/index.php\\\/2020\\\/06\\\/28\\\/jak-zaparkowac-rower-w-cieszynie\\\/#primaryimage\"},\"thumbnailUrl\":\"https:\\\/\\\/rowerowycieszyn.pl\\\/wp-content\\\/uploads\\\/2020\\\/07\\\/IMG_20200630_132155_tn_kor.jpg\",\"datePublished\":\"2020-06-28T11:11:00+00:00\",\"dateModified\":\"2020-07-16T09:19:47+00:00\",\"description\":\"Gdzie przypi\u0105\u0107 rower na cieszy\u0144skim rynku? Okazuje si\u0119, \u017ce nie jest to wcale takie proste. Stojak\u00f3w jest niewiele a te dost\u0119pne s\u0105 sprytnie ukryte.\",\"breadcrumb\":{\"@id\":\"https:\\\/\\\/rowerowycieszyn.pl\\\/index.php\\\/2020\\\/06\\\/28\\\/jak-zaparkowac-rower-w-cieszynie\\\/#breadcrumb\"},\"inLanguage\":\"pl-PL\",\"potentialAction\":[{\"@type\":\"ReadAction\",\"target\":[\"https:\\\/\\\/rowerowycieszyn.pl\\\/index.php\\\/2020\\\/06\\\/28\\\/jak-zaparkowac-rower-w-cieszynie\\\/\"]}]},{\"@type\":\"ImageObject\",\"inLanguage\":\"pl-PL\",\"@id\":\"https:\\\/\\\/rowerowycieszyn.pl\\\/index.php\\\/2020\\\/06\\\/28\\\/jak-zaparkowac-rower-w-cieszynie\\\/#primaryimage\",\"url\":\"https:\\\/\\\/rowerowycieszyn.pl\\\/wp-content\\\/uploads\\\/2020\\\/07\\\/IMG_20200630_132155_tn_kor.jpg\",\"contentUrl\":\"https:\\\/\\\/rowerowycieszyn.pl\\\/wp-content\\\/uploads\\\/2020\\\/07\\\/IMG_20200630_132155_tn_kor.jpg\",\"width\":1920,\"height\":1079,\"caption\":\"Stojak przy urz\u0119dzie miejskim\"},{\"@type\":\"BreadcrumbList\",\"@id\":\"https:\\\/\\\/rowerowycieszyn.pl\\\/index.php\\\/2020\\\/06\\\/28\\\/jak-zaparkowac-rower-w-cieszynie\\\/#breadcrumb\",\"itemListElement\":[{\"@type\":\"ListItem\",\"position\":1,\"name\":\"Home\",\"item\":\"https:\\\/\\\/rowerowycieszyn.pl\\\/\"},{\"@type\":\"ListItem\",\"position\":2,\"name\":\"Jak zaparkowa\u0107 rower na cieszy\u0144skim rynku?\"}]},{\"@type\":\"WebSite\",\"@id\":\"https:\\\/\\\/rowerowycieszyn.pl\\\/#website\",\"url\":\"https:\\\/\\\/rowerowycieszyn.pl\\\/\",\"name\":\"Rowerowy Cieszyn\",\"description\":\"Strona promuj\u0105ca komunikacj\u0119 oraz turystyk\u0119 rowerow\u0105 na terenie Cieszyna i okolic.\",\"publisher\":{\"@id\":\"https:\\\/\\\/rowerowycieszyn.pl\\\/#organization\"},\"potentialAction\":[{\"@type\":\"SearchAction\",\"target\":{\"@type\":\"EntryPoint\",\"urlTemplate\":\"https:\\\/\\\/rowerowycieszyn.pl\\\/?s={search_term_string}\"},\"query-input\":{\"@type\":\"PropertyValueSpecification\",\"valueRequired\":true,\"valueName\":\"search_term_string\"}}],\"inLanguage\":\"pl-PL\"},{\"@type\":\"Organization\",\"@id\":\"https:\\\/\\\/rowerowycieszyn.pl\\\/#organization\",\"name\":\"Rowerowy Cieszyn\",\"url\":\"https:\\\/\\\/rowerowycieszyn.pl\\\/\",\"logo\":{\"@type\":\"ImageObject\",\"inLanguage\":\"pl-PL\",\"@id\":\"https:\\\/\\\/rowerowycieszyn.pl\\\/#\\\/schema\\\/logo\\\/image\\\/\",\"url\":\"https:\\\/\\\/rowerowycieszyn.pl\\\/wp-content\\\/uploads\\\/2020\\\/07\\\/cropped-rower1_cr_tn-1.jpg\",\"contentUrl\":\"https:\\\/\\\/rowerowycieszyn.pl\\\/wp-content\\\/uploads\\\/2020\\\/07\\\/cropped-rower1_cr_tn-1.jpg\",\"width\":250,\"height\":100,\"caption\":\"Rowerowy Cieszyn\"},\"image\":{\"@id\":\"https:\\\/\\\/rowerowycieszyn.pl\\\/#\\\/schema\\\/logo\\\/image\\\/\"},\"sameAs\":[\"https:\\\/\\\/www.facebook.com\\\/RowerowyCieszyn\"]},{\"@type\":\"Person\",\"@id\":\"https:\\\/\\\/rowerowycieszyn.pl\\\/#\\\/schema\\\/person\\\/b698cee63b7405acd7e70007d7cc8b2a\",\"name\":\"Rowerowy Cieszyn\",\"image\":{\"@type\":\"ImageObject\",\"inLanguage\":\"pl-PL\",\"@id\":\"https:\\\/\\\/secure.gravatar.com\\\/avatar\\\/1aef2c80bb06ccee0d820e4116589968d6d5c57310499f9271d42a4f7c5ffb3a?s=96&d=mm&r=g\",\"url\":\"https:\\\/\\\/secure.gravatar.com\\\/avatar\\\/1aef2c80bb06ccee0d820e4116589968d6d5c57310499f9271d42a4f7c5ffb3a?s=96&d=mm&r=g\",\"contentUrl\":\"https:\\\/\\\/secure.gravatar.com\\\/avatar\\\/1aef2c80bb06ccee0d820e4116589968d6d5c57310499f9271d42a4f7c5ffb3a?s=96&d=mm&r=g\",\"caption\":\"Rowerowy Cieszyn\"},\"sameAs\":[\"http:\\\/\\\/rowerowycieszyn.pl\"],\"url\":\"https:\\\/\\\/rowerowycieszyn.pl\\\/index.php\\\/author\\\/pstoklosa\\\/\"}]}<\/script>\n<!-- \/ Yoast SEO plugin. -->","yoast_head_json":{"title":"Jak zaparkowa\u0107 rower na cieszy\u0144skim rynku? - Rowerowy Cieszyn","description":"Gdzie przypi\u0105\u0107 rower na cieszy\u0144skim rynku? Okazuje si\u0119, \u017ce nie jest to wcale takie proste. Stojak\u00f3w jest niewiele a te dost\u0119pne s\u0105 sprytnie ukryte.","robots":{"index":"index","follow":"follow","max-snippet":"max-snippet:-1","max-image-preview":"max-image-preview:large","max-video-preview":"max-video-preview:-1"},"canonical":"https:\/\/rowerowycieszyn.pl\/index.php\/2020\/06\/28\/jak-zaparkowac-rower-w-cieszynie\/","og_locale":"pl_PL","og_type":"article","og_title":"Jak zaparkowa\u0107 rower na cieszy\u0144skim rynku? - Rowerowy Cieszyn","og_description":"Gdzie przypi\u0105\u0107 rower na cieszy\u0144skim rynku? Okazuje si\u0119, \u017ce nie jest to wcale takie proste. Stojak\u00f3w jest niewiele a te dost\u0119pne s\u0105 sprytnie ukryte.","og_url":"https:\/\/rowerowycieszyn.pl\/index.php\/2020\/06\/28\/jak-zaparkowac-rower-w-cieszynie\/","og_site_name":"Rowerowy Cieszyn","article_publisher":"https:\/\/www.facebook.com\/RowerowyCieszyn","article_published_time":"2020-06-28T11:11:00+00:00","article_modified_time":"2020-07-16T09:19:47+00:00","og_image":[{"width":1920,"height":1079,"url":"http:\/\/rowerowycieszyn.pl\/wp-content\/uploads\/2020\/07\/IMG_20200630_132155_tn_kor.jpg","type":"image\/jpeg"}],"author":"Rowerowy Cieszyn","twitter_card":"summary_large_image","twitter_misc":{"Napisane przez":"Rowerowy Cieszyn","Szacowany czas czytania":"2 minuty"},"schema":{"@context":"https:\/\/schema.org","@graph":[{"@type":"Article","@id":"https:\/\/rowerowycieszyn.pl\/index.php\/2020\/06\/28\/jak-zaparkowac-rower-w-cieszynie\/#article","isPartOf":{"@id":"https:\/\/rowerowycieszyn.pl\/index.php\/2020\/06\/28\/jak-zaparkowac-rower-w-cieszynie\/"},"author":{"name":"Rowerowy Cieszyn","@id":"https:\/\/rowerowycieszyn.pl\/#\/schema\/person\/b698cee63b7405acd7e70007d7cc8b2a"},"headline":"Jak zaparkowa\u0107 rower na cieszy\u0144skim rynku?","datePublished":"2020-06-28T11:11:00+00:00","dateModified":"2020-07-16T09:19:47+00:00","mainEntityOfPage":{"@id":"https:\/\/rowerowycieszyn.pl\/index.php\/2020\/06\/28\/jak-zaparkowac-rower-w-cieszynie\/"},"wordCount":401,"commentCount":0,"publisher":{"@id":"https:\/\/rowerowycieszyn.pl\/#organization"},"image":{"@id":"https:\/\/rowerowycieszyn.pl\/index.php\/2020\/06\/28\/jak-zaparkowac-rower-w-cieszynie\/#primaryimage"},"thumbnailUrl":"https:\/\/rowerowycieszyn.pl\/wp-content\/uploads\/2020\/07\/IMG_20200630_132155_tn_kor.jpg","articleSection":["Aktualno\u015bci","Artyku\u0142y"],"inLanguage":"pl-PL","potentialAction":[{"@type":"CommentAction","name":"Comment","target":["https:\/\/rowerowycieszyn.pl\/index.php\/2020\/06\/28\/jak-zaparkowac-rower-w-cieszynie\/#respond"]}]},{"@type":"WebPage","@id":"https:\/\/rowerowycieszyn.pl\/index.php\/2020\/06\/28\/jak-zaparkowac-rower-w-cieszynie\/","url":"https:\/\/rowerowycieszyn.pl\/index.php\/2020\/06\/28\/jak-zaparkowac-rower-w-cieszynie\/","name":"Jak zaparkowa\u0107 rower na cieszy\u0144skim rynku? - Rowerowy Cieszyn","isPartOf":{"@id":"https:\/\/rowerowycieszyn.pl\/#website"},"primaryImageOfPage":{"@id":"https:\/\/rowerowycieszyn.pl\/index.php\/2020\/06\/28\/jak-zaparkowac-rower-w-cieszynie\/#primaryimage"},"image":{"@id":"https:\/\/rowerowycieszyn.pl\/index.php\/2020\/06\/28\/jak-zaparkowac-rower-w-cieszynie\/#primaryimage"},"thumbnailUrl":"https:\/\/rowerowycieszyn.pl\/wp-content\/uploads\/2020\/07\/IMG_20200630_132155_tn_kor.jpg","datePublished":"2020-06-28T11:11:00+00:00","dateModified":"2020-07-16T09:19:47+00:00","description":"Gdzie przypi\u0105\u0107 rower na cieszy\u0144skim rynku? Okazuje si\u0119, \u017ce nie jest to wcale takie proste. Stojak\u00f3w jest niewiele a te dost\u0119pne s\u0105 sprytnie ukryte.","breadcrumb":{"@id":"https:\/\/rowerowycieszyn.pl\/index.php\/2020\/06\/28\/jak-zaparkowac-rower-w-cieszynie\/#breadcrumb"},"inLanguage":"pl-PL","potentialAction":[{"@type":"ReadAction","target":["https:\/\/rowerowycieszyn.pl\/index.php\/2020\/06\/28\/jak-zaparkowac-rower-w-cieszynie\/"]}]},{"@type":"ImageObject","inLanguage":"pl-PL","@id":"https:\/\/rowerowycieszyn.pl\/index.php\/2020\/06\/28\/jak-zaparkowac-rower-w-cieszynie\/#primaryimage","url":"https:\/\/rowerowycieszyn.pl\/wp-content\/uploads\/2020\/07\/IMG_20200630_132155_tn_kor.jpg","contentUrl":"https:\/\/rowerowycieszyn.pl\/wp-content\/uploads\/2020\/07\/IMG_20200630_132155_tn_kor.jpg","width":1920,"height":1079,"caption":"Stojak przy urz\u0119dzie miejskim"},{"@type":"BreadcrumbList","@id":"https:\/\/rowerowycieszyn.pl\/index.php\/2020\/06\/28\/jak-zaparkowac-rower-w-cieszynie\/#breadcrumb","itemListElement":[{"@type":"ListItem","position":1,"name":"Home","item":"https:\/\/rowerowycieszyn.pl\/"},{"@type":"ListItem","position":2,"name":"Jak zaparkowa\u0107 rower na cieszy\u0144skim rynku?"}]},{"@type":"WebSite","@id":"https:\/\/rowerowycieszyn.pl\/#website","url":"https:\/\/rowerowycieszyn.pl\/","name":"Rowerowy Cieszyn","description":"Strona promuj\u0105ca komunikacj\u0119 oraz turystyk\u0119 rowerow\u0105 na terenie Cieszyna i okolic.","publisher":{"@id":"https:\/\/rowerowycieszyn.pl\/#organization"},"potentialAction":[{"@type":"SearchAction","target":{"@type":"EntryPoint","urlTemplate":"https:\/\/rowerowycieszyn.pl\/?s={search_term_string}"},"query-input":{"@type":"PropertyValueSpecification","valueRequired":true,"valueName":"search_term_string"}}],"inLanguage":"pl-PL"},{"@type":"Organization","@id":"https:\/\/rowerowycieszyn.pl\/#organization","name":"Rowerowy Cieszyn","url":"https:\/\/rowerowycieszyn.pl\/","logo":{"@type":"ImageObject","inLanguage":"pl-PL","@id":"https:\/\/rowerowycieszyn.pl\/#\/schema\/logo\/image\/","url":"https:\/\/rowerowycieszyn.pl\/wp-content\/uploads\/2020\/07\/cropped-rower1_cr_tn-1.jpg","contentUrl":"https:\/\/rowerowycieszyn.pl\/wp-content\/uploads\/2020\/07\/cropped-rower1_cr_tn-1.jpg","width":250,"height":100,"caption":"Rowerowy Cieszyn"},"image":{"@id":"https:\/\/rowerowycieszyn.pl\/#\/schema\/logo\/image\/"},"sameAs":["https:\/\/www.facebook.com\/RowerowyCieszyn"]},{"@type":"Person","@id":"https:\/\/rowerowycieszyn.pl\/#\/schema\/person\/b698cee63b7405acd7e70007d7cc8b2a","name":"Rowerowy Cieszyn","image":{"@type":"ImageObject","inLanguage":"pl-PL","@id":"https:\/\/secure.gravatar.com\/avatar\/1aef2c80bb06ccee0d820e4116589968d6d5c57310499f9271d42a4f7c5ffb3a?s=96&d=mm&r=g","url":"https:\/\/secure.gravatar.com\/avatar\/1aef2c80bb06ccee0d820e4116589968d6d5c57310499f9271d42a4f7c5ffb3a?s=96&d=mm&r=g","contentUrl":"https:\/\/secure.gravatar.com\/avatar\/1aef2c80bb06ccee0d820e4116589968d6d5c57310499f9271d42a4f7c5ffb3a?s=96&d=mm&r=g","caption":"Rowerowy Cieszyn"},"sameAs":["http:\/\/rowerowycieszyn.pl"],"url":"https:\/\/rowerowycieszyn.pl\/index.php\/author\/pstoklosa\/"}]}},"_links":{"self":[{"href":"https:\/\/rowerowycieszyn.pl\/index.php\/wp-json\/wp\/v2\/posts\/1","targetHints":{"allow":["GET"]}}],"collection":[{"href":"https:\/\/rowerowycieszyn.pl\/index.php\/wp-json\/wp\/v2\/posts"}],"about":[{"href":"https:\/\/rowerowycieszyn.pl\/index.php\/wp-json\/wp\/v2\/types\/post"}],"author":[{"embeddable":true,"href":"https:\/\/rowerowycieszyn.pl\/index.php\/wp-json\/wp\/v2\/users\/1"}],"replies":[{"embeddable":true,"href":"https:\/\/rowerowycieszyn.pl\/index.php\/wp-json\/wp\/v2\/comments?post=1"}],"version-history":[{"count":30,"href":"https:\/\/rowerowycieszyn.pl\/index.php\/wp-json\/wp\/v2\/posts\/1\/revisions"}],"predecessor-version":[{"id":200,"href":"https:\/\/rowerowycieszyn.pl\/index.php\/wp-json\/wp\/v2\/posts\/1\/revisions\/200"}],"wp:featuredmedia":[{"embeddable":true,"href":"https:\/\/rowerowycieszyn.pl\/index.php\/wp-json\/wp\/v2\/media\/57"}],"wp:attachment":[{"href":"https:\/\/rowerowycieszyn.pl\/index.php\/wp-json\/wp\/v2\/media?parent=1"}],"wp:term":[{"taxonomy":"category","embeddable":true,"href":"https:\/\/rowerowycieszyn.pl\/index.php\/wp-json\/wp\/v2\/categories?post=1"},{"taxonomy":"post_tag","embeddable":true,"href":"https:\/\/rowerowycieszyn.pl\/index.php\/wp-json\/wp\/v2\/tags?post=1"}],"curies":[{"name":"wp","href":"https:\/\/api.w.org\/{rel}","templated":true}]}}