{"id":1010,"date":"2021-04-25T18:17:48","date_gmt":"2021-04-25T16:17:48","guid":{"rendered":"http:\/\/rowerowycieszyn.pl\/?p=1010"},"modified":"2022-02-14T10:30:36","modified_gmt":"2022-02-14T09:30:36","slug":"wzdluz-biegu-olzy-fotorelacja-z-nieuzytkowanego-odcinka-od-mostu-kolejowego-do-ujscia-bobrowki","status":"publish","type":"post","link":"https:\/\/rowerowycieszyn.pl\/index.php\/2021\/04\/25\/wzdluz-biegu-olzy-fotorelacja-z-nieuzytkowanego-odcinka-od-mostu-kolejowego-do-ujscia-bobrowki\/","title":{"rendered":"Wzd\u0142u\u017c biegu Olzy &#8211; fotorelacja z nieu\u017cytkowanego odcinka od mostu kolejowego do uj\u015bcia Bobr\u00f3wki"},"content":{"rendered":"<p>Kilka miesi\u0119cy temu, w tek\u015bcie <a href=\"http:\/\/rowerowycieszyn.pl\/index.php\/2021\/01\/03\/ktoredy-do-pogwizdowa\/\">Kt\u00f3r\u0119dy do Pogwizdowa<\/a> pisali\u015bmy o mo\u017cliwo\u015bci przed\u0142u\u017cenia ci\u0105gu pieszo rowerowego rozpoczynaj\u0105cego si\u0119 na alei Piastowskiej tak, aby trzymaj\u0105c si\u0119 brzegu Olzy dotrze\u0107 a\u017c do Marklowic. Dzisiaj, korzystaj\u0105c z pi\u0119knego niedzielnego popo\u0142udnia, przeprowadzili\u015bmy wizj\u0119 lokaln\u0105 pierwszego odcinka, czyli fragmentu od mostu kolejowego a\u017c do uj\u015bcia Bobr\u00f3wki. Zapraszamy do zapoznania si\u0119 z fotorelacj\u0105. Na ko\u0144cu tekstu znajduje si\u0119 r\u00f3wnie\u017c galeria, w kt\u00f3rej mo\u017cna ogl\u0105da\u0107 kolejne zdj\u0119cia w lepszej jako\u015bci.<!--more--><\/p>\n<figure id=\"attachment_1011\" aria-describedby=\"caption-attachment-1011\" style=\"width: 2048px\" class=\"wp-caption alignnone\"><a href=\"http:\/\/rowerowycieszyn.pl\/wp-content\/uploads\/2021\/04\/P1120243_tn.jpg\"><img loading=\"lazy\" decoding=\"async\" class=\"wp-image-1011 size-full\" src=\"http:\/\/rowerowycieszyn.pl\/wp-content\/uploads\/2021\/04\/P1120243_tn.jpg\" alt=\"Do mostu kolejowego \u0142\u0105cz\u0105cego Cieszyn z Czeskim Cieszynem prowadzi wygodna i ma\u0142o ucz\u0119szczana przez samochody aleja Piastowska, kt\u00f3ra nast\u0119pnie przechodzi w ulic\u0119 Ma\u0142a \u0141\u0105ka. Warto wspomnie\u0107, \u017ce swego czasu rozwa\u017cano pomys\u0142, aby wzd\u0142u\u017c mostu kolejowego poprowadzi\u0107 k\u0142adk\u0119 dla rowerzyst\u00f3w - doczepienie takiej konstrukcji w stosunku do obci\u0105\u017ce\u0144, dla jakich zaprojektowano most, nie by\u0142oby \u017cadnym problemem.\" width=\"2048\" height=\"1365\" srcset=\"https:\/\/rowerowycieszyn.pl\/wp-content\/uploads\/2021\/04\/P1120243_tn.jpg 2048w, https:\/\/rowerowycieszyn.pl\/wp-content\/uploads\/2021\/04\/P1120243_tn-300x200.jpg 300w, https:\/\/rowerowycieszyn.pl\/wp-content\/uploads\/2021\/04\/P1120243_tn-1024x683.jpg 1024w, https:\/\/rowerowycieszyn.pl\/wp-content\/uploads\/2021\/04\/P1120243_tn-768x512.jpg 768w, https:\/\/rowerowycieszyn.pl\/wp-content\/uploads\/2021\/04\/P1120243_tn-1536x1024.jpg 1536w\" sizes=\"auto, (max-width: 2048px) 100vw, 2048px\" \/><\/a><figcaption id=\"caption-attachment-1011\" class=\"wp-caption-text\">Do mostu kolejowego \u0142\u0105cz\u0105cego Cieszyn z Czeskim Cieszynem prowadzi wygodna i ma\u0142o ucz\u0119szczana przez samochody aleja Piastowska, kt\u00f3ra nast\u0119pnie przechodzi w ulic\u0119 Ma\u0142a \u0141\u0105ka. Warto wspomnie\u0107, \u017ce swego czasu rozwa\u017cano pomys\u0142, aby wzd\u0142u\u017c mostu kolejowego poprowadzi\u0107 k\u0142adk\u0119 dla rowerzyst\u00f3w &#8211; doczepienie takiej konstrukcji w stosunku do obci\u0105\u017ce\u0144, dla jakich zaprojektowano most, nie by\u0142oby \u017cadnym problemem.<\/figcaption><\/figure>\n<figure id=\"attachment_1012\" aria-describedby=\"caption-attachment-1012\" style=\"width: 2048px\" class=\"wp-caption alignnone\"><a href=\"http:\/\/rowerowycieszyn.pl\/wp-content\/uploads\/2021\/04\/P1120246_tn.jpg\"><img loading=\"lazy\" decoding=\"async\" class=\"wp-image-1012 size-full\" src=\"http:\/\/rowerowycieszyn.pl\/wp-content\/uploads\/2021\/04\/P1120246_tn.jpg\" alt=\"Niewielka \u0142\u0105ka, za kt\u00f3r\u0105 rozpoczynaj\u0105 si\u0119 trudne do przebrni\u0119cia chaszcze. Nie zra\u017caj\u0105c si\u0119 przewidywanymi trudno\u015bciami wbijamy si\u0119 w g\u0105szcz. W tym roku to mo\u017ce ju\u017c ostatnia okazja zanim dzika ro\u015blinno\u015b\u0107 ca\u0142kowicie przes\u0142oni przej\u015bcie.\" width=\"2048\" height=\"1365\" srcset=\"https:\/\/rowerowycieszyn.pl\/wp-content\/uploads\/2021\/04\/P1120246_tn.jpg 2048w, https:\/\/rowerowycieszyn.pl\/wp-content\/uploads\/2021\/04\/P1120246_tn-300x200.jpg 300w, https:\/\/rowerowycieszyn.pl\/wp-content\/uploads\/2021\/04\/P1120246_tn-1024x683.jpg 1024w, https:\/\/rowerowycieszyn.pl\/wp-content\/uploads\/2021\/04\/P1120246_tn-768x512.jpg 768w, https:\/\/rowerowycieszyn.pl\/wp-content\/uploads\/2021\/04\/P1120246_tn-1536x1024.jpg 1536w\" sizes=\"auto, (max-width: 2048px) 100vw, 2048px\" \/><\/a><figcaption id=\"caption-attachment-1012\" class=\"wp-caption-text\">Niewielka \u0142\u0105ka, za kt\u00f3r\u0105 rozpoczynaj\u0105 si\u0119 trudne do przebrni\u0119cia chaszcze. Nie zra\u017caj\u0105c si\u0119 przewidywanymi trudno\u015bciami wbijamy si\u0119 w g\u0105szcz. W tym roku to mo\u017ce ju\u017c ostatnia okazja zanim dzika ro\u015blinno\u015b\u0107 ca\u0142kowicie przes\u0142oni przej\u015bcie.<\/figcaption><\/figure>\n<figure id=\"attachment_1016\" aria-describedby=\"caption-attachment-1016\" style=\"width: 2048px\" class=\"wp-caption alignnone\"><a href=\"http:\/\/rowerowycieszyn.pl\/wp-content\/uploads\/2021\/04\/P1120269_tn.jpg\"><img loading=\"lazy\" decoding=\"async\" class=\"wp-image-1016 size-full\" src=\"http:\/\/rowerowycieszyn.pl\/wp-content\/uploads\/2021\/04\/P1120269_tn.jpg\" alt=\"Pas niezagospodarowanego terenu wzd\u0142u\u017c Olzy ma od kilkunastu do kilkudziesi\u0119ciu metr\u00f3w szeroko\u015bci i jest wystarczaj\u0105co wysoko w stosunku do poziomu rzeki, aby nie grozi\u0142y mu podtopienia.\" width=\"2048\" height=\"1365\" srcset=\"https:\/\/rowerowycieszyn.pl\/wp-content\/uploads\/2021\/04\/P1120269_tn.jpg 2048w, https:\/\/rowerowycieszyn.pl\/wp-content\/uploads\/2021\/04\/P1120269_tn-300x200.jpg 300w, https:\/\/rowerowycieszyn.pl\/wp-content\/uploads\/2021\/04\/P1120269_tn-1024x683.jpg 1024w, https:\/\/rowerowycieszyn.pl\/wp-content\/uploads\/2021\/04\/P1120269_tn-768x512.jpg 768w, https:\/\/rowerowycieszyn.pl\/wp-content\/uploads\/2021\/04\/P1120269_tn-1536x1024.jpg 1536w\" sizes=\"auto, (max-width: 2048px) 100vw, 2048px\" \/><\/a><figcaption id=\"caption-attachment-1016\" class=\"wp-caption-text\">Pas niezagospodarowanego terenu wzd\u0142u\u017c Olzy ma od kilkunastu do kilkudziesi\u0119ciu metr\u00f3w szeroko\u015bci i jest wystarczaj\u0105co wysoko w stosunku do poziomu rzeki, aby nie grozi\u0142y mu podtopienia.<\/figcaption><\/figure>\n<figure id=\"attachment_1015\" aria-describedby=\"caption-attachment-1015\" style=\"width: 2048px\" class=\"wp-caption alignnone\"><a href=\"http:\/\/rowerowycieszyn.pl\/wp-content\/uploads\/2021\/04\/P1120261_tn.jpg\"><img loading=\"lazy\" decoding=\"async\" class=\"wp-image-1015 size-full\" src=\"http:\/\/rowerowycieszyn.pl\/wp-content\/uploads\/2021\/04\/P1120261_tn.jpg\" alt=\"Uwag\u0119 zwraca fakt, \u017ce ca\u0142y teren jest prawie idealnie p\u0142aski - wystarczy w kilku miejscach wykarczowa\u0107 niewielkie zaro\u015bla, utwardzi\u0107 pod\u0142o\u017ce i droga b\u0119dzie nadawa\u0142a si\u0119 do eksploatacji.\" width=\"2048\" height=\"1365\" srcset=\"https:\/\/rowerowycieszyn.pl\/wp-content\/uploads\/2021\/04\/P1120261_tn.jpg 2048w, https:\/\/rowerowycieszyn.pl\/wp-content\/uploads\/2021\/04\/P1120261_tn-300x200.jpg 300w, https:\/\/rowerowycieszyn.pl\/wp-content\/uploads\/2021\/04\/P1120261_tn-1024x683.jpg 1024w, https:\/\/rowerowycieszyn.pl\/wp-content\/uploads\/2021\/04\/P1120261_tn-768x512.jpg 768w, https:\/\/rowerowycieszyn.pl\/wp-content\/uploads\/2021\/04\/P1120261_tn-1536x1024.jpg 1536w\" sizes=\"auto, (max-width: 2048px) 100vw, 2048px\" \/><\/a><figcaption id=\"caption-attachment-1015\" class=\"wp-caption-text\">Uwag\u0119 zwraca fakt, \u017ce ca\u0142y teren jest prawie idealnie p\u0142aski &#8211; wystarczy w kilku miejscach wykarczowa\u0107 niewielkie zaro\u015bla, utwardzi\u0107 pod\u0142o\u017ce i droga b\u0119dzie nadawa\u0142a si\u0119 do eksploatacji.<\/figcaption><\/figure>\n<figure id=\"attachment_1017\" aria-describedby=\"caption-attachment-1017\" style=\"width: 2048px\" class=\"wp-caption alignnone\"><a href=\"http:\/\/rowerowycieszyn.pl\/wp-content\/uploads\/2021\/04\/P1120274_tn.jpg\"><img loading=\"lazy\" decoding=\"async\" class=\"wp-image-1017 size-full\" src=\"http:\/\/rowerowycieszyn.pl\/wp-content\/uploads\/2021\/04\/P1120274_tn.jpg\" alt=\"M\u0142ode p\u0119dy rdestowca ostroko\u0144czystego ju\u017c zaczynaj\u0105 kie\u0142kowa\u0107 - za miesi\u0105c te miejsca stan\u0105 si\u0119 ca\u0142kowicie niedost\u0119pne.\" width=\"2048\" height=\"1365\" srcset=\"https:\/\/rowerowycieszyn.pl\/wp-content\/uploads\/2021\/04\/P1120274_tn.jpg 2048w, https:\/\/rowerowycieszyn.pl\/wp-content\/uploads\/2021\/04\/P1120274_tn-300x200.jpg 300w, https:\/\/rowerowycieszyn.pl\/wp-content\/uploads\/2021\/04\/P1120274_tn-1024x683.jpg 1024w, https:\/\/rowerowycieszyn.pl\/wp-content\/uploads\/2021\/04\/P1120274_tn-768x512.jpg 768w, https:\/\/rowerowycieszyn.pl\/wp-content\/uploads\/2021\/04\/P1120274_tn-1536x1024.jpg 1536w\" sizes=\"auto, (max-width: 2048px) 100vw, 2048px\" \/><\/a><figcaption id=\"caption-attachment-1017\" class=\"wp-caption-text\">M\u0142ode p\u0119dy rdestowca ostroko\u0144czystego ju\u017c zaczynaj\u0105 kie\u0142kowa\u0107 &#8211; za miesi\u0105c te miejsca stan\u0105 si\u0119 ca\u0142kowicie niedost\u0119pne.<\/figcaption><\/figure>\n<figure id=\"attachment_1014\" aria-describedby=\"caption-attachment-1014\" style=\"width: 2048px\" class=\"wp-caption alignnone\"><a href=\"http:\/\/rowerowycieszyn.pl\/wp-content\/uploads\/2021\/04\/P1120252_tn.jpg\"><img loading=\"lazy\" decoding=\"async\" class=\"size-full wp-image-1014\" src=\"http:\/\/rowerowycieszyn.pl\/wp-content\/uploads\/2021\/04\/P1120252_tn.jpg\" alt=\"\u015acie\u017cka miejscami jest przetarta, miejscami mo\u017cna si\u0119 jej tylko domy\u015bla\u0107.\" width=\"2048\" height=\"1365\" srcset=\"https:\/\/rowerowycieszyn.pl\/wp-content\/uploads\/2021\/04\/P1120252_tn.jpg 2048w, https:\/\/rowerowycieszyn.pl\/wp-content\/uploads\/2021\/04\/P1120252_tn-300x200.jpg 300w, https:\/\/rowerowycieszyn.pl\/wp-content\/uploads\/2021\/04\/P1120252_tn-1024x683.jpg 1024w, https:\/\/rowerowycieszyn.pl\/wp-content\/uploads\/2021\/04\/P1120252_tn-768x512.jpg 768w, https:\/\/rowerowycieszyn.pl\/wp-content\/uploads\/2021\/04\/P1120252_tn-1536x1024.jpg 1536w\" sizes=\"auto, (max-width: 2048px) 100vw, 2048px\" \/><\/a><figcaption id=\"caption-attachment-1014\" class=\"wp-caption-text\">\u015acie\u017cka miejscami jest przetarta, miejscami mo\u017cna si\u0119 jej tylko domy\u015bla\u0107.<\/figcaption><\/figure>\n<figure id=\"attachment_1022\" aria-describedby=\"caption-attachment-1022\" style=\"width: 2048px\" class=\"wp-caption alignnone\"><a href=\"http:\/\/rowerowycieszyn.pl\/wp-content\/uploads\/2021\/04\/P1120258_tn.jpg\"><img loading=\"lazy\" decoding=\"async\" class=\"wp-image-1022 size-full\" src=\"http:\/\/rowerowycieszyn.pl\/wp-content\/uploads\/2021\/04\/P1120258_tn.jpg\" alt=\"Po\u0142amane, zesz\u0142oroczne badyle rdestowca wci\u0105\u017c s\u0105 wyzwaniem dla pieszego. Dlatego nawet nie my\u015bleli\u015bmy, \u017ceby na t\u0119 wycieczk\u0119 zabra\u0107 rowery.\" width=\"2048\" height=\"1365\" srcset=\"https:\/\/rowerowycieszyn.pl\/wp-content\/uploads\/2021\/04\/P1120258_tn.jpg 2048w, https:\/\/rowerowycieszyn.pl\/wp-content\/uploads\/2021\/04\/P1120258_tn-300x200.jpg 300w, https:\/\/rowerowycieszyn.pl\/wp-content\/uploads\/2021\/04\/P1120258_tn-1024x683.jpg 1024w, https:\/\/rowerowycieszyn.pl\/wp-content\/uploads\/2021\/04\/P1120258_tn-768x512.jpg 768w, https:\/\/rowerowycieszyn.pl\/wp-content\/uploads\/2021\/04\/P1120258_tn-1536x1024.jpg 1536w\" sizes=\"auto, (max-width: 2048px) 100vw, 2048px\" \/><\/a><figcaption id=\"caption-attachment-1022\" class=\"wp-caption-text\">Po\u0142amane, zesz\u0142oroczne badyle rdestowca wci\u0105\u017c s\u0105 wyzwaniem dla pieszego. Dlatego nawet nie my\u015bleli\u015bmy, \u017ceby na t\u0119 wycieczk\u0119 zabra\u0107 rowery.<\/figcaption><\/figure>\n<figure id=\"attachment_1018\" aria-describedby=\"caption-attachment-1018\" style=\"width: 2048px\" class=\"wp-caption alignnone\"><a href=\"http:\/\/rowerowycieszyn.pl\/wp-content\/uploads\/2021\/04\/P1120276_tn.jpg\"><img loading=\"lazy\" decoding=\"async\" class=\"wp-image-1018 size-full\" src=\"http:\/\/rowerowycieszyn.pl\/wp-content\/uploads\/2021\/04\/P1120276_tn.jpg\" alt=\"Im dalej od centrum, tym wi\u0119cej zieleni r\u00f3wnie\u017c na czeskim brzegu Olzy. Nie trzeba si\u0119 specjalnie wysila\u0107, \u017ceby wyobrazi\u0107 sobie w tym miejscu przyjemny punkt wypoczynkowy.\" width=\"2048\" height=\"1365\" srcset=\"https:\/\/rowerowycieszyn.pl\/wp-content\/uploads\/2021\/04\/P1120276_tn.jpg 2048w, https:\/\/rowerowycieszyn.pl\/wp-content\/uploads\/2021\/04\/P1120276_tn-300x200.jpg 300w, https:\/\/rowerowycieszyn.pl\/wp-content\/uploads\/2021\/04\/P1120276_tn-1024x683.jpg 1024w, https:\/\/rowerowycieszyn.pl\/wp-content\/uploads\/2021\/04\/P1120276_tn-768x512.jpg 768w, https:\/\/rowerowycieszyn.pl\/wp-content\/uploads\/2021\/04\/P1120276_tn-1536x1024.jpg 1536w\" sizes=\"auto, (max-width: 2048px) 100vw, 2048px\" \/><\/a><figcaption id=\"caption-attachment-1018\" class=\"wp-caption-text\">Im dalej od centrum, tym wi\u0119cej zieleni r\u00f3wnie\u017c na czeskim brzegu Olzy. Nie trzeba si\u0119 specjalnie wysila\u0107, \u017ceby wyobrazi\u0107 sobie w tym miejscu przyjemny punkt wypoczynkowy.<\/figcaption><\/figure>\n<figure id=\"attachment_1019\" aria-describedby=\"caption-attachment-1019\" style=\"width: 2048px\" class=\"wp-caption alignnone\"><a href=\"http:\/\/rowerowycieszyn.pl\/wp-content\/uploads\/2021\/04\/P1120283_tn.jpg\"><img loading=\"lazy\" decoding=\"async\" class=\"wp-image-1019 size-full\" src=\"http:\/\/rowerowycieszyn.pl\/wp-content\/uploads\/2021\/04\/P1120283_tn.jpg\" alt=\"Uj\u015bcie Bobr\u00f3wki do Olzy. W tym miejscu konieczne by\u0142oby wybudowanie k\u0142adki, kt\u00f3ra umo\u017cliwi dalsze przemieszczanie si\u0119 w stron\u0119 Marklowic.\" width=\"2048\" height=\"1365\" \/><\/a><figcaption id=\"caption-attachment-1019\" class=\"wp-caption-text\">Uj\u015bcie Bobr\u00f3wki do Olzy. W tym miejscu konieczne by\u0142oby wybudowanie k\u0142adki, kt\u00f3ra umo\u017cliwi dalsze przemieszczanie si\u0119 w stron\u0119 Marklowic.<\/figcaption><\/figure>\n<p>Poni\u017csza mapa przedstawia eksplorowany fragment:<\/p>\n<p><iframe loading=\"lazy\" src=\"https:\/\/www.google.com\/maps\/d\/u\/0\/embed?mid=1PwvL_zBV29IZjzIahKi-R2AnPx4fNHJh\" width=\"640\" height=\"480\"><\/iframe><\/p>\n<p>Na koniec warto wspomnie\u0107, \u017ce propozycj\u0119 poprowadzenia DDR lub CPR wzd\u0142u\u017c Olzy w stron\u0119 Marklowic przedstawili\u015bmy na spotkaniu z w\u0142adzami miasta. Jest ona obecnie rozpatrywana jako jeden z mo\u017cliwych wariant\u00f3w po\u0142\u0105czenia Cieszyna z Pogwizdowem i jednocze\u015bnie przebiegu trasy 607, kt\u00f3ra docelowo ma po\u0142\u0105czy\u0107 Cieszyn z Zebrzydowicami i dalej z Jastrz\u0119biem Zdrojem. Takie rozwi\u0105zanie, czyli poprowadzenie drogi dla rower\u00f3w wzd\u0142u\u017c Olzy, by\u0142oby najkorzystniejsze pod wzgl\u0119dem krajobrazowym, komunikacyjnym i bezpiecze\u0144stwa rowerzyst\u00f3w.<\/p>\n<p>Niekt\u00f3rzy mo\u017ce jeszcze pami\u0119taj\u0105, jak przed laty wygl\u0105da\u0142 brzeg Olzy wzd\u0142u\u017c alei \u0141yska, zw\u0142aszcza okolice uj\u015bcia Pu\u0144c\u00f3wki. \u0141atwo wi\u0119c sobie wyobrazi\u0107, jak mog\u0142yby wygl\u0105da\u0107 przedstawione na zdj\u0119ciach tereny, gdyby zainwestowa\u0107 w nie odpowiednie \u015brodki. Odzyskajmy te miejsca dla Cieszyna.<\/p>\n<p style=\"text-align: right;\">Piotr Stok\u0142osa<\/p>\n<p><strong>Galeria zdj\u0119\u0107 do szybkiego przegl\u0105dania:<\/strong><\/p>\n<div id='gallery-1' class='gallery galleryid-1010 gallery-columns-3 gallery-size-medium'><figure class='gallery-item'>\n\t\t\t<div class='gallery-icon landscape'>\n\t\t\t\t<a href='https:\/\/rowerowycieszyn.pl\/wp-content\/uploads\/2021\/04\/P1120243_tn.jpg'><img loading=\"lazy\" decoding=\"async\" width=\"300\" height=\"200\" src=\"https:\/\/rowerowycieszyn.pl\/wp-content\/uploads\/2021\/04\/P1120243_tn-300x200.jpg\" class=\"attachment-medium size-medium\" alt=\"Do mostu kolejowego \u0142\u0105cz\u0105cego Cieszyn z Czeskim Cieszynem prowadzi wygodna i ma\u0142o ucz\u0119szczana droga asfaltowa.\" aria-describedby=\"gallery-1-1011\" srcset=\"https:\/\/rowerowycieszyn.pl\/wp-content\/uploads\/2021\/04\/P1120243_tn-300x200.jpg 300w, https:\/\/rowerowycieszyn.pl\/wp-content\/uploads\/2021\/04\/P1120243_tn-1024x683.jpg 1024w, https:\/\/rowerowycieszyn.pl\/wp-content\/uploads\/2021\/04\/P1120243_tn-768x512.jpg 768w, https:\/\/rowerowycieszyn.pl\/wp-content\/uploads\/2021\/04\/P1120243_tn-1536x1024.jpg 1536w, https:\/\/rowerowycieszyn.pl\/wp-content\/uploads\/2021\/04\/P1120243_tn.jpg 2048w\" sizes=\"auto, (max-width: 300px) 100vw, 300px\" \/><\/a>\n\t\t\t<\/div>\n\t\t\t\t<figcaption class='wp-caption-text gallery-caption' id='gallery-1-1011'>\n\t\t\t\tDo mostu kolejowego \u0142\u0105cz\u0105cego Cieszyn z Czeskim Cieszynem prowadzi wygodna i ma\u0142o ucz\u0119szczana droga asfaltowa.\n\t\t\t\t<\/figcaption><\/figure><figure class='gallery-item'>\n\t\t\t<div class='gallery-icon landscape'>\n\t\t\t\t<a href='https:\/\/rowerowycieszyn.pl\/wp-content\/uploads\/2021\/04\/P1120246_tn.jpg'><img loading=\"lazy\" decoding=\"async\" width=\"300\" height=\"200\" src=\"https:\/\/rowerowycieszyn.pl\/wp-content\/uploads\/2021\/04\/P1120246_tn-300x200.jpg\" class=\"attachment-medium size-medium\" alt=\"Niewielka \u0142\u0105ka, za kt\u00f3r\u0105 rozpoczynaj\u0105 si\u0119 trudne do przebrni\u0119cia chaszcze. Nie zra\u017caj\u0105c si\u0119 przewidywanymi trudno\u015bciami wbijamy si\u0119 w g\u0105szcz.\" aria-describedby=\"gallery-1-1012\" srcset=\"https:\/\/rowerowycieszyn.pl\/wp-content\/uploads\/2021\/04\/P1120246_tn-300x200.jpg 300w, https:\/\/rowerowycieszyn.pl\/wp-content\/uploads\/2021\/04\/P1120246_tn-1024x683.jpg 1024w, https:\/\/rowerowycieszyn.pl\/wp-content\/uploads\/2021\/04\/P1120246_tn-768x512.jpg 768w, https:\/\/rowerowycieszyn.pl\/wp-content\/uploads\/2021\/04\/P1120246_tn-1536x1024.jpg 1536w, https:\/\/rowerowycieszyn.pl\/wp-content\/uploads\/2021\/04\/P1120246_tn.jpg 2048w\" sizes=\"auto, (max-width: 300px) 100vw, 300px\" \/><\/a>\n\t\t\t<\/div>\n\t\t\t\t<figcaption class='wp-caption-text gallery-caption' id='gallery-1-1012'>\n\t\t\t\tNiewielka \u0142\u0105ka, za kt\u00f3r\u0105 rozpoczynaj\u0105 si\u0119 trudne do przebrni\u0119cia chaszcze. Nie zra\u017caj\u0105c si\u0119 przewidywanymi trudno\u015bciami wbijamy si\u0119 w g\u0105szcz.\n\t\t\t\t<\/figcaption><\/figure><figure class='gallery-item'>\n\t\t\t<div class='gallery-icon landscape'>\n\t\t\t\t<a href='https:\/\/rowerowycieszyn.pl\/wp-content\/uploads\/2021\/04\/P1120252_tn.jpg'><img loading=\"lazy\" decoding=\"async\" width=\"300\" height=\"200\" src=\"https:\/\/rowerowycieszyn.pl\/wp-content\/uploads\/2021\/04\/P1120252_tn-300x200.jpg\" class=\"attachment-medium size-medium\" alt=\"\u015acie\u017cka miejscami jest przetarta, miejscami mo\u017cna si\u0119 jej tylko domy\u015bla\u0107.\" aria-describedby=\"gallery-1-1014\" srcset=\"https:\/\/rowerowycieszyn.pl\/wp-content\/uploads\/2021\/04\/P1120252_tn-300x200.jpg 300w, https:\/\/rowerowycieszyn.pl\/wp-content\/uploads\/2021\/04\/P1120252_tn-1024x683.jpg 1024w, https:\/\/rowerowycieszyn.pl\/wp-content\/uploads\/2021\/04\/P1120252_tn-768x512.jpg 768w, https:\/\/rowerowycieszyn.pl\/wp-content\/uploads\/2021\/04\/P1120252_tn-1536x1024.jpg 1536w, https:\/\/rowerowycieszyn.pl\/wp-content\/uploads\/2021\/04\/P1120252_tn.jpg 2048w\" sizes=\"auto, (max-width: 300px) 100vw, 300px\" \/><\/a>\n\t\t\t<\/div>\n\t\t\t\t<figcaption class='wp-caption-text gallery-caption' id='gallery-1-1014'>\n\t\t\t\t\u015acie\u017cka miejscami jest przetarta, miejscami mo\u017cna si\u0119 jej tylko domy\u015bla\u0107.\n\t\t\t\t<\/figcaption><\/figure><figure class='gallery-item'>\n\t\t\t<div class='gallery-icon landscape'>\n\t\t\t\t<a href='https:\/\/rowerowycieszyn.pl\/wp-content\/uploads\/2021\/04\/P1120261_tn.jpg'><img loading=\"lazy\" decoding=\"async\" width=\"300\" height=\"200\" src=\"https:\/\/rowerowycieszyn.pl\/wp-content\/uploads\/2021\/04\/P1120261_tn-300x200.jpg\" class=\"attachment-medium size-medium\" alt=\"Uwag\u0119 zwraca r\u00f3wnie\u017c fakt, \u017ce ca\u0142y teren jest prawie idealnie p\u0142aski - wystarczy wykarczowa\u0107 niewielkie krzaki, utwardzi\u0107 pod\u0142o\u017ce i droga b\u0119dzie nadawa\u0142a si\u0119 do eksploatacji.\" aria-describedby=\"gallery-1-1015\" srcset=\"https:\/\/rowerowycieszyn.pl\/wp-content\/uploads\/2021\/04\/P1120261_tn-300x200.jpg 300w, https:\/\/rowerowycieszyn.pl\/wp-content\/uploads\/2021\/04\/P1120261_tn-1024x683.jpg 1024w, https:\/\/rowerowycieszyn.pl\/wp-content\/uploads\/2021\/04\/P1120261_tn-768x512.jpg 768w, https:\/\/rowerowycieszyn.pl\/wp-content\/uploads\/2021\/04\/P1120261_tn-1536x1024.jpg 1536w, https:\/\/rowerowycieszyn.pl\/wp-content\/uploads\/2021\/04\/P1120261_tn.jpg 2048w\" sizes=\"auto, (max-width: 300px) 100vw, 300px\" \/><\/a>\n\t\t\t<\/div>\n\t\t\t\t<figcaption class='wp-caption-text gallery-caption' id='gallery-1-1015'>\n\t\t\t\tUwag\u0119 zwraca r\u00f3wnie\u017c fakt, \u017ce ca\u0142y teren jest prawie idealnie p\u0142aski &#8211; wystarczy wykarczowa\u0107 niewielkie krzaki, utwardzi\u0107 pod\u0142o\u017ce i droga b\u0119dzie nadawa\u0142a si\u0119 do eksploatacji.\n\t\t\t\t<\/figcaption><\/figure><figure class='gallery-item'>\n\t\t\t<div class='gallery-icon landscape'>\n\t\t\t\t<a href='https:\/\/rowerowycieszyn.pl\/wp-content\/uploads\/2021\/04\/P1120269_tn.jpg'><img loading=\"lazy\" decoding=\"async\" width=\"300\" height=\"200\" src=\"https:\/\/rowerowycieszyn.pl\/wp-content\/uploads\/2021\/04\/P1120269_tn-300x200.jpg\" class=\"attachment-medium size-medium\" alt=\"Pas niezagospodarowanego terenu wzd\u0142u\u017c Olzy ma od kilku do kilkudziesi\u0119ciu metr\u00f3w szeroko\u015bci i jest wystarczaj\u0105co wysoko w stosunku do poziomu rzeki, aby nie grozi\u0142y mu podtopienia.\" aria-describedby=\"gallery-1-1016\" srcset=\"https:\/\/rowerowycieszyn.pl\/wp-content\/uploads\/2021\/04\/P1120269_tn-300x200.jpg 300w, https:\/\/rowerowycieszyn.pl\/wp-content\/uploads\/2021\/04\/P1120269_tn-1024x683.jpg 1024w, https:\/\/rowerowycieszyn.pl\/wp-content\/uploads\/2021\/04\/P1120269_tn-768x512.jpg 768w, https:\/\/rowerowycieszyn.pl\/wp-content\/uploads\/2021\/04\/P1120269_tn-1536x1024.jpg 1536w, https:\/\/rowerowycieszyn.pl\/wp-content\/uploads\/2021\/04\/P1120269_tn.jpg 2048w\" sizes=\"auto, (max-width: 300px) 100vw, 300px\" \/><\/a>\n\t\t\t<\/div>\n\t\t\t\t<figcaption class='wp-caption-text gallery-caption' id='gallery-1-1016'>\n\t\t\t\tPas niezagospodarowanego terenu wzd\u0142u\u017c Olzy ma od kilkunastu do kilkudziesi\u0119ciu metr\u00f3w  szeroko\u015bci i jest wystarczaj\u0105co wysoko w stosunku do poziomu rzeki, aby nie grozi\u0142y mu podtopienia.\n\t\t\t\t<\/figcaption><\/figure><figure class='gallery-item'>\n\t\t\t<div class='gallery-icon landscape'>\n\t\t\t\t<a href='https:\/\/rowerowycieszyn.pl\/wp-content\/uploads\/2021\/04\/P1120274_tn.jpg'><img loading=\"lazy\" decoding=\"async\" width=\"300\" height=\"200\" src=\"https:\/\/rowerowycieszyn.pl\/wp-content\/uploads\/2021\/04\/P1120274_tn-300x200.jpg\" class=\"attachment-medium size-medium\" alt=\"M\u0142ode p\u0119dy rdestowsca ostroko\u0144czystego ju\u017c zaczynaj\u0105 kie\u0142kowa\u0107 - za miesi\u0105c te miejsca stan\u0105 si\u0119 ca\u0142kowicie niedost\u0119pne.\" aria-describedby=\"gallery-1-1017\" srcset=\"https:\/\/rowerowycieszyn.pl\/wp-content\/uploads\/2021\/04\/P1120274_tn-300x200.jpg 300w, https:\/\/rowerowycieszyn.pl\/wp-content\/uploads\/2021\/04\/P1120274_tn-1024x683.jpg 1024w, https:\/\/rowerowycieszyn.pl\/wp-content\/uploads\/2021\/04\/P1120274_tn-768x512.jpg 768w, https:\/\/rowerowycieszyn.pl\/wp-content\/uploads\/2021\/04\/P1120274_tn-1536x1024.jpg 1536w, https:\/\/rowerowycieszyn.pl\/wp-content\/uploads\/2021\/04\/P1120274_tn.jpg 2048w\" sizes=\"auto, (max-width: 300px) 100vw, 300px\" \/><\/a>\n\t\t\t<\/div>\n\t\t\t\t<figcaption class='wp-caption-text gallery-caption' id='gallery-1-1017'>\n\t\t\t\tM\u0142ode p\u0119dy rdestowsca ostroko\u0144czystego ju\u017c zaczynaj\u0105 kie\u0142kowa\u0107 &#8211; za miesi\u0105c te miejsca stan\u0105 si\u0119 ca\u0142kowicie niedost\u0119pne.\n\t\t\t\t<\/figcaption><\/figure><figure class='gallery-item'>\n\t\t\t<div class='gallery-icon landscape'>\n\t\t\t\t<a href='https:\/\/rowerowycieszyn.pl\/wp-content\/uploads\/2021\/04\/P1120258_tn.jpg'><img loading=\"lazy\" decoding=\"async\" width=\"300\" height=\"200\" src=\"https:\/\/rowerowycieszyn.pl\/wp-content\/uploads\/2021\/04\/P1120258_tn-300x200.jpg\" class=\"attachment-medium size-medium\" alt=\"Nawet po\u0142amane, zesz\u0142oroczne badyle rdestowca s\u0105 wyzwaniem dla pieszego. Dlatego nawet nie my\u015bleli\u015bmy, \u017ceby na t\u0119 wycieczk\u0119 zabra\u0107 rowery.\" aria-describedby=\"gallery-1-1022\" srcset=\"https:\/\/rowerowycieszyn.pl\/wp-content\/uploads\/2021\/04\/P1120258_tn-300x200.jpg 300w, https:\/\/rowerowycieszyn.pl\/wp-content\/uploads\/2021\/04\/P1120258_tn-1024x683.jpg 1024w, https:\/\/rowerowycieszyn.pl\/wp-content\/uploads\/2021\/04\/P1120258_tn-768x512.jpg 768w, https:\/\/rowerowycieszyn.pl\/wp-content\/uploads\/2021\/04\/P1120258_tn-1536x1024.jpg 1536w, https:\/\/rowerowycieszyn.pl\/wp-content\/uploads\/2021\/04\/P1120258_tn.jpg 2048w\" sizes=\"auto, (max-width: 300px) 100vw, 300px\" \/><\/a>\n\t\t\t<\/div>\n\t\t\t\t<figcaption class='wp-caption-text gallery-caption' id='gallery-1-1022'>\n\t\t\t\tPo\u0142amane, zesz\u0142oroczne badyle rdestowca s\u0105 wyzwaniem dla pieszego. Dlatego nawet nie my\u015bleli\u015bmy, \u017ceby na t\u0119 wycieczk\u0119 zabra\u0107 rowery.\n\t\t\t\t<\/figcaption><\/figure><figure class='gallery-item'>\n\t\t\t<div class='gallery-icon landscape'>\n\t\t\t\t<a href='https:\/\/rowerowycieszyn.pl\/wp-content\/uploads\/2021\/04\/P1120276_tn.jpg'><img loading=\"lazy\" decoding=\"async\" width=\"300\" height=\"200\" src=\"https:\/\/rowerowycieszyn.pl\/wp-content\/uploads\/2021\/04\/P1120276_tn-300x200.jpg\" class=\"attachment-medium size-medium\" alt=\"Im dalej od centrum, tym wi\u0119cej zieleni r\u00f3wnie\u017c na czeskim brzegu Olzy.\" aria-describedby=\"gallery-1-1018\" srcset=\"https:\/\/rowerowycieszyn.pl\/wp-content\/uploads\/2021\/04\/P1120276_tn-300x200.jpg 300w, https:\/\/rowerowycieszyn.pl\/wp-content\/uploads\/2021\/04\/P1120276_tn-1024x683.jpg 1024w, https:\/\/rowerowycieszyn.pl\/wp-content\/uploads\/2021\/04\/P1120276_tn-768x512.jpg 768w, https:\/\/rowerowycieszyn.pl\/wp-content\/uploads\/2021\/04\/P1120276_tn-1536x1024.jpg 1536w, https:\/\/rowerowycieszyn.pl\/wp-content\/uploads\/2021\/04\/P1120276_tn.jpg 2048w\" sizes=\"auto, (max-width: 300px) 100vw, 300px\" \/><\/a>\n\t\t\t<\/div>\n\t\t\t\t<figcaption class='wp-caption-text gallery-caption' id='gallery-1-1018'>\n\t\t\t\tIm dalej od centrum, tym wi\u0119cej zieleni r\u00f3wnie\u017c na czeskim brzegu Olzy.\n\t\t\t\t<\/figcaption><\/figure><figure class='gallery-item'>\n\t\t\t<div class='gallery-icon landscape'>\n\t\t\t\t<a href='https:\/\/rowerowycieszyn.pl\/wp-content\/uploads\/2021\/04\/P1120283_tn-e1650125504921.jpg'><img loading=\"lazy\" decoding=\"async\" width=\"300\" height=\"200\" src=\"https:\/\/rowerowycieszyn.pl\/wp-content\/uploads\/2021\/04\/P1120283_tn-300x200.jpg\" class=\"attachment-medium size-medium\" alt=\"Uj\u015bcie Bobr\u00f3wki do Olzy. W tym miejscu konieczne by\u0142oby wybudowanie k\u0142adki, kt\u00f3ra umo\u017cliwi dalsze przemieszczanie si\u0119 w stron\u0119 Marklowic.\" aria-describedby=\"gallery-1-1019\" srcset=\"https:\/\/rowerowycieszyn.pl\/wp-content\/uploads\/2021\/04\/P1120283_tn-300x200.jpg 300w, https:\/\/rowerowycieszyn.pl\/wp-content\/uploads\/2021\/04\/P1120283_tn-1024x683.jpg 1024w, https:\/\/rowerowycieszyn.pl\/wp-content\/uploads\/2021\/04\/P1120283_tn-768x512.jpg 768w, https:\/\/rowerowycieszyn.pl\/wp-content\/uploads\/2021\/04\/P1120283_tn-1536x1024.jpg 1536w, https:\/\/rowerowycieszyn.pl\/wp-content\/uploads\/2021\/04\/P1120283_tn-e1650125504921.jpg 1728w\" sizes=\"auto, (max-width: 300px) 100vw, 300px\" \/><\/a>\n\t\t\t<\/div>\n\t\t\t\t<figcaption class='wp-caption-text gallery-caption' id='gallery-1-1019'>\n\t\t\t\tUj\u015bcie Bobr\u00f3wki do Olzy. W tym miejscu konieczne by\u0142oby wybudowanie k\u0142adki, kt\u00f3ra umo\u017cliwi dalsze przemieszczanie si\u0119 w stron\u0119 Marklowic.\n\t\t\t\t<\/figcaption><\/figure>\n\t\t<\/div>\n\n<p>&nbsp;<\/p>\n","protected":false},"excerpt":{"rendered":"<p>Kilka miesi\u0119cy temu, w tek\u015bcie Kt\u00f3r\u0119dy do Pogwizdowa pisali\u015bmy o mo\u017cliwo\u015bci przed\u0142u\u017cenia ci\u0105gu pieszo rowerowego rozpoczynaj\u0105cego si\u0119 na alei Piastowskiej tak, aby trzymaj\u0105c si\u0119 brzegu Olzy dotrze\u0107 a\u017c do Marklowic.&hellip; <\/p>\n","protected":false},"author":1,"featured_media":1018,"comment_status":"open","ping_status":"open","sticky":false,"template":"","format":"standard","meta":{"footnotes":""},"categories":[9,5,1],"tags":[],"class_list":["post-1010","post","type-post","status-publish","format-standard","has-post-thumbnail","hentry","category-aktualnosci","category-artykuly","category-bez-kategorii"],"yoast_head":"<!-- This site is optimized with the Yoast SEO plugin v27.3 - https:\/\/yoast.com\/product\/yoast-seo-wordpress\/ -->\n<title>Wzd\u0142u\u017c biegu Olzy - fotorelacja z nieu\u017cytkowanego odcinka od mostu kolejowego do uj\u015bcia Bobr\u00f3wki - Rowerowy Cieszyn<\/title>\n<meta name=\"description\" content=\"Mo\u017cliwo\u015bci przed\u0142u\u017cenia ci\u0105gu pieszo rowerowego od mostu kolejowego a\u017c do Marklowic. Fotorelacja z odcinka do uj\u015bcia Bobr\u00f3wki.\" \/>\n<meta name=\"robots\" content=\"index, follow, max-snippet:-1, max-image-preview:large, max-video-preview:-1\" \/>\n<link rel=\"canonical\" href=\"https:\/\/rowerowycieszyn.pl\/index.php\/2021\/04\/25\/wzdluz-biegu-olzy-fotorelacja-z-nieuzytkowanego-odcinka-od-mostu-kolejowego-do-ujscia-bobrowki\/\" \/>\n<meta property=\"og:locale\" content=\"pl_PL\" \/>\n<meta property=\"og:type\" content=\"article\" \/>\n<meta property=\"og:title\" content=\"Wzd\u0142u\u017c biegu Olzy - fotorelacja z nieu\u017cytkowanego odcinka od mostu kolejowego do uj\u015bcia Bobr\u00f3wki - Rowerowy Cieszyn\" \/>\n<meta property=\"og:description\" content=\"Mo\u017cliwo\u015bci przed\u0142u\u017cenia ci\u0105gu pieszo rowerowego od mostu kolejowego a\u017c do Marklowic. Fotorelacja z odcinka do uj\u015bcia Bobr\u00f3wki.\" \/>\n<meta property=\"og:url\" content=\"https:\/\/rowerowycieszyn.pl\/index.php\/2021\/04\/25\/wzdluz-biegu-olzy-fotorelacja-z-nieuzytkowanego-odcinka-od-mostu-kolejowego-do-ujscia-bobrowki\/\" \/>\n<meta property=\"og:site_name\" content=\"Rowerowy Cieszyn\" \/>\n<meta property=\"article:publisher\" content=\"https:\/\/www.facebook.com\/RowerowyCieszyn\" \/>\n<meta property=\"article:published_time\" content=\"2021-04-25T16:17:48+00:00\" \/>\n<meta property=\"article:modified_time\" content=\"2022-02-14T09:30:36+00:00\" \/>\n<meta property=\"og:image\" content=\"https:\/\/rowerowycieszyn.pl\/wp-content\/uploads\/2021\/04\/P1120276_tn.jpg\" \/>\n\t<meta property=\"og:image:width\" content=\"2048\" \/>\n\t<meta property=\"og:image:height\" content=\"1365\" \/>\n\t<meta property=\"og:image:type\" content=\"image\/jpeg\" \/>\n<meta name=\"author\" content=\"Rowerowy Cieszyn\" \/>\n<meta name=\"twitter:card\" content=\"summary_large_image\" \/>\n<meta name=\"twitter:label1\" content=\"Napisane przez\" \/>\n\t<meta name=\"twitter:data1\" content=\"Rowerowy Cieszyn\" \/>\n\t<meta name=\"twitter:label2\" content=\"Szacowany czas czytania\" \/>\n\t<meta name=\"twitter:data2\" content=\"5 minut\" \/>\n<script type=\"application\/ld+json\" class=\"yoast-schema-graph\">{\"@context\":\"https:\\\/\\\/schema.org\",\"@graph\":[{\"@type\":\"Article\",\"@id\":\"https:\\\/\\\/rowerowycieszyn.pl\\\/index.php\\\/2021\\\/04\\\/25\\\/wzdluz-biegu-olzy-fotorelacja-z-nieuzytkowanego-odcinka-od-mostu-kolejowego-do-ujscia-bobrowki\\\/#article\",\"isPartOf\":{\"@id\":\"https:\\\/\\\/rowerowycieszyn.pl\\\/index.php\\\/2021\\\/04\\\/25\\\/wzdluz-biegu-olzy-fotorelacja-z-nieuzytkowanego-odcinka-od-mostu-kolejowego-do-ujscia-bobrowki\\\/\"},\"author\":{\"name\":\"Rowerowy Cieszyn\",\"@id\":\"https:\\\/\\\/rowerowycieszyn.pl\\\/#\\\/schema\\\/person\\\/b698cee63b7405acd7e70007d7cc8b2a\"},\"headline\":\"Wzd\u0142u\u017c biegu Olzy &#8211; fotorelacja z nieu\u017cytkowanego odcinka od mostu kolejowego do uj\u015bcia Bobr\u00f3wki\",\"datePublished\":\"2021-04-25T16:17:48+00:00\",\"dateModified\":\"2022-02-14T09:30:36+00:00\",\"mainEntityOfPage\":{\"@id\":\"https:\\\/\\\/rowerowycieszyn.pl\\\/index.php\\\/2021\\\/04\\\/25\\\/wzdluz-biegu-olzy-fotorelacja-z-nieuzytkowanego-odcinka-od-mostu-kolejowego-do-ujscia-bobrowki\\\/\"},\"wordCount\":626,\"commentCount\":3,\"publisher\":{\"@id\":\"https:\\\/\\\/rowerowycieszyn.pl\\\/#organization\"},\"image\":{\"@id\":\"https:\\\/\\\/rowerowycieszyn.pl\\\/index.php\\\/2021\\\/04\\\/25\\\/wzdluz-biegu-olzy-fotorelacja-z-nieuzytkowanego-odcinka-od-mostu-kolejowego-do-ujscia-bobrowki\\\/#primaryimage\"},\"thumbnailUrl\":\"https:\\\/\\\/rowerowycieszyn.pl\\\/wp-content\\\/uploads\\\/2021\\\/04\\\/P1120276_tn.jpg\",\"articleSection\":[\"Aktualno\u015bci\",\"Artyku\u0142y\"],\"inLanguage\":\"pl-PL\",\"potentialAction\":[{\"@type\":\"CommentAction\",\"name\":\"Comment\",\"target\":[\"https:\\\/\\\/rowerowycieszyn.pl\\\/index.php\\\/2021\\\/04\\\/25\\\/wzdluz-biegu-olzy-fotorelacja-z-nieuzytkowanego-odcinka-od-mostu-kolejowego-do-ujscia-bobrowki\\\/#respond\"]}]},{\"@type\":\"WebPage\",\"@id\":\"https:\\\/\\\/rowerowycieszyn.pl\\\/index.php\\\/2021\\\/04\\\/25\\\/wzdluz-biegu-olzy-fotorelacja-z-nieuzytkowanego-odcinka-od-mostu-kolejowego-do-ujscia-bobrowki\\\/\",\"url\":\"https:\\\/\\\/rowerowycieszyn.pl\\\/index.php\\\/2021\\\/04\\\/25\\\/wzdluz-biegu-olzy-fotorelacja-z-nieuzytkowanego-odcinka-od-mostu-kolejowego-do-ujscia-bobrowki\\\/\",\"name\":\"Wzd\u0142u\u017c biegu Olzy - fotorelacja z nieu\u017cytkowanego odcinka od mostu kolejowego do uj\u015bcia Bobr\u00f3wki - Rowerowy Cieszyn\",\"isPartOf\":{\"@id\":\"https:\\\/\\\/rowerowycieszyn.pl\\\/#website\"},\"primaryImageOfPage\":{\"@id\":\"https:\\\/\\\/rowerowycieszyn.pl\\\/index.php\\\/2021\\\/04\\\/25\\\/wzdluz-biegu-olzy-fotorelacja-z-nieuzytkowanego-odcinka-od-mostu-kolejowego-do-ujscia-bobrowki\\\/#primaryimage\"},\"image\":{\"@id\":\"https:\\\/\\\/rowerowycieszyn.pl\\\/index.php\\\/2021\\\/04\\\/25\\\/wzdluz-biegu-olzy-fotorelacja-z-nieuzytkowanego-odcinka-od-mostu-kolejowego-do-ujscia-bobrowki\\\/#primaryimage\"},\"thumbnailUrl\":\"https:\\\/\\\/rowerowycieszyn.pl\\\/wp-content\\\/uploads\\\/2021\\\/04\\\/P1120276_tn.jpg\",\"datePublished\":\"2021-04-25T16:17:48+00:00\",\"dateModified\":\"2022-02-14T09:30:36+00:00\",\"description\":\"Mo\u017cliwo\u015bci przed\u0142u\u017cenia ci\u0105gu pieszo rowerowego od mostu kolejowego a\u017c do Marklowic. Fotorelacja z odcinka do uj\u015bcia Bobr\u00f3wki.\",\"breadcrumb\":{\"@id\":\"https:\\\/\\\/rowerowycieszyn.pl\\\/index.php\\\/2021\\\/04\\\/25\\\/wzdluz-biegu-olzy-fotorelacja-z-nieuzytkowanego-odcinka-od-mostu-kolejowego-do-ujscia-bobrowki\\\/#breadcrumb\"},\"inLanguage\":\"pl-PL\",\"potentialAction\":[{\"@type\":\"ReadAction\",\"target\":[\"https:\\\/\\\/rowerowycieszyn.pl\\\/index.php\\\/2021\\\/04\\\/25\\\/wzdluz-biegu-olzy-fotorelacja-z-nieuzytkowanego-odcinka-od-mostu-kolejowego-do-ujscia-bobrowki\\\/\"]}]},{\"@type\":\"ImageObject\",\"inLanguage\":\"pl-PL\",\"@id\":\"https:\\\/\\\/rowerowycieszyn.pl\\\/index.php\\\/2021\\\/04\\\/25\\\/wzdluz-biegu-olzy-fotorelacja-z-nieuzytkowanego-odcinka-od-mostu-kolejowego-do-ujscia-bobrowki\\\/#primaryimage\",\"url\":\"https:\\\/\\\/rowerowycieszyn.pl\\\/wp-content\\\/uploads\\\/2021\\\/04\\\/P1120276_tn.jpg\",\"contentUrl\":\"https:\\\/\\\/rowerowycieszyn.pl\\\/wp-content\\\/uploads\\\/2021\\\/04\\\/P1120276_tn.jpg\",\"width\":2048,\"height\":1365,\"caption\":\"Im dalej od centrum, tym wi\u0119cej zieleni r\u00f3wnie\u017c na czeskim brzegu Olzy.\"},{\"@type\":\"BreadcrumbList\",\"@id\":\"https:\\\/\\\/rowerowycieszyn.pl\\\/index.php\\\/2021\\\/04\\\/25\\\/wzdluz-biegu-olzy-fotorelacja-z-nieuzytkowanego-odcinka-od-mostu-kolejowego-do-ujscia-bobrowki\\\/#breadcrumb\",\"itemListElement\":[{\"@type\":\"ListItem\",\"position\":1,\"name\":\"Home\",\"item\":\"https:\\\/\\\/rowerowycieszyn.pl\\\/\"},{\"@type\":\"ListItem\",\"position\":2,\"name\":\"Wzd\u0142u\u017c biegu Olzy &#8211; fotorelacja z nieu\u017cytkowanego odcinka od mostu kolejowego do uj\u015bcia Bobr\u00f3wki\"}]},{\"@type\":\"WebSite\",\"@id\":\"https:\\\/\\\/rowerowycieszyn.pl\\\/#website\",\"url\":\"https:\\\/\\\/rowerowycieszyn.pl\\\/\",\"name\":\"Rowerowy Cieszyn\",\"description\":\"Strona promuj\u0105ca komunikacj\u0119 oraz turystyk\u0119 rowerow\u0105 na terenie Cieszyna i okolic.\",\"publisher\":{\"@id\":\"https:\\\/\\\/rowerowycieszyn.pl\\\/#organization\"},\"potentialAction\":[{\"@type\":\"SearchAction\",\"target\":{\"@type\":\"EntryPoint\",\"urlTemplate\":\"https:\\\/\\\/rowerowycieszyn.pl\\\/?s={search_term_string}\"},\"query-input\":{\"@type\":\"PropertyValueSpecification\",\"valueRequired\":true,\"valueName\":\"search_term_string\"}}],\"inLanguage\":\"pl-PL\"},{\"@type\":\"Organization\",\"@id\":\"https:\\\/\\\/rowerowycieszyn.pl\\\/#organization\",\"name\":\"Rowerowy Cieszyn\",\"url\":\"https:\\\/\\\/rowerowycieszyn.pl\\\/\",\"logo\":{\"@type\":\"ImageObject\",\"inLanguage\":\"pl-PL\",\"@id\":\"https:\\\/\\\/rowerowycieszyn.pl\\\/#\\\/schema\\\/logo\\\/image\\\/\",\"url\":\"https:\\\/\\\/rowerowycieszyn.pl\\\/wp-content\\\/uploads\\\/2020\\\/07\\\/cropped-rower1_cr_tn-1.jpg\",\"contentUrl\":\"https:\\\/\\\/rowerowycieszyn.pl\\\/wp-content\\\/uploads\\\/2020\\\/07\\\/cropped-rower1_cr_tn-1.jpg\",\"width\":250,\"height\":100,\"caption\":\"Rowerowy Cieszyn\"},\"image\":{\"@id\":\"https:\\\/\\\/rowerowycieszyn.pl\\\/#\\\/schema\\\/logo\\\/image\\\/\"},\"sameAs\":[\"https:\\\/\\\/www.facebook.com\\\/RowerowyCieszyn\"]},{\"@type\":\"Person\",\"@id\":\"https:\\\/\\\/rowerowycieszyn.pl\\\/#\\\/schema\\\/person\\\/b698cee63b7405acd7e70007d7cc8b2a\",\"name\":\"Rowerowy Cieszyn\",\"image\":{\"@type\":\"ImageObject\",\"inLanguage\":\"pl-PL\",\"@id\":\"https:\\\/\\\/secure.gravatar.com\\\/avatar\\\/1aef2c80bb06ccee0d820e4116589968d6d5c57310499f9271d42a4f7c5ffb3a?s=96&d=mm&r=g\",\"url\":\"https:\\\/\\\/secure.gravatar.com\\\/avatar\\\/1aef2c80bb06ccee0d820e4116589968d6d5c57310499f9271d42a4f7c5ffb3a?s=96&d=mm&r=g\",\"contentUrl\":\"https:\\\/\\\/secure.gravatar.com\\\/avatar\\\/1aef2c80bb06ccee0d820e4116589968d6d5c57310499f9271d42a4f7c5ffb3a?s=96&d=mm&r=g\",\"caption\":\"Rowerowy Cieszyn\"},\"sameAs\":[\"http:\\\/\\\/rowerowycieszyn.pl\"],\"url\":\"https:\\\/\\\/rowerowycieszyn.pl\\\/index.php\\\/author\\\/pstoklosa\\\/\"}]}<\/script>\n<!-- \/ Yoast SEO plugin. -->","yoast_head_json":{"title":"Wzd\u0142u\u017c biegu Olzy - fotorelacja z nieu\u017cytkowanego odcinka od mostu kolejowego do uj\u015bcia Bobr\u00f3wki - Rowerowy Cieszyn","description":"Mo\u017cliwo\u015bci przed\u0142u\u017cenia ci\u0105gu pieszo rowerowego od mostu kolejowego a\u017c do Marklowic. Fotorelacja z odcinka do uj\u015bcia Bobr\u00f3wki.","robots":{"index":"index","follow":"follow","max-snippet":"max-snippet:-1","max-image-preview":"max-image-preview:large","max-video-preview":"max-video-preview:-1"},"canonical":"https:\/\/rowerowycieszyn.pl\/index.php\/2021\/04\/25\/wzdluz-biegu-olzy-fotorelacja-z-nieuzytkowanego-odcinka-od-mostu-kolejowego-do-ujscia-bobrowki\/","og_locale":"pl_PL","og_type":"article","og_title":"Wzd\u0142u\u017c biegu Olzy - fotorelacja z nieu\u017cytkowanego odcinka od mostu kolejowego do uj\u015bcia Bobr\u00f3wki - Rowerowy Cieszyn","og_description":"Mo\u017cliwo\u015bci przed\u0142u\u017cenia ci\u0105gu pieszo rowerowego od mostu kolejowego a\u017c do Marklowic. Fotorelacja z odcinka do uj\u015bcia Bobr\u00f3wki.","og_url":"https:\/\/rowerowycieszyn.pl\/index.php\/2021\/04\/25\/wzdluz-biegu-olzy-fotorelacja-z-nieuzytkowanego-odcinka-od-mostu-kolejowego-do-ujscia-bobrowki\/","og_site_name":"Rowerowy Cieszyn","article_publisher":"https:\/\/www.facebook.com\/RowerowyCieszyn","article_published_time":"2021-04-25T16:17:48+00:00","article_modified_time":"2022-02-14T09:30:36+00:00","og_image":[{"width":2048,"height":1365,"url":"https:\/\/rowerowycieszyn.pl\/wp-content\/uploads\/2021\/04\/P1120276_tn.jpg","type":"image\/jpeg"}],"author":"Rowerowy Cieszyn","twitter_card":"summary_large_image","twitter_misc":{"Napisane przez":"Rowerowy Cieszyn","Szacowany czas czytania":"5 minut"},"schema":{"@context":"https:\/\/schema.org","@graph":[{"@type":"Article","@id":"https:\/\/rowerowycieszyn.pl\/index.php\/2021\/04\/25\/wzdluz-biegu-olzy-fotorelacja-z-nieuzytkowanego-odcinka-od-mostu-kolejowego-do-ujscia-bobrowki\/#article","isPartOf":{"@id":"https:\/\/rowerowycieszyn.pl\/index.php\/2021\/04\/25\/wzdluz-biegu-olzy-fotorelacja-z-nieuzytkowanego-odcinka-od-mostu-kolejowego-do-ujscia-bobrowki\/"},"author":{"name":"Rowerowy Cieszyn","@id":"https:\/\/rowerowycieszyn.pl\/#\/schema\/person\/b698cee63b7405acd7e70007d7cc8b2a"},"headline":"Wzd\u0142u\u017c biegu Olzy &#8211; fotorelacja z nieu\u017cytkowanego odcinka od mostu kolejowego do uj\u015bcia Bobr\u00f3wki","datePublished":"2021-04-25T16:17:48+00:00","dateModified":"2022-02-14T09:30:36+00:00","mainEntityOfPage":{"@id":"https:\/\/rowerowycieszyn.pl\/index.php\/2021\/04\/25\/wzdluz-biegu-olzy-fotorelacja-z-nieuzytkowanego-odcinka-od-mostu-kolejowego-do-ujscia-bobrowki\/"},"wordCount":626,"commentCount":3,"publisher":{"@id":"https:\/\/rowerowycieszyn.pl\/#organization"},"image":{"@id":"https:\/\/rowerowycieszyn.pl\/index.php\/2021\/04\/25\/wzdluz-biegu-olzy-fotorelacja-z-nieuzytkowanego-odcinka-od-mostu-kolejowego-do-ujscia-bobrowki\/#primaryimage"},"thumbnailUrl":"https:\/\/rowerowycieszyn.pl\/wp-content\/uploads\/2021\/04\/P1120276_tn.jpg","articleSection":["Aktualno\u015bci","Artyku\u0142y"],"inLanguage":"pl-PL","potentialAction":[{"@type":"CommentAction","name":"Comment","target":["https:\/\/rowerowycieszyn.pl\/index.php\/2021\/04\/25\/wzdluz-biegu-olzy-fotorelacja-z-nieuzytkowanego-odcinka-od-mostu-kolejowego-do-ujscia-bobrowki\/#respond"]}]},{"@type":"WebPage","@id":"https:\/\/rowerowycieszyn.pl\/index.php\/2021\/04\/25\/wzdluz-biegu-olzy-fotorelacja-z-nieuzytkowanego-odcinka-od-mostu-kolejowego-do-ujscia-bobrowki\/","url":"https:\/\/rowerowycieszyn.pl\/index.php\/2021\/04\/25\/wzdluz-biegu-olzy-fotorelacja-z-nieuzytkowanego-odcinka-od-mostu-kolejowego-do-ujscia-bobrowki\/","name":"Wzd\u0142u\u017c biegu Olzy - fotorelacja z nieu\u017cytkowanego odcinka od mostu kolejowego do uj\u015bcia Bobr\u00f3wki - Rowerowy Cieszyn","isPartOf":{"@id":"https:\/\/rowerowycieszyn.pl\/#website"},"primaryImageOfPage":{"@id":"https:\/\/rowerowycieszyn.pl\/index.php\/2021\/04\/25\/wzdluz-biegu-olzy-fotorelacja-z-nieuzytkowanego-odcinka-od-mostu-kolejowego-do-ujscia-bobrowki\/#primaryimage"},"image":{"@id":"https:\/\/rowerowycieszyn.pl\/index.php\/2021\/04\/25\/wzdluz-biegu-olzy-fotorelacja-z-nieuzytkowanego-odcinka-od-mostu-kolejowego-do-ujscia-bobrowki\/#primaryimage"},"thumbnailUrl":"https:\/\/rowerowycieszyn.pl\/wp-content\/uploads\/2021\/04\/P1120276_tn.jpg","datePublished":"2021-04-25T16:17:48+00:00","dateModified":"2022-02-14T09:30:36+00:00","description":"Mo\u017cliwo\u015bci przed\u0142u\u017cenia ci\u0105gu pieszo rowerowego od mostu kolejowego a\u017c do Marklowic. Fotorelacja z odcinka do uj\u015bcia Bobr\u00f3wki.","breadcrumb":{"@id":"https:\/\/rowerowycieszyn.pl\/index.php\/2021\/04\/25\/wzdluz-biegu-olzy-fotorelacja-z-nieuzytkowanego-odcinka-od-mostu-kolejowego-do-ujscia-bobrowki\/#breadcrumb"},"inLanguage":"pl-PL","potentialAction":[{"@type":"ReadAction","target":["https:\/\/rowerowycieszyn.pl\/index.php\/2021\/04\/25\/wzdluz-biegu-olzy-fotorelacja-z-nieuzytkowanego-odcinka-od-mostu-kolejowego-do-ujscia-bobrowki\/"]}]},{"@type":"ImageObject","inLanguage":"pl-PL","@id":"https:\/\/rowerowycieszyn.pl\/index.php\/2021\/04\/25\/wzdluz-biegu-olzy-fotorelacja-z-nieuzytkowanego-odcinka-od-mostu-kolejowego-do-ujscia-bobrowki\/#primaryimage","url":"https:\/\/rowerowycieszyn.pl\/wp-content\/uploads\/2021\/04\/P1120276_tn.jpg","contentUrl":"https:\/\/rowerowycieszyn.pl\/wp-content\/uploads\/2021\/04\/P1120276_tn.jpg","width":2048,"height":1365,"caption":"Im dalej od centrum, tym wi\u0119cej zieleni r\u00f3wnie\u017c na czeskim brzegu Olzy."},{"@type":"BreadcrumbList","@id":"https:\/\/rowerowycieszyn.pl\/index.php\/2021\/04\/25\/wzdluz-biegu-olzy-fotorelacja-z-nieuzytkowanego-odcinka-od-mostu-kolejowego-do-ujscia-bobrowki\/#breadcrumb","itemListElement":[{"@type":"ListItem","position":1,"name":"Home","item":"https:\/\/rowerowycieszyn.pl\/"},{"@type":"ListItem","position":2,"name":"Wzd\u0142u\u017c biegu Olzy &#8211; fotorelacja z nieu\u017cytkowanego odcinka od mostu kolejowego do uj\u015bcia Bobr\u00f3wki"}]},{"@type":"WebSite","@id":"https:\/\/rowerowycieszyn.pl\/#website","url":"https:\/\/rowerowycieszyn.pl\/","name":"Rowerowy Cieszyn","description":"Strona promuj\u0105ca komunikacj\u0119 oraz turystyk\u0119 rowerow\u0105 na terenie Cieszyna i okolic.","publisher":{"@id":"https:\/\/rowerowycieszyn.pl\/#organization"},"potentialAction":[{"@type":"SearchAction","target":{"@type":"EntryPoint","urlTemplate":"https:\/\/rowerowycieszyn.pl\/?s={search_term_string}"},"query-input":{"@type":"PropertyValueSpecification","valueRequired":true,"valueName":"search_term_string"}}],"inLanguage":"pl-PL"},{"@type":"Organization","@id":"https:\/\/rowerowycieszyn.pl\/#organization","name":"Rowerowy Cieszyn","url":"https:\/\/rowerowycieszyn.pl\/","logo":{"@type":"ImageObject","inLanguage":"pl-PL","@id":"https:\/\/rowerowycieszyn.pl\/#\/schema\/logo\/image\/","url":"https:\/\/rowerowycieszyn.pl\/wp-content\/uploads\/2020\/07\/cropped-rower1_cr_tn-1.jpg","contentUrl":"https:\/\/rowerowycieszyn.pl\/wp-content\/uploads\/2020\/07\/cropped-rower1_cr_tn-1.jpg","width":250,"height":100,"caption":"Rowerowy Cieszyn"},"image":{"@id":"https:\/\/rowerowycieszyn.pl\/#\/schema\/logo\/image\/"},"sameAs":["https:\/\/www.facebook.com\/RowerowyCieszyn"]},{"@type":"Person","@id":"https:\/\/rowerowycieszyn.pl\/#\/schema\/person\/b698cee63b7405acd7e70007d7cc8b2a","name":"Rowerowy Cieszyn","image":{"@type":"ImageObject","inLanguage":"pl-PL","@id":"https:\/\/secure.gravatar.com\/avatar\/1aef2c80bb06ccee0d820e4116589968d6d5c57310499f9271d42a4f7c5ffb3a?s=96&d=mm&r=g","url":"https:\/\/secure.gravatar.com\/avatar\/1aef2c80bb06ccee0d820e4116589968d6d5c57310499f9271d42a4f7c5ffb3a?s=96&d=mm&r=g","contentUrl":"https:\/\/secure.gravatar.com\/avatar\/1aef2c80bb06ccee0d820e4116589968d6d5c57310499f9271d42a4f7c5ffb3a?s=96&d=mm&r=g","caption":"Rowerowy Cieszyn"},"sameAs":["http:\/\/rowerowycieszyn.pl"],"url":"https:\/\/rowerowycieszyn.pl\/index.php\/author\/pstoklosa\/"}]}},"_links":{"self":[{"href":"https:\/\/rowerowycieszyn.pl\/index.php\/wp-json\/wp\/v2\/posts\/1010","targetHints":{"allow":["GET"]}}],"collection":[{"href":"https:\/\/rowerowycieszyn.pl\/index.php\/wp-json\/wp\/v2\/posts"}],"about":[{"href":"https:\/\/rowerowycieszyn.pl\/index.php\/wp-json\/wp\/v2\/types\/post"}],"author":[{"embeddable":true,"href":"https:\/\/rowerowycieszyn.pl\/index.php\/wp-json\/wp\/v2\/users\/1"}],"replies":[{"embeddable":true,"href":"https:\/\/rowerowycieszyn.pl\/index.php\/wp-json\/wp\/v2\/comments?post=1010"}],"version-history":[{"count":20,"href":"https:\/\/rowerowycieszyn.pl\/index.php\/wp-json\/wp\/v2\/posts\/1010\/revisions"}],"predecessor-version":[{"id":1396,"href":"https:\/\/rowerowycieszyn.pl\/index.php\/wp-json\/wp\/v2\/posts\/1010\/revisions\/1396"}],"wp:featuredmedia":[{"embeddable":true,"href":"https:\/\/rowerowycieszyn.pl\/index.php\/wp-json\/wp\/v2\/media\/1018"}],"wp:attachment":[{"href":"https:\/\/rowerowycieszyn.pl\/index.php\/wp-json\/wp\/v2\/media?parent=1010"}],"wp:term":[{"taxonomy":"category","embeddable":true,"href":"https:\/\/rowerowycieszyn.pl\/index.php\/wp-json\/wp\/v2\/categories?post=1010"},{"taxonomy":"post_tag","embeddable":true,"href":"https:\/\/rowerowycieszyn.pl\/index.php\/wp-json\/wp\/v2\/tags?post=1010"}],"curies":[{"name":"wp","href":"https:\/\/api.w.org\/{rel}","templated":true}]}}