{"id":1040,"date":"2021-04-29T14:20:41","date_gmt":"2021-04-29T12:20:41","guid":{"rendered":"http:\/\/rowerowycieszyn.pl\/?p=1040"},"modified":"2021-05-23T21:58:59","modified_gmt":"2021-05-23T19:58:59","slug":"28-maja-godzina-1800-rynek-ruszamy-z-cykliczna-masa-krytyczna","status":"publish","type":"post","link":"https:\/\/rowerowycieszyn.pl\/index.php\/2021\/04\/29\/28-maja-godzina-1800-rynek-ruszamy-z-cykliczna-masa-krytyczna\/","title":{"rendered":"28 maja, godzina 18:00, Rynek &#8211; ruszamy z cykliczn\u0105 Mas\u0105 Krytyczn\u0105!"},"content":{"rendered":"<h1>Czym jest Masa Krytyczna?<\/h1>\r\n<p><a href=\"https:\/\/pl.wikipedia.org\/wiki\/Masa_Krytyczna\">Masa Krytyczna<\/a> to nieformalny ruch spo\u0142eczny, polegaj\u0105cy na organizowaniu spotka\u0144 jak najliczniejszej grupy rowerzyst\u00f3w i ich wsp\u00f3lnym przeje\u017adzie przez miasto. Spotkania te odbywaj\u0105 si\u0119 pod has\u0142em \u201eMy nie blokujemy ruchu, my jeste\u015bmy ruchem\u201d i maj\u0105 na celu zwr\u00f3cenie uwagi w\u0142adz i og\u00f3\u0142u spo\u0142ecze\u0144stwa na zwykle ignorowanych rowerzyst\u00f3w.<!--more--><\/p>\r\n<h1>Sk\u0105d wzi\u0119\u0142a si\u0119 nazwa Masa Krytyczna?<\/h1>\r\n<p>Okre\u015blenie \u201emasa krytyczna\u201d to poj\u0119cie z dziedziny fizyki. Oznacza minimaln\u0105 mas\u0119, w kt\u00f3rej reakcja rozszczepienia zaczyna przebiega\u0107 w spos\u00f3b \u0142a\u0144cuchowy, czyli ka\u017cde jedno rozszczepienie inicjuje dok\u0142adnie jedno rozszczepienie j\u0105dra atomowego. Dlatego je\u017celi ka\u017cdy z nas zach\u0119ci do udzia\u0142u przynajmniej jedn\u0105 osob\u0119, te\u017c zapocz\u0105tkujemy reakcj\u0119, kt\u00f3ra zmieni nasze miasto w miejsce przyjazne dla rowerzyst\u00f3w.<\/p>\r\n<h1>Co chcemy osi\u0105gn\u0105\u0107?<\/h1>\r\n<p>Jak ju\u017c wyja\u015bnili\u015bmy, celem Masy Krytycznej jest zwr\u00f3cenie uwagi og\u00f3\u0142u spo\u0142ecze\u0144stwa oraz lokalnych w\u0142adz samorz\u0105dowych na potrzeby rowerzyst\u00f3w. Naszym zdaniem w Cieszynie jest to szczeg\u00f3lnie potrzebne. Po mie\u015bcie trudno przemieszcza\u0107 si\u0119 rowerem a wiele odcink\u00f3w jest bardzo niebezpiecznych. Pomijaj\u0105c tereny wzd\u0142u\u017c Olzy, drogi rowerowe w naszym mie\u015bcie praktycznie nie istniej\u0105 a istniej\u0105ce fragmenty nie tworz\u0105 \u017cadnej sp\u00f3jnej sieci. Rowerzy\u015bci s\u0105 traktowani jako drugorz\u0119dni u\u017cytkownicy dr\u00f3g. Chcemy to zmieni\u0107 i dlatego musimy pokaza\u0107, jak wiele jest w Cieszynie os\u00f3b je\u017cd\u017c\u0105cych rowerami.<\/p>\r\n<h1>Gdzie je\u017adzimy?<\/h1>\r\n<p>Pierwsza Masa Krytyczna b\u0119dzie przebiega\u0107 zgodnie z poni\u017csz\u0105 mapk\u0105. Zaczniemy od kilku okr\u0105\u017ce\u0144 rynku, nast\u0119pnie opu\u015bcimy go ul. Regera na G\u00f3rny Rynek a potem ulicami 3 maja, \u0141yska, Zamkow\u0105, Michejdy i Kochanowskiego okr\u0105\u017camy centrum by ponownie wr\u00f3ci\u0107 na rynek. Po okr\u0105\u017ceniu rynku powracamy na p\u0119tl\u0119.<br \/><span style=\"color: #ff0000;\">Prosimy o dok\u0142adne zapoznanie si\u0119 z poni\u017csz\u0105 mapk\u0105, \u017ceby\u015bmy wszyscy poruszali si\u0119 po tej samej trasie.<\/span><\/p>\r\n<p><iframe loading=\"lazy\" style=\"border: none;\" src=\"https:\/\/pl.frame.mapy.cz\/s\/fotezapaco\" width=\"800\" height=\"560\" frameborder=\"0\"><span data-mce-type=\"bookmark\" style=\"display: inline-block; width: 0px; overflow: hidden; line-height: 0;\" class=\"mce_SELRES_start\">\ufeff<\/span><\/iframe><\/p>\r\n<h1>Jak je\u017adzimy?<\/h1>\r\n<p>Spotykamy si\u0119 na rynku, gdzie wykonamy kilka okr\u0105\u017ce\u0144, w trakcie kt\u00f3rych kolejne grupy b\u0119d\u0105 si\u0119 od\u0142\u0105cza\u0142y i wje\u017cd\u017ca\u0142y na p\u0119tl\u0119 wok\u00f3\u0142 centrum. W trakcie pierwszego okr\u0105\u017cania rynku b\u0119d\u0105 od\u0142\u0105cza\u0142y si\u0119 kolejne niewielkie grupki.<\/p>\r\n<p><span style=\"color: #ff0000;\">UWAGA: Nie jedziemy peletonem! Ka\u017cdy je\u017adzi indywidualnie, pojedynczo lub w niewielkich grupach &#8211; w gronie znajomych lub rodzinnie.<\/span><\/p>\r\n<p><span style=\"color: #ff0000;\">UWAGA: stosujemy si\u0119 do obowi\u0105zuj\u0105cych przepis\u00f3w ruchu drogowego. Nie utrudniamy poruszania samochodom lub pieszym.<\/span><\/p>\r\n<p>Ka\u017cdy porusza si\u0119 w\u0142asnym tempem, co oznacza, \u017ce w ci\u0105gu godziny, kt\u00f3r\u0105 ma trwa\u0107 jazda, okr\u0105\u017cymy rynek 3 lub 4 razy.<\/p>\r\n<h1>Kiedy je\u017adzimy?<\/h1>\r\n<p>Zgodnie z tradycj\u0105 Masa Krytyczna odbywa si\u0119 w ka\u017cdy ostatni pi\u0105tek miesi\u0105ca. Dlatego zaczynamy 28 maja.\u00a0\u00a0<\/p>\r\n<p>Ponownie spotykamy si\u0119 w dniu <strong>25.06, czyli w ostatni pi\u0105tek czerwca, w tym samym miejscu (Rynek) i o tej samej porze (18:00)<\/strong>.<\/p>\r\n\r\n<p><a href=\"https:\/\/www.facebook.com\/events\/812840369650442\">Do\u0142\u0105cz ju\u017c dzisiaj na Facebooku!<\/a><\/p>\r\n<h1>Zapro\u015b znajomych!<\/h1>\r\n<p>Je\u017celi masz znajomych rowerzyst\u00f3w, kt\u00f3rzy nie korzystaj\u0105 z medi\u00f3w spo\u0142eczno\u015bciowych i rzadko odwiedzaj\u0105 strony internetowe, wydrukuj i rozdaj im zaproszenia. Link do pliku znajdziesz tutaj: <a href=\"http:\/\/rowerowycieszyn.pl\/wp-content\/uploads\/2021\/05\/mkc-ulotka.pdf\">mkc-ulotka<\/a><\/p>\r\n","protected":false},"excerpt":{"rendered":"<p>Czym jest Masa Krytyczna? Masa Krytyczna to nieformalny ruch spo\u0142eczny, polegaj\u0105cy na organizowaniu spotka\u0144 jak najliczniejszej grupy rowerzyst\u00f3w i ich wsp\u00f3lnym przeje\u017adzie przez miasto. Spotkania te odbywaj\u0105 si\u0119 pod has\u0142em&hellip; <\/p>\n","protected":false},"author":1,"featured_media":1046,"comment_status":"open","ping_status":"open","sticky":false,"template":"","format":"standard","meta":{"footnotes":""},"categories":[9,5,1],"tags":[],"class_list":["post-1040","post","type-post","status-publish","format-standard","has-post-thumbnail","hentry","category-aktualnosci","category-artykuly","category-bez-kategorii"],"yoast_head":"<!-- This site is optimized with the Yoast SEO plugin v27.3 - https:\/\/yoast.com\/product\/yoast-seo-wordpress\/ -->\n<title>28 maja, godzina 18:00, Rynek - ruszamy z cykliczn\u0105 Mas\u0105 Krytyczn\u0105! - Rowerowy Cieszyn<\/title>\n<meta name=\"description\" content=\"Rozpoczynamy cykliczne Masy Krytyczne w Cieszynie. W ka\u017cdy ostatni pi\u0105tek miesi\u0105ca b\u0119dziemy si\u0119 spotykali, aby pokaza\u0107 ilu nas jest!\" \/>\n<meta name=\"robots\" content=\"index, follow, max-snippet:-1, max-image-preview:large, max-video-preview:-1\" \/>\n<link rel=\"canonical\" href=\"https:\/\/rowerowycieszyn.pl\/index.php\/2021\/04\/29\/28-maja-godzina-1800-rynek-ruszamy-z-cykliczna-masa-krytyczna\/\" \/>\n<meta property=\"og:locale\" content=\"pl_PL\" \/>\n<meta property=\"og:type\" content=\"article\" \/>\n<meta property=\"og:title\" content=\"28 maja, godzina 18:00, Rynek - ruszamy z cykliczn\u0105 Mas\u0105 Krytyczn\u0105! - Rowerowy Cieszyn\" \/>\n<meta property=\"og:description\" content=\"Rozpoczynamy cykliczne Masy Krytyczne w Cieszynie. W ka\u017cdy ostatni pi\u0105tek miesi\u0105ca b\u0119dziemy si\u0119 spotykali, aby pokaza\u0107 ilu nas jest!\" \/>\n<meta property=\"og:url\" content=\"https:\/\/rowerowycieszyn.pl\/index.php\/2021\/04\/29\/28-maja-godzina-1800-rynek-ruszamy-z-cykliczna-masa-krytyczna\/\" \/>\n<meta property=\"og:site_name\" content=\"Rowerowy Cieszyn\" \/>\n<meta property=\"article:publisher\" content=\"https:\/\/www.facebook.com\/RowerowyCieszyn\" \/>\n<meta property=\"article:published_time\" content=\"2021-04-29T12:20:41+00:00\" \/>\n<meta property=\"article:modified_time\" content=\"2021-05-23T19:58:59+00:00\" \/>\n<meta property=\"og:image\" content=\"http:\/\/rowerowycieszyn.pl\/wp-content\/uploads\/2021\/04\/Tytulowy2.jpg\" \/>\n\t<meta property=\"og:image:width\" content=\"1920\" \/>\n\t<meta property=\"og:image:height\" content=\"1080\" \/>\n\t<meta property=\"og:image:type\" content=\"image\/jpeg\" \/>\n<meta name=\"author\" content=\"Rowerowy Cieszyn\" \/>\n<meta name=\"twitter:card\" content=\"summary_large_image\" \/>\n<meta name=\"twitter:label1\" content=\"Napisane przez\" \/>\n\t<meta name=\"twitter:data1\" content=\"Rowerowy Cieszyn\" \/>\n\t<meta name=\"twitter:label2\" content=\"Szacowany czas czytania\" \/>\n\t<meta name=\"twitter:data2\" content=\"2 minuty\" \/>\n<script type=\"application\/ld+json\" class=\"yoast-schema-graph\">{\"@context\":\"https:\\\/\\\/schema.org\",\"@graph\":[{\"@type\":\"Article\",\"@id\":\"https:\\\/\\\/rowerowycieszyn.pl\\\/index.php\\\/2021\\\/04\\\/29\\\/28-maja-godzina-1800-rynek-ruszamy-z-cykliczna-masa-krytyczna\\\/#article\",\"isPartOf\":{\"@id\":\"https:\\\/\\\/rowerowycieszyn.pl\\\/index.php\\\/2021\\\/04\\\/29\\\/28-maja-godzina-1800-rynek-ruszamy-z-cykliczna-masa-krytyczna\\\/\"},\"author\":{\"name\":\"Rowerowy Cieszyn\",\"@id\":\"https:\\\/\\\/rowerowycieszyn.pl\\\/#\\\/schema\\\/person\\\/b698cee63b7405acd7e70007d7cc8b2a\"},\"headline\":\"28 maja, godzina 18:00, Rynek &#8211; ruszamy z cykliczn\u0105 Mas\u0105 Krytyczn\u0105!\",\"datePublished\":\"2021-04-29T12:20:41+00:00\",\"dateModified\":\"2021-05-23T19:58:59+00:00\",\"mainEntityOfPage\":{\"@id\":\"https:\\\/\\\/rowerowycieszyn.pl\\\/index.php\\\/2021\\\/04\\\/29\\\/28-maja-godzina-1800-rynek-ruszamy-z-cykliczna-masa-krytyczna\\\/\"},\"wordCount\":525,\"commentCount\":1,\"publisher\":{\"@id\":\"https:\\\/\\\/rowerowycieszyn.pl\\\/#organization\"},\"image\":{\"@id\":\"https:\\\/\\\/rowerowycieszyn.pl\\\/index.php\\\/2021\\\/04\\\/29\\\/28-maja-godzina-1800-rynek-ruszamy-z-cykliczna-masa-krytyczna\\\/#primaryimage\"},\"thumbnailUrl\":\"https:\\\/\\\/rowerowycieszyn.pl\\\/wp-content\\\/uploads\\\/2021\\\/04\\\/Tytulowy2.jpg\",\"articleSection\":[\"Aktualno\u015bci\",\"Artyku\u0142y\"],\"inLanguage\":\"pl-PL\",\"potentialAction\":[{\"@type\":\"CommentAction\",\"name\":\"Comment\",\"target\":[\"https:\\\/\\\/rowerowycieszyn.pl\\\/index.php\\\/2021\\\/04\\\/29\\\/28-maja-godzina-1800-rynek-ruszamy-z-cykliczna-masa-krytyczna\\\/#respond\"]}]},{\"@type\":\"WebPage\",\"@id\":\"https:\\\/\\\/rowerowycieszyn.pl\\\/index.php\\\/2021\\\/04\\\/29\\\/28-maja-godzina-1800-rynek-ruszamy-z-cykliczna-masa-krytyczna\\\/\",\"url\":\"https:\\\/\\\/rowerowycieszyn.pl\\\/index.php\\\/2021\\\/04\\\/29\\\/28-maja-godzina-1800-rynek-ruszamy-z-cykliczna-masa-krytyczna\\\/\",\"name\":\"28 maja, godzina 18:00, Rynek - ruszamy z cykliczn\u0105 Mas\u0105 Krytyczn\u0105! - Rowerowy Cieszyn\",\"isPartOf\":{\"@id\":\"https:\\\/\\\/rowerowycieszyn.pl\\\/#website\"},\"primaryImageOfPage\":{\"@id\":\"https:\\\/\\\/rowerowycieszyn.pl\\\/index.php\\\/2021\\\/04\\\/29\\\/28-maja-godzina-1800-rynek-ruszamy-z-cykliczna-masa-krytyczna\\\/#primaryimage\"},\"image\":{\"@id\":\"https:\\\/\\\/rowerowycieszyn.pl\\\/index.php\\\/2021\\\/04\\\/29\\\/28-maja-godzina-1800-rynek-ruszamy-z-cykliczna-masa-krytyczna\\\/#primaryimage\"},\"thumbnailUrl\":\"https:\\\/\\\/rowerowycieszyn.pl\\\/wp-content\\\/uploads\\\/2021\\\/04\\\/Tytulowy2.jpg\",\"datePublished\":\"2021-04-29T12:20:41+00:00\",\"dateModified\":\"2021-05-23T19:58:59+00:00\",\"description\":\"Rozpoczynamy cykliczne Masy Krytyczne w Cieszynie. W ka\u017cdy ostatni pi\u0105tek miesi\u0105ca b\u0119dziemy si\u0119 spotykali, aby pokaza\u0107 ilu nas jest!\",\"breadcrumb\":{\"@id\":\"https:\\\/\\\/rowerowycieszyn.pl\\\/index.php\\\/2021\\\/04\\\/29\\\/28-maja-godzina-1800-rynek-ruszamy-z-cykliczna-masa-krytyczna\\\/#breadcrumb\"},\"inLanguage\":\"pl-PL\",\"potentialAction\":[{\"@type\":\"ReadAction\",\"target\":[\"https:\\\/\\\/rowerowycieszyn.pl\\\/index.php\\\/2021\\\/04\\\/29\\\/28-maja-godzina-1800-rynek-ruszamy-z-cykliczna-masa-krytyczna\\\/\"]}]},{\"@type\":\"ImageObject\",\"inLanguage\":\"pl-PL\",\"@id\":\"https:\\\/\\\/rowerowycieszyn.pl\\\/index.php\\\/2021\\\/04\\\/29\\\/28-maja-godzina-1800-rynek-ruszamy-z-cykliczna-masa-krytyczna\\\/#primaryimage\",\"url\":\"https:\\\/\\\/rowerowycieszyn.pl\\\/wp-content\\\/uploads\\\/2021\\\/04\\\/Tytulowy2.jpg\",\"contentUrl\":\"https:\\\/\\\/rowerowycieszyn.pl\\\/wp-content\\\/uploads\\\/2021\\\/04\\\/Tytulowy2.jpg\",\"width\":1920,\"height\":1080,\"caption\":\"Zaproszenie na rowerow\u0105 mas\u0119 krytyczn\u0105 w Cieszynie - maj 2021\"},{\"@type\":\"BreadcrumbList\",\"@id\":\"https:\\\/\\\/rowerowycieszyn.pl\\\/index.php\\\/2021\\\/04\\\/29\\\/28-maja-godzina-1800-rynek-ruszamy-z-cykliczna-masa-krytyczna\\\/#breadcrumb\",\"itemListElement\":[{\"@type\":\"ListItem\",\"position\":1,\"name\":\"Home\",\"item\":\"https:\\\/\\\/rowerowycieszyn.pl\\\/\"},{\"@type\":\"ListItem\",\"position\":2,\"name\":\"28 maja, godzina 18:00, Rynek &#8211; ruszamy z cykliczn\u0105 Mas\u0105 Krytyczn\u0105!\"}]},{\"@type\":\"WebSite\",\"@id\":\"https:\\\/\\\/rowerowycieszyn.pl\\\/#website\",\"url\":\"https:\\\/\\\/rowerowycieszyn.pl\\\/\",\"name\":\"Rowerowy Cieszyn\",\"description\":\"Strona promuj\u0105ca komunikacj\u0119 oraz turystyk\u0119 rowerow\u0105 na terenie Cieszyna i okolic.\",\"publisher\":{\"@id\":\"https:\\\/\\\/rowerowycieszyn.pl\\\/#organization\"},\"potentialAction\":[{\"@type\":\"SearchAction\",\"target\":{\"@type\":\"EntryPoint\",\"urlTemplate\":\"https:\\\/\\\/rowerowycieszyn.pl\\\/?s={search_term_string}\"},\"query-input\":{\"@type\":\"PropertyValueSpecification\",\"valueRequired\":true,\"valueName\":\"search_term_string\"}}],\"inLanguage\":\"pl-PL\"},{\"@type\":\"Organization\",\"@id\":\"https:\\\/\\\/rowerowycieszyn.pl\\\/#organization\",\"name\":\"Rowerowy Cieszyn\",\"url\":\"https:\\\/\\\/rowerowycieszyn.pl\\\/\",\"logo\":{\"@type\":\"ImageObject\",\"inLanguage\":\"pl-PL\",\"@id\":\"https:\\\/\\\/rowerowycieszyn.pl\\\/#\\\/schema\\\/logo\\\/image\\\/\",\"url\":\"https:\\\/\\\/rowerowycieszyn.pl\\\/wp-content\\\/uploads\\\/2020\\\/07\\\/cropped-rower1_cr_tn-1.jpg\",\"contentUrl\":\"https:\\\/\\\/rowerowycieszyn.pl\\\/wp-content\\\/uploads\\\/2020\\\/07\\\/cropped-rower1_cr_tn-1.jpg\",\"width\":250,\"height\":100,\"caption\":\"Rowerowy Cieszyn\"},\"image\":{\"@id\":\"https:\\\/\\\/rowerowycieszyn.pl\\\/#\\\/schema\\\/logo\\\/image\\\/\"},\"sameAs\":[\"https:\\\/\\\/www.facebook.com\\\/RowerowyCieszyn\"]},{\"@type\":\"Person\",\"@id\":\"https:\\\/\\\/rowerowycieszyn.pl\\\/#\\\/schema\\\/person\\\/b698cee63b7405acd7e70007d7cc8b2a\",\"name\":\"Rowerowy Cieszyn\",\"image\":{\"@type\":\"ImageObject\",\"inLanguage\":\"pl-PL\",\"@id\":\"https:\\\/\\\/secure.gravatar.com\\\/avatar\\\/1aef2c80bb06ccee0d820e4116589968d6d5c57310499f9271d42a4f7c5ffb3a?s=96&d=mm&r=g\",\"url\":\"https:\\\/\\\/secure.gravatar.com\\\/avatar\\\/1aef2c80bb06ccee0d820e4116589968d6d5c57310499f9271d42a4f7c5ffb3a?s=96&d=mm&r=g\",\"contentUrl\":\"https:\\\/\\\/secure.gravatar.com\\\/avatar\\\/1aef2c80bb06ccee0d820e4116589968d6d5c57310499f9271d42a4f7c5ffb3a?s=96&d=mm&r=g\",\"caption\":\"Rowerowy Cieszyn\"},\"sameAs\":[\"http:\\\/\\\/rowerowycieszyn.pl\"],\"url\":\"https:\\\/\\\/rowerowycieszyn.pl\\\/index.php\\\/author\\\/pstoklosa\\\/\"}]}<\/script>\n<!-- \/ Yoast SEO plugin. -->","yoast_head_json":{"title":"28 maja, godzina 18:00, Rynek - ruszamy z cykliczn\u0105 Mas\u0105 Krytyczn\u0105! - Rowerowy Cieszyn","description":"Rozpoczynamy cykliczne Masy Krytyczne w Cieszynie. W ka\u017cdy ostatni pi\u0105tek miesi\u0105ca b\u0119dziemy si\u0119 spotykali, aby pokaza\u0107 ilu nas jest!","robots":{"index":"index","follow":"follow","max-snippet":"max-snippet:-1","max-image-preview":"max-image-preview:large","max-video-preview":"max-video-preview:-1"},"canonical":"https:\/\/rowerowycieszyn.pl\/index.php\/2021\/04\/29\/28-maja-godzina-1800-rynek-ruszamy-z-cykliczna-masa-krytyczna\/","og_locale":"pl_PL","og_type":"article","og_title":"28 maja, godzina 18:00, Rynek - ruszamy z cykliczn\u0105 Mas\u0105 Krytyczn\u0105! - Rowerowy Cieszyn","og_description":"Rozpoczynamy cykliczne Masy Krytyczne w Cieszynie. W ka\u017cdy ostatni pi\u0105tek miesi\u0105ca b\u0119dziemy si\u0119 spotykali, aby pokaza\u0107 ilu nas jest!","og_url":"https:\/\/rowerowycieszyn.pl\/index.php\/2021\/04\/29\/28-maja-godzina-1800-rynek-ruszamy-z-cykliczna-masa-krytyczna\/","og_site_name":"Rowerowy Cieszyn","article_publisher":"https:\/\/www.facebook.com\/RowerowyCieszyn","article_published_time":"2021-04-29T12:20:41+00:00","article_modified_time":"2021-05-23T19:58:59+00:00","og_image":[{"width":1920,"height":1080,"url":"http:\/\/rowerowycieszyn.pl\/wp-content\/uploads\/2021\/04\/Tytulowy2.jpg","type":"image\/jpeg"}],"author":"Rowerowy Cieszyn","twitter_card":"summary_large_image","twitter_misc":{"Napisane przez":"Rowerowy Cieszyn","Szacowany czas czytania":"2 minuty"},"schema":{"@context":"https:\/\/schema.org","@graph":[{"@type":"Article","@id":"https:\/\/rowerowycieszyn.pl\/index.php\/2021\/04\/29\/28-maja-godzina-1800-rynek-ruszamy-z-cykliczna-masa-krytyczna\/#article","isPartOf":{"@id":"https:\/\/rowerowycieszyn.pl\/index.php\/2021\/04\/29\/28-maja-godzina-1800-rynek-ruszamy-z-cykliczna-masa-krytyczna\/"},"author":{"name":"Rowerowy Cieszyn","@id":"https:\/\/rowerowycieszyn.pl\/#\/schema\/person\/b698cee63b7405acd7e70007d7cc8b2a"},"headline":"28 maja, godzina 18:00, Rynek &#8211; ruszamy z cykliczn\u0105 Mas\u0105 Krytyczn\u0105!","datePublished":"2021-04-29T12:20:41+00:00","dateModified":"2021-05-23T19:58:59+00:00","mainEntityOfPage":{"@id":"https:\/\/rowerowycieszyn.pl\/index.php\/2021\/04\/29\/28-maja-godzina-1800-rynek-ruszamy-z-cykliczna-masa-krytyczna\/"},"wordCount":525,"commentCount":1,"publisher":{"@id":"https:\/\/rowerowycieszyn.pl\/#organization"},"image":{"@id":"https:\/\/rowerowycieszyn.pl\/index.php\/2021\/04\/29\/28-maja-godzina-1800-rynek-ruszamy-z-cykliczna-masa-krytyczna\/#primaryimage"},"thumbnailUrl":"https:\/\/rowerowycieszyn.pl\/wp-content\/uploads\/2021\/04\/Tytulowy2.jpg","articleSection":["Aktualno\u015bci","Artyku\u0142y"],"inLanguage":"pl-PL","potentialAction":[{"@type":"CommentAction","name":"Comment","target":["https:\/\/rowerowycieszyn.pl\/index.php\/2021\/04\/29\/28-maja-godzina-1800-rynek-ruszamy-z-cykliczna-masa-krytyczna\/#respond"]}]},{"@type":"WebPage","@id":"https:\/\/rowerowycieszyn.pl\/index.php\/2021\/04\/29\/28-maja-godzina-1800-rynek-ruszamy-z-cykliczna-masa-krytyczna\/","url":"https:\/\/rowerowycieszyn.pl\/index.php\/2021\/04\/29\/28-maja-godzina-1800-rynek-ruszamy-z-cykliczna-masa-krytyczna\/","name":"28 maja, godzina 18:00, Rynek - ruszamy z cykliczn\u0105 Mas\u0105 Krytyczn\u0105! - Rowerowy Cieszyn","isPartOf":{"@id":"https:\/\/rowerowycieszyn.pl\/#website"},"primaryImageOfPage":{"@id":"https:\/\/rowerowycieszyn.pl\/index.php\/2021\/04\/29\/28-maja-godzina-1800-rynek-ruszamy-z-cykliczna-masa-krytyczna\/#primaryimage"},"image":{"@id":"https:\/\/rowerowycieszyn.pl\/index.php\/2021\/04\/29\/28-maja-godzina-1800-rynek-ruszamy-z-cykliczna-masa-krytyczna\/#primaryimage"},"thumbnailUrl":"https:\/\/rowerowycieszyn.pl\/wp-content\/uploads\/2021\/04\/Tytulowy2.jpg","datePublished":"2021-04-29T12:20:41+00:00","dateModified":"2021-05-23T19:58:59+00:00","description":"Rozpoczynamy cykliczne Masy Krytyczne w Cieszynie. W ka\u017cdy ostatni pi\u0105tek miesi\u0105ca b\u0119dziemy si\u0119 spotykali, aby pokaza\u0107 ilu nas jest!","breadcrumb":{"@id":"https:\/\/rowerowycieszyn.pl\/index.php\/2021\/04\/29\/28-maja-godzina-1800-rynek-ruszamy-z-cykliczna-masa-krytyczna\/#breadcrumb"},"inLanguage":"pl-PL","potentialAction":[{"@type":"ReadAction","target":["https:\/\/rowerowycieszyn.pl\/index.php\/2021\/04\/29\/28-maja-godzina-1800-rynek-ruszamy-z-cykliczna-masa-krytyczna\/"]}]},{"@type":"ImageObject","inLanguage":"pl-PL","@id":"https:\/\/rowerowycieszyn.pl\/index.php\/2021\/04\/29\/28-maja-godzina-1800-rynek-ruszamy-z-cykliczna-masa-krytyczna\/#primaryimage","url":"https:\/\/rowerowycieszyn.pl\/wp-content\/uploads\/2021\/04\/Tytulowy2.jpg","contentUrl":"https:\/\/rowerowycieszyn.pl\/wp-content\/uploads\/2021\/04\/Tytulowy2.jpg","width":1920,"height":1080,"caption":"Zaproszenie na rowerow\u0105 mas\u0119 krytyczn\u0105 w Cieszynie - maj 2021"},{"@type":"BreadcrumbList","@id":"https:\/\/rowerowycieszyn.pl\/index.php\/2021\/04\/29\/28-maja-godzina-1800-rynek-ruszamy-z-cykliczna-masa-krytyczna\/#breadcrumb","itemListElement":[{"@type":"ListItem","position":1,"name":"Home","item":"https:\/\/rowerowycieszyn.pl\/"},{"@type":"ListItem","position":2,"name":"28 maja, godzina 18:00, Rynek &#8211; ruszamy z cykliczn\u0105 Mas\u0105 Krytyczn\u0105!"}]},{"@type":"WebSite","@id":"https:\/\/rowerowycieszyn.pl\/#website","url":"https:\/\/rowerowycieszyn.pl\/","name":"Rowerowy Cieszyn","description":"Strona promuj\u0105ca komunikacj\u0119 oraz turystyk\u0119 rowerow\u0105 na terenie Cieszyna i okolic.","publisher":{"@id":"https:\/\/rowerowycieszyn.pl\/#organization"},"potentialAction":[{"@type":"SearchAction","target":{"@type":"EntryPoint","urlTemplate":"https:\/\/rowerowycieszyn.pl\/?s={search_term_string}"},"query-input":{"@type":"PropertyValueSpecification","valueRequired":true,"valueName":"search_term_string"}}],"inLanguage":"pl-PL"},{"@type":"Organization","@id":"https:\/\/rowerowycieszyn.pl\/#organization","name":"Rowerowy Cieszyn","url":"https:\/\/rowerowycieszyn.pl\/","logo":{"@type":"ImageObject","inLanguage":"pl-PL","@id":"https:\/\/rowerowycieszyn.pl\/#\/schema\/logo\/image\/","url":"https:\/\/rowerowycieszyn.pl\/wp-content\/uploads\/2020\/07\/cropped-rower1_cr_tn-1.jpg","contentUrl":"https:\/\/rowerowycieszyn.pl\/wp-content\/uploads\/2020\/07\/cropped-rower1_cr_tn-1.jpg","width":250,"height":100,"caption":"Rowerowy Cieszyn"},"image":{"@id":"https:\/\/rowerowycieszyn.pl\/#\/schema\/logo\/image\/"},"sameAs":["https:\/\/www.facebook.com\/RowerowyCieszyn"]},{"@type":"Person","@id":"https:\/\/rowerowycieszyn.pl\/#\/schema\/person\/b698cee63b7405acd7e70007d7cc8b2a","name":"Rowerowy Cieszyn","image":{"@type":"ImageObject","inLanguage":"pl-PL","@id":"https:\/\/secure.gravatar.com\/avatar\/1aef2c80bb06ccee0d820e4116589968d6d5c57310499f9271d42a4f7c5ffb3a?s=96&d=mm&r=g","url":"https:\/\/secure.gravatar.com\/avatar\/1aef2c80bb06ccee0d820e4116589968d6d5c57310499f9271d42a4f7c5ffb3a?s=96&d=mm&r=g","contentUrl":"https:\/\/secure.gravatar.com\/avatar\/1aef2c80bb06ccee0d820e4116589968d6d5c57310499f9271d42a4f7c5ffb3a?s=96&d=mm&r=g","caption":"Rowerowy Cieszyn"},"sameAs":["http:\/\/rowerowycieszyn.pl"],"url":"https:\/\/rowerowycieszyn.pl\/index.php\/author\/pstoklosa\/"}]}},"_links":{"self":[{"href":"https:\/\/rowerowycieszyn.pl\/index.php\/wp-json\/wp\/v2\/posts\/1040","targetHints":{"allow":["GET"]}}],"collection":[{"href":"https:\/\/rowerowycieszyn.pl\/index.php\/wp-json\/wp\/v2\/posts"}],"about":[{"href":"https:\/\/rowerowycieszyn.pl\/index.php\/wp-json\/wp\/v2\/types\/post"}],"author":[{"embeddable":true,"href":"https:\/\/rowerowycieszyn.pl\/index.php\/wp-json\/wp\/v2\/users\/1"}],"replies":[{"embeddable":true,"href":"https:\/\/rowerowycieszyn.pl\/index.php\/wp-json\/wp\/v2\/comments?post=1040"}],"version-history":[{"count":15,"href":"https:\/\/rowerowycieszyn.pl\/index.php\/wp-json\/wp\/v2\/posts\/1040\/revisions"}],"predecessor-version":[{"id":1062,"href":"https:\/\/rowerowycieszyn.pl\/index.php\/wp-json\/wp\/v2\/posts\/1040\/revisions\/1062"}],"wp:featuredmedia":[{"embeddable":true,"href":"https:\/\/rowerowycieszyn.pl\/index.php\/wp-json\/wp\/v2\/media\/1046"}],"wp:attachment":[{"href":"https:\/\/rowerowycieszyn.pl\/index.php\/wp-json\/wp\/v2\/media?parent=1040"}],"wp:term":[{"taxonomy":"category","embeddable":true,"href":"https:\/\/rowerowycieszyn.pl\/index.php\/wp-json\/wp\/v2\/categories?post=1040"},{"taxonomy":"post_tag","embeddable":true,"href":"https:\/\/rowerowycieszyn.pl\/index.php\/wp-json\/wp\/v2\/tags?post=1040"}],"curies":[{"name":"wp","href":"https:\/\/api.w.org\/{rel}","templated":true}]}}