{"id":1175,"date":"2021-12-20T17:43:52","date_gmt":"2021-12-20T16:43:52","guid":{"rendered":"http:\/\/rowerowycieszyn.pl\/?p=1175"},"modified":"2021-12-20T17:47:06","modified_gmt":"2021-12-20T16:47:06","slug":"trwa-glosowanie-na-projekt-do-budzetu-obywatelskiego-cieszyna","status":"publish","type":"post","link":"https:\/\/rowerowycieszyn.pl\/index.php\/2021\/12\/20\/trwa-glosowanie-na-projekt-do-budzetu-obywatelskiego-cieszyna\/","title":{"rendered":"Trwa g\u0142osowanie na projekty do bud\u017cetu obywatelskiego Cieszyna na rok 2022!"},"content":{"rendered":"<p>Trwa g\u0142osowanie na projekty bud\u017cetu obywatelskiego miasta Cieszyna. W\u015br\u00f3d nich znajduje si\u0119 propozycja zg\u0142oszona przez Rowerowy Cieszyn. Szczeg\u00f3\u0142y na temat projektu znajdziesz <a href=\"http:\/\/rowerowycieszyn.pl\/index.php\/2021\/11\/06\/prawdziwie-czarny-chodnik-projekt-do-budzetu-obywatelskiego-cieszyn-2022\/\">tutaj<\/a>.<\/p>\n<p>G\u0142osowanie trwa tylko do 31.12.2021. G\u0142osowa\u0107 mog\u0105 wszyscy mieszka\u0144cy Cieszyna, r\u00f3wnie\u017c niepe\u0142noletni.\u00a0 Kliknij poni\u017cszy obrazek, aby przej\u015b\u0107 na stron\u0119 g\u0142osowania i ju\u017c dzisiaj wybierz<\/p>\n<p><strong>Projekt nr 3 &#8222;Prawdziwie Czarny Chodnik&#8221;<\/strong>.<\/p>\n<p><a href=\"https:\/\/cieszyn.budzet-obywatelski.org\/\"><img loading=\"lazy\" decoding=\"async\" class=\"alignnone wp-image-1177 size-full\" src=\"http:\/\/rowerowycieszyn.pl\/wp-content\/uploads\/2021\/12\/bo_logo.png\" alt=\"Bud\u017cet Obywatelski Cieszyn 2022\" width=\"350\" height=\"81\" srcset=\"https:\/\/rowerowycieszyn.pl\/wp-content\/uploads\/2021\/12\/bo_logo.png 350w, https:\/\/rowerowycieszyn.pl\/wp-content\/uploads\/2021\/12\/bo_logo-300x69.png 300w\" sizes=\"auto, (max-width: 350px) 100vw, 350px\" \/><\/a><\/p>\n<p><a href=\"https:\/\/cieszyn.budzet-obywatelski.org\/\">https:\/\/cieszyn.budzet-obywatelski.org\/<\/a><\/p>\n","protected":false},"excerpt":{"rendered":"<p>Trwa g\u0142osowanie na projekty bud\u017cetu obywatelskiego miasta Cieszyna. W\u015br\u00f3d nich znajduje si\u0119 propozycja zg\u0142oszona przez Rowerowy Cieszyn. Szczeg\u00f3\u0142y na temat projektu znajdziesz tutaj. G\u0142osowanie trwa tylko do 31.12.2021. G\u0142osowa\u0107 mog\u0105&hellip; <\/p>\n","protected":false},"author":1,"featured_media":1176,"comment_status":"open","ping_status":"open","sticky":false,"template":"","format":"standard","meta":{"footnotes":""},"categories":[1],"tags":[],"class_list":["post-1175","post","type-post","status-publish","format-standard","has-post-thumbnail","hentry","category-bez-kategorii"],"yoast_head":"<!-- This site is optimized with the Yoast SEO plugin v27.3 - https:\/\/yoast.com\/product\/yoast-seo-wordpress\/ -->\n<title>Trwa g\u0142osowanie na projekty do bud\u017cetu obywatelskiego Cieszyna na rok 2022! - Rowerowy Cieszyn<\/title>\n<meta name=\"description\" content=\"Trwa g\u0142osowanie na bud\u017cet obywatelski miasta Cieszyna na rok 2022. G\u0142osujemy na projekt ci\u0105gu pieszo rowerowego Prawdziwie Czarny Chodnik.\" \/>\n<meta name=\"robots\" content=\"index, follow, max-snippet:-1, max-image-preview:large, max-video-preview:-1\" \/>\n<link rel=\"canonical\" href=\"https:\/\/rowerowycieszyn.pl\/index.php\/2021\/12\/20\/trwa-glosowanie-na-projekt-do-budzetu-obywatelskiego-cieszyna\/\" \/>\n<meta property=\"og:locale\" content=\"pl_PL\" \/>\n<meta property=\"og:type\" content=\"article\" \/>\n<meta property=\"og:title\" content=\"Trwa g\u0142osowanie na projekty do bud\u017cetu obywatelskiego Cieszyna na rok 2022! - Rowerowy Cieszyn\" \/>\n<meta property=\"og:description\" content=\"Trwa g\u0142osowanie na bud\u017cet obywatelski miasta Cieszyna na rok 2022. G\u0142osujemy na projekt ci\u0105gu pieszo rowerowego Prawdziwie Czarny Chodnik.\" \/>\n<meta property=\"og:url\" content=\"https:\/\/rowerowycieszyn.pl\/index.php\/2021\/12\/20\/trwa-glosowanie-na-projekt-do-budzetu-obywatelskiego-cieszyna\/\" \/>\n<meta property=\"og:site_name\" content=\"Rowerowy Cieszyn\" \/>\n<meta property=\"article:publisher\" content=\"https:\/\/www.facebook.com\/RowerowyCieszyn\" \/>\n<meta property=\"article:published_time\" content=\"2021-12-20T16:43:52+00:00\" \/>\n<meta property=\"article:modified_time\" content=\"2021-12-20T16:47:06+00:00\" \/>\n<meta property=\"og:image\" content=\"http:\/\/rowerowycieszyn.pl\/wp-content\/uploads\/2021\/12\/Prawdziwie_czarny_chodnik_strona.png\" \/>\n\t<meta property=\"og:image:width\" content=\"1517\" \/>\n\t<meta property=\"og:image:height\" content=\"905\" \/>\n\t<meta property=\"og:image:type\" content=\"image\/png\" \/>\n<meta name=\"author\" content=\"Rowerowy Cieszyn\" \/>\n<meta name=\"twitter:card\" content=\"summary_large_image\" \/>\n<meta name=\"twitter:label1\" content=\"Napisane przez\" \/>\n\t<meta name=\"twitter:data1\" content=\"Rowerowy Cieszyn\" \/>\n\t<meta name=\"twitter:label2\" content=\"Szacowany czas czytania\" \/>\n\t<meta name=\"twitter:data2\" content=\"1 minuta\" \/>\n<script type=\"application\/ld+json\" class=\"yoast-schema-graph\">{\"@context\":\"https:\\\/\\\/schema.org\",\"@graph\":[{\"@type\":\"Article\",\"@id\":\"https:\\\/\\\/rowerowycieszyn.pl\\\/index.php\\\/2021\\\/12\\\/20\\\/trwa-glosowanie-na-projekt-do-budzetu-obywatelskiego-cieszyna\\\/#article\",\"isPartOf\":{\"@id\":\"https:\\\/\\\/rowerowycieszyn.pl\\\/index.php\\\/2021\\\/12\\\/20\\\/trwa-glosowanie-na-projekt-do-budzetu-obywatelskiego-cieszyna\\\/\"},\"author\":{\"name\":\"Rowerowy Cieszyn\",\"@id\":\"https:\\\/\\\/rowerowycieszyn.pl\\\/#\\\/schema\\\/person\\\/b698cee63b7405acd7e70007d7cc8b2a\"},\"headline\":\"Trwa g\u0142osowanie na projekty do bud\u017cetu obywatelskiego Cieszyna na rok 2022!\",\"datePublished\":\"2021-12-20T16:43:52+00:00\",\"dateModified\":\"2021-12-20T16:47:06+00:00\",\"mainEntityOfPage\":{\"@id\":\"https:\\\/\\\/rowerowycieszyn.pl\\\/index.php\\\/2021\\\/12\\\/20\\\/trwa-glosowanie-na-projekt-do-budzetu-obywatelskiego-cieszyna\\\/\"},\"wordCount\":80,\"commentCount\":0,\"publisher\":{\"@id\":\"https:\\\/\\\/rowerowycieszyn.pl\\\/#organization\"},\"image\":{\"@id\":\"https:\\\/\\\/rowerowycieszyn.pl\\\/index.php\\\/2021\\\/12\\\/20\\\/trwa-glosowanie-na-projekt-do-budzetu-obywatelskiego-cieszyna\\\/#primaryimage\"},\"thumbnailUrl\":\"https:\\\/\\\/rowerowycieszyn.pl\\\/wp-content\\\/uploads\\\/2021\\\/12\\\/Prawdziwie_czarny_chodnik_strona.png\",\"inLanguage\":\"pl-PL\",\"potentialAction\":[{\"@type\":\"CommentAction\",\"name\":\"Comment\",\"target\":[\"https:\\\/\\\/rowerowycieszyn.pl\\\/index.php\\\/2021\\\/12\\\/20\\\/trwa-glosowanie-na-projekt-do-budzetu-obywatelskiego-cieszyna\\\/#respond\"]}]},{\"@type\":\"WebPage\",\"@id\":\"https:\\\/\\\/rowerowycieszyn.pl\\\/index.php\\\/2021\\\/12\\\/20\\\/trwa-glosowanie-na-projekt-do-budzetu-obywatelskiego-cieszyna\\\/\",\"url\":\"https:\\\/\\\/rowerowycieszyn.pl\\\/index.php\\\/2021\\\/12\\\/20\\\/trwa-glosowanie-na-projekt-do-budzetu-obywatelskiego-cieszyna\\\/\",\"name\":\"Trwa g\u0142osowanie na projekty do bud\u017cetu obywatelskiego Cieszyna na rok 2022! - Rowerowy Cieszyn\",\"isPartOf\":{\"@id\":\"https:\\\/\\\/rowerowycieszyn.pl\\\/#website\"},\"primaryImageOfPage\":{\"@id\":\"https:\\\/\\\/rowerowycieszyn.pl\\\/index.php\\\/2021\\\/12\\\/20\\\/trwa-glosowanie-na-projekt-do-budzetu-obywatelskiego-cieszyna\\\/#primaryimage\"},\"image\":{\"@id\":\"https:\\\/\\\/rowerowycieszyn.pl\\\/index.php\\\/2021\\\/12\\\/20\\\/trwa-glosowanie-na-projekt-do-budzetu-obywatelskiego-cieszyna\\\/#primaryimage\"},\"thumbnailUrl\":\"https:\\\/\\\/rowerowycieszyn.pl\\\/wp-content\\\/uploads\\\/2021\\\/12\\\/Prawdziwie_czarny_chodnik_strona.png\",\"datePublished\":\"2021-12-20T16:43:52+00:00\",\"dateModified\":\"2021-12-20T16:47:06+00:00\",\"description\":\"Trwa g\u0142osowanie na bud\u017cet obywatelski miasta Cieszyna na rok 2022. G\u0142osujemy na projekt ci\u0105gu pieszo rowerowego Prawdziwie Czarny Chodnik.\",\"breadcrumb\":{\"@id\":\"https:\\\/\\\/rowerowycieszyn.pl\\\/index.php\\\/2021\\\/12\\\/20\\\/trwa-glosowanie-na-projekt-do-budzetu-obywatelskiego-cieszyna\\\/#breadcrumb\"},\"inLanguage\":\"pl-PL\",\"potentialAction\":[{\"@type\":\"ReadAction\",\"target\":[\"https:\\\/\\\/rowerowycieszyn.pl\\\/index.php\\\/2021\\\/12\\\/20\\\/trwa-glosowanie-na-projekt-do-budzetu-obywatelskiego-cieszyna\\\/\"]}]},{\"@type\":\"ImageObject\",\"inLanguage\":\"pl-PL\",\"@id\":\"https:\\\/\\\/rowerowycieszyn.pl\\\/index.php\\\/2021\\\/12\\\/20\\\/trwa-glosowanie-na-projekt-do-budzetu-obywatelskiego-cieszyna\\\/#primaryimage\",\"url\":\"https:\\\/\\\/rowerowycieszyn.pl\\\/wp-content\\\/uploads\\\/2021\\\/12\\\/Prawdziwie_czarny_chodnik_strona.png\",\"contentUrl\":\"https:\\\/\\\/rowerowycieszyn.pl\\\/wp-content\\\/uploads\\\/2021\\\/12\\\/Prawdziwie_czarny_chodnik_strona.png\",\"width\":1517,\"height\":905,\"caption\":\"Prawdziwie Czarny Choddnik - bud\u017cet obywatelski Cieszyn 2022\"},{\"@type\":\"BreadcrumbList\",\"@id\":\"https:\\\/\\\/rowerowycieszyn.pl\\\/index.php\\\/2021\\\/12\\\/20\\\/trwa-glosowanie-na-projekt-do-budzetu-obywatelskiego-cieszyna\\\/#breadcrumb\",\"itemListElement\":[{\"@type\":\"ListItem\",\"position\":1,\"name\":\"Home\",\"item\":\"https:\\\/\\\/rowerowycieszyn.pl\\\/\"},{\"@type\":\"ListItem\",\"position\":2,\"name\":\"Trwa g\u0142osowanie na projekty do bud\u017cetu obywatelskiego Cieszyna na rok 2022!\"}]},{\"@type\":\"WebSite\",\"@id\":\"https:\\\/\\\/rowerowycieszyn.pl\\\/#website\",\"url\":\"https:\\\/\\\/rowerowycieszyn.pl\\\/\",\"name\":\"Rowerowy Cieszyn\",\"description\":\"Strona promuj\u0105ca komunikacj\u0119 oraz turystyk\u0119 rowerow\u0105 na terenie Cieszyna i okolic.\",\"publisher\":{\"@id\":\"https:\\\/\\\/rowerowycieszyn.pl\\\/#organization\"},\"potentialAction\":[{\"@type\":\"SearchAction\",\"target\":{\"@type\":\"EntryPoint\",\"urlTemplate\":\"https:\\\/\\\/rowerowycieszyn.pl\\\/?s={search_term_string}\"},\"query-input\":{\"@type\":\"PropertyValueSpecification\",\"valueRequired\":true,\"valueName\":\"search_term_string\"}}],\"inLanguage\":\"pl-PL\"},{\"@type\":\"Organization\",\"@id\":\"https:\\\/\\\/rowerowycieszyn.pl\\\/#organization\",\"name\":\"Rowerowy Cieszyn\",\"url\":\"https:\\\/\\\/rowerowycieszyn.pl\\\/\",\"logo\":{\"@type\":\"ImageObject\",\"inLanguage\":\"pl-PL\",\"@id\":\"https:\\\/\\\/rowerowycieszyn.pl\\\/#\\\/schema\\\/logo\\\/image\\\/\",\"url\":\"https:\\\/\\\/rowerowycieszyn.pl\\\/wp-content\\\/uploads\\\/2020\\\/07\\\/cropped-rower1_cr_tn-1.jpg\",\"contentUrl\":\"https:\\\/\\\/rowerowycieszyn.pl\\\/wp-content\\\/uploads\\\/2020\\\/07\\\/cropped-rower1_cr_tn-1.jpg\",\"width\":250,\"height\":100,\"caption\":\"Rowerowy Cieszyn\"},\"image\":{\"@id\":\"https:\\\/\\\/rowerowycieszyn.pl\\\/#\\\/schema\\\/logo\\\/image\\\/\"},\"sameAs\":[\"https:\\\/\\\/www.facebook.com\\\/RowerowyCieszyn\"]},{\"@type\":\"Person\",\"@id\":\"https:\\\/\\\/rowerowycieszyn.pl\\\/#\\\/schema\\\/person\\\/b698cee63b7405acd7e70007d7cc8b2a\",\"name\":\"Rowerowy Cieszyn\",\"image\":{\"@type\":\"ImageObject\",\"inLanguage\":\"pl-PL\",\"@id\":\"https:\\\/\\\/secure.gravatar.com\\\/avatar\\\/1aef2c80bb06ccee0d820e4116589968d6d5c57310499f9271d42a4f7c5ffb3a?s=96&d=mm&r=g\",\"url\":\"https:\\\/\\\/secure.gravatar.com\\\/avatar\\\/1aef2c80bb06ccee0d820e4116589968d6d5c57310499f9271d42a4f7c5ffb3a?s=96&d=mm&r=g\",\"contentUrl\":\"https:\\\/\\\/secure.gravatar.com\\\/avatar\\\/1aef2c80bb06ccee0d820e4116589968d6d5c57310499f9271d42a4f7c5ffb3a?s=96&d=mm&r=g\",\"caption\":\"Rowerowy Cieszyn\"},\"sameAs\":[\"http:\\\/\\\/rowerowycieszyn.pl\"],\"url\":\"https:\\\/\\\/rowerowycieszyn.pl\\\/index.php\\\/author\\\/pstoklosa\\\/\"}]}<\/script>\n<!-- \/ Yoast SEO plugin. -->","yoast_head_json":{"title":"Trwa g\u0142osowanie na projekty do bud\u017cetu obywatelskiego Cieszyna na rok 2022! - Rowerowy Cieszyn","description":"Trwa g\u0142osowanie na bud\u017cet obywatelski miasta Cieszyna na rok 2022. G\u0142osujemy na projekt ci\u0105gu pieszo rowerowego Prawdziwie Czarny Chodnik.","robots":{"index":"index","follow":"follow","max-snippet":"max-snippet:-1","max-image-preview":"max-image-preview:large","max-video-preview":"max-video-preview:-1"},"canonical":"https:\/\/rowerowycieszyn.pl\/index.php\/2021\/12\/20\/trwa-glosowanie-na-projekt-do-budzetu-obywatelskiego-cieszyna\/","og_locale":"pl_PL","og_type":"article","og_title":"Trwa g\u0142osowanie na projekty do bud\u017cetu obywatelskiego Cieszyna na rok 2022! - Rowerowy Cieszyn","og_description":"Trwa g\u0142osowanie na bud\u017cet obywatelski miasta Cieszyna na rok 2022. G\u0142osujemy na projekt ci\u0105gu pieszo rowerowego Prawdziwie Czarny Chodnik.","og_url":"https:\/\/rowerowycieszyn.pl\/index.php\/2021\/12\/20\/trwa-glosowanie-na-projekt-do-budzetu-obywatelskiego-cieszyna\/","og_site_name":"Rowerowy Cieszyn","article_publisher":"https:\/\/www.facebook.com\/RowerowyCieszyn","article_published_time":"2021-12-20T16:43:52+00:00","article_modified_time":"2021-12-20T16:47:06+00:00","og_image":[{"width":1517,"height":905,"url":"http:\/\/rowerowycieszyn.pl\/wp-content\/uploads\/2021\/12\/Prawdziwie_czarny_chodnik_strona.png","type":"image\/png"}],"author":"Rowerowy Cieszyn","twitter_card":"summary_large_image","twitter_misc":{"Napisane przez":"Rowerowy Cieszyn","Szacowany czas czytania":"1 minuta"},"schema":{"@context":"https:\/\/schema.org","@graph":[{"@type":"Article","@id":"https:\/\/rowerowycieszyn.pl\/index.php\/2021\/12\/20\/trwa-glosowanie-na-projekt-do-budzetu-obywatelskiego-cieszyna\/#article","isPartOf":{"@id":"https:\/\/rowerowycieszyn.pl\/index.php\/2021\/12\/20\/trwa-glosowanie-na-projekt-do-budzetu-obywatelskiego-cieszyna\/"},"author":{"name":"Rowerowy Cieszyn","@id":"https:\/\/rowerowycieszyn.pl\/#\/schema\/person\/b698cee63b7405acd7e70007d7cc8b2a"},"headline":"Trwa g\u0142osowanie na projekty do bud\u017cetu obywatelskiego Cieszyna na rok 2022!","datePublished":"2021-12-20T16:43:52+00:00","dateModified":"2021-12-20T16:47:06+00:00","mainEntityOfPage":{"@id":"https:\/\/rowerowycieszyn.pl\/index.php\/2021\/12\/20\/trwa-glosowanie-na-projekt-do-budzetu-obywatelskiego-cieszyna\/"},"wordCount":80,"commentCount":0,"publisher":{"@id":"https:\/\/rowerowycieszyn.pl\/#organization"},"image":{"@id":"https:\/\/rowerowycieszyn.pl\/index.php\/2021\/12\/20\/trwa-glosowanie-na-projekt-do-budzetu-obywatelskiego-cieszyna\/#primaryimage"},"thumbnailUrl":"https:\/\/rowerowycieszyn.pl\/wp-content\/uploads\/2021\/12\/Prawdziwie_czarny_chodnik_strona.png","inLanguage":"pl-PL","potentialAction":[{"@type":"CommentAction","name":"Comment","target":["https:\/\/rowerowycieszyn.pl\/index.php\/2021\/12\/20\/trwa-glosowanie-na-projekt-do-budzetu-obywatelskiego-cieszyna\/#respond"]}]},{"@type":"WebPage","@id":"https:\/\/rowerowycieszyn.pl\/index.php\/2021\/12\/20\/trwa-glosowanie-na-projekt-do-budzetu-obywatelskiego-cieszyna\/","url":"https:\/\/rowerowycieszyn.pl\/index.php\/2021\/12\/20\/trwa-glosowanie-na-projekt-do-budzetu-obywatelskiego-cieszyna\/","name":"Trwa g\u0142osowanie na projekty do bud\u017cetu obywatelskiego Cieszyna na rok 2022! - Rowerowy Cieszyn","isPartOf":{"@id":"https:\/\/rowerowycieszyn.pl\/#website"},"primaryImageOfPage":{"@id":"https:\/\/rowerowycieszyn.pl\/index.php\/2021\/12\/20\/trwa-glosowanie-na-projekt-do-budzetu-obywatelskiego-cieszyna\/#primaryimage"},"image":{"@id":"https:\/\/rowerowycieszyn.pl\/index.php\/2021\/12\/20\/trwa-glosowanie-na-projekt-do-budzetu-obywatelskiego-cieszyna\/#primaryimage"},"thumbnailUrl":"https:\/\/rowerowycieszyn.pl\/wp-content\/uploads\/2021\/12\/Prawdziwie_czarny_chodnik_strona.png","datePublished":"2021-12-20T16:43:52+00:00","dateModified":"2021-12-20T16:47:06+00:00","description":"Trwa g\u0142osowanie na bud\u017cet obywatelski miasta Cieszyna na rok 2022. G\u0142osujemy na projekt ci\u0105gu pieszo rowerowego Prawdziwie Czarny Chodnik.","breadcrumb":{"@id":"https:\/\/rowerowycieszyn.pl\/index.php\/2021\/12\/20\/trwa-glosowanie-na-projekt-do-budzetu-obywatelskiego-cieszyna\/#breadcrumb"},"inLanguage":"pl-PL","potentialAction":[{"@type":"ReadAction","target":["https:\/\/rowerowycieszyn.pl\/index.php\/2021\/12\/20\/trwa-glosowanie-na-projekt-do-budzetu-obywatelskiego-cieszyna\/"]}]},{"@type":"ImageObject","inLanguage":"pl-PL","@id":"https:\/\/rowerowycieszyn.pl\/index.php\/2021\/12\/20\/trwa-glosowanie-na-projekt-do-budzetu-obywatelskiego-cieszyna\/#primaryimage","url":"https:\/\/rowerowycieszyn.pl\/wp-content\/uploads\/2021\/12\/Prawdziwie_czarny_chodnik_strona.png","contentUrl":"https:\/\/rowerowycieszyn.pl\/wp-content\/uploads\/2021\/12\/Prawdziwie_czarny_chodnik_strona.png","width":1517,"height":905,"caption":"Prawdziwie Czarny Choddnik - bud\u017cet obywatelski Cieszyn 2022"},{"@type":"BreadcrumbList","@id":"https:\/\/rowerowycieszyn.pl\/index.php\/2021\/12\/20\/trwa-glosowanie-na-projekt-do-budzetu-obywatelskiego-cieszyna\/#breadcrumb","itemListElement":[{"@type":"ListItem","position":1,"name":"Home","item":"https:\/\/rowerowycieszyn.pl\/"},{"@type":"ListItem","position":2,"name":"Trwa g\u0142osowanie na projekty do bud\u017cetu obywatelskiego Cieszyna na rok 2022!"}]},{"@type":"WebSite","@id":"https:\/\/rowerowycieszyn.pl\/#website","url":"https:\/\/rowerowycieszyn.pl\/","name":"Rowerowy Cieszyn","description":"Strona promuj\u0105ca komunikacj\u0119 oraz turystyk\u0119 rowerow\u0105 na terenie Cieszyna i okolic.","publisher":{"@id":"https:\/\/rowerowycieszyn.pl\/#organization"},"potentialAction":[{"@type":"SearchAction","target":{"@type":"EntryPoint","urlTemplate":"https:\/\/rowerowycieszyn.pl\/?s={search_term_string}"},"query-input":{"@type":"PropertyValueSpecification","valueRequired":true,"valueName":"search_term_string"}}],"inLanguage":"pl-PL"},{"@type":"Organization","@id":"https:\/\/rowerowycieszyn.pl\/#organization","name":"Rowerowy Cieszyn","url":"https:\/\/rowerowycieszyn.pl\/","logo":{"@type":"ImageObject","inLanguage":"pl-PL","@id":"https:\/\/rowerowycieszyn.pl\/#\/schema\/logo\/image\/","url":"https:\/\/rowerowycieszyn.pl\/wp-content\/uploads\/2020\/07\/cropped-rower1_cr_tn-1.jpg","contentUrl":"https:\/\/rowerowycieszyn.pl\/wp-content\/uploads\/2020\/07\/cropped-rower1_cr_tn-1.jpg","width":250,"height":100,"caption":"Rowerowy Cieszyn"},"image":{"@id":"https:\/\/rowerowycieszyn.pl\/#\/schema\/logo\/image\/"},"sameAs":["https:\/\/www.facebook.com\/RowerowyCieszyn"]},{"@type":"Person","@id":"https:\/\/rowerowycieszyn.pl\/#\/schema\/person\/b698cee63b7405acd7e70007d7cc8b2a","name":"Rowerowy Cieszyn","image":{"@type":"ImageObject","inLanguage":"pl-PL","@id":"https:\/\/secure.gravatar.com\/avatar\/1aef2c80bb06ccee0d820e4116589968d6d5c57310499f9271d42a4f7c5ffb3a?s=96&d=mm&r=g","url":"https:\/\/secure.gravatar.com\/avatar\/1aef2c80bb06ccee0d820e4116589968d6d5c57310499f9271d42a4f7c5ffb3a?s=96&d=mm&r=g","contentUrl":"https:\/\/secure.gravatar.com\/avatar\/1aef2c80bb06ccee0d820e4116589968d6d5c57310499f9271d42a4f7c5ffb3a?s=96&d=mm&r=g","caption":"Rowerowy Cieszyn"},"sameAs":["http:\/\/rowerowycieszyn.pl"],"url":"https:\/\/rowerowycieszyn.pl\/index.php\/author\/pstoklosa\/"}]}},"_links":{"self":[{"href":"https:\/\/rowerowycieszyn.pl\/index.php\/wp-json\/wp\/v2\/posts\/1175","targetHints":{"allow":["GET"]}}],"collection":[{"href":"https:\/\/rowerowycieszyn.pl\/index.php\/wp-json\/wp\/v2\/posts"}],"about":[{"href":"https:\/\/rowerowycieszyn.pl\/index.php\/wp-json\/wp\/v2\/types\/post"}],"author":[{"embeddable":true,"href":"https:\/\/rowerowycieszyn.pl\/index.php\/wp-json\/wp\/v2\/users\/1"}],"replies":[{"embeddable":true,"href":"https:\/\/rowerowycieszyn.pl\/index.php\/wp-json\/wp\/v2\/comments?post=1175"}],"version-history":[{"count":5,"href":"https:\/\/rowerowycieszyn.pl\/index.php\/wp-json\/wp\/v2\/posts\/1175\/revisions"}],"predecessor-version":[{"id":1182,"href":"https:\/\/rowerowycieszyn.pl\/index.php\/wp-json\/wp\/v2\/posts\/1175\/revisions\/1182"}],"wp:featuredmedia":[{"embeddable":true,"href":"https:\/\/rowerowycieszyn.pl\/index.php\/wp-json\/wp\/v2\/media\/1176"}],"wp:attachment":[{"href":"https:\/\/rowerowycieszyn.pl\/index.php\/wp-json\/wp\/v2\/media?parent=1175"}],"wp:term":[{"taxonomy":"category","embeddable":true,"href":"https:\/\/rowerowycieszyn.pl\/index.php\/wp-json\/wp\/v2\/categories?post=1175"},{"taxonomy":"post_tag","embeddable":true,"href":"https:\/\/rowerowycieszyn.pl\/index.php\/wp-json\/wp\/v2\/tags?post=1175"}],"curies":[{"name":"wp","href":"https:\/\/api.w.org\/{rel}","templated":true}]}}