{"id":1250,"date":"2022-01-10T17:27:34","date_gmt":"2022-01-10T16:27:34","guid":{"rendered":"http:\/\/rowerowycieszyn.pl\/?p=1250"},"modified":"2022-01-10T22:08:10","modified_gmt":"2022-01-10T21:08:10","slug":"kostka-bauma-rzadzi-czyli-jak-pojedziemy-po-remoncie-ulicy-bielskiej","status":"publish","type":"post","link":"https:\/\/rowerowycieszyn.pl\/index.php\/2022\/01\/10\/kostka-bauma-rzadzi-czyli-jak-pojedziemy-po-remoncie-ulicy-bielskiej\/","title":{"rendered":"Kostka Bauma rz\u0105dzi, czyli jak pojedziemy po remoncie ulicy Bielskiej"},"content":{"rendered":"\r\n\r\n\r\n<p>Je\u017celi chodzi o rozw\u00f3j infrastruktury rowerowej Cieszyn jest jakie\u015b 10-15 lat do ty\u0142u w stosunku do wiod\u0105cych miast powiatowych wojew\u00f3dztwa \u015bl\u0105skiego. Czeka nas mozolne nadrabianie zaleg\u0142o\u015bci, cho\u0107 trudno liczy\u0107 na dogonienie czo\u0142\u00f3wki w ci\u0105gu najbli\u017cszej dekady. Pewne inwestycje trzeba po prostu zaplanowa\u0107, zaprojektowa\u0107 i wykona\u0107 a na to s\u0105 potrzebne \u015brodki i czas. Czy jednak musimy przechodzi\u0107 tak\u0105 sam\u0105 trudn\u0105 drog\u0119 zmiany mentalno\u015bci urz\u0119dnik\u00f3w, kt\u00f3r\u0105 wspomniane miasta maj\u0105 ju\u017c za sob\u0105? Czy naprawd\u0119 nie potrafimy uczy\u0107 si\u0119 na cudzych b\u0142\u0119dach i sami musimy zaliczy\u0107 bolesn\u0105 lekcj\u0119?<!--more--><\/p>\r\n<p>Przejd\u017amy jednak do meritum. Trwaj\u0105\u00a0 uzgodnienia projektowe dotycz\u0105ce <a href=\"https:\/\/bip.powiat.cieszyn.pl\/artykul\/146\/16590\/zawiadomienie-o-konsultacjach-spolecznych-dla-projektu-pod-nazwa-rozbudowa-drogi-powiatowej-2619s-ul-bielskiej-w-cieszynie-na-odcinku-ok-1km-wraz-z-glownymi-skrzyzowaniami-z-ul-stawowa-i-ul-wislanska\">remontu ulicy Bielskiej<\/a> na odcinku od ul. Stawowej, przez rondo przy ul. Wi\u015bla\u0144skiej i dalej w kierunku Krasnej. Cieszy\u0144skie Starostwo Powiatowe przewidzia\u0142o w projekcie wykonanie na tym fragmencie ci\u0105gu pieszo rowerowego (CPR).<\/p>\r\n\r\n\r\n\r\n\r\n\r\n<p>Id\u0105c z duchem czasu og\u0142oszono konsultacje spo\u0142eczne dotycz\u0105ce tego projektu. Jednym z g\u0142\u00f3wnych zastrze\u017ce\u0144 zg\u0142aszanych przez opiniuj\u0105cych by\u0142a kwestia nawierzchni CPRu. W tym konkretnym przypadku przewidziano niefazowan\u0105 kostk\u0119 brukow\u0105.<\/p>\r\n<p>Jak ju\u017c wielokrotnie pisali\u015bmy, kostka brukowa jest rozwi\u0105zaniem przestarza\u0142ym, niepraktycznym i niebezpiecznym dla rowerzyst\u00f3w. Niestety w\u00a0 wed\u0142ug autor\u00f3w projektu \u201enie da si\u0119\u201d zastosowa\u0107 nawierzchni bitumicznej. Dlaczego? Wyja\u015bnienie znajdujemy w odpowiedziach na wnioski uczestnik\u00f3w konsultacji, kt\u00f3re w\u0142adze powiatowe zacz\u0119\u0142y rozsy\u0142a\u0107 pod koniec minionego roku.<\/p>\r\n\r\n\r\n\r\n<p>Jedn\u0105 z takich odpowiedzi przytaczamy poni\u017cej. Stwierdza si\u0119 w niej, \u017ce <strong><em>zgodnie z uzgodnieniami z zarz\u0105dcami sieci zastosowanie nawierzchni asfaltowej jest niezasadne, gdy\u017c wymagaj\u0105 oni zastosowania nawierzchni rozbieralnych dla ewentualnych \u0142atwych napraw i realizacji prac eksploatacyjnych<\/em><\/strong>.<\/p>\r\n<hr \/>\r\n<figure id=\"attachment_1255\" aria-describedby=\"caption-attachment-1255\" style=\"width: 1652px\" class=\"wp-caption alignnone\"><a href=\"http:\/\/rowerowycieszyn.pl\/wp-content\/uploads\/2022\/01\/Odpowiedz-starostwa-na-wnioski-spoleczne-podkreslenia.jpg\"><img loading=\"lazy\" decoding=\"async\" class=\"wp-image-1255 size-full\" src=\"http:\/\/rowerowycieszyn.pl\/wp-content\/uploads\/2022\/01\/Odpowiedz-starostwa-na-wnioski-spoleczne-podkreslenia.jpg\" alt=\"Odpowied\u017a Starostwa Powiatowego w Cieszynie na wniosek mieszka\u0144ca o zastosowanie nawierzchni bitumicznej zamiast kostki na planowanym ci\u0105gu pieszo-rowerowym.\" width=\"1652\" height=\"1510\" srcset=\"https:\/\/rowerowycieszyn.pl\/wp-content\/uploads\/2022\/01\/Odpowiedz-starostwa-na-wnioski-spoleczne-podkreslenia.jpg 1652w, https:\/\/rowerowycieszyn.pl\/wp-content\/uploads\/2022\/01\/Odpowiedz-starostwa-na-wnioski-spoleczne-podkreslenia-300x274.jpg 300w, https:\/\/rowerowycieszyn.pl\/wp-content\/uploads\/2022\/01\/Odpowiedz-starostwa-na-wnioski-spoleczne-podkreslenia-1024x936.jpg 1024w, https:\/\/rowerowycieszyn.pl\/wp-content\/uploads\/2022\/01\/Odpowiedz-starostwa-na-wnioski-spoleczne-podkreslenia-768x702.jpg 768w, https:\/\/rowerowycieszyn.pl\/wp-content\/uploads\/2022\/01\/Odpowiedz-starostwa-na-wnioski-spoleczne-podkreslenia-1536x1404.jpg 1536w\" sizes=\"auto, (max-width: 1652px) 100vw, 1652px\" \/><\/a><figcaption id=\"caption-attachment-1255\" class=\"wp-caption-text\">Odpowied\u017a Starostwa Powiatowego w Cieszynie na wniosek mieszka\u0144ca o zastosowanie nawierzchni bitumicznej zamiast kostki na planowanym ci\u0105gu pieszo-rowerowym.<\/figcaption><\/figure>\r\n<hr \/>\r\n\r\n\r\n<p>A wi\u0119c po pierwsze: z g\u00f3ry zak\u0142adamy, \u017ce w nied\u0142ugim czasie na remontowanym odcinku p\u0119knie rura z wod\u0105, rozszczelni si\u0119 gazoci\u0105g lub kto\u015b przypomni sobie, \u017ce brakuje przy\u0142\u0105cza kanalizacyjnego albo trzeba po\u0142o\u017cy\u0107 nowy kabel. Ale dzi\u0119ki zastosowaniu kostki Bauma ekipa remontowa nie b\u0119dzie musia\u0142 zabiera\u0107 ze sob\u0105 pi\u0142y do asfaltu, bo do podwa\u017cenia pierwszej kostki wystarczy ma\u0142y \u0142om ze skrzynki narz\u0119dziowej. No i nie trzeba zak\u0142ada\u0107 asfaltowej \u0142aty, kt\u00f3ra te\u017c pewnie kosztuje kilkaset z\u0142otych wi\u0119cej. Z takiego jak\u017ce wa\u017cnego powodu rowerzy\u015bci przez kolejne lata b\u0119d\u0105 porusza\u0107 si\u0119 mniej r\u00f3wn\u0105 i mniej przyczepn\u0105 a wi\u0119c mniej bezpieczn\u0105 nawierzchni\u0105.<\/p>\r\n\r\n\r\n\r\n<p>Po drugie, we wszystkich du\u017cych miastach, w kt\u00f3rych dynamicznie rozwija si\u0119 sie\u0107 rowerowa i w kt\u00f3rych infrastruktura jest o wiele bardziej z\u0142o\u017cona ni\u017c na przedmie\u015bciach Cieszyna, samorz\u0105dowcy ju\u017c dawno zaakceptowali fakt, \u017ce nawierzchnie dr\u00f3g rowerowych powinny by\u0107 bitumiczne. Tak buduje si\u0119 w Warszawie, Gda\u0144sku, Radomiu, Poznaniu, Lublinie, Katowicach. Kostka jest technologi\u0105 stosowan\u0105 w wyj\u0105tkowych przypadkach \u2013 na przyk\u0142ad w zabytkowych star\u00f3wkach.<\/p>\r\n\r\n\r\n\r\n<p>Po trzecie, na jednym ze spotka\u0144 z w\u0142adzami miasta Cieszyna uzgodnili\u015bmy, \u017ce nowe drogi dla rower\u00f3w i ci\u0105gi pieszo rowerowe b\u0119d\u0105 otrzymywa\u0142y nawierzchni\u0119 bitumiczn\u0105. Takie za\u0142o\u017cenia przyj\u0119to mi\u0119dzy innymi w projekcie \u015bcie\u017cek rowerowych, kt\u00f3re powstan\u0105 podczas remontu ul. Kossak-Szatkowskiej. Okazuje si\u0119 wi\u0119c, \u017ce ci sami zarz\u0105dcy na ul. Bielskiej \u201ewymagaj\u0105 nawierzchni rozbieralnych\u201d podczas gdy kilkaset metr\u00f3w dalej ju\u017c nie.<\/p>\r\n<p>W tym miejscu warto przytoczy\u0107 o\u015bwiadczenie Marcina Krupy, prezydenta Katowic w latach 2014-2017, a obecnie przewodnicz\u0105cego Zgromadzenia G\u00f3rno\u015bl\u0105sko-Zag\u0142\u0119biowskiej Metropolii:<\/p>\r\n\r\n\r\n\r\n<p style=\"padding-left: 40px;\"><em>Aby rowerzy\u015bci ch\u0119tnie korzystali z infrastruktury dedykowanej w\u0142a\u015bnie im, musi ona by\u0107 wygodna. Dlatego zdecydowa\u0142em, \u017ce rezygnujemy ca\u0142kowicie z kostki brukowej na katowickich \u015bcie\u017ckach rowerowych. Jej obecno\u015b\u0107 wynika z konieczno\u015bci zapewnienia dost\u0119pu do podziemnych sieci wodnych, cieplnych, czy te\u017c gazowych. Podj\u0105\u0142em decyzj\u0119, \u017ce na w\u0142asny koszt, \u015brodkami miasta w razie awarii b\u0119dziemy odtwarza\u0107 nawierzchni\u0119 (\u2026) b\u0119dziemy wnioskowa\u0107, by w przypadku ju\u017c zatwierdzonych projekt\u00f3w tak\u017ce rezygnowa\u0107 z kostki. Ponadto wszystkie nowe inwestycje, dla kt\u00f3rych obecnie opracowujemy wytyczne, a tak\u017ce remontowane odcinki dr\u00f3g rowerowych b\u0119d\u0105 w ca\u0142o\u015bci wykonywane z nawierzchni asfaltowej.\u201d <\/em><\/p>\r\n\r\n\r\n\r\n<p>Nic, tylko bra\u0107 przyk\u0142ad.<\/p>\r\n\r\n\r\n\r\n<p>Kolejny mankament to obni\u017cenia zastosowane przy wjazdach do posesji. Na dwustumetrowym odcinku mi\u0119dzy hutrowni\u0105 elektryczn\u0105 a przystankiem autobusowym w Krasnej jest takich przejazd\u00f3w a\u017c 7. Przewidywane obni\u017cenie ma wynosi\u0107 10cm na ka\u017cdym przeje\u017adzie, co w efekcie prowadzi do tzw. fali, bardzo uci\u0105\u017cliwej dla rowerzyst\u00f3w.<\/p>\r\n\r\n\r\n\r\n\r\n\r\n<p>Opisane problemy nie s\u0105 jedynymi grzechami tego projektu. Kolejn\u0105 kwesti\u0105 jest tradycyjny w &#8222;polskiej szkole inwestycyjnej&#8221; brak my\u015blenia strategicznego i chocia\u017cby koncepcyjnego nawi\u0105zania do istniej\u0105cej i planowanej sieci komunikacyjnej. W szczeg\u00f3lno\u015bci tw\u00f3rcy projektu prawdopodobnie nie zauwa\u017cyli, \u017ce dwie\u015bcie metr\u00f3w dalej, na wysoko\u015bci wylotu ulicy Ustro\u0144skiej,\u00a0 b\u0119dzie przebiega\u0142a wojew\u00f3dzka trasa rowerowa numer 604.<\/p>\r\n\r\n\r\n\r\n<p>Zgodnie z proponowanym projektem, ci\u0105g pieszo rowerowy na ul. Bielskiej zako\u0144czy si\u0119 kilkadziesi\u0105t metr\u00f3w za rondem (Stawowa-Bielska-Sadowa), po czym rowerzysta b\u0119dzie musia\u0142 w\u0142\u0105czy\u0107 do ruchu og\u00f3lnego by po wspomnianych dwustu metrach m\u00f3c ponownie wjecha\u0107 na \u015bcie\u017ck\u0119 rowerow\u0105.<\/p>\r\n\r\n\r\n\r\n<p>To kolejny przyk\u0142ad wskazuj\u0105cy na brak szerokiej strategii rozwoju infrastruktury rowerowej w naszym mie\u015bcie i powiecie, oraz brak koordynacji mi\u0119dzy r\u00f3\u017cnymi organami samorz\u0105dowymi. W rezultacie poszczeg\u00f3lne projekty traktowane s\u0105 jak hermetyczne zadania i realizowane od punktu \u201eA\u201d do punktu \u201eZ\u201d, jednak bez szerokiego spojrzenia i nawi\u0105zania do istniej\u0105cych oraz planowanych rozwi\u0105za\u0144.<\/p>\r\n\r\n\r\n\r\n<p>Jako uzasadnienie dla powy\u017cszych propozycji w\u0142adze powiatu wskazuj\u0105 \u201eokazjonalny ruch pieszy i rowerowy\u201d na tej trasie. Nie trzeba by\u0107 ekspertem by stwierdzi\u0107, dlaczego tak jest \u2013 ze wzgl\u0119du na bardzo intensywny ruch samochodowy i brak pobocza tylko desperaci oraz do\u015bwiadczeni rowerzy\u015bci maj\u0105 odwag\u0119 porusza\u0107 si\u0119 tym odcinkiem ulicy Bielskiej.<\/p>\r\n<p>Wielokrotnie udowodniono, \u017ce tam, gdzie buduje si\u0119 przyjazn\u0105 infrastruktur\u0119, szybko pojawiaj\u0105 si\u0119 r\u00f3wnie\u017c rowerzy\u015bci. Dlatego warto my\u015ble\u0107 o nich jak o pe\u0142noprawnych u\u017cytkownikach dr\u00f3g. Je\u017celi nie b\u0119dziemy projektowa\u0107 dr\u00f3g dla rower\u00f3w nie tylko z my\u015bl\u0105 o bie\u017c\u0105cych ale r\u00f3wnie\u017c przysz\u0142ych potrzebach, Cieszyn nigdy nie stanie si\u0119 miastem przyjaznym dla posiadaczy dw\u00f3ch k\u00f3\u0142ek.<\/p>\r\n<p>Na zako\u0144czenie jeszcze raz postawmy pytanie \u2013 czy opr\u00f3cz d\u0142ugiej drogi, jak\u0105 czeka rozw\u00f3j infrastruktury rowerowej w Cieszynie, musimy przemierzy\u0107 r\u00f3wnie d\u0142ug\u0105 i niepotrzebn\u0105 drog\u0119\u00a0 w odkrywaniu standard\u00f3w projektowania dr\u00f3g dla rower\u00f3w?<\/p>\r\n\r\n\r\n\r\n<p class=\"has-text-align-right\" style=\"text-align: right;\">Piotr Stok\u0142osa<\/p>\r\n","protected":false},"excerpt":{"rendered":"<p>Je\u017celi chodzi o rozw\u00f3j infrastruktury rowerowej Cieszyn jest jakie\u015b 10-15 lat do ty\u0142u w stosunku do wiod\u0105cych miast powiatowych wojew\u00f3dztwa \u015bl\u0105skiego. Czeka nas mozolne nadrabianie zaleg\u0142o\u015bci, cho\u0107 trudno liczy\u0107 na&hellip; <\/p>\n","protected":false},"author":1,"featured_media":1253,"comment_status":"open","ping_status":"open","sticky":false,"template":"","format":"standard","meta":{"footnotes":""},"categories":[9,5,1],"tags":[],"class_list":["post-1250","post","type-post","status-publish","format-standard","has-post-thumbnail","hentry","category-aktualnosci","category-artykuly","category-bez-kategorii"],"yoast_head":"<!-- This site is optimized with the Yoast SEO plugin v27.3 - https:\/\/yoast.com\/product\/yoast-seo-wordpress\/ -->\n<title>Kostka Bauma rz\u0105dzi, czyli jak pojedziemy po remoncie ulicy Bielskiej - Rowerowy Cieszyn<\/title>\n<meta name=\"description\" content=\"Dlaczego nowy ci\u0105g pieszo rowerowy na ul. Bielskiej w Cieszynie ma zosta\u0107 wykonany z kostki brukowej, niezgodnie z obowi\u0105zuj\u0105cymi standardami.\" \/>\n<meta name=\"robots\" content=\"index, follow, max-snippet:-1, max-image-preview:large, max-video-preview:-1\" \/>\n<link rel=\"canonical\" href=\"https:\/\/rowerowycieszyn.pl\/index.php\/2022\/01\/10\/kostka-bauma-rzadzi-czyli-jak-pojedziemy-po-remoncie-ulicy-bielskiej\/\" \/>\n<meta property=\"og:locale\" content=\"pl_PL\" \/>\n<meta property=\"og:type\" content=\"article\" \/>\n<meta property=\"og:title\" content=\"Kostka Bauma rz\u0105dzi, czyli jak pojedziemy po remoncie ulicy Bielskiej - Rowerowy Cieszyn\" \/>\n<meta property=\"og:description\" content=\"Dlaczego nowy ci\u0105g pieszo rowerowy na ul. Bielskiej w Cieszynie ma zosta\u0107 wykonany z kostki brukowej, niezgodnie z obowi\u0105zuj\u0105cymi standardami.\" \/>\n<meta property=\"og:url\" content=\"https:\/\/rowerowycieszyn.pl\/index.php\/2022\/01\/10\/kostka-bauma-rzadzi-czyli-jak-pojedziemy-po-remoncie-ulicy-bielskiej\/\" \/>\n<meta property=\"og:site_name\" content=\"Rowerowy Cieszyn\" \/>\n<meta property=\"article:publisher\" content=\"https:\/\/www.facebook.com\/RowerowyCieszyn\" \/>\n<meta property=\"article:published_time\" content=\"2022-01-10T16:27:34+00:00\" \/>\n<meta property=\"article:modified_time\" content=\"2022-01-10T21:08:10+00:00\" \/>\n<meta property=\"og:image\" content=\"http:\/\/rowerowycieszyn.pl\/wp-content\/uploads\/2022\/01\/IMG_20220110_120411_cr_tn.jpg\" \/>\n\t<meta property=\"og:image:width\" content=\"1919\" \/>\n\t<meta property=\"og:image:height\" content=\"1080\" \/>\n\t<meta property=\"og:image:type\" content=\"image\/jpeg\" \/>\n<meta name=\"author\" content=\"Rowerowy Cieszyn\" \/>\n<meta name=\"twitter:card\" content=\"summary_large_image\" \/>\n<meta name=\"twitter:label1\" content=\"Napisane przez\" \/>\n\t<meta name=\"twitter:data1\" content=\"Rowerowy Cieszyn\" \/>\n\t<meta name=\"twitter:label2\" content=\"Szacowany czas czytania\" \/>\n\t<meta name=\"twitter:data2\" content=\"6 minut\" \/>\n<script type=\"application\/ld+json\" class=\"yoast-schema-graph\">{\"@context\":\"https:\\\/\\\/schema.org\",\"@graph\":[{\"@type\":\"Article\",\"@id\":\"https:\\\/\\\/rowerowycieszyn.pl\\\/index.php\\\/2022\\\/01\\\/10\\\/kostka-bauma-rzadzi-czyli-jak-pojedziemy-po-remoncie-ulicy-bielskiej\\\/#article\",\"isPartOf\":{\"@id\":\"https:\\\/\\\/rowerowycieszyn.pl\\\/index.php\\\/2022\\\/01\\\/10\\\/kostka-bauma-rzadzi-czyli-jak-pojedziemy-po-remoncie-ulicy-bielskiej\\\/\"},\"author\":{\"name\":\"Rowerowy Cieszyn\",\"@id\":\"https:\\\/\\\/rowerowycieszyn.pl\\\/#\\\/schema\\\/person\\\/b698cee63b7405acd7e70007d7cc8b2a\"},\"headline\":\"Kostka Bauma rz\u0105dzi, czyli jak pojedziemy po remoncie ulicy Bielskiej\",\"datePublished\":\"2022-01-10T16:27:34+00:00\",\"dateModified\":\"2022-01-10T21:08:10+00:00\",\"mainEntityOfPage\":{\"@id\":\"https:\\\/\\\/rowerowycieszyn.pl\\\/index.php\\\/2022\\\/01\\\/10\\\/kostka-bauma-rzadzi-czyli-jak-pojedziemy-po-remoncie-ulicy-bielskiej\\\/\"},\"wordCount\":1113,\"commentCount\":2,\"publisher\":{\"@id\":\"https:\\\/\\\/rowerowycieszyn.pl\\\/#organization\"},\"image\":{\"@id\":\"https:\\\/\\\/rowerowycieszyn.pl\\\/index.php\\\/2022\\\/01\\\/10\\\/kostka-bauma-rzadzi-czyli-jak-pojedziemy-po-remoncie-ulicy-bielskiej\\\/#primaryimage\"},\"thumbnailUrl\":\"https:\\\/\\\/rowerowycieszyn.pl\\\/wp-content\\\/uploads\\\/2022\\\/01\\\/IMG_20220110_120411_cr_tn.jpg\",\"articleSection\":[\"Aktualno\u015bci\",\"Artyku\u0142y\"],\"inLanguage\":\"pl-PL\",\"potentialAction\":[{\"@type\":\"CommentAction\",\"name\":\"Comment\",\"target\":[\"https:\\\/\\\/rowerowycieszyn.pl\\\/index.php\\\/2022\\\/01\\\/10\\\/kostka-bauma-rzadzi-czyli-jak-pojedziemy-po-remoncie-ulicy-bielskiej\\\/#respond\"]}]},{\"@type\":\"WebPage\",\"@id\":\"https:\\\/\\\/rowerowycieszyn.pl\\\/index.php\\\/2022\\\/01\\\/10\\\/kostka-bauma-rzadzi-czyli-jak-pojedziemy-po-remoncie-ulicy-bielskiej\\\/\",\"url\":\"https:\\\/\\\/rowerowycieszyn.pl\\\/index.php\\\/2022\\\/01\\\/10\\\/kostka-bauma-rzadzi-czyli-jak-pojedziemy-po-remoncie-ulicy-bielskiej\\\/\",\"name\":\"Kostka Bauma rz\u0105dzi, czyli jak pojedziemy po remoncie ulicy Bielskiej - Rowerowy Cieszyn\",\"isPartOf\":{\"@id\":\"https:\\\/\\\/rowerowycieszyn.pl\\\/#website\"},\"primaryImageOfPage\":{\"@id\":\"https:\\\/\\\/rowerowycieszyn.pl\\\/index.php\\\/2022\\\/01\\\/10\\\/kostka-bauma-rzadzi-czyli-jak-pojedziemy-po-remoncie-ulicy-bielskiej\\\/#primaryimage\"},\"image\":{\"@id\":\"https:\\\/\\\/rowerowycieszyn.pl\\\/index.php\\\/2022\\\/01\\\/10\\\/kostka-bauma-rzadzi-czyli-jak-pojedziemy-po-remoncie-ulicy-bielskiej\\\/#primaryimage\"},\"thumbnailUrl\":\"https:\\\/\\\/rowerowycieszyn.pl\\\/wp-content\\\/uploads\\\/2022\\\/01\\\/IMG_20220110_120411_cr_tn.jpg\",\"datePublished\":\"2022-01-10T16:27:34+00:00\",\"dateModified\":\"2022-01-10T21:08:10+00:00\",\"description\":\"Dlaczego nowy ci\u0105g pieszo rowerowy na ul. Bielskiej w Cieszynie ma zosta\u0107 wykonany z kostki brukowej, niezgodnie z obowi\u0105zuj\u0105cymi standardami.\",\"breadcrumb\":{\"@id\":\"https:\\\/\\\/rowerowycieszyn.pl\\\/index.php\\\/2022\\\/01\\\/10\\\/kostka-bauma-rzadzi-czyli-jak-pojedziemy-po-remoncie-ulicy-bielskiej\\\/#breadcrumb\"},\"inLanguage\":\"pl-PL\",\"potentialAction\":[{\"@type\":\"ReadAction\",\"target\":[\"https:\\\/\\\/rowerowycieszyn.pl\\\/index.php\\\/2022\\\/01\\\/10\\\/kostka-bauma-rzadzi-czyli-jak-pojedziemy-po-remoncie-ulicy-bielskiej\\\/\"]}]},{\"@type\":\"ImageObject\",\"inLanguage\":\"pl-PL\",\"@id\":\"https:\\\/\\\/rowerowycieszyn.pl\\\/index.php\\\/2022\\\/01\\\/10\\\/kostka-bauma-rzadzi-czyli-jak-pojedziemy-po-remoncie-ulicy-bielskiej\\\/#primaryimage\",\"url\":\"https:\\\/\\\/rowerowycieszyn.pl\\\/wp-content\\\/uploads\\\/2022\\\/01\\\/IMG_20220110_120411_cr_tn.jpg\",\"contentUrl\":\"https:\\\/\\\/rowerowycieszyn.pl\\\/wp-content\\\/uploads\\\/2022\\\/01\\\/IMG_20220110_120411_cr_tn.jpg\",\"width\":1919,\"height\":1080,\"caption\":\"Prowizoryczne rondo na skrzy\u017cowaniu ul. Bielskiej i ul. Wi\u015bla\u0144skiej w Cieszynie.\"},{\"@type\":\"BreadcrumbList\",\"@id\":\"https:\\\/\\\/rowerowycieszyn.pl\\\/index.php\\\/2022\\\/01\\\/10\\\/kostka-bauma-rzadzi-czyli-jak-pojedziemy-po-remoncie-ulicy-bielskiej\\\/#breadcrumb\",\"itemListElement\":[{\"@type\":\"ListItem\",\"position\":1,\"name\":\"Home\",\"item\":\"https:\\\/\\\/rowerowycieszyn.pl\\\/\"},{\"@type\":\"ListItem\",\"position\":2,\"name\":\"Kostka Bauma rz\u0105dzi, czyli jak pojedziemy po remoncie ulicy Bielskiej\"}]},{\"@type\":\"WebSite\",\"@id\":\"https:\\\/\\\/rowerowycieszyn.pl\\\/#website\",\"url\":\"https:\\\/\\\/rowerowycieszyn.pl\\\/\",\"name\":\"Rowerowy Cieszyn\",\"description\":\"Strona promuj\u0105ca komunikacj\u0119 oraz turystyk\u0119 rowerow\u0105 na terenie Cieszyna i okolic.\",\"publisher\":{\"@id\":\"https:\\\/\\\/rowerowycieszyn.pl\\\/#organization\"},\"potentialAction\":[{\"@type\":\"SearchAction\",\"target\":{\"@type\":\"EntryPoint\",\"urlTemplate\":\"https:\\\/\\\/rowerowycieszyn.pl\\\/?s={search_term_string}\"},\"query-input\":{\"@type\":\"PropertyValueSpecification\",\"valueRequired\":true,\"valueName\":\"search_term_string\"}}],\"inLanguage\":\"pl-PL\"},{\"@type\":\"Organization\",\"@id\":\"https:\\\/\\\/rowerowycieszyn.pl\\\/#organization\",\"name\":\"Rowerowy Cieszyn\",\"url\":\"https:\\\/\\\/rowerowycieszyn.pl\\\/\",\"logo\":{\"@type\":\"ImageObject\",\"inLanguage\":\"pl-PL\",\"@id\":\"https:\\\/\\\/rowerowycieszyn.pl\\\/#\\\/schema\\\/logo\\\/image\\\/\",\"url\":\"https:\\\/\\\/rowerowycieszyn.pl\\\/wp-content\\\/uploads\\\/2020\\\/07\\\/cropped-rower1_cr_tn-1.jpg\",\"contentUrl\":\"https:\\\/\\\/rowerowycieszyn.pl\\\/wp-content\\\/uploads\\\/2020\\\/07\\\/cropped-rower1_cr_tn-1.jpg\",\"width\":250,\"height\":100,\"caption\":\"Rowerowy Cieszyn\"},\"image\":{\"@id\":\"https:\\\/\\\/rowerowycieszyn.pl\\\/#\\\/schema\\\/logo\\\/image\\\/\"},\"sameAs\":[\"https:\\\/\\\/www.facebook.com\\\/RowerowyCieszyn\"]},{\"@type\":\"Person\",\"@id\":\"https:\\\/\\\/rowerowycieszyn.pl\\\/#\\\/schema\\\/person\\\/b698cee63b7405acd7e70007d7cc8b2a\",\"name\":\"Rowerowy Cieszyn\",\"image\":{\"@type\":\"ImageObject\",\"inLanguage\":\"pl-PL\",\"@id\":\"https:\\\/\\\/secure.gravatar.com\\\/avatar\\\/1aef2c80bb06ccee0d820e4116589968d6d5c57310499f9271d42a4f7c5ffb3a?s=96&d=mm&r=g\",\"url\":\"https:\\\/\\\/secure.gravatar.com\\\/avatar\\\/1aef2c80bb06ccee0d820e4116589968d6d5c57310499f9271d42a4f7c5ffb3a?s=96&d=mm&r=g\",\"contentUrl\":\"https:\\\/\\\/secure.gravatar.com\\\/avatar\\\/1aef2c80bb06ccee0d820e4116589968d6d5c57310499f9271d42a4f7c5ffb3a?s=96&d=mm&r=g\",\"caption\":\"Rowerowy Cieszyn\"},\"sameAs\":[\"http:\\\/\\\/rowerowycieszyn.pl\"],\"url\":\"https:\\\/\\\/rowerowycieszyn.pl\\\/index.php\\\/author\\\/pstoklosa\\\/\"}]}<\/script>\n<!-- \/ Yoast SEO plugin. -->","yoast_head_json":{"title":"Kostka Bauma rz\u0105dzi, czyli jak pojedziemy po remoncie ulicy Bielskiej - Rowerowy Cieszyn","description":"Dlaczego nowy ci\u0105g pieszo rowerowy na ul. Bielskiej w Cieszynie ma zosta\u0107 wykonany z kostki brukowej, niezgodnie z obowi\u0105zuj\u0105cymi standardami.","robots":{"index":"index","follow":"follow","max-snippet":"max-snippet:-1","max-image-preview":"max-image-preview:large","max-video-preview":"max-video-preview:-1"},"canonical":"https:\/\/rowerowycieszyn.pl\/index.php\/2022\/01\/10\/kostka-bauma-rzadzi-czyli-jak-pojedziemy-po-remoncie-ulicy-bielskiej\/","og_locale":"pl_PL","og_type":"article","og_title":"Kostka Bauma rz\u0105dzi, czyli jak pojedziemy po remoncie ulicy Bielskiej - Rowerowy Cieszyn","og_description":"Dlaczego nowy ci\u0105g pieszo rowerowy na ul. Bielskiej w Cieszynie ma zosta\u0107 wykonany z kostki brukowej, niezgodnie z obowi\u0105zuj\u0105cymi standardami.","og_url":"https:\/\/rowerowycieszyn.pl\/index.php\/2022\/01\/10\/kostka-bauma-rzadzi-czyli-jak-pojedziemy-po-remoncie-ulicy-bielskiej\/","og_site_name":"Rowerowy Cieszyn","article_publisher":"https:\/\/www.facebook.com\/RowerowyCieszyn","article_published_time":"2022-01-10T16:27:34+00:00","article_modified_time":"2022-01-10T21:08:10+00:00","og_image":[{"width":1919,"height":1080,"url":"http:\/\/rowerowycieszyn.pl\/wp-content\/uploads\/2022\/01\/IMG_20220110_120411_cr_tn.jpg","type":"image\/jpeg"}],"author":"Rowerowy Cieszyn","twitter_card":"summary_large_image","twitter_misc":{"Napisane przez":"Rowerowy Cieszyn","Szacowany czas czytania":"6 minut"},"schema":{"@context":"https:\/\/schema.org","@graph":[{"@type":"Article","@id":"https:\/\/rowerowycieszyn.pl\/index.php\/2022\/01\/10\/kostka-bauma-rzadzi-czyli-jak-pojedziemy-po-remoncie-ulicy-bielskiej\/#article","isPartOf":{"@id":"https:\/\/rowerowycieszyn.pl\/index.php\/2022\/01\/10\/kostka-bauma-rzadzi-czyli-jak-pojedziemy-po-remoncie-ulicy-bielskiej\/"},"author":{"name":"Rowerowy Cieszyn","@id":"https:\/\/rowerowycieszyn.pl\/#\/schema\/person\/b698cee63b7405acd7e70007d7cc8b2a"},"headline":"Kostka Bauma rz\u0105dzi, czyli jak pojedziemy po remoncie ulicy Bielskiej","datePublished":"2022-01-10T16:27:34+00:00","dateModified":"2022-01-10T21:08:10+00:00","mainEntityOfPage":{"@id":"https:\/\/rowerowycieszyn.pl\/index.php\/2022\/01\/10\/kostka-bauma-rzadzi-czyli-jak-pojedziemy-po-remoncie-ulicy-bielskiej\/"},"wordCount":1113,"commentCount":2,"publisher":{"@id":"https:\/\/rowerowycieszyn.pl\/#organization"},"image":{"@id":"https:\/\/rowerowycieszyn.pl\/index.php\/2022\/01\/10\/kostka-bauma-rzadzi-czyli-jak-pojedziemy-po-remoncie-ulicy-bielskiej\/#primaryimage"},"thumbnailUrl":"https:\/\/rowerowycieszyn.pl\/wp-content\/uploads\/2022\/01\/IMG_20220110_120411_cr_tn.jpg","articleSection":["Aktualno\u015bci","Artyku\u0142y"],"inLanguage":"pl-PL","potentialAction":[{"@type":"CommentAction","name":"Comment","target":["https:\/\/rowerowycieszyn.pl\/index.php\/2022\/01\/10\/kostka-bauma-rzadzi-czyli-jak-pojedziemy-po-remoncie-ulicy-bielskiej\/#respond"]}]},{"@type":"WebPage","@id":"https:\/\/rowerowycieszyn.pl\/index.php\/2022\/01\/10\/kostka-bauma-rzadzi-czyli-jak-pojedziemy-po-remoncie-ulicy-bielskiej\/","url":"https:\/\/rowerowycieszyn.pl\/index.php\/2022\/01\/10\/kostka-bauma-rzadzi-czyli-jak-pojedziemy-po-remoncie-ulicy-bielskiej\/","name":"Kostka Bauma rz\u0105dzi, czyli jak pojedziemy po remoncie ulicy Bielskiej - Rowerowy Cieszyn","isPartOf":{"@id":"https:\/\/rowerowycieszyn.pl\/#website"},"primaryImageOfPage":{"@id":"https:\/\/rowerowycieszyn.pl\/index.php\/2022\/01\/10\/kostka-bauma-rzadzi-czyli-jak-pojedziemy-po-remoncie-ulicy-bielskiej\/#primaryimage"},"image":{"@id":"https:\/\/rowerowycieszyn.pl\/index.php\/2022\/01\/10\/kostka-bauma-rzadzi-czyli-jak-pojedziemy-po-remoncie-ulicy-bielskiej\/#primaryimage"},"thumbnailUrl":"https:\/\/rowerowycieszyn.pl\/wp-content\/uploads\/2022\/01\/IMG_20220110_120411_cr_tn.jpg","datePublished":"2022-01-10T16:27:34+00:00","dateModified":"2022-01-10T21:08:10+00:00","description":"Dlaczego nowy ci\u0105g pieszo rowerowy na ul. Bielskiej w Cieszynie ma zosta\u0107 wykonany z kostki brukowej, niezgodnie z obowi\u0105zuj\u0105cymi standardami.","breadcrumb":{"@id":"https:\/\/rowerowycieszyn.pl\/index.php\/2022\/01\/10\/kostka-bauma-rzadzi-czyli-jak-pojedziemy-po-remoncie-ulicy-bielskiej\/#breadcrumb"},"inLanguage":"pl-PL","potentialAction":[{"@type":"ReadAction","target":["https:\/\/rowerowycieszyn.pl\/index.php\/2022\/01\/10\/kostka-bauma-rzadzi-czyli-jak-pojedziemy-po-remoncie-ulicy-bielskiej\/"]}]},{"@type":"ImageObject","inLanguage":"pl-PL","@id":"https:\/\/rowerowycieszyn.pl\/index.php\/2022\/01\/10\/kostka-bauma-rzadzi-czyli-jak-pojedziemy-po-remoncie-ulicy-bielskiej\/#primaryimage","url":"https:\/\/rowerowycieszyn.pl\/wp-content\/uploads\/2022\/01\/IMG_20220110_120411_cr_tn.jpg","contentUrl":"https:\/\/rowerowycieszyn.pl\/wp-content\/uploads\/2022\/01\/IMG_20220110_120411_cr_tn.jpg","width":1919,"height":1080,"caption":"Prowizoryczne rondo na skrzy\u017cowaniu ul. Bielskiej i ul. Wi\u015bla\u0144skiej w Cieszynie."},{"@type":"BreadcrumbList","@id":"https:\/\/rowerowycieszyn.pl\/index.php\/2022\/01\/10\/kostka-bauma-rzadzi-czyli-jak-pojedziemy-po-remoncie-ulicy-bielskiej\/#breadcrumb","itemListElement":[{"@type":"ListItem","position":1,"name":"Home","item":"https:\/\/rowerowycieszyn.pl\/"},{"@type":"ListItem","position":2,"name":"Kostka Bauma rz\u0105dzi, czyli jak pojedziemy po remoncie ulicy Bielskiej"}]},{"@type":"WebSite","@id":"https:\/\/rowerowycieszyn.pl\/#website","url":"https:\/\/rowerowycieszyn.pl\/","name":"Rowerowy Cieszyn","description":"Strona promuj\u0105ca komunikacj\u0119 oraz turystyk\u0119 rowerow\u0105 na terenie Cieszyna i okolic.","publisher":{"@id":"https:\/\/rowerowycieszyn.pl\/#organization"},"potentialAction":[{"@type":"SearchAction","target":{"@type":"EntryPoint","urlTemplate":"https:\/\/rowerowycieszyn.pl\/?s={search_term_string}"},"query-input":{"@type":"PropertyValueSpecification","valueRequired":true,"valueName":"search_term_string"}}],"inLanguage":"pl-PL"},{"@type":"Organization","@id":"https:\/\/rowerowycieszyn.pl\/#organization","name":"Rowerowy Cieszyn","url":"https:\/\/rowerowycieszyn.pl\/","logo":{"@type":"ImageObject","inLanguage":"pl-PL","@id":"https:\/\/rowerowycieszyn.pl\/#\/schema\/logo\/image\/","url":"https:\/\/rowerowycieszyn.pl\/wp-content\/uploads\/2020\/07\/cropped-rower1_cr_tn-1.jpg","contentUrl":"https:\/\/rowerowycieszyn.pl\/wp-content\/uploads\/2020\/07\/cropped-rower1_cr_tn-1.jpg","width":250,"height":100,"caption":"Rowerowy Cieszyn"},"image":{"@id":"https:\/\/rowerowycieszyn.pl\/#\/schema\/logo\/image\/"},"sameAs":["https:\/\/www.facebook.com\/RowerowyCieszyn"]},{"@type":"Person","@id":"https:\/\/rowerowycieszyn.pl\/#\/schema\/person\/b698cee63b7405acd7e70007d7cc8b2a","name":"Rowerowy Cieszyn","image":{"@type":"ImageObject","inLanguage":"pl-PL","@id":"https:\/\/secure.gravatar.com\/avatar\/1aef2c80bb06ccee0d820e4116589968d6d5c57310499f9271d42a4f7c5ffb3a?s=96&d=mm&r=g","url":"https:\/\/secure.gravatar.com\/avatar\/1aef2c80bb06ccee0d820e4116589968d6d5c57310499f9271d42a4f7c5ffb3a?s=96&d=mm&r=g","contentUrl":"https:\/\/secure.gravatar.com\/avatar\/1aef2c80bb06ccee0d820e4116589968d6d5c57310499f9271d42a4f7c5ffb3a?s=96&d=mm&r=g","caption":"Rowerowy Cieszyn"},"sameAs":["http:\/\/rowerowycieszyn.pl"],"url":"https:\/\/rowerowycieszyn.pl\/index.php\/author\/pstoklosa\/"}]}},"_links":{"self":[{"href":"https:\/\/rowerowycieszyn.pl\/index.php\/wp-json\/wp\/v2\/posts\/1250","targetHints":{"allow":["GET"]}}],"collection":[{"href":"https:\/\/rowerowycieszyn.pl\/index.php\/wp-json\/wp\/v2\/posts"}],"about":[{"href":"https:\/\/rowerowycieszyn.pl\/index.php\/wp-json\/wp\/v2\/types\/post"}],"author":[{"embeddable":true,"href":"https:\/\/rowerowycieszyn.pl\/index.php\/wp-json\/wp\/v2\/users\/1"}],"replies":[{"embeddable":true,"href":"https:\/\/rowerowycieszyn.pl\/index.php\/wp-json\/wp\/v2\/comments?post=1250"}],"version-history":[{"count":28,"href":"https:\/\/rowerowycieszyn.pl\/index.php\/wp-json\/wp\/v2\/posts\/1250\/revisions"}],"predecessor-version":[{"id":1281,"href":"https:\/\/rowerowycieszyn.pl\/index.php\/wp-json\/wp\/v2\/posts\/1250\/revisions\/1281"}],"wp:featuredmedia":[{"embeddable":true,"href":"https:\/\/rowerowycieszyn.pl\/index.php\/wp-json\/wp\/v2\/media\/1253"}],"wp:attachment":[{"href":"https:\/\/rowerowycieszyn.pl\/index.php\/wp-json\/wp\/v2\/media?parent=1250"}],"wp:term":[{"taxonomy":"category","embeddable":true,"href":"https:\/\/rowerowycieszyn.pl\/index.php\/wp-json\/wp\/v2\/categories?post=1250"},{"taxonomy":"post_tag","embeddable":true,"href":"https:\/\/rowerowycieszyn.pl\/index.php\/wp-json\/wp\/v2\/tags?post=1250"}],"curies":[{"name":"wp","href":"https:\/\/api.w.org\/{rel}","templated":true}]}}