{"id":1401,"date":"2022-04-16T18:07:48","date_gmt":"2022-04-16T16:07:48","guid":{"rendered":"http:\/\/rowerowycieszyn.pl\/?p=1401"},"modified":"2022-04-16T20:25:09","modified_gmt":"2022-04-16T18:25:09","slug":"pierwsze-przymiarki-do-trasy-607-cieszyn-zebrzydowice-jastrzebie-zdroj-zory","status":"publish","type":"post","link":"https:\/\/rowerowycieszyn.pl\/index.php\/2022\/04\/16\/pierwsze-przymiarki-do-trasy-607-cieszyn-zebrzydowice-jastrzebie-zdroj-zory\/","title":{"rendered":"Z Cieszyna do Zebrzydowic. Pierwsze przymiarki do wojew\u00f3dzkiej trasy rowerowej nr 607"},"content":{"rendered":"\r\n<p>W miniony czwartek 16.04.2022 w Urz\u0119dzie Miasta w Jastrz\u0119biu Zdroju odby\u0142o si\u0119 spotkanie przedstawicieli lokalnych samorz\u0105d\u00f3w, organizacji turystycznych i regionalnych. Jednym z g\u0142\u00f3wnych temat\u00f3w by\u0142o rozpocz\u0119cie dyskusji nad planowanym przebiegiem trasy 607, kt\u00f3ra docelowo ma po\u0142\u0105czy\u0107 Cieszyn, Zebrzydowice, Jastrz\u0119bie Zdr\u00f3j i \u017bory.<\/p>\r\n\r\n\r\n\r\n<p>To, \u017ce trasa ma powsta\u0107, by\u0142o wiadomo ju\u017c kilka lat temu. <a href=\"https:\/\/wiadomosci.ox.pl\/rowerem-z-cieszyna-przez-pogwizdow-do-jastrzebia-zdroju,61371\">Informowa\u0142 o tym mi\u0119dzy innymi portal OX<\/a>. Teraz rozpocz\u0119\u0142y si\u0119 prace nad wytyczeniem jej przebiegu. Przedstawiciele poszczeg\u00f3lnych gmin na czwartkowym spotkaniu przekazali swoje propozycje. Jest to jeszcze bardzo wczesny etap dyskusji i na stole le\u017cy wiele wariant\u00f3w, ale jedno wydaje si\u0119 p\u00f3ki co dosy\u0107 oczywiste \u2013 w przebieg trasy zostanie w\u0142\u0105czony odcinek <a href=\"https:\/\/roweremposlasku.pl\/zelazny-szlak-rowerowy\/\">\u017belaznego Szlaku Rowerowego<\/a> mi\u0119dzy Zebrzydowicami a Jastrz\u0119biem Zdrojem.<\/p>\r\n\r\n\r\n\r\n<p>W pierwszej cz\u0119\u015bci spotkania swoje propozycji om\u00f3wili szczeg\u00f3\u0142owo przedstawiciele Jastrz\u0119bia Zdroju i \u017bor. Jednak dla cieszy\u0144skich rowerzyst\u00f3w szczeg\u00f3lnie istotne jest po\u0142\u0105czenie z Zebrzydowicami. I na tym obszarze skupimy uwag\u0119 w dalszej cz\u0119\u015bci tekstu.<\/p>\r\n<h2>Odcinek Cieszyn &#8211; Pogwizd\u00f3w<\/h2>\r\n\r\n\r\n\r\n<p>Propozycje gminy Cieszyn przedstawia\u0142 pan wiceburmistrz Krzysztof Kasztura. Trasa sw\u00f3j pocz\u0105tek b\u0119dzie mia\u0142a prawdopodobnie przy Transgranicznym Centrum Informacji Turystycznej tu\u017c obok mostu Przyja\u017ani.<\/p>\r\n\r\n\r\n\r\n<p>Pierwszy wariant (oznaczenie <strong>C<\/strong>, kolor czerwony na mapce zamieszczonej na ko\u0144cu artyku\u0142u), preferowany przez Rowerowy Cieszyn, zak\u0142ada wytyczenie drogi dla rower\u00f3w wzd\u0142u\u017c brzegu Olzy a\u017c do przejazdu kolejowego za Ekoplastem a nast\u0119pnie wzd\u0142u\u017c ul. Frysztackiej w kierunku cieszy\u0144skich Marklowic. W tym scenariuszu zak\u0142ada si\u0119 wybudowanie brakuj\u0105cego fragmentu \u015bcie\u017cki rowerowej wzd\u0142u\u017c ul. Frysztackiej &#8211; na prostym odcinku od przejazdu kolejowego a\u017c do Marklowic. Takie plany inwestycyjne s\u0105 sygnalizowane przez w\u0142adze gminy Cieszyn.<\/p>\r\n\r\n\r\n\r\n<p>Jest to naszym zdaniem najciekawsza propozycja zar\u00f3wno pod wzgl\u0119dem komunikacyjnym jak i turystycznym oraz przyrodniczym. Uroki tego zapomnianego zak\u0105tka Cieszyna przedstawiali\u015bmy w fotorelacji <a href=\"http:\/\/rowerowycieszyn.pl\/index.php\/2021\/04\/25\/wzdluz-biegu-olzy-fotorelacja-z-nieuzytkowanego-odcinka-od-mostu-kolejowego-do-ujscia-bobrowki\/\">Wzd\u0142u\u017c brzegu Olzy<\/a>.<\/p>\r\n\r\n\r\n\r\n<p>Ta opcja ma r\u00f3wnie\u017c swoj\u0105 wersj\u0119 &#8222;maksymaln\u0105&#8221;, polegaj\u0105c\u0105 na poci\u0105gni\u0119ciu DDRu wzd\u0142u\u017c Olzy a\u017c do osiedla przy zak\u0142adzie PPG (wariant <strong>C1<\/strong>, kolor zielony). O tej propozycji pisali\u015bmy ju\u017c ponad rok temu w tek\u015bcie <a href=\"http:\/\/rowerowycieszyn.pl\/index.php\/2021\/01\/03\/ktoredy-do-pogwizdowa\/\">Kt\u00f3r\u0119dy do Pogwizdowa<\/a>.<\/p>\r\n\r\n\r\n\r\n<p>Istnieje r\u00f3wnie\u017c wersja &#8222;minimalistyczna&#8221; (wariant <strong>C2<\/strong>, kolor niebieski), najprostsza technicznie ale jednocze\u015bnie najmniej przyjazna dla rowerzyst\u00f3w, sprowadzaj\u0105ca si\u0119 do wykorzystania istniej\u0105cych ci\u0105g\u00f3w drogowych i pieszych. Zak\u0142ada ona, \u017ce trasa z alei Piastowskiej skr\u0119ca w ulic\u0119 \u0141\u0105czn\u0105 i Frysztack\u0105, wzd\u0142u\u017c kt\u00f3rej biegnie a\u017c do wspomnianego przejazdu kolejowego za Ekoplastem, gdzie spotyka si\u0119 z przebiegiem <strong>C<\/strong>.<\/p>\r\n\r\n\r\n\r\n<p>Wszystkie \u201ecieszy\u0144skie\u201d warianty \u0142\u0105cz\u0105 si\u0119 w okolicach PPG, gdzie istniej\u0105cym CPRem wzd\u0142u\u017c ul. Frysztackiej trasa dociera do granic Pogwizdowa.<\/p>\r\n\r\n\r\n\r\n<h2>Gdzie dalej z Pogwizdowa?<\/h2>\r\n<p>Szczeg\u00f3lnie ciekawe dla cieszyniak\u00f3w s\u0105 r\u00f3wnie\u017c warianty przebiegu szlaku przez Pogwizd\u00f3w. Trasa mog\u0142aby i\u015b\u0107 dalej w stron\u0119 Kaczyc np. przez Brzez\u00f3wk\u0119 (jeden z przedstawionych wariant\u00f3w), ale w\u00f3jt gminy Ha\u017clach p. Grzegorz Sikorski zwr\u00f3ci\u0142 uwag\u0119 na jeszcze inn\u0105 ciekaw\u0105 propozycj\u0119, polegaj\u0105c\u0105 na wykorzystaniu <a href=\"https:\/\/wiadomosci.ox.pl\/kladka-polaczy-pogwizdow-z-karwina,67913\">projektowanej k\u0142adki pieszo &#8211; rowerowej, kt\u00f3ra ma po\u0142\u0105czy\u0107 Pogwizd\u00f3w z \u0141\u0105kami po czeskiej stronie Olzy<\/a> (oznaczenie <strong>P<\/strong>, kolor fioletowy). W\u00f3wczas trasa mog\u0142aby prowadzi\u0107 istniej\u0105c\u0105 ju\u017c asfaltow\u0105 drog\u0105 rowerow\u0105 wytyczon\u0105 wzd\u0142u\u017c wa\u0142\u00f3w i drogi 67 a\u017c do mostu w Darkowie. Pomys\u0142 wydaje si\u0119 bardzo ciekawy. Jego g\u0142\u00f3wnym minusem jest konieczno\u015b\u0107 przejechania przez ruchliw\u0105 Karwin\u0119, aby dotrze\u0107 do Zebrzydowic, gdzie trasa mog\u0142aby po\u0142\u0105czy\u0107 si\u0119 z \u017belaznym Szlakiem.<\/p>\r\n\r\n\r\n\r\n<p>Organizatorem spotkania by\u0142 SRiWR \u201eOlza\u201d i Miasto Jastrz\u0119bie Zdr\u00f3j a uczestniczyli w nim mi\u0119dzy innymi przedstawiciele gmin: Cieszyn, Ha\u017clach, Zebrzydowice, Jastrz\u0119bie Zdr\u00f3j i \u017bory, dyrektor \u015al\u0105skiej Organizacji Turystycznej, Pe\u0142nomocnik Marsza\u0142ka ds. polityki rowerowej oraz jego czeski odpowiednik dla wojew\u00f3dztwa \u015bl\u0105sko-morawskiego, a tak\u017ce przedstawiciele Nadace Partnerstvi, Stowarzyszenia Greenways Polska i Rowerowego Cieszyna.<\/p>\r\n\r\n\r\n\r\n<p class=\"has-text-align-right\">Piotr Stok\u0142osa<\/p>\r\n\r\n\r\n\r\n<p><span style=\"color: #ff0000;\"><mark class=\"has-inline-color has-vivid-red-color\" style=\"background-color: rgba(0, 0, 0, 0);\">UWAGA: Wszystkie przedstawione na mapie warianty s\u0105 jedynie autorsk\u0105 wizualizacj\u0105 wst\u0119pnych propozycji zaprezentowanych podczas dyskusji i \u017caden z nich nie jest jeszcze oficjalnie zg\u0142oszony ani tym bardziej zatwierdzony przez interesariuszy projektowanej trasy 607.<\/mark><\/span><\/p>\r\n\r\n\r\n\r\n<p><iframe loading=\"lazy\" src=\"https:\/\/www.google.com\/maps\/d\/u\/0\/embed?mid=1q4MsHOQ1Zu2K4cavDH_LBFc2ECj-NTBZ&amp;ehbc=2E312F\" width=\"640\" height=\"480\"><\/iframe><\/p>\r\n\r\n\r\n\r\n<p class=\"has-text-align-right\">\u00a0<\/p>\r\n","protected":false},"excerpt":{"rendered":"<p>W miniony czwartek 16.04.2022 w Urz\u0119dzie Miasta w Jastrz\u0119biu Zdroju odby\u0142o si\u0119 spotkanie przedstawicieli lokalnych samorz\u0105d\u00f3w, organizacji turystycznych i regionalnych. Jednym z g\u0142\u00f3wnych temat\u00f3w by\u0142o rozpocz\u0119cie dyskusji nad planowanym przebiegiem&hellip; <\/p>\n","protected":false},"author":1,"featured_media":1415,"comment_status":"open","ping_status":"open","sticky":false,"template":"","format":"standard","meta":{"footnotes":""},"categories":[9,5,1,2],"tags":[20,19,21],"class_list":["post-1401","post","type-post","status-publish","format-standard","has-post-thumbnail","hentry","category-aktualnosci","category-artykuly","category-bez-kategorii","category-trasy-cieszyn","tag-pogwizdow","tag-trasa-607","tag-zebrzydowice"],"yoast_head":"<!-- This site is optimized with the Yoast SEO plugin v27.3 - https:\/\/yoast.com\/product\/yoast-seo-wordpress\/ -->\n<title>Z Cieszyna do Zebrzydowic. Pierwsze przymiarki do wojew\u00f3dzkiej trasy rowerowej nr 607 - Rowerowy Cieszyn<\/title>\n<meta name=\"description\" content=\"Propozycje przebiegu wojew\u00f3dzkiej trasy rowerowej 607, \u0142\u0105cz\u0105cej Cieszyn z Zebrzydowicami, Jastrz\u0119biem Zdrojem i \u017borami.\" \/>\n<meta name=\"robots\" content=\"index, follow, max-snippet:-1, max-image-preview:large, max-video-preview:-1\" \/>\n<link rel=\"canonical\" href=\"https:\/\/rowerowycieszyn.pl\/index.php\/2022\/04\/16\/pierwsze-przymiarki-do-trasy-607-cieszyn-zebrzydowice-jastrzebie-zdroj-zory\/\" \/>\n<meta property=\"og:locale\" content=\"pl_PL\" \/>\n<meta property=\"og:type\" content=\"article\" \/>\n<meta property=\"og:title\" content=\"Z Cieszyna do Zebrzydowic. Pierwsze przymiarki do wojew\u00f3dzkiej trasy rowerowej nr 607 - Rowerowy Cieszyn\" \/>\n<meta property=\"og:description\" content=\"Propozycje przebiegu wojew\u00f3dzkiej trasy rowerowej 607, \u0142\u0105cz\u0105cej Cieszyn z Zebrzydowicami, Jastrz\u0119biem Zdrojem i \u017borami.\" \/>\n<meta property=\"og:url\" content=\"https:\/\/rowerowycieszyn.pl\/index.php\/2022\/04\/16\/pierwsze-przymiarki-do-trasy-607-cieszyn-zebrzydowice-jastrzebie-zdroj-zory\/\" \/>\n<meta property=\"og:site_name\" content=\"Rowerowy Cieszyn\" \/>\n<meta property=\"article:publisher\" content=\"https:\/\/www.facebook.com\/RowerowyCieszyn\" \/>\n<meta property=\"article:published_time\" content=\"2022-04-16T16:07:48+00:00\" \/>\n<meta property=\"article:modified_time\" content=\"2022-04-16T18:25:09+00:00\" \/>\n<meta property=\"og:image\" content=\"https:\/\/rowerowycieszyn.pl\/wp-content\/uploads\/2022\/04\/olza_cr.jpg\" \/>\n\t<meta property=\"og:image:width\" content=\"1728\" \/>\n\t<meta property=\"og:image:height\" content=\"972\" \/>\n\t<meta property=\"og:image:type\" content=\"image\/jpeg\" \/>\n<meta name=\"author\" content=\"Rowerowy Cieszyn\" \/>\n<meta name=\"twitter:card\" content=\"summary_large_image\" \/>\n<meta name=\"twitter:label1\" content=\"Napisane przez\" \/>\n\t<meta name=\"twitter:data1\" content=\"Rowerowy Cieszyn\" \/>\n\t<meta name=\"twitter:label2\" content=\"Szacowany czas czytania\" \/>\n\t<meta name=\"twitter:data2\" content=\"4 minuty\" \/>\n<script type=\"application\/ld+json\" class=\"yoast-schema-graph\">{\"@context\":\"https:\\\/\\\/schema.org\",\"@graph\":[{\"@type\":\"Article\",\"@id\":\"https:\\\/\\\/rowerowycieszyn.pl\\\/index.php\\\/2022\\\/04\\\/16\\\/pierwsze-przymiarki-do-trasy-607-cieszyn-zebrzydowice-jastrzebie-zdroj-zory\\\/#article\",\"isPartOf\":{\"@id\":\"https:\\\/\\\/rowerowycieszyn.pl\\\/index.php\\\/2022\\\/04\\\/16\\\/pierwsze-przymiarki-do-trasy-607-cieszyn-zebrzydowice-jastrzebie-zdroj-zory\\\/\"},\"author\":{\"name\":\"Rowerowy Cieszyn\",\"@id\":\"https:\\\/\\\/rowerowycieszyn.pl\\\/#\\\/schema\\\/person\\\/b698cee63b7405acd7e70007d7cc8b2a\"},\"headline\":\"Z Cieszyna do Zebrzydowic. Pierwsze przymiarki do wojew\u00f3dzkiej trasy rowerowej nr 607\",\"datePublished\":\"2022-04-16T16:07:48+00:00\",\"dateModified\":\"2022-04-16T18:25:09+00:00\",\"mainEntityOfPage\":{\"@id\":\"https:\\\/\\\/rowerowycieszyn.pl\\\/index.php\\\/2022\\\/04\\\/16\\\/pierwsze-przymiarki-do-trasy-607-cieszyn-zebrzydowice-jastrzebie-zdroj-zory\\\/\"},\"wordCount\":701,\"commentCount\":1,\"publisher\":{\"@id\":\"https:\\\/\\\/rowerowycieszyn.pl\\\/#organization\"},\"image\":{\"@id\":\"https:\\\/\\\/rowerowycieszyn.pl\\\/index.php\\\/2022\\\/04\\\/16\\\/pierwsze-przymiarki-do-trasy-607-cieszyn-zebrzydowice-jastrzebie-zdroj-zory\\\/#primaryimage\"},\"thumbnailUrl\":\"https:\\\/\\\/rowerowycieszyn.pl\\\/wp-content\\\/uploads\\\/2022\\\/04\\\/olza_cr.jpg\",\"keywords\":[\"Pogwizd\u00f3w\",\"trasa 607\",\"Zebrzydowice\"],\"articleSection\":{\"0\":\"Aktualno\u015bci\",\"1\":\"Artyku\u0142y\",\"3\":\"Trasy z Cieszyna\"},\"inLanguage\":\"pl-PL\",\"potentialAction\":[{\"@type\":\"CommentAction\",\"name\":\"Comment\",\"target\":[\"https:\\\/\\\/rowerowycieszyn.pl\\\/index.php\\\/2022\\\/04\\\/16\\\/pierwsze-przymiarki-do-trasy-607-cieszyn-zebrzydowice-jastrzebie-zdroj-zory\\\/#respond\"]}]},{\"@type\":\"WebPage\",\"@id\":\"https:\\\/\\\/rowerowycieszyn.pl\\\/index.php\\\/2022\\\/04\\\/16\\\/pierwsze-przymiarki-do-trasy-607-cieszyn-zebrzydowice-jastrzebie-zdroj-zory\\\/\",\"url\":\"https:\\\/\\\/rowerowycieszyn.pl\\\/index.php\\\/2022\\\/04\\\/16\\\/pierwsze-przymiarki-do-trasy-607-cieszyn-zebrzydowice-jastrzebie-zdroj-zory\\\/\",\"name\":\"Z Cieszyna do Zebrzydowic. Pierwsze przymiarki do wojew\u00f3dzkiej trasy rowerowej nr 607 - Rowerowy Cieszyn\",\"isPartOf\":{\"@id\":\"https:\\\/\\\/rowerowycieszyn.pl\\\/#website\"},\"primaryImageOfPage\":{\"@id\":\"https:\\\/\\\/rowerowycieszyn.pl\\\/index.php\\\/2022\\\/04\\\/16\\\/pierwsze-przymiarki-do-trasy-607-cieszyn-zebrzydowice-jastrzebie-zdroj-zory\\\/#primaryimage\"},\"image\":{\"@id\":\"https:\\\/\\\/rowerowycieszyn.pl\\\/index.php\\\/2022\\\/04\\\/16\\\/pierwsze-przymiarki-do-trasy-607-cieszyn-zebrzydowice-jastrzebie-zdroj-zory\\\/#primaryimage\"},\"thumbnailUrl\":\"https:\\\/\\\/rowerowycieszyn.pl\\\/wp-content\\\/uploads\\\/2022\\\/04\\\/olza_cr.jpg\",\"datePublished\":\"2022-04-16T16:07:48+00:00\",\"dateModified\":\"2022-04-16T18:25:09+00:00\",\"description\":\"Propozycje przebiegu wojew\u00f3dzkiej trasy rowerowej 607, \u0142\u0105cz\u0105cej Cieszyn z Zebrzydowicami, Jastrz\u0119biem Zdrojem i \u017borami.\",\"breadcrumb\":{\"@id\":\"https:\\\/\\\/rowerowycieszyn.pl\\\/index.php\\\/2022\\\/04\\\/16\\\/pierwsze-przymiarki-do-trasy-607-cieszyn-zebrzydowice-jastrzebie-zdroj-zory\\\/#breadcrumb\"},\"inLanguage\":\"pl-PL\",\"potentialAction\":[{\"@type\":\"ReadAction\",\"target\":[\"https:\\\/\\\/rowerowycieszyn.pl\\\/index.php\\\/2022\\\/04\\\/16\\\/pierwsze-przymiarki-do-trasy-607-cieszyn-zebrzydowice-jastrzebie-zdroj-zory\\\/\"]}]},{\"@type\":\"ImageObject\",\"inLanguage\":\"pl-PL\",\"@id\":\"https:\\\/\\\/rowerowycieszyn.pl\\\/index.php\\\/2022\\\/04\\\/16\\\/pierwsze-przymiarki-do-trasy-607-cieszyn-zebrzydowice-jastrzebie-zdroj-zory\\\/#primaryimage\",\"url\":\"https:\\\/\\\/rowerowycieszyn.pl\\\/wp-content\\\/uploads\\\/2022\\\/04\\\/olza_cr.jpg\",\"contentUrl\":\"https:\\\/\\\/rowerowycieszyn.pl\\\/wp-content\\\/uploads\\\/2022\\\/04\\\/olza_cr.jpg\",\"width\":1728,\"height\":972,\"caption\":\"Olza. Okolice ul. Frysztackiej. T\u0119dy mo\u017ce przebiega\u0107 trasa 607.\"},{\"@type\":\"BreadcrumbList\",\"@id\":\"https:\\\/\\\/rowerowycieszyn.pl\\\/index.php\\\/2022\\\/04\\\/16\\\/pierwsze-przymiarki-do-trasy-607-cieszyn-zebrzydowice-jastrzebie-zdroj-zory\\\/#breadcrumb\",\"itemListElement\":[{\"@type\":\"ListItem\",\"position\":1,\"name\":\"Home\",\"item\":\"https:\\\/\\\/rowerowycieszyn.pl\\\/\"},{\"@type\":\"ListItem\",\"position\":2,\"name\":\"Z Cieszyna do Zebrzydowic. Pierwsze przymiarki do wojew\u00f3dzkiej trasy rowerowej nr 607\"}]},{\"@type\":\"WebSite\",\"@id\":\"https:\\\/\\\/rowerowycieszyn.pl\\\/#website\",\"url\":\"https:\\\/\\\/rowerowycieszyn.pl\\\/\",\"name\":\"Rowerowy Cieszyn\",\"description\":\"Strona promuj\u0105ca komunikacj\u0119 oraz turystyk\u0119 rowerow\u0105 na terenie Cieszyna i okolic.\",\"publisher\":{\"@id\":\"https:\\\/\\\/rowerowycieszyn.pl\\\/#organization\"},\"potentialAction\":[{\"@type\":\"SearchAction\",\"target\":{\"@type\":\"EntryPoint\",\"urlTemplate\":\"https:\\\/\\\/rowerowycieszyn.pl\\\/?s={search_term_string}\"},\"query-input\":{\"@type\":\"PropertyValueSpecification\",\"valueRequired\":true,\"valueName\":\"search_term_string\"}}],\"inLanguage\":\"pl-PL\"},{\"@type\":\"Organization\",\"@id\":\"https:\\\/\\\/rowerowycieszyn.pl\\\/#organization\",\"name\":\"Rowerowy Cieszyn\",\"url\":\"https:\\\/\\\/rowerowycieszyn.pl\\\/\",\"logo\":{\"@type\":\"ImageObject\",\"inLanguage\":\"pl-PL\",\"@id\":\"https:\\\/\\\/rowerowycieszyn.pl\\\/#\\\/schema\\\/logo\\\/image\\\/\",\"url\":\"https:\\\/\\\/rowerowycieszyn.pl\\\/wp-content\\\/uploads\\\/2020\\\/07\\\/cropped-rower1_cr_tn-1.jpg\",\"contentUrl\":\"https:\\\/\\\/rowerowycieszyn.pl\\\/wp-content\\\/uploads\\\/2020\\\/07\\\/cropped-rower1_cr_tn-1.jpg\",\"width\":250,\"height\":100,\"caption\":\"Rowerowy Cieszyn\"},\"image\":{\"@id\":\"https:\\\/\\\/rowerowycieszyn.pl\\\/#\\\/schema\\\/logo\\\/image\\\/\"},\"sameAs\":[\"https:\\\/\\\/www.facebook.com\\\/RowerowyCieszyn\"]},{\"@type\":\"Person\",\"@id\":\"https:\\\/\\\/rowerowycieszyn.pl\\\/#\\\/schema\\\/person\\\/b698cee63b7405acd7e70007d7cc8b2a\",\"name\":\"Rowerowy Cieszyn\",\"image\":{\"@type\":\"ImageObject\",\"inLanguage\":\"pl-PL\",\"@id\":\"https:\\\/\\\/secure.gravatar.com\\\/avatar\\\/1aef2c80bb06ccee0d820e4116589968d6d5c57310499f9271d42a4f7c5ffb3a?s=96&d=mm&r=g\",\"url\":\"https:\\\/\\\/secure.gravatar.com\\\/avatar\\\/1aef2c80bb06ccee0d820e4116589968d6d5c57310499f9271d42a4f7c5ffb3a?s=96&d=mm&r=g\",\"contentUrl\":\"https:\\\/\\\/secure.gravatar.com\\\/avatar\\\/1aef2c80bb06ccee0d820e4116589968d6d5c57310499f9271d42a4f7c5ffb3a?s=96&d=mm&r=g\",\"caption\":\"Rowerowy Cieszyn\"},\"sameAs\":[\"http:\\\/\\\/rowerowycieszyn.pl\"],\"url\":\"https:\\\/\\\/rowerowycieszyn.pl\\\/index.php\\\/author\\\/pstoklosa\\\/\"}]}<\/script>\n<!-- \/ Yoast SEO plugin. -->","yoast_head_json":{"title":"Z Cieszyna do Zebrzydowic. Pierwsze przymiarki do wojew\u00f3dzkiej trasy rowerowej nr 607 - Rowerowy Cieszyn","description":"Propozycje przebiegu wojew\u00f3dzkiej trasy rowerowej 607, \u0142\u0105cz\u0105cej Cieszyn z Zebrzydowicami, Jastrz\u0119biem Zdrojem i \u017borami.","robots":{"index":"index","follow":"follow","max-snippet":"max-snippet:-1","max-image-preview":"max-image-preview:large","max-video-preview":"max-video-preview:-1"},"canonical":"https:\/\/rowerowycieszyn.pl\/index.php\/2022\/04\/16\/pierwsze-przymiarki-do-trasy-607-cieszyn-zebrzydowice-jastrzebie-zdroj-zory\/","og_locale":"pl_PL","og_type":"article","og_title":"Z Cieszyna do Zebrzydowic. Pierwsze przymiarki do wojew\u00f3dzkiej trasy rowerowej nr 607 - Rowerowy Cieszyn","og_description":"Propozycje przebiegu wojew\u00f3dzkiej trasy rowerowej 607, \u0142\u0105cz\u0105cej Cieszyn z Zebrzydowicami, Jastrz\u0119biem Zdrojem i \u017borami.","og_url":"https:\/\/rowerowycieszyn.pl\/index.php\/2022\/04\/16\/pierwsze-przymiarki-do-trasy-607-cieszyn-zebrzydowice-jastrzebie-zdroj-zory\/","og_site_name":"Rowerowy Cieszyn","article_publisher":"https:\/\/www.facebook.com\/RowerowyCieszyn","article_published_time":"2022-04-16T16:07:48+00:00","article_modified_time":"2022-04-16T18:25:09+00:00","og_image":[{"width":1728,"height":972,"url":"https:\/\/rowerowycieszyn.pl\/wp-content\/uploads\/2022\/04\/olza_cr.jpg","type":"image\/jpeg"}],"author":"Rowerowy Cieszyn","twitter_card":"summary_large_image","twitter_misc":{"Napisane przez":"Rowerowy Cieszyn","Szacowany czas czytania":"4 minuty"},"schema":{"@context":"https:\/\/schema.org","@graph":[{"@type":"Article","@id":"https:\/\/rowerowycieszyn.pl\/index.php\/2022\/04\/16\/pierwsze-przymiarki-do-trasy-607-cieszyn-zebrzydowice-jastrzebie-zdroj-zory\/#article","isPartOf":{"@id":"https:\/\/rowerowycieszyn.pl\/index.php\/2022\/04\/16\/pierwsze-przymiarki-do-trasy-607-cieszyn-zebrzydowice-jastrzebie-zdroj-zory\/"},"author":{"name":"Rowerowy Cieszyn","@id":"https:\/\/rowerowycieszyn.pl\/#\/schema\/person\/b698cee63b7405acd7e70007d7cc8b2a"},"headline":"Z Cieszyna do Zebrzydowic. Pierwsze przymiarki do wojew\u00f3dzkiej trasy rowerowej nr 607","datePublished":"2022-04-16T16:07:48+00:00","dateModified":"2022-04-16T18:25:09+00:00","mainEntityOfPage":{"@id":"https:\/\/rowerowycieszyn.pl\/index.php\/2022\/04\/16\/pierwsze-przymiarki-do-trasy-607-cieszyn-zebrzydowice-jastrzebie-zdroj-zory\/"},"wordCount":701,"commentCount":1,"publisher":{"@id":"https:\/\/rowerowycieszyn.pl\/#organization"},"image":{"@id":"https:\/\/rowerowycieszyn.pl\/index.php\/2022\/04\/16\/pierwsze-przymiarki-do-trasy-607-cieszyn-zebrzydowice-jastrzebie-zdroj-zory\/#primaryimage"},"thumbnailUrl":"https:\/\/rowerowycieszyn.pl\/wp-content\/uploads\/2022\/04\/olza_cr.jpg","keywords":["Pogwizd\u00f3w","trasa 607","Zebrzydowice"],"articleSection":{"0":"Aktualno\u015bci","1":"Artyku\u0142y","3":"Trasy z Cieszyna"},"inLanguage":"pl-PL","potentialAction":[{"@type":"CommentAction","name":"Comment","target":["https:\/\/rowerowycieszyn.pl\/index.php\/2022\/04\/16\/pierwsze-przymiarki-do-trasy-607-cieszyn-zebrzydowice-jastrzebie-zdroj-zory\/#respond"]}]},{"@type":"WebPage","@id":"https:\/\/rowerowycieszyn.pl\/index.php\/2022\/04\/16\/pierwsze-przymiarki-do-trasy-607-cieszyn-zebrzydowice-jastrzebie-zdroj-zory\/","url":"https:\/\/rowerowycieszyn.pl\/index.php\/2022\/04\/16\/pierwsze-przymiarki-do-trasy-607-cieszyn-zebrzydowice-jastrzebie-zdroj-zory\/","name":"Z Cieszyna do Zebrzydowic. Pierwsze przymiarki do wojew\u00f3dzkiej trasy rowerowej nr 607 - Rowerowy Cieszyn","isPartOf":{"@id":"https:\/\/rowerowycieszyn.pl\/#website"},"primaryImageOfPage":{"@id":"https:\/\/rowerowycieszyn.pl\/index.php\/2022\/04\/16\/pierwsze-przymiarki-do-trasy-607-cieszyn-zebrzydowice-jastrzebie-zdroj-zory\/#primaryimage"},"image":{"@id":"https:\/\/rowerowycieszyn.pl\/index.php\/2022\/04\/16\/pierwsze-przymiarki-do-trasy-607-cieszyn-zebrzydowice-jastrzebie-zdroj-zory\/#primaryimage"},"thumbnailUrl":"https:\/\/rowerowycieszyn.pl\/wp-content\/uploads\/2022\/04\/olza_cr.jpg","datePublished":"2022-04-16T16:07:48+00:00","dateModified":"2022-04-16T18:25:09+00:00","description":"Propozycje przebiegu wojew\u00f3dzkiej trasy rowerowej 607, \u0142\u0105cz\u0105cej Cieszyn z Zebrzydowicami, Jastrz\u0119biem Zdrojem i \u017borami.","breadcrumb":{"@id":"https:\/\/rowerowycieszyn.pl\/index.php\/2022\/04\/16\/pierwsze-przymiarki-do-trasy-607-cieszyn-zebrzydowice-jastrzebie-zdroj-zory\/#breadcrumb"},"inLanguage":"pl-PL","potentialAction":[{"@type":"ReadAction","target":["https:\/\/rowerowycieszyn.pl\/index.php\/2022\/04\/16\/pierwsze-przymiarki-do-trasy-607-cieszyn-zebrzydowice-jastrzebie-zdroj-zory\/"]}]},{"@type":"ImageObject","inLanguage":"pl-PL","@id":"https:\/\/rowerowycieszyn.pl\/index.php\/2022\/04\/16\/pierwsze-przymiarki-do-trasy-607-cieszyn-zebrzydowice-jastrzebie-zdroj-zory\/#primaryimage","url":"https:\/\/rowerowycieszyn.pl\/wp-content\/uploads\/2022\/04\/olza_cr.jpg","contentUrl":"https:\/\/rowerowycieszyn.pl\/wp-content\/uploads\/2022\/04\/olza_cr.jpg","width":1728,"height":972,"caption":"Olza. Okolice ul. Frysztackiej. T\u0119dy mo\u017ce przebiega\u0107 trasa 607."},{"@type":"BreadcrumbList","@id":"https:\/\/rowerowycieszyn.pl\/index.php\/2022\/04\/16\/pierwsze-przymiarki-do-trasy-607-cieszyn-zebrzydowice-jastrzebie-zdroj-zory\/#breadcrumb","itemListElement":[{"@type":"ListItem","position":1,"name":"Home","item":"https:\/\/rowerowycieszyn.pl\/"},{"@type":"ListItem","position":2,"name":"Z Cieszyna do Zebrzydowic. Pierwsze przymiarki do wojew\u00f3dzkiej trasy rowerowej nr 607"}]},{"@type":"WebSite","@id":"https:\/\/rowerowycieszyn.pl\/#website","url":"https:\/\/rowerowycieszyn.pl\/","name":"Rowerowy Cieszyn","description":"Strona promuj\u0105ca komunikacj\u0119 oraz turystyk\u0119 rowerow\u0105 na terenie Cieszyna i okolic.","publisher":{"@id":"https:\/\/rowerowycieszyn.pl\/#organization"},"potentialAction":[{"@type":"SearchAction","target":{"@type":"EntryPoint","urlTemplate":"https:\/\/rowerowycieszyn.pl\/?s={search_term_string}"},"query-input":{"@type":"PropertyValueSpecification","valueRequired":true,"valueName":"search_term_string"}}],"inLanguage":"pl-PL"},{"@type":"Organization","@id":"https:\/\/rowerowycieszyn.pl\/#organization","name":"Rowerowy Cieszyn","url":"https:\/\/rowerowycieszyn.pl\/","logo":{"@type":"ImageObject","inLanguage":"pl-PL","@id":"https:\/\/rowerowycieszyn.pl\/#\/schema\/logo\/image\/","url":"https:\/\/rowerowycieszyn.pl\/wp-content\/uploads\/2020\/07\/cropped-rower1_cr_tn-1.jpg","contentUrl":"https:\/\/rowerowycieszyn.pl\/wp-content\/uploads\/2020\/07\/cropped-rower1_cr_tn-1.jpg","width":250,"height":100,"caption":"Rowerowy Cieszyn"},"image":{"@id":"https:\/\/rowerowycieszyn.pl\/#\/schema\/logo\/image\/"},"sameAs":["https:\/\/www.facebook.com\/RowerowyCieszyn"]},{"@type":"Person","@id":"https:\/\/rowerowycieszyn.pl\/#\/schema\/person\/b698cee63b7405acd7e70007d7cc8b2a","name":"Rowerowy Cieszyn","image":{"@type":"ImageObject","inLanguage":"pl-PL","@id":"https:\/\/secure.gravatar.com\/avatar\/1aef2c80bb06ccee0d820e4116589968d6d5c57310499f9271d42a4f7c5ffb3a?s=96&d=mm&r=g","url":"https:\/\/secure.gravatar.com\/avatar\/1aef2c80bb06ccee0d820e4116589968d6d5c57310499f9271d42a4f7c5ffb3a?s=96&d=mm&r=g","contentUrl":"https:\/\/secure.gravatar.com\/avatar\/1aef2c80bb06ccee0d820e4116589968d6d5c57310499f9271d42a4f7c5ffb3a?s=96&d=mm&r=g","caption":"Rowerowy Cieszyn"},"sameAs":["http:\/\/rowerowycieszyn.pl"],"url":"https:\/\/rowerowycieszyn.pl\/index.php\/author\/pstoklosa\/"}]}},"_links":{"self":[{"href":"https:\/\/rowerowycieszyn.pl\/index.php\/wp-json\/wp\/v2\/posts\/1401","targetHints":{"allow":["GET"]}}],"collection":[{"href":"https:\/\/rowerowycieszyn.pl\/index.php\/wp-json\/wp\/v2\/posts"}],"about":[{"href":"https:\/\/rowerowycieszyn.pl\/index.php\/wp-json\/wp\/v2\/types\/post"}],"author":[{"embeddable":true,"href":"https:\/\/rowerowycieszyn.pl\/index.php\/wp-json\/wp\/v2\/users\/1"}],"replies":[{"embeddable":true,"href":"https:\/\/rowerowycieszyn.pl\/index.php\/wp-json\/wp\/v2\/comments?post=1401"}],"version-history":[{"count":19,"href":"https:\/\/rowerowycieszyn.pl\/index.php\/wp-json\/wp\/v2\/posts\/1401\/revisions"}],"predecessor-version":[{"id":1421,"href":"https:\/\/rowerowycieszyn.pl\/index.php\/wp-json\/wp\/v2\/posts\/1401\/revisions\/1421"}],"wp:featuredmedia":[{"embeddable":true,"href":"https:\/\/rowerowycieszyn.pl\/index.php\/wp-json\/wp\/v2\/media\/1415"}],"wp:attachment":[{"href":"https:\/\/rowerowycieszyn.pl\/index.php\/wp-json\/wp\/v2\/media?parent=1401"}],"wp:term":[{"taxonomy":"category","embeddable":true,"href":"https:\/\/rowerowycieszyn.pl\/index.php\/wp-json\/wp\/v2\/categories?post=1401"},{"taxonomy":"post_tag","embeddable":true,"href":"https:\/\/rowerowycieszyn.pl\/index.php\/wp-json\/wp\/v2\/tags?post=1401"}],"curies":[{"name":"wp","href":"https:\/\/api.w.org\/{rel}","templated":true}]}}