{"id":1428,"date":"2022-06-09T19:08:50","date_gmt":"2022-06-09T17:08:50","guid":{"rendered":"http:\/\/rowerowycieszyn.pl\/?p=1428"},"modified":"2022-11-22T12:29:46","modified_gmt":"2022-11-22T11:29:46","slug":"palace-i-zamki-ziemi-raciborskiej","status":"publish","type":"post","link":"https:\/\/rowerowycieszyn.pl\/index.php\/2022\/06\/09\/palace-i-zamki-ziemi-raciborskiej\/","title":{"rendered":"Pa\u0142ace i zamki Ziemi Raciborskiej"},"content":{"rendered":"<p>Podziwiamy \u017belazny Szlak, chwalimy si\u0119 przejechaniem Velo Czorsztyn, w t\u0142umie pieszych i rowerzyst\u00f3w kr\u0119cimy od zamku do zamku na Szlaku Orlich Gniazd, coraz popularniejsza jest Kotlina K\u0142odzka a nawet niezwyk\u0142a Ziemia Wa\u0142brzyska. Ale ilu z nas zwiedzi\u0142o rowerem przepi\u0119kne pa\u0142ace i zamki Ziemi Raciborskiej? To \u015bwietna propozycja dla os\u00f3b, kt\u00f3re jazd\u0119 rowerem w\u015br\u00f3d malowniczego krajobrazu lubi\u0105 urozmaica\u0107 spor\u0105 dawk\u0105 kultury i historii.<!--more--><\/p>\r\n<p>Propozycj\u0119 tego szlaku znale\u017ali\u015bmy na portalu <a href=\"https:\/\/roweremposlasku.pl\/palace-zamki-ziemi-raciborskiej\/\">roweremposlasku.pl<\/a>. Swoj\u0105 drog\u0105 warto si\u0119 z nim zapozna\u0107, bo opisano tam wiele ciekawych tras na terenie ca\u0142ego wojew\u00f3dztwa. Poniewa\u017c do Raciborza niedaleko, uznali\u015bmy, \u017ce nale\u017cy samodzielnie przetestowa\u0107 jedn\u0105 z przedstawionych propozycji. Warto zauwa\u017cy\u0107, \u017ce opisywana trasa podzielona jest na dwie p\u0119tle (tu <a href=\"https:\/\/www.google.com\/maps\/d\/u\/0\/viewer?mid=1NgzLE1vYL_w7nyHCrYlLeffLoNJTeNY6&amp;ll=50.05308080485118%2C18.211163499999977&amp;z=11\">link do oryginalnych map<\/a>). Pierwsz\u0105 z nich, d\u0142ugo\u015bci 75 kilometr\u00f3w najwygodniej zacz\u0105\u0107 z Bohumina, poniewa\u017c obejmuje ona tereny mi\u0119dzy tym miastem a Raciborzem. Druga trasa, kt\u00f3r\u0105 om\u00f3wi\u0119 w tym tek\u015bcie, zaczyna si\u0119 w\u0142a\u015bnie w Raciborzu i prowadzi przez tereny na p\u00f3\u0142noc od niego. \u017baden z tych szlak\u00f3w nie jest znakowany, wi\u0119c wybieraj\u0105c si\u0119 w drog\u0119 koniecznie za\u0142adujcie w nawigacj\u0119 ze \u015bladem trasy (na ko\u0144cu tekstu).<\/p>\r\n<p>Dojazd do Raciborza z Cieszyna to oko\u0142o 1h 10min jazdy samochodem. Najwygodniej sw\u00f3j pojazd pozostawi\u0107 gdzie\u015b w okolicach centrum. My zaparkowali\u015bmy na du\u017cym parkingu (p\u0142atny w dni robocze, w weekendy bezp\u0142atny) na placu Jana D\u0142ugosza, dos\u0142ownie 100 metr\u00f3w od Rynku. To dobra lokalizacja, bo w pobli\u017cu jest sporo miejsc, gdzie mo\u017cna zje\u015b\u0107 obiad lub wypi\u0107 kaw\u0119 na zako\u0144czenie wycieczki.<\/p>\r\n<figure id=\"attachment_1432\" aria-describedby=\"caption-attachment-1432\" style=\"width: 1620px\" class=\"wp-caption aligncenter\"><a href=\"http:\/\/rowerowycieszyn.pl\/wp-content\/uploads\/2022\/06\/P1200411_tn.jpg\"><img loading=\"lazy\" decoding=\"async\" class=\"wp-image-1432 size-full\" src=\"http:\/\/rowerowycieszyn.pl\/wp-content\/uploads\/2022\/06\/P1200411_tn.jpg\" alt=\"Fontanna na placu Jana D\u0142ugosza w Raciborzu.\" width=\"1620\" height=\"1080\" srcset=\"https:\/\/rowerowycieszyn.pl\/wp-content\/uploads\/2022\/06\/P1200411_tn.jpg 1620w, https:\/\/rowerowycieszyn.pl\/wp-content\/uploads\/2022\/06\/P1200411_tn-300x200.jpg 300w, https:\/\/rowerowycieszyn.pl\/wp-content\/uploads\/2022\/06\/P1200411_tn-1024x683.jpg 1024w, https:\/\/rowerowycieszyn.pl\/wp-content\/uploads\/2022\/06\/P1200411_tn-768x512.jpg 768w, https:\/\/rowerowycieszyn.pl\/wp-content\/uploads\/2022\/06\/P1200411_tn-1536x1024.jpg 1536w\" sizes=\"auto, (max-width: 1620px) 100vw, 1620px\" \/><\/a><figcaption id=\"caption-attachment-1432\" class=\"wp-caption-text\">Fontanna na placu Jana D\u0142ugosza w Raciborzu.<\/figcaption><\/figure>\r\n<h2>Na p\u00f3\u0142noc wzd\u0142u\u017c Odry<\/h2>\r\n<p>Ca\u0142\u0105 tras\u0119 postanowili\u015bmy pokona\u0107 w kierunku przeciwnym do ruchu wskaz\u00f3wek zegara. Dzi\u0119ki temu zacz\u0119li\u015bmy od zwiedzenia nadodrza\u0144skich bulwar\u00f3w. Na d\u0142ugim odcinku prowadzi tu \u0142adna, asfaltowa \u015bcie\u017cka rowerowa. Warto wspomnie\u0107, \u017ce dotarcie na prawy brzeg Odry, bo tam w\u0142a\u015bnie jechali\u015bmy, mo\u017ce by\u0107 troch\u0119 k\u0142opotliwe &#8211; trzeba przejecha\u0107 pod torami ul. Piaskow\u0105, kt\u00f3ra w dni robocze jest bardzo ruchliwa. Poza tym fatalnie rozwi\u0105zano (a w zasadzie w og\u00f3le nie rozwi\u0105zano) wjazd na wa\u0142 z ul. Piaskowej &#8211; nie ma mo\u017cliwo\u015bci bezpo\u015bredniego skr\u0119tu dla jad\u0105cych od strony tor\u00f3w i trzeba sporo pokombinowa\u0107, jak si\u0119 tam bezpiecznie dosta\u0107. Na szcz\u0119\u015bcie dalsza trasa wzd\u0142u\u017c Odry przebiega ju\u017c bezproblemowo.<\/p>\r\n<figure id=\"attachment_1435\" aria-describedby=\"caption-attachment-1435\" style=\"width: 1620px\" class=\"wp-caption alignnone\"><a href=\"http:\/\/rowerowycieszyn.pl\/wp-content\/uploads\/2022\/06\/P1200428_tn.jpg\"><img loading=\"lazy\" decoding=\"async\" class=\"wp-image-1435 size-full\" src=\"http:\/\/rowerowycieszyn.pl\/wp-content\/uploads\/2022\/06\/P1200428_tn.jpg\" alt=\"Bulwary Nadodrza\u0144skie.\" width=\"1620\" height=\"1080\" srcset=\"https:\/\/rowerowycieszyn.pl\/wp-content\/uploads\/2022\/06\/P1200428_tn.jpg 1620w, https:\/\/rowerowycieszyn.pl\/wp-content\/uploads\/2022\/06\/P1200428_tn-300x200.jpg 300w, https:\/\/rowerowycieszyn.pl\/wp-content\/uploads\/2022\/06\/P1200428_tn-1024x683.jpg 1024w, https:\/\/rowerowycieszyn.pl\/wp-content\/uploads\/2022\/06\/P1200428_tn-768x512.jpg 768w, https:\/\/rowerowycieszyn.pl\/wp-content\/uploads\/2022\/06\/P1200428_tn-1536x1024.jpg 1536w\" sizes=\"auto, (max-width: 1620px) 100vw, 1620px\" \/><\/a><figcaption id=\"caption-attachment-1435\" class=\"wp-caption-text\">Bulwary Nadodrza\u0144skie.<\/figcaption><\/figure>\r\n<p>Po oko\u0142o dw\u00f3ch kilometrach wracamy na lewy brzeg, gdzie pod\u0105\u017caj\u0105c wzd\u0142u\u017c Odry trasa prowadzi w kierunku Miedoni. Ca\u0142y czas poruszamy si\u0119 w dolinie Odry, gdzie trasa jest \u0142atwa i przyjemna. Pewne zastrze\u017cenia mo\u017ce budzi\u0107 jedynie\u00a0 stan dr\u00f3g na kilku odcinkach &#8211; cz\u0119\u015b\u0107 z nich to zwyk\u0142e grunt\u00f3wki, cz\u0119\u015b\u0107 jest nier\u00f3wnomiernie utwardzona gruzem, co utrudnia jazd\u0119. Tym wi\u0119kszy podziw budzi poniemiecka &#8222;beton\u00f3wka&#8221; za Grzegorzowicami, kt\u00f3rej stanu technicznego mog\u0142aby pozazdro\u015bci\u0107 niejedna wsp\u00f3\u0142czesna droga powiatowa, wyremontowana ledwie kilka lat temu.<\/p>\r\n<figure id=\"attachment_1437\" aria-describedby=\"caption-attachment-1437\" style=\"width: 1620px\" class=\"wp-caption alignnone\"><a href=\"http:\/\/rowerowycieszyn.pl\/wp-content\/uploads\/2022\/06\/P1200512_tn.jpg\"><img loading=\"lazy\" decoding=\"async\" class=\"wp-image-1437 size-full\" src=\"http:\/\/rowerowycieszyn.pl\/wp-content\/uploads\/2022\/06\/P1200512_tn.jpg\" alt=\"Poniemiecka &quot;beton\u00f3wka&quot; za Grzegorzowicami. Beton gdzieniegdzie sp\u0119ka\u0142, ale poza tym jedzie si\u0119 jak po sznurku.\" width=\"1620\" height=\"1080\" srcset=\"https:\/\/rowerowycieszyn.pl\/wp-content\/uploads\/2022\/06\/P1200512_tn.jpg 1620w, https:\/\/rowerowycieszyn.pl\/wp-content\/uploads\/2022\/06\/P1200512_tn-300x200.jpg 300w, https:\/\/rowerowycieszyn.pl\/wp-content\/uploads\/2022\/06\/P1200512_tn-1024x683.jpg 1024w, https:\/\/rowerowycieszyn.pl\/wp-content\/uploads\/2022\/06\/P1200512_tn-768x512.jpg 768w, https:\/\/rowerowycieszyn.pl\/wp-content\/uploads\/2022\/06\/P1200512_tn-1536x1024.jpg 1536w\" sizes=\"auto, (max-width: 1620px) 100vw, 1620px\" \/><\/a><figcaption id=\"caption-attachment-1437\" class=\"wp-caption-text\">Poniemiecka &#8222;beton\u00f3wka&#8221; za Grzegorzowicami. Beton gdzieniegdzie sp\u0119ka\u0142, ale poza tym jedzie si\u0119 jak po sznurku.<\/figcaption><\/figure>\r\n<figure id=\"attachment_1441\" aria-describedby=\"caption-attachment-1441\" style=\"width: 1620px\" class=\"wp-caption alignnone\"><a href=\"http:\/\/rowerowycieszyn.pl\/wp-content\/uploads\/2022\/06\/P1200458_tn.jpg\"><img loading=\"lazy\" decoding=\"async\" class=\"wp-image-1441 size-full\" src=\"http:\/\/rowerowycieszyn.pl\/wp-content\/uploads\/2022\/06\/P1200458_tn.jpg\" alt=\"W okolice Raciborza warto wybra\u0107 si\u0119 zw\u0142aszcza wiosn\u0105, gdy pola ton\u0105 w \u017c\u00f3\u0142ci kwitn\u0105cego rzepaku. Na zdj\u0119ciu pola za Miedoni\u0105 a w\u015br\u00f3d nich ukryty ko\u015bci\u00f3\u0142 w Rudniku.\" width=\"1620\" height=\"1080\" srcset=\"https:\/\/rowerowycieszyn.pl\/wp-content\/uploads\/2022\/06\/P1200458_tn.jpg 1620w, https:\/\/rowerowycieszyn.pl\/wp-content\/uploads\/2022\/06\/P1200458_tn-300x200.jpg 300w, https:\/\/rowerowycieszyn.pl\/wp-content\/uploads\/2022\/06\/P1200458_tn-1024x683.jpg 1024w, https:\/\/rowerowycieszyn.pl\/wp-content\/uploads\/2022\/06\/P1200458_tn-768x512.jpg 768w, https:\/\/rowerowycieszyn.pl\/wp-content\/uploads\/2022\/06\/P1200458_tn-1536x1024.jpg 1536w\" sizes=\"auto, (max-width: 1620px) 100vw, 1620px\" \/><\/a><figcaption id=\"caption-attachment-1441\" class=\"wp-caption-text\">W okolice Raciborza warto wybra\u0107 si\u0119 zw\u0142aszcza wiosn\u0105, gdy pola ton\u0105 w \u017c\u00f3\u0142ci kwitn\u0105cego rzepaku. Na zdj\u0119ciu pola za Miedoni\u0105 a w\u015br\u00f3d nich ukryty ko\u015bci\u00f3\u0142 w Rudniku.<\/figcaption><\/figure>\r\n<p>Zanim jednak dotrzemy do Grzegorzowic, po drodze czekaj\u0105 nas dwie atrakcje. Pierwsza z nich to m\u0142yn w Brze\u017anicy (obecnie hotel i restauracja) a druga &#8211; <a href=\"https:\/\/odtur.pl\/atrakcje\/lubowice-ruiny-palacu-w-lubowicach-24639.html\">posiad\u0142o\u015b\u0107 rodziny Eichendorff\u00f3w w \u0141ubowicach<\/a>, kt\u00f3rej najs\u0142ynniejszym przedstawicielem by\u0142 poeta romantyczny <a href=\"https:\/\/pl.wikipedia.org\/wiki\/Joseph_von_Eichendorff\">Joseph Eichendorff<\/a>. Niestety pa\u0142ac jest ju\u017c w stadium daleko posuni\u0119tej ruiny, co pewnie sprzyja romantycznym uniesieniom w blasku ksi\u0119\u017cyca, ale raczej \u017ale wr\u00f3\u017cy pozosta\u0142o\u015bciom budowli &#8211; za kilka lat pozostan\u0105 pewnie ju\u017c tylko fundamenty.<\/p>\r\n<p>Za to wci\u0105\u017c mo\u017cna podziwia\u0107 pozosta\u0142o\u015bci parku pa\u0142acowego i domy\u015bla\u0107 si\u0119 wspania\u0142ego widoku, jaki ze wzg\u00f3rza, na kt\u00f3rym wybudowano pa\u0142ac, musia\u0142 roztacza\u0107 si\u0119 na dolin\u0119 Odry. Niestety widoku mo\u017cemy si\u0119 jedynie domy\u015bla\u0107, bo stoki ca\u0142kowicie poros\u0142y lasem, kt\u00f3ry bardzo ogranicza widoczno\u015b\u0107. Spaceruj\u0105c wzd\u0142u\u017c alei grabowej warto zatrzyma\u0107 si\u0119, by przeczyta\u0107 kilka wierszy wielkiego poety, kt\u00f3re pozwalaj\u0105 nam na chwil\u0119 przenie\u015b\u0107 si\u0119 wyobra\u017ani\u0105 do tamtych czas\u00f3w. W cieniu drzew umieszczono r\u00f3wnie\u017c kilka sto\u0142\u00f3w i \u0142aw, jest to wi\u0119c \u015bwietna okazja, \u017ceby urz\u0105dzi\u0107 sobie piknik.<\/p>\r\n<figure id=\"attachment_1438\" aria-describedby=\"caption-attachment-1438\" style=\"width: 1620px\" class=\"wp-caption alignnone\"><a href=\"http:\/\/rowerowycieszyn.pl\/wp-content\/uploads\/2022\/06\/P1200484_tn.jpg\"><img loading=\"lazy\" decoding=\"async\" class=\"wp-image-1438 size-full\" src=\"http:\/\/rowerowycieszyn.pl\/wp-content\/uploads\/2022\/06\/P1200484_tn.jpg\" alt=\"Magnolia na \u015brodku \u0142\u0105ki, kt\u00f3ra kiedy\u015b pewnie by\u0142a pa\u0142acowym trawnikiem, przypomina o czasach \u015bwietno\u015bci tego pa\u0142acu.\" width=\"1620\" height=\"1080\" srcset=\"https:\/\/rowerowycieszyn.pl\/wp-content\/uploads\/2022\/06\/P1200484_tn.jpg 1620w, https:\/\/rowerowycieszyn.pl\/wp-content\/uploads\/2022\/06\/P1200484_tn-300x200.jpg 300w, https:\/\/rowerowycieszyn.pl\/wp-content\/uploads\/2022\/06\/P1200484_tn-1024x683.jpg 1024w, https:\/\/rowerowycieszyn.pl\/wp-content\/uploads\/2022\/06\/P1200484_tn-768x512.jpg 768w, https:\/\/rowerowycieszyn.pl\/wp-content\/uploads\/2022\/06\/P1200484_tn-1536x1024.jpg 1536w\" sizes=\"auto, (max-width: 1620px) 100vw, 1620px\" \/><\/a><figcaption id=\"caption-attachment-1438\" class=\"wp-caption-text\">Magnolia na \u015brodku \u0142\u0105ki, kt\u00f3ra kiedy\u015b pewnie by\u0142a pa\u0142acowym trawnikiem, przypomina o czasach \u015bwietno\u015bci tego pa\u0142acu.<\/figcaption><\/figure>\r\n<figure id=\"attachment_1440\" aria-describedby=\"caption-attachment-1440\" style=\"width: 1620px\" class=\"wp-caption alignnone\"><a href=\"http:\/\/rowerowycieszyn.pl\/wp-content\/uploads\/2022\/06\/P1200489_tn.jpg\"><img loading=\"lazy\" decoding=\"async\" class=\"wp-image-1440 size-full\" src=\"http:\/\/rowerowycieszyn.pl\/wp-content\/uploads\/2022\/06\/P1200489_tn.jpg\" alt=\"Pozosta\u0142o\u015bci alei grabowej w parku pa\u0142acu Eichendorff\u00f3w.\" width=\"1620\" height=\"1080\" srcset=\"https:\/\/rowerowycieszyn.pl\/wp-content\/uploads\/2022\/06\/P1200489_tn.jpg 1620w, https:\/\/rowerowycieszyn.pl\/wp-content\/uploads\/2022\/06\/P1200489_tn-300x200.jpg 300w, https:\/\/rowerowycieszyn.pl\/wp-content\/uploads\/2022\/06\/P1200489_tn-1024x683.jpg 1024w, https:\/\/rowerowycieszyn.pl\/wp-content\/uploads\/2022\/06\/P1200489_tn-768x512.jpg 768w, https:\/\/rowerowycieszyn.pl\/wp-content\/uploads\/2022\/06\/P1200489_tn-1536x1024.jpg 1536w\" sizes=\"auto, (max-width: 1620px) 100vw, 1620px\" \/><\/a><figcaption id=\"caption-attachment-1440\" class=\"wp-caption-text\">Pozosta\u0142o\u015bci alei grabowej w parku pa\u0142acu Eichendorff\u00f3w.<\/figcaption><\/figure>\r\n<h2>Rezydencja na dziewi\u0119\u0107dziesi\u0105t dziewi\u0119\u0107 pokoi plus jeden<\/h2>\r\n<p>Z \u0141ubowic nale\u017cy kierowa\u0107 si\u0119 dalej w stron\u0119 S\u0142awikowa. Tu czeka nas jedna z wi\u0119kszych atrakcji historycznych w okolicy, czyli ruiny ogromnego <a href=\"https:\/\/pl.wikipedia.org\/wiki\/Pa%C5%82ac_w_S%C5%82awikowie\">pa\u0142acu<\/a>, kt\u00f3rego w\u0142a\u015bcicielami byli najpierw Eichendorffowie a potem Ernest von Eikstedt i jego potomkowie. Pa\u0142ac za jego czas\u00f3w zosta\u0142 mocno rozbudowany i zyska\u0142 r\u00f3wnie\u017c oran\u017ceri\u0119. Niestety, jak wi\u0119kszo\u015b\u0107 poniemieckich posiad\u0142o\u015bci na tzw. ziemiach odzyskanych, by\u0142 eksploatowany bez \u017cadnej konserwacji. Gwo\u017adziem do trumny okaza\u0142o si\u0119 usuni\u0119cie miedzianego dachu, kt\u00f3rych w latach pi\u0119\u0107dziesi\u0105tych zdemontowano i wywieziono do Katowic, gdzie przykry\u0142 gmach tamtejszego Urz\u0119du Wojew\u00f3dzkiego. A wtedy czas i woda zrobi\u0142y swoje. Dzisiaj pozostaje nam jedynie domy\u015bla\u0107 si\u0119 dawnej \u015bwietno\u015bci tego obiektu i zaduma\u0107 si\u0119 nad niszczycielsk\u0105 si\u0142\u0105 przyrody, kt\u00f3ra stopniowo opanowuje, wch\u0142ania i rozk\u0142ada porzucone dzie\u0142a r\u0105k ludzkich.<\/p>\r\n<figure id=\"attachment_1442\" aria-describedby=\"caption-attachment-1442\" style=\"width: 1620px\" class=\"wp-caption alignnone\"><a href=\"http:\/\/rowerowycieszyn.pl\/wp-content\/uploads\/2022\/06\/P1200528_tn.jpg\"><img loading=\"lazy\" decoding=\"async\" class=\"wp-image-1442 size-full\" src=\"http:\/\/rowerowycieszyn.pl\/wp-content\/uploads\/2022\/06\/P1200528_tn.jpg\" alt=\"Fronton pa\u0142acu w S\u0142awikowie.\" width=\"1620\" height=\"1080\" srcset=\"https:\/\/rowerowycieszyn.pl\/wp-content\/uploads\/2022\/06\/P1200528_tn.jpg 1620w, https:\/\/rowerowycieszyn.pl\/wp-content\/uploads\/2022\/06\/P1200528_tn-300x200.jpg 300w, https:\/\/rowerowycieszyn.pl\/wp-content\/uploads\/2022\/06\/P1200528_tn-1024x683.jpg 1024w, https:\/\/rowerowycieszyn.pl\/wp-content\/uploads\/2022\/06\/P1200528_tn-768x512.jpg 768w, https:\/\/rowerowycieszyn.pl\/wp-content\/uploads\/2022\/06\/P1200528_tn-1536x1024.jpg 1536w\" sizes=\"auto, (max-width: 1620px) 100vw, 1620px\" \/><\/a><figcaption id=\"caption-attachment-1442\" class=\"wp-caption-text\">Fronton pa\u0142acu w S\u0142awikowie.<\/figcaption><\/figure>\r\n<p>W weekend przed pa\u0142acem mo\u017cna natkn\u0105\u0107 si\u0119 na grup\u0119 wolontariuszy z <a href=\"https:\/\/www.facebook.com\/Fundacja-Gniazdo-102357051316295\/\">fundacji Gniazdo<\/a>, kt\u00f3ra gromadzi \u015brodki na konserwacj\u0119 ruin, utrzymanie parku i prace porz\u0105dkowe na tym terenie. Pod ich opiek\u0105 mo\u017cna nawet zwiedzi\u0107 niekt\u00f3re pomieszczenia i us\u0142ysze\u0107 kilka ciekawych historii. Na przyk\u0142ad, \u017ce w\u0142a\u015bciciele pa\u0142acu byli masonami i dokonywali rytualnych chrzt\u00f3w nowych cz\u0142onk\u00f3w w ocala\u0142ej na zamku sadzawce. Albo \u017ce zamek mia\u0142 w sumie 100 pokoi, ale jeden by\u0142 ukryty, \u017ceby unikn\u0105\u0107 wi\u0119kszego podatku. Niestety o odtworzeniu obiektu nie ma nawet mowy, bo koszty takiej inwestycji zdecydowanie przekraczaj\u0105 mo\u017cliwo\u015bci gminy Rudnik, do kt\u00f3rej obecnie nale\u017cy pa\u0142ac.<\/p>\r\n<figure id=\"attachment_1443\" aria-describedby=\"caption-attachment-1443\" style=\"width: 1620px\" class=\"wp-caption alignnone\"><a href=\"http:\/\/rowerowycieszyn.pl\/wp-content\/uploads\/2022\/06\/P1200550_tn.jpg\"><img loading=\"lazy\" decoding=\"async\" class=\"wp-image-1443 size-full\" src=\"http:\/\/rowerowycieszyn.pl\/wp-content\/uploads\/2022\/06\/P1200550_tn.jpg\" alt=\"Pa\u0142ac w S\u0142awikowie widziany od strony parku. Na tympanonie mo\u017cna dostrzec pozosta\u0142o\u015bci zegara s\u0142onecznego, za\u015b na prawo od niego - reszki balustrady. Dach pa\u0142acu by\u0142 p\u0142aski i wykorzystywano go jako taras.\" width=\"1620\" height=\"1080\" srcset=\"https:\/\/rowerowycieszyn.pl\/wp-content\/uploads\/2022\/06\/P1200550_tn.jpg 1620w, https:\/\/rowerowycieszyn.pl\/wp-content\/uploads\/2022\/06\/P1200550_tn-300x200.jpg 300w, https:\/\/rowerowycieszyn.pl\/wp-content\/uploads\/2022\/06\/P1200550_tn-1024x683.jpg 1024w, https:\/\/rowerowycieszyn.pl\/wp-content\/uploads\/2022\/06\/P1200550_tn-768x512.jpg 768w, https:\/\/rowerowycieszyn.pl\/wp-content\/uploads\/2022\/06\/P1200550_tn-1536x1024.jpg 1536w\" sizes=\"auto, (max-width: 1620px) 100vw, 1620px\" \/><\/a><figcaption id=\"caption-attachment-1443\" class=\"wp-caption-text\">Pa\u0142ac w S\u0142awikowie widziany od strony parku. Na tympanonie mo\u017cna dostrzec pozosta\u0142o\u015bci zegara s\u0142onecznego, za\u015b na prawo od niego &#8211; reszki balustrady. Dach pa\u0142acu by\u0142 p\u0142aski i wykorzystywano go jako taras.<\/figcaption><\/figure>\r\n<p>Ze S\u0142awikowa znowu w\u015br\u00f3d faluj\u0105cych p\u00f3l ruszamy do Czerwi\u0119cic, gdzie znajduje si\u0119 kolejny pa\u0142ac. Niestety z drogi nie wida\u0107 frontonu pa\u0142acu a ca\u0142y teren jest ogrodzony. Pozostaje wi\u0119c ogl\u0105danie jego ma\u0142o ciekawej tylnej fasady. Jednak za pa\u0142acem rozpoczyna si\u0119 bardzo \u0142adna polna droga. Je\u017celi wi\u0119c kto\u015b ceni sobie kr\u0119cenie w\u015br\u00f3d plener\u00f3w, mo\u017cna ruszy\u0107 t\u0105 tras\u0105. Pozosta\u0142ym, preferuj\u0105cym asfalt, sugerujemy kontynuowanie jazdy w stron\u0119 DK45 i dalej w stron\u0119 Szonowic, gdzie mo\u017cemy zobaczy\u0107 kolejny ukryty w parku pa\u0142acyk. Jest on r\u00f3wnie\u017c oznaczony jako w\u0142asno\u015b\u0107 prywatna, ale p\u00f3ki co teren nie jest ogrodzony. W Szonowicach mamy te\u017c okazj\u0119 co\u015b zje\u015b\u0107, bo ca\u0142kiem smacznie karmi\u0105 w zlokalizowanym tam &#8222;Dworku Szonowickim&#8221;.<\/p>\r\n<figure id=\"attachment_1446\" aria-describedby=\"caption-attachment-1446\" style=\"width: 1620px\" class=\"wp-caption alignnone\"><a href=\"http:\/\/rowerowycieszyn.pl\/wp-content\/uploads\/2022\/06\/P1200583_tn.jpg\"><img loading=\"lazy\" decoding=\"async\" class=\"wp-image-1446 size-full\" src=\"http:\/\/rowerowycieszyn.pl\/wp-content\/uploads\/2022\/06\/P1200583_tn.jpg\" alt=\"Droga przez pola mi\u0119dzy Czerwi\u0119cicami a Szonowicami.\" width=\"1620\" height=\"1080\" srcset=\"https:\/\/rowerowycieszyn.pl\/wp-content\/uploads\/2022\/06\/P1200583_tn.jpg 1620w, https:\/\/rowerowycieszyn.pl\/wp-content\/uploads\/2022\/06\/P1200583_tn-300x200.jpg 300w, https:\/\/rowerowycieszyn.pl\/wp-content\/uploads\/2022\/06\/P1200583_tn-1024x683.jpg 1024w, https:\/\/rowerowycieszyn.pl\/wp-content\/uploads\/2022\/06\/P1200583_tn-768x512.jpg 768w, https:\/\/rowerowycieszyn.pl\/wp-content\/uploads\/2022\/06\/P1200583_tn-1536x1024.jpg 1536w\" sizes=\"auto, (max-width: 1620px) 100vw, 1620px\" \/><\/a><figcaption id=\"caption-attachment-1446\" class=\"wp-caption-text\">Droga przez pola mi\u0119dzy Czerwi\u0119cicami a Szonowicami.<\/figcaption><\/figure>\r\n<p>W Szonowicach mo\u017cna rzuci\u0107 okiem na niewielki pa\u0142acyk ukryty w parku a nast\u0119pnie skierowa\u0107 si\u0119 w stron\u0119 Modzurowa. Tam znajduje si\u0119 kolejny pi\u0119kny i w dodatku dobrze utrzymany obiekt,\u00a0 czyli <a href=\"https:\/\/www.slaskie.travel\/poi\/2890\/palac-von-kniga-w\">pa\u0142ac von Koniga<\/a>. Stanowi on jednak w\u0142asno\u015b\u0107 prywatn\u0105 i jest ogrodzony a zwiedzanie jest mo\u017cliwe za zgod\u0105 w\u0142a\u015bciciela. My trafili\u015bmy tam w niedziel\u0119, gdy wszystko by\u0142o pozamykane, pozosta\u0142o wi\u0119c poca\u0142owa\u0107 k\u0142\u00f3dk\u0119 przy bramie i pocieszy\u0107 si\u0119 zdj\u0119ciami znalezionymi w Internecie.<\/p>\r\n<p>Niestety podobne rozczarowanie czeka\u0142o nas w <a href=\"https:\/\/sokoliszlak.cba.pl\/?page_id=6708\">pa\u0142acu Schramk\u00f3w w Jastrz\u0119biu<\/a> i w <a href=\"https:\/\/pl.wikipedia.org\/wiki\/Zesp%C3%B3%C5%82_pa%C5%82acowo-parkowy_w_Krowiarkach\">pa\u0142acu Strachwitza w Krowiarkach<\/a>. Oba obiekty s\u0105 szczelnie ogrodzone a p\u0142oty obwieszone tablicami w stylu &#8222;W\u0142asno\u015b\u0107 prywatna. Wst\u0119p surowo wzbroniony&#8221;. Mogli\u015bmy zrobi\u0107 tylko kilka zdj\u0119\u0107 zza ogrodzenia. Pa\u0142ac w Jastrz\u0119biu wygl\u0105da na dobrze utrzymany i u\u017cytkowany, natomiast pa\u0142ac w Krowiarkach to ci\u0105gle ruina, na szcz\u0119\u015bcie przykryta szczelnym dachem, wi\u0119c budynek jest zabezpieczony przed dalsz\u0105 degradacj\u0105. Og\u00f3lna konstatacja po wcze\u015bniejszych &#8222;pa\u0142acowych&#8221; wizytach jest taka, \u017ce to czego nie uda\u0142o si\u0119 uratowa\u0107 pozostaje w\u0142asno\u015bci\u0105 pa\u0144stwa, ale za to wci\u0105\u017c mo\u017cliwe jest zwiedzanie, natomiast obiekty b\u0119d\u0105ce w lepszym stanie zosta\u0142y sprywatyzowane, co z kolei uniemo\u017cliwia dost\u0119p do nich. By\u0107 mo\u017ce w jakie\u015b odleg\u0142ej przysz\u0142o\u015bci te obiekty zostan\u0105 udost\u0119pnione szerszej publiczno\u015bci. Szczeg\u00f3lnie ciekawy do zwiedzania z pewno\u015bci\u0105 by\u0142by monumentalny pa\u0142ac w Krowiarkach.<\/p>\r\n<figure id=\"attachment_1460\" aria-describedby=\"caption-attachment-1460\" style=\"width: 1620px\" class=\"wp-caption alignnone\"><a href=\"http:\/\/rowerowycieszyn.pl\/wp-content\/uploads\/2022\/06\/P1210062_tn.jpg\"><img loading=\"lazy\" decoding=\"async\" class=\"wp-image-1460 size-full\" src=\"http:\/\/rowerowycieszyn.pl\/wp-content\/uploads\/2022\/06\/P1210062_tn.jpg\" alt=\"Ulokowany na wzg\u00f3rzu zamek w Jastrz\u0119biu jest w\u0142asno\u015bci\u0105 prywatn\u0105 i jedynie z oddali mo\u017cna podziwia\u0107 jego zarysy.\" width=\"1620\" height=\"1080\" srcset=\"https:\/\/rowerowycieszyn.pl\/wp-content\/uploads\/2022\/06\/P1210062_tn.jpg 1620w, https:\/\/rowerowycieszyn.pl\/wp-content\/uploads\/2022\/06\/P1210062_tn-300x200.jpg 300w, https:\/\/rowerowycieszyn.pl\/wp-content\/uploads\/2022\/06\/P1210062_tn-1024x683.jpg 1024w, https:\/\/rowerowycieszyn.pl\/wp-content\/uploads\/2022\/06\/P1210062_tn-768x512.jpg 768w, https:\/\/rowerowycieszyn.pl\/wp-content\/uploads\/2022\/06\/P1210062_tn-1536x1024.jpg 1536w\" sizes=\"auto, (max-width: 1620px) 100vw, 1620px\" \/><\/a><figcaption id=\"caption-attachment-1460\" class=\"wp-caption-text\">Ulokowany na wzg\u00f3rzu zamek w Jastrz\u0119biu jest w\u0142asno\u015bci\u0105 prywatn\u0105 i jedynie z oddali mo\u017cna podziwia\u0107 jego zarysy.<\/figcaption><\/figure>\r\n<figure id=\"attachment_1461\" aria-describedby=\"caption-attachment-1461\" style=\"width: 1620px\" class=\"wp-caption alignnone\"><a href=\"http:\/\/rowerowycieszyn.pl\/wp-content\/uploads\/2022\/06\/P1210071_tn.jpg\"><img loading=\"lazy\" decoding=\"async\" class=\"wp-image-1461 size-full\" src=\"http:\/\/rowerowycieszyn.pl\/wp-content\/uploads\/2022\/06\/P1210071_tn.jpg\" alt=\"Eklektyczny i przez to bardzo ciekawy zesp\u00f3\u0142 pa\u0142acowo-parkowy w Krowiarkach. Mo\u017cna tu podziwia\u0107 po\u0142\u0105czenie stylu secesyjnego, neorenesansowego i neobarokowego. Ale tylko przez p\u0142ot.\" width=\"1620\" height=\"1080\" srcset=\"https:\/\/rowerowycieszyn.pl\/wp-content\/uploads\/2022\/06\/P1210071_tn.jpg 1620w, https:\/\/rowerowycieszyn.pl\/wp-content\/uploads\/2022\/06\/P1210071_tn-300x200.jpg 300w, https:\/\/rowerowycieszyn.pl\/wp-content\/uploads\/2022\/06\/P1210071_tn-1024x683.jpg 1024w, https:\/\/rowerowycieszyn.pl\/wp-content\/uploads\/2022\/06\/P1210071_tn-768x512.jpg 768w, https:\/\/rowerowycieszyn.pl\/wp-content\/uploads\/2022\/06\/P1210071_tn-1536x1024.jpg 1536w\" sizes=\"auto, (max-width: 1620px) 100vw, 1620px\" \/><\/a><figcaption id=\"caption-attachment-1461\" class=\"wp-caption-text\">Eklektyczny i przez to bardzo ciekawy zesp\u00f3\u0142 pa\u0142acowo-parkowy w Krowiarkach. Mo\u017cna tu podziwia\u0107 po\u0142\u0105czenie stylu secesyjnego, neorenesansowego i neobarokowego. Ale tylko przez p\u0142ot.<\/figcaption><\/figure>\r\n<h2>Kowal &#8211; romantyk<\/h2>\r\n<p>Z Krowiarek najpierw drog\u0105 wojew\u00f3dzk\u0105 417 a potem lokalnymi i gruntowymi drogami ruszamy w stron\u0119 Strzybnika. Tam czekaj\u0105 nas a\u017c trzy atrakcje. Po pierwsze, <a href=\"https:\/\/zabytek.pl\/pl\/obiekty\/strzybnik-spichlerz-dworski\">zabytkowy spichlerz z XIX wieku<\/a> (niestety mo\u017cna obejrze\u0107 tylko z zewn\u0105trz), <a href=\"https:\/\/gornyslask.miemiec.eu\/zabytkowa-kuznia-strzybniku\/\">stara ku\u017ania<\/a> i neoklasycystyczny <a href=\"https:\/\/pl.wikipedia.org\/wiki\/Pa%C5%82ac_w_Strzybniku\">pa\u0142ac von Bischofschausen\u00f3w<\/a>. O ile spichlerz jest obecnie zabezpieczony, to ku\u017ania i pa\u0142ac ulegaj\u0105 post\u0119puj\u0105cemu rozk\u0142adowi. Z pewno\u015bci\u0105 warto jednak pokr\u0119ci\u0107 si\u0119 po dawnej ku\u017ani, gdzie mo\u017cna natkn\u0105\u0107 si\u0119 na pozosta\u0142o\u015bci pieca kowalskiego. W najgorszym stanie jest sam pa\u0142ac, kt\u00f3ry, podobnie jak wiele podobnych poPGRowskich w\u0142asno\u015bci, zosta\u0142 wyeksploatowany do cna a na koniec ogo\u0142ocony z wszystkiego, co da\u0142o si\u0119 wynie\u015b\u0107. Woda zniszczy\u0142a ju\u017c drewniane stropy i pozosta\u0142y tylko mury z przyklejonymi do nich resztkami plec\u00f3w kaflowych oraz \u015bladami po wyprutych instalacjach.<\/p>\r\n<figure id=\"attachment_1450\" aria-describedby=\"caption-attachment-1450\" style=\"width: 1620px\" class=\"wp-caption alignnone\"><a href=\"http:\/\/rowerowycieszyn.pl\/wp-content\/uploads\/2022\/06\/P1200622_tn.jpg\"><img loading=\"lazy\" decoding=\"async\" class=\"wp-image-1450 size-full\" src=\"http:\/\/rowerowycieszyn.pl\/wp-content\/uploads\/2022\/06\/P1200622_tn.jpg\" alt=\"Wn\u0119trze pa\u0142acu w Strzybniku. Gdzieniegdzie wida\u0107 jeszcze zdobienia \u015bcian, resztki pod\u0142\u00f3g i kafle z rozwalonych piec\u00f3w.\" width=\"1620\" height=\"1080\" srcset=\"https:\/\/rowerowycieszyn.pl\/wp-content\/uploads\/2022\/06\/P1200622_tn.jpg 1620w, https:\/\/rowerowycieszyn.pl\/wp-content\/uploads\/2022\/06\/P1200622_tn-300x200.jpg 300w, https:\/\/rowerowycieszyn.pl\/wp-content\/uploads\/2022\/06\/P1200622_tn-1024x683.jpg 1024w, https:\/\/rowerowycieszyn.pl\/wp-content\/uploads\/2022\/06\/P1200622_tn-768x512.jpg 768w, https:\/\/rowerowycieszyn.pl\/wp-content\/uploads\/2022\/06\/P1200622_tn-1536x1024.jpg 1536w\" sizes=\"auto, (max-width: 1620px) 100vw, 1620px\" \/><\/a><figcaption id=\"caption-attachment-1450\" class=\"wp-caption-text\">Wn\u0119trze pa\u0142acu w Strzybniku. Gdzieniegdzie wida\u0107 jeszcze zdobienia \u015bcian, resztki pod\u0142\u00f3g i kafle z rozwalonych piec\u00f3w.<\/figcaption><\/figure>\r\n<figure id=\"attachment_1448\" aria-describedby=\"caption-attachment-1448\" style=\"width: 1620px\" class=\"wp-caption alignnone\"><a href=\"http:\/\/rowerowycieszyn.pl\/wp-content\/uploads\/2022\/06\/P1200601_tn.jpg\"><img loading=\"lazy\" decoding=\"async\" class=\"wp-image-1448 size-full\" src=\"http:\/\/rowerowycieszyn.pl\/wp-content\/uploads\/2022\/06\/P1200601_tn.jpg\" alt=\"Pozosta\u0142o\u015bci ku\u017ani w Strzybniku. Zgodnie z informacj\u0105 pod p\u0142askorze\u017ab\u0105 przedstawiaj\u0105c\u0105 kowala, obiekt pochodzi z 1912 roku. Tu dach jest prawie ca\u0142y, ale na zdj\u0119ciach sprzed kilku lat wida\u0107, \u017ce by\u0142 wtedy w lepszym stanie. Nale\u017cy wi\u0119c przypuszcza\u0107, \u017ce i ten budynek podzieli los s\u0105siedniego pa\u0142acu.\" width=\"1620\" height=\"1080\" srcset=\"https:\/\/rowerowycieszyn.pl\/wp-content\/uploads\/2022\/06\/P1200601_tn.jpg 1620w, https:\/\/rowerowycieszyn.pl\/wp-content\/uploads\/2022\/06\/P1200601_tn-300x200.jpg 300w, https:\/\/rowerowycieszyn.pl\/wp-content\/uploads\/2022\/06\/P1200601_tn-1024x683.jpg 1024w, https:\/\/rowerowycieszyn.pl\/wp-content\/uploads\/2022\/06\/P1200601_tn-768x512.jpg 768w, https:\/\/rowerowycieszyn.pl\/wp-content\/uploads\/2022\/06\/P1200601_tn-1536x1024.jpg 1536w\" sizes=\"auto, (max-width: 1620px) 100vw, 1620px\" \/><\/a><figcaption id=\"caption-attachment-1448\" class=\"wp-caption-text\">Pozosta\u0142o\u015bci ku\u017ani w Strzybniku. Zgodnie z informacj\u0105 pod p\u0142askorze\u017ab\u0105 przedstawiaj\u0105c\u0105 kowala, obiekt pochodzi z 1912 roku. Tu dach jest prawie ca\u0142y, ale na zdj\u0119ciach sprzed kilku lat wida\u0107, \u017ce by\u0142 wtedy w lepszym stanie. Nale\u017cy wi\u0119c przypuszcza\u0107, \u017ce i ten budynek podzieli los s\u0105siedniego pa\u0142acu.<\/figcaption><\/figure>\r\n<p>Jad\u0105c dalej w kierunku Raciborza nie warto si\u0119 rozp\u0119dza\u0107, bo jakie\u015b p\u00f3\u0142 kilometra dalej natkniemy si\u0119 na kolejny zaro\u015bni\u0119ty obiekt, czyli pa\u0142ac w Rudniku. Mo\u017cna si\u0119 jedynie domy\u015bli\u0107, \u017ce jego dewastacja post\u0119puje od stosunkowo niedawna (w por\u00f3wnaniu z innymi tego typu obiektami w okolicy), bo w cz\u0119\u015bci okien wci\u0105\u017c pozosta\u0142y szyby a niekt\u00f3re pomieszczenia wygl\u0105daj\u0105 ca\u0142kiem przyzwoicie. Przed wej\u015bciem stoi tablica ostrzegawcza, \u017ce budynek grozi zawaleniem, dlatego lepiej nie wchodzi\u0107 do \u015brodka. Pozostaje podziwia\u0107 pi\u0119kne kr\u0119cone schody, kt\u00f3re wiod\u0105 z holu na parterze na kolejne pi\u0119tra budynku.<\/p>\r\n<figure id=\"attachment_1452\" aria-describedby=\"caption-attachment-1452\" style=\"width: 1620px\" class=\"wp-caption alignnone\"><a href=\"http:\/\/rowerowycieszyn.pl\/wp-content\/uploads\/2022\/06\/P1200634_tn.jpg\"><img loading=\"lazy\" decoding=\"async\" class=\"wp-image-1452 size-full\" src=\"http:\/\/rowerowycieszyn.pl\/wp-content\/uploads\/2022\/06\/P1200634_tn.jpg\" alt=\"Pozosta\u0142o\u015bci pa\u0142acu w Rudniku. Tu te\u017c zaczyna ju\u017c rz\u0105dzi\u0107 las.\" width=\"1620\" height=\"1080\" srcset=\"https:\/\/rowerowycieszyn.pl\/wp-content\/uploads\/2022\/06\/P1200634_tn.jpg 1620w, https:\/\/rowerowycieszyn.pl\/wp-content\/uploads\/2022\/06\/P1200634_tn-300x200.jpg 300w, https:\/\/rowerowycieszyn.pl\/wp-content\/uploads\/2022\/06\/P1200634_tn-1024x683.jpg 1024w, https:\/\/rowerowycieszyn.pl\/wp-content\/uploads\/2022\/06\/P1200634_tn-768x512.jpg 768w, https:\/\/rowerowycieszyn.pl\/wp-content\/uploads\/2022\/06\/P1200634_tn-1536x1024.jpg 1536w\" sizes=\"auto, (max-width: 1620px) 100vw, 1620px\" \/><\/a><figcaption id=\"caption-attachment-1452\" class=\"wp-caption-text\">Pozosta\u0142o\u015bci pa\u0142acu w Rudniku. Tu te\u017c zaczyna ju\u017c rz\u0105dzi\u0107 las.<\/figcaption><\/figure>\r\n<p>A z Rudnika do Raciborza ju\u017c tylko rzut beretem. Warto zaplanowa\u0107 kr\u00f3tki popas na rynku, gdzie znajdziecie co najmniej dwie lodziarnie z pysznymi lodami i kaw\u0105. W ko\u0144cu nale\u017cy si\u0119 nagroda za przejechanie tylu kilometr\u00f3w \ud83d\ude42<\/p>\r\n<h2>\u015alad trasy<\/h2>\r\n<p><iframe loading=\"lazy\" style=\"border: none;\" src=\"https:\/\/pl.frame.mapy.cz\/s\/foluguzofo\" width=\"800\" height=\"600\" frameborder=\"0\"><span style=\"display: inline-block; width: 0px; overflow: hidden; line-height: 0;\" data-mce-type=\"bookmark\" class=\"mce_SELRES_start\">\ufeff<\/span><\/iframe><\/p>\r\n<p>Uwaga: Je\u017celi kogo\u015b za bardzo wci\u0105gnie zwiedzanie i eksploracja, w\u00f3wczas mo\u017ce zabrakn\u0105\u0107 czasu na jazd\u0119. Tras\u0119 mo\u017cna wtedy znacznie skr\u00f3ci\u0107 jad\u0105c z Modzurowa bezpo\u015brednio do Strzybnika. Ominiemy wtedy zamki Jastrz\u0119bie i Krowiarki<\/p>\r\n<p style=\"text-align: right;\">Piotr Stok\u0142osa<\/p>\r\n<h2>Pe\u0142na galeria zdj\u0119\u0107 z trasy<\/h2>\r\n<p>Zach\u0119camy do zapoznania si\u0119 z galeri\u0105, w kt\u00f3rej znajdziecie jeszcze wi\u0119cej zdj\u0119\u0107 i opis\u00f3w miejsc wzd\u0142u\u017c trasy.<\/p>\r\n<div id='gallery-1' class='gallery galleryid-1428 gallery-columns-3 gallery-size-medium'><figure class='gallery-item'>\n\t\t\t<div class='gallery-icon landscape'>\n\t\t\t\t<a href='https:\/\/rowerowycieszyn.pl\/wp-content\/uploads\/2022\/06\/P1200411_tn.jpg'><img loading=\"lazy\" decoding=\"async\" width=\"300\" height=\"200\" src=\"https:\/\/rowerowycieszyn.pl\/wp-content\/uploads\/2022\/06\/P1200411_tn-300x200.jpg\" class=\"attachment-medium size-medium\" alt=\"Fontanna na placu Jana D\u0142ugosza w Raciborzu.\" aria-describedby=\"gallery-1-1432\" srcset=\"https:\/\/rowerowycieszyn.pl\/wp-content\/uploads\/2022\/06\/P1200411_tn-300x200.jpg 300w, https:\/\/rowerowycieszyn.pl\/wp-content\/uploads\/2022\/06\/P1200411_tn-1024x683.jpg 1024w, https:\/\/rowerowycieszyn.pl\/wp-content\/uploads\/2022\/06\/P1200411_tn-768x512.jpg 768w, https:\/\/rowerowycieszyn.pl\/wp-content\/uploads\/2022\/06\/P1200411_tn-1536x1024.jpg 1536w, https:\/\/rowerowycieszyn.pl\/wp-content\/uploads\/2022\/06\/P1200411_tn.jpg 1620w\" sizes=\"auto, (max-width: 300px) 100vw, 300px\" \/><\/a>\n\t\t\t<\/div>\n\t\t\t\t<figcaption class='wp-caption-text gallery-caption' id='gallery-1-1432'>\n\t\t\t\tFontanna na placu Jana D\u0142ugosza w Raciborzu.\n\t\t\t\t<\/figcaption><\/figure><figure class='gallery-item'>\n\t\t\t<div class='gallery-icon landscape'>\n\t\t\t\t<a href='https:\/\/rowerowycieszyn.pl\/wp-content\/uploads\/2022\/06\/P1200428_tn.jpg'><img loading=\"lazy\" decoding=\"async\" width=\"300\" height=\"200\" src=\"https:\/\/rowerowycieszyn.pl\/wp-content\/uploads\/2022\/06\/P1200428_tn-300x200.jpg\" class=\"attachment-medium size-medium\" alt=\"Asfaltowy ci\u0105g pieszo rowerowy wzd\u0142u\u017c prawego brzegu Odry.\" aria-describedby=\"gallery-1-1435\" srcset=\"https:\/\/rowerowycieszyn.pl\/wp-content\/uploads\/2022\/06\/P1200428_tn-300x200.jpg 300w, https:\/\/rowerowycieszyn.pl\/wp-content\/uploads\/2022\/06\/P1200428_tn-1024x683.jpg 1024w, https:\/\/rowerowycieszyn.pl\/wp-content\/uploads\/2022\/06\/P1200428_tn-768x512.jpg 768w, https:\/\/rowerowycieszyn.pl\/wp-content\/uploads\/2022\/06\/P1200428_tn-1536x1024.jpg 1536w, https:\/\/rowerowycieszyn.pl\/wp-content\/uploads\/2022\/06\/P1200428_tn.jpg 1620w\" sizes=\"auto, (max-width: 300px) 100vw, 300px\" \/><\/a>\n\t\t\t<\/div>\n\t\t\t\t<figcaption class='wp-caption-text gallery-caption' id='gallery-1-1435'>\n\t\t\t\tAsfaltowy ci\u0105g pieszo rowerowy wzd\u0142u\u017c prawego brzegu Odry.\n\t\t\t\t<\/figcaption><\/figure><figure class='gallery-item'>\n\t\t\t<div class='gallery-icon landscape'>\n\t\t\t\t<a href='https:\/\/rowerowycieszyn.pl\/wp-content\/uploads\/2022\/06\/P1200442_tn.jpg'><img loading=\"lazy\" decoding=\"async\" width=\"300\" height=\"200\" src=\"https:\/\/rowerowycieszyn.pl\/wp-content\/uploads\/2022\/06\/P1200442_tn-300x200.jpg\" class=\"attachment-medium size-medium\" alt=\"Nadodrza\u0144skie wa\u0142y za Raciborzem.\" aria-describedby=\"gallery-1-1466\" srcset=\"https:\/\/rowerowycieszyn.pl\/wp-content\/uploads\/2022\/06\/P1200442_tn-300x200.jpg 300w, https:\/\/rowerowycieszyn.pl\/wp-content\/uploads\/2022\/06\/P1200442_tn-1024x683.jpg 1024w, https:\/\/rowerowycieszyn.pl\/wp-content\/uploads\/2022\/06\/P1200442_tn-768x512.jpg 768w, https:\/\/rowerowycieszyn.pl\/wp-content\/uploads\/2022\/06\/P1200442_tn-1536x1024.jpg 1536w, https:\/\/rowerowycieszyn.pl\/wp-content\/uploads\/2022\/06\/P1200442_tn.jpg 1620w\" sizes=\"auto, (max-width: 300px) 100vw, 300px\" \/><\/a>\n\t\t\t<\/div>\n\t\t\t\t<figcaption class='wp-caption-text gallery-caption' id='gallery-1-1466'>\n\t\t\t\tNadodrza\u0144skie wa\u0142y za Raciborzem.\n\t\t\t\t<\/figcaption><\/figure><figure class='gallery-item'>\n\t\t\t<div class='gallery-icon landscape'>\n\t\t\t\t<a href='https:\/\/rowerowycieszyn.pl\/wp-content\/uploads\/2022\/06\/P1200446_tn.jpg'><img loading=\"lazy\" decoding=\"async\" width=\"300\" height=\"200\" src=\"https:\/\/rowerowycieszyn.pl\/wp-content\/uploads\/2022\/06\/P1200446_tn-300x200.jpg\" class=\"attachment-medium size-medium\" alt=\"Gdzie\u015b w\u015br\u00f3d p\u00f3l mi\u0119dzy Raciborzem a Miedoni\u0105.\" aria-describedby=\"gallery-1-1467\" srcset=\"https:\/\/rowerowycieszyn.pl\/wp-content\/uploads\/2022\/06\/P1200446_tn-300x200.jpg 300w, https:\/\/rowerowycieszyn.pl\/wp-content\/uploads\/2022\/06\/P1200446_tn-1024x683.jpg 1024w, https:\/\/rowerowycieszyn.pl\/wp-content\/uploads\/2022\/06\/P1200446_tn-768x512.jpg 768w, https:\/\/rowerowycieszyn.pl\/wp-content\/uploads\/2022\/06\/P1200446_tn-1536x1024.jpg 1536w, https:\/\/rowerowycieszyn.pl\/wp-content\/uploads\/2022\/06\/P1200446_tn.jpg 1620w\" sizes=\"auto, (max-width: 300px) 100vw, 300px\" \/><\/a>\n\t\t\t<\/div>\n\t\t\t\t<figcaption class='wp-caption-text gallery-caption' id='gallery-1-1467'>\n\t\t\t\tGdzie\u015b w\u015br\u00f3d p\u00f3l mi\u0119dzy Raciborzem a Miedoni\u0105.\n\t\t\t\t<\/figcaption><\/figure><figure class='gallery-item'>\n\t\t\t<div class='gallery-icon landscape'>\n\t\t\t\t<a href='https:\/\/rowerowycieszyn.pl\/wp-content\/uploads\/2022\/06\/P1200458_tn.jpg'><img loading=\"lazy\" decoding=\"async\" width=\"300\" height=\"200\" src=\"https:\/\/rowerowycieszyn.pl\/wp-content\/uploads\/2022\/06\/P1200458_tn-300x200.jpg\" class=\"attachment-medium size-medium\" alt=\"W okolice Raciborza warto wybra\u0107 si\u0119 zw\u0142aszcza wiosn\u0105, gdy pola ton\u0105 w \u017c\u00f3\u0142ci kwitn\u0105cego rzepaku. Ko\u015bci\u00f3\u0142 w Rudniku widziany z okolic Miedoni.\" aria-describedby=\"gallery-1-1441\" srcset=\"https:\/\/rowerowycieszyn.pl\/wp-content\/uploads\/2022\/06\/P1200458_tn-300x200.jpg 300w, https:\/\/rowerowycieszyn.pl\/wp-content\/uploads\/2022\/06\/P1200458_tn-1024x683.jpg 1024w, https:\/\/rowerowycieszyn.pl\/wp-content\/uploads\/2022\/06\/P1200458_tn-768x512.jpg 768w, https:\/\/rowerowycieszyn.pl\/wp-content\/uploads\/2022\/06\/P1200458_tn-1536x1024.jpg 1536w, https:\/\/rowerowycieszyn.pl\/wp-content\/uploads\/2022\/06\/P1200458_tn.jpg 1620w\" sizes=\"auto, (max-width: 300px) 100vw, 300px\" \/><\/a>\n\t\t\t<\/div>\n\t\t\t\t<figcaption class='wp-caption-text gallery-caption' id='gallery-1-1441'>\n\t\t\t\tW okolice Raciborza warto wybra\u0107 si\u0119 zw\u0142aszcza wiosn\u0105, gdy pola ton\u0105 w \u017c\u00f3\u0142ci kwitn\u0105cego rzepaku. Ko\u015bci\u00f3\u0142 w Rudniku widziany z okolic Miedoni.\n\t\t\t\t<\/figcaption><\/figure><figure class='gallery-item'>\n\t\t\t<div class='gallery-icon landscape'>\n\t\t\t\t<a href='https:\/\/rowerowycieszyn.pl\/wp-content\/uploads\/2022\/06\/P1200512_tn.jpg'><img loading=\"lazy\" decoding=\"async\" width=\"300\" height=\"200\" src=\"https:\/\/rowerowycieszyn.pl\/wp-content\/uploads\/2022\/06\/P1200512_tn-300x200.jpg\" class=\"attachment-medium size-medium\" alt=\"Poniemiecka &quot;beton\u00f3wka&quot; za Grzegorzowicami. Beton gdzieniegdzie sp\u0119ka\u0142, ale poza tym jedzie si\u0119 jak po sznurku.\" aria-describedby=\"gallery-1-1437\" srcset=\"https:\/\/rowerowycieszyn.pl\/wp-content\/uploads\/2022\/06\/P1200512_tn-300x200.jpg 300w, https:\/\/rowerowycieszyn.pl\/wp-content\/uploads\/2022\/06\/P1200512_tn-1024x683.jpg 1024w, https:\/\/rowerowycieszyn.pl\/wp-content\/uploads\/2022\/06\/P1200512_tn-768x512.jpg 768w, https:\/\/rowerowycieszyn.pl\/wp-content\/uploads\/2022\/06\/P1200512_tn-1536x1024.jpg 1536w, https:\/\/rowerowycieszyn.pl\/wp-content\/uploads\/2022\/06\/P1200512_tn.jpg 1620w\" sizes=\"auto, (max-width: 300px) 100vw, 300px\" \/><\/a>\n\t\t\t<\/div>\n\t\t\t\t<figcaption class='wp-caption-text gallery-caption' id='gallery-1-1437'>\n\t\t\t\tPoniemiecka &#8222;beton\u00f3wka&#8221; za Grzegorzowicami. Beton gdzieniegdzie sp\u0119ka\u0142, ale poza tym jedzie si\u0119 jak po sznurku.\n\t\t\t\t<\/figcaption><\/figure><figure class='gallery-item'>\n\t\t\t<div class='gallery-icon landscape'>\n\t\t\t\t<a href='https:\/\/rowerowycieszyn.pl\/wp-content\/uploads\/2022\/06\/P1200484_tn.jpg'><img loading=\"lazy\" decoding=\"async\" width=\"300\" height=\"200\" src=\"https:\/\/rowerowycieszyn.pl\/wp-content\/uploads\/2022\/06\/P1200484_tn-300x200.jpg\" class=\"attachment-medium size-medium\" alt=\"Magnolia na \u015brodku \u0142\u0105ki, kt\u00f3ra kiedy\u015b byla pa\u0142acowym trawnikiem, przypomina o lepszych czasach tego pa\u0142acu.\" aria-describedby=\"gallery-1-1438\" srcset=\"https:\/\/rowerowycieszyn.pl\/wp-content\/uploads\/2022\/06\/P1200484_tn-300x200.jpg 300w, https:\/\/rowerowycieszyn.pl\/wp-content\/uploads\/2022\/06\/P1200484_tn-1024x683.jpg 1024w, https:\/\/rowerowycieszyn.pl\/wp-content\/uploads\/2022\/06\/P1200484_tn-768x512.jpg 768w, https:\/\/rowerowycieszyn.pl\/wp-content\/uploads\/2022\/06\/P1200484_tn-1536x1024.jpg 1536w, https:\/\/rowerowycieszyn.pl\/wp-content\/uploads\/2022\/06\/P1200484_tn.jpg 1620w\" sizes=\"auto, (max-width: 300px) 100vw, 300px\" \/><\/a>\n\t\t\t<\/div>\n\t\t\t\t<figcaption class='wp-caption-text gallery-caption' id='gallery-1-1438'>\n\t\t\t\tMagnolia na \u015brodku \u0142\u0105ki, kt\u00f3ra kiedy\u015b byla pa\u0142acowym trawnikiem, przypomina o lepszych czasach tego pa\u0142acu.\n\t\t\t\t<\/figcaption><\/figure><figure class='gallery-item'>\n\t\t\t<div class='gallery-icon landscape'>\n\t\t\t\t<a href='https:\/\/rowerowycieszyn.pl\/wp-content\/uploads\/2022\/06\/P1200489_tn.jpg'><img loading=\"lazy\" decoding=\"async\" width=\"300\" height=\"200\" src=\"https:\/\/rowerowycieszyn.pl\/wp-content\/uploads\/2022\/06\/P1200489_tn-300x200.jpg\" class=\"attachment-medium size-medium\" alt=\"Pozosta\u0142o\u015bci alei grabowej w parku pa\u0142acu Eichendorff\u00f3w.\" aria-describedby=\"gallery-1-1440\" srcset=\"https:\/\/rowerowycieszyn.pl\/wp-content\/uploads\/2022\/06\/P1200489_tn-300x200.jpg 300w, https:\/\/rowerowycieszyn.pl\/wp-content\/uploads\/2022\/06\/P1200489_tn-1024x683.jpg 1024w, https:\/\/rowerowycieszyn.pl\/wp-content\/uploads\/2022\/06\/P1200489_tn-768x512.jpg 768w, https:\/\/rowerowycieszyn.pl\/wp-content\/uploads\/2022\/06\/P1200489_tn-1536x1024.jpg 1536w, https:\/\/rowerowycieszyn.pl\/wp-content\/uploads\/2022\/06\/P1200489_tn.jpg 1620w\" sizes=\"auto, (max-width: 300px) 100vw, 300px\" \/><\/a>\n\t\t\t<\/div>\n\t\t\t\t<figcaption class='wp-caption-text gallery-caption' id='gallery-1-1440'>\n\t\t\t\tPozosta\u0142o\u015bci alei grabowej w parku pa\u0142acu Eichendorff\u00f3w.\n\t\t\t\t<\/figcaption><\/figure><figure class='gallery-item'>\n\t\t\t<div class='gallery-icon landscape'>\n\t\t\t\t<a href='https:\/\/rowerowycieszyn.pl\/wp-content\/uploads\/2022\/06\/P1200467_tn.jpg'><img loading=\"lazy\" decoding=\"async\" width=\"300\" height=\"200\" src=\"https:\/\/rowerowycieszyn.pl\/wp-content\/uploads\/2022\/06\/P1200467_tn-300x200.jpg\" class=\"attachment-medium size-medium\" alt=\"Ko\u015bci\u00f3\u0142 w \u0141ubowicach. Tu\u017c za nim jest r\u00f3wnie\u017c ciekawy poniemiecki cmentarz, na kt\u00f3rym spoczywa rodzina Eichendorf\u00f3w. W pobli\u017cu G\u00f3rno\u015bl\u0105skie Centrum Kultury i Spotka\u0144 im. Eichendorfa\" aria-describedby=\"gallery-1-1468\" srcset=\"https:\/\/rowerowycieszyn.pl\/wp-content\/uploads\/2022\/06\/P1200467_tn-300x200.jpg 300w, https:\/\/rowerowycieszyn.pl\/wp-content\/uploads\/2022\/06\/P1200467_tn-1024x683.jpg 1024w, https:\/\/rowerowycieszyn.pl\/wp-content\/uploads\/2022\/06\/P1200467_tn-768x512.jpg 768w, https:\/\/rowerowycieszyn.pl\/wp-content\/uploads\/2022\/06\/P1200467_tn-1536x1024.jpg 1536w, https:\/\/rowerowycieszyn.pl\/wp-content\/uploads\/2022\/06\/P1200467_tn.jpg 1620w\" sizes=\"auto, (max-width: 300px) 100vw, 300px\" \/><\/a>\n\t\t\t<\/div>\n\t\t\t\t<figcaption class='wp-caption-text gallery-caption' id='gallery-1-1468'>\n\t\t\t\tKo\u015bci\u00f3\u0142 w \u0141ubowicach. Tu\u017c za nim jest r\u00f3wnie\u017c ciekawy poniemiecki cmentarz, na kt\u00f3rym spoczywa rodzina Eichendorf\u00f3w. W pobli\u017cu G\u00f3rno\u015bl\u0105skie Centrum Kultury i Spotka\u0144 im. Eichendorfa\n\t\t\t\t<\/figcaption><\/figure><figure class='gallery-item'>\n\t\t\t<div class='gallery-icon landscape'>\n\t\t\t\t<a href='https:\/\/rowerowycieszyn.pl\/wp-content\/uploads\/2022\/06\/P1200517_tn.jpg'><img loading=\"lazy\" decoding=\"async\" width=\"300\" height=\"200\" src=\"https:\/\/rowerowycieszyn.pl\/wp-content\/uploads\/2022\/06\/P1200517_tn-300x200.jpg\" class=\"attachment-medium size-medium\" alt=\"W drodze do S\u0142awikowa.\" aria-describedby=\"gallery-1-1478\" srcset=\"https:\/\/rowerowycieszyn.pl\/wp-content\/uploads\/2022\/06\/P1200517_tn-300x200.jpg 300w, https:\/\/rowerowycieszyn.pl\/wp-content\/uploads\/2022\/06\/P1200517_tn-1024x683.jpg 1024w, https:\/\/rowerowycieszyn.pl\/wp-content\/uploads\/2022\/06\/P1200517_tn-768x512.jpg 768w, https:\/\/rowerowycieszyn.pl\/wp-content\/uploads\/2022\/06\/P1200517_tn-1536x1024.jpg 1536w, https:\/\/rowerowycieszyn.pl\/wp-content\/uploads\/2022\/06\/P1200517_tn.jpg 1620w\" sizes=\"auto, (max-width: 300px) 100vw, 300px\" \/><\/a>\n\t\t\t<\/div>\n\t\t\t\t<figcaption class='wp-caption-text gallery-caption' id='gallery-1-1478'>\n\t\t\t\tW drodze do S\u0142awikowa.\n\t\t\t\t<\/figcaption><\/figure><figure class='gallery-item'>\n\t\t\t<div class='gallery-icon landscape'>\n\t\t\t\t<a href='https:\/\/rowerowycieszyn.pl\/wp-content\/uploads\/2022\/06\/P1200528_tn.jpg'><img loading=\"lazy\" decoding=\"async\" width=\"300\" height=\"200\" src=\"https:\/\/rowerowycieszyn.pl\/wp-content\/uploads\/2022\/06\/P1200528_tn-300x200.jpg\" class=\"attachment-medium size-medium\" alt=\"Fronton pa\u0142acu w S\u0142awikowie.\" aria-describedby=\"gallery-1-1442\" srcset=\"https:\/\/rowerowycieszyn.pl\/wp-content\/uploads\/2022\/06\/P1200528_tn-300x200.jpg 300w, https:\/\/rowerowycieszyn.pl\/wp-content\/uploads\/2022\/06\/P1200528_tn-1024x683.jpg 1024w, https:\/\/rowerowycieszyn.pl\/wp-content\/uploads\/2022\/06\/P1200528_tn-768x512.jpg 768w, https:\/\/rowerowycieszyn.pl\/wp-content\/uploads\/2022\/06\/P1200528_tn-1536x1024.jpg 1536w, https:\/\/rowerowycieszyn.pl\/wp-content\/uploads\/2022\/06\/P1200528_tn.jpg 1620w\" sizes=\"auto, (max-width: 300px) 100vw, 300px\" \/><\/a>\n\t\t\t<\/div>\n\t\t\t\t<figcaption class='wp-caption-text gallery-caption' id='gallery-1-1442'>\n\t\t\t\tFronton pa\u0142acu w S\u0142awikowie.\n\t\t\t\t<\/figcaption><\/figure><figure class='gallery-item'>\n\t\t\t<div class='gallery-icon landscape'>\n\t\t\t\t<a href='https:\/\/rowerowycieszyn.pl\/wp-content\/uploads\/2022\/06\/P1200533_tn.jpg'><img loading=\"lazy\" decoding=\"async\" width=\"300\" height=\"200\" src=\"https:\/\/rowerowycieszyn.pl\/wp-content\/uploads\/2022\/06\/P1200533_tn-300x200.jpg\" class=\"attachment-medium size-medium\" alt=\"Pozosta\u0142o\u015bci dawnej oran\u017cerii w S\u0142awikowie.\" aria-describedby=\"gallery-1-1481\" srcset=\"https:\/\/rowerowycieszyn.pl\/wp-content\/uploads\/2022\/06\/P1200533_tn-300x200.jpg 300w, https:\/\/rowerowycieszyn.pl\/wp-content\/uploads\/2022\/06\/P1200533_tn-1024x683.jpg 1024w, https:\/\/rowerowycieszyn.pl\/wp-content\/uploads\/2022\/06\/P1200533_tn-768x512.jpg 768w, https:\/\/rowerowycieszyn.pl\/wp-content\/uploads\/2022\/06\/P1200533_tn-1536x1024.jpg 1536w, https:\/\/rowerowycieszyn.pl\/wp-content\/uploads\/2022\/06\/P1200533_tn.jpg 1620w\" sizes=\"auto, (max-width: 300px) 100vw, 300px\" \/><\/a>\n\t\t\t<\/div>\n\t\t\t\t<figcaption class='wp-caption-text gallery-caption' id='gallery-1-1481'>\n\t\t\t\tPozosta\u0142o\u015bci dawnej oran\u017cerii w S\u0142awikowie.\n\t\t\t\t<\/figcaption><\/figure><figure class='gallery-item'>\n\t\t\t<div class='gallery-icon landscape'>\n\t\t\t\t<a href='https:\/\/rowerowycieszyn.pl\/wp-content\/uploads\/2022\/06\/P1200550_tn.jpg'><img loading=\"lazy\" decoding=\"async\" width=\"300\" height=\"200\" src=\"https:\/\/rowerowycieszyn.pl\/wp-content\/uploads\/2022\/06\/P1200550_tn-300x200.jpg\" class=\"attachment-medium size-medium\" alt=\"Pa\u0142ac w S\u0142awikowie od strony parku. Na tympanonie wci\u0105\u017c wida\u0107 pozosta\u0142o\u015bci zegara s\u0142onecznego. Z prawej strony pozosta\u0142o\u015bci balustrady, gdy\u017c dach pe\u0142ni\u0142 funkcj\u0119 tarasu.\" aria-describedby=\"gallery-1-1443\" srcset=\"https:\/\/rowerowycieszyn.pl\/wp-content\/uploads\/2022\/06\/P1200550_tn-300x200.jpg 300w, https:\/\/rowerowycieszyn.pl\/wp-content\/uploads\/2022\/06\/P1200550_tn-1024x683.jpg 1024w, https:\/\/rowerowycieszyn.pl\/wp-content\/uploads\/2022\/06\/P1200550_tn-768x512.jpg 768w, https:\/\/rowerowycieszyn.pl\/wp-content\/uploads\/2022\/06\/P1200550_tn-1536x1024.jpg 1536w, https:\/\/rowerowycieszyn.pl\/wp-content\/uploads\/2022\/06\/P1200550_tn.jpg 1620w\" sizes=\"auto, (max-width: 300px) 100vw, 300px\" \/><\/a>\n\t\t\t<\/div>\n\t\t\t\t<figcaption class='wp-caption-text gallery-caption' id='gallery-1-1443'>\n\t\t\t\tPa\u0142ac w S\u0142awikowie od strony parku. Na tympanonie wci\u0105\u017c wida\u0107 pozosta\u0142o\u015bci zegara s\u0142onecznego. Z prawej strony pozosta\u0142o\u015bci balustrady, gdy\u017c dach pe\u0142ni\u0142 funkcj\u0119 tarasu.\n\t\t\t\t<\/figcaption><\/figure><figure class='gallery-item'>\n\t\t\t<div class='gallery-icon landscape'>\n\t\t\t\t<a href='https:\/\/rowerowycieszyn.pl\/wp-content\/uploads\/2022\/06\/P1200548_tn.jpg'><img loading=\"lazy\" decoding=\"async\" width=\"300\" height=\"200\" src=\"https:\/\/rowerowycieszyn.pl\/wp-content\/uploads\/2022\/06\/P1200548_tn-300x200.jpg\" class=\"attachment-medium size-medium\" alt=\"Ruiny mauzolerum w parku pa\u0142acu w S\u0142awikowie.\" aria-describedby=\"gallery-1-1470\" srcset=\"https:\/\/rowerowycieszyn.pl\/wp-content\/uploads\/2022\/06\/P1200548_tn-300x200.jpg 300w, https:\/\/rowerowycieszyn.pl\/wp-content\/uploads\/2022\/06\/P1200548_tn-1024x683.jpg 1024w, https:\/\/rowerowycieszyn.pl\/wp-content\/uploads\/2022\/06\/P1200548_tn-768x512.jpg 768w, https:\/\/rowerowycieszyn.pl\/wp-content\/uploads\/2022\/06\/P1200548_tn-1536x1024.jpg 1536w, https:\/\/rowerowycieszyn.pl\/wp-content\/uploads\/2022\/06\/P1200548_tn.jpg 1620w\" sizes=\"auto, (max-width: 300px) 100vw, 300px\" \/><\/a>\n\t\t\t<\/div>\n\t\t\t\t<figcaption class='wp-caption-text gallery-caption' id='gallery-1-1470'>\n\t\t\t\tRuiny mauzolerum w parku pa\u0142acu w S\u0142awikowie.\n\t\t\t\t<\/figcaption><\/figure><figure class='gallery-item'>\n\t\t\t<div class='gallery-icon landscape'>\n\t\t\t\t<a href='https:\/\/rowerowycieszyn.pl\/wp-content\/uploads\/2022\/06\/P1200553_tn.jpg'><img loading=\"lazy\" decoding=\"async\" width=\"300\" height=\"200\" src=\"https:\/\/rowerowycieszyn.pl\/wp-content\/uploads\/2022\/06\/P1200553_tn-300x200.jpg\" class=\"attachment-medium size-medium\" alt=\"Ruiny pa\u0142acu w S\u0142awikowie.\" srcset=\"https:\/\/rowerowycieszyn.pl\/wp-content\/uploads\/2022\/06\/P1200553_tn-300x200.jpg 300w, https:\/\/rowerowycieszyn.pl\/wp-content\/uploads\/2022\/06\/P1200553_tn-1024x683.jpg 1024w, https:\/\/rowerowycieszyn.pl\/wp-content\/uploads\/2022\/06\/P1200553_tn-768x512.jpg 768w, https:\/\/rowerowycieszyn.pl\/wp-content\/uploads\/2022\/06\/P1200553_tn-1536x1024.jpg 1536w, https:\/\/rowerowycieszyn.pl\/wp-content\/uploads\/2022\/06\/P1200553_tn.jpg 1620w\" sizes=\"auto, (max-width: 300px) 100vw, 300px\" \/><\/a>\n\t\t\t<\/div><\/figure><figure class='gallery-item'>\n\t\t\t<div class='gallery-icon landscape'>\n\t\t\t\t<a href='https:\/\/rowerowycieszyn.pl\/wp-content\/uploads\/2022\/06\/P1200536_tn.jpg'><img loading=\"lazy\" decoding=\"async\" width=\"300\" height=\"200\" src=\"https:\/\/rowerowycieszyn.pl\/wp-content\/uploads\/2022\/06\/P1200536_tn-300x200.jpg\" class=\"attachment-medium size-medium\" alt=\"Spichlerz w S\u0142awikowie w pobli\u017cu pa\u0142acu.\" aria-describedby=\"gallery-1-1469\" srcset=\"https:\/\/rowerowycieszyn.pl\/wp-content\/uploads\/2022\/06\/P1200536_tn-300x200.jpg 300w, https:\/\/rowerowycieszyn.pl\/wp-content\/uploads\/2022\/06\/P1200536_tn-1024x683.jpg 1024w, https:\/\/rowerowycieszyn.pl\/wp-content\/uploads\/2022\/06\/P1200536_tn-768x512.jpg 768w, https:\/\/rowerowycieszyn.pl\/wp-content\/uploads\/2022\/06\/P1200536_tn-1536x1024.jpg 1536w, https:\/\/rowerowycieszyn.pl\/wp-content\/uploads\/2022\/06\/P1200536_tn.jpg 1620w\" sizes=\"auto, (max-width: 300px) 100vw, 300px\" \/><\/a>\n\t\t\t<\/div>\n\t\t\t\t<figcaption class='wp-caption-text gallery-caption' id='gallery-1-1469'>\n\t\t\t\tSpichlerz w S\u0142awikowie w pobli\u017cu pa\u0142acu.\n\t\t\t\t<\/figcaption><\/figure><figure class='gallery-item'>\n\t\t\t<div class='gallery-icon landscape'>\n\t\t\t\t<a href='https:\/\/rowerowycieszyn.pl\/wp-content\/uploads\/2022\/06\/P1200583_tn.jpg'><img loading=\"lazy\" decoding=\"async\" width=\"300\" height=\"200\" src=\"https:\/\/rowerowycieszyn.pl\/wp-content\/uploads\/2022\/06\/P1200583_tn-300x200.jpg\" class=\"attachment-medium size-medium\" alt=\"Droga przez pola mi\u0119dzy Czerwi\u0119cicami a Szonowicami.\" aria-describedby=\"gallery-1-1446\" srcset=\"https:\/\/rowerowycieszyn.pl\/wp-content\/uploads\/2022\/06\/P1200583_tn-300x200.jpg 300w, https:\/\/rowerowycieszyn.pl\/wp-content\/uploads\/2022\/06\/P1200583_tn-1024x683.jpg 1024w, https:\/\/rowerowycieszyn.pl\/wp-content\/uploads\/2022\/06\/P1200583_tn-768x512.jpg 768w, https:\/\/rowerowycieszyn.pl\/wp-content\/uploads\/2022\/06\/P1200583_tn-1536x1024.jpg 1536w, https:\/\/rowerowycieszyn.pl\/wp-content\/uploads\/2022\/06\/P1200583_tn.jpg 1620w\" sizes=\"auto, (max-width: 300px) 100vw, 300px\" \/><\/a>\n\t\t\t<\/div>\n\t\t\t\t<figcaption class='wp-caption-text gallery-caption' id='gallery-1-1446'>\n\t\t\t\tDroga przez pola mi\u0119dzy Czerwi\u0119cicami a Szonowicami.\n\t\t\t\t<\/figcaption><\/figure><figure class='gallery-item'>\n\t\t\t<div class='gallery-icon landscape'>\n\t\t\t\t<a href='https:\/\/rowerowycieszyn.pl\/wp-content\/uploads\/2022\/06\/P1200559_tn.jpg'><img loading=\"lazy\" decoding=\"async\" width=\"300\" height=\"200\" src=\"https:\/\/rowerowycieszyn.pl\/wp-content\/uploads\/2022\/06\/P1200559_tn-300x200.jpg\" class=\"attachment-medium size-medium\" alt=\"Pola za Modzurowem. Ze wzgl\u0119du na \u0142any kwitn\u0105cego rzepaku maj, to doskona\u0142y miesi\u0105c na wycieczk\u0119 w tamte okolice.\" aria-describedby=\"gallery-1-1471\" srcset=\"https:\/\/rowerowycieszyn.pl\/wp-content\/uploads\/2022\/06\/P1200559_tn-300x200.jpg 300w, https:\/\/rowerowycieszyn.pl\/wp-content\/uploads\/2022\/06\/P1200559_tn-1024x683.jpg 1024w, https:\/\/rowerowycieszyn.pl\/wp-content\/uploads\/2022\/06\/P1200559_tn-768x512.jpg 768w, https:\/\/rowerowycieszyn.pl\/wp-content\/uploads\/2022\/06\/P1200559_tn-1536x1024.jpg 1536w, https:\/\/rowerowycieszyn.pl\/wp-content\/uploads\/2022\/06\/P1200559_tn.jpg 1620w\" sizes=\"auto, (max-width: 300px) 100vw, 300px\" \/><\/a>\n\t\t\t<\/div>\n\t\t\t\t<figcaption class='wp-caption-text gallery-caption' id='gallery-1-1471'>\n\t\t\t\tPola za Modzurowem. Ze wzgl\u0119du na \u0142any kwitn\u0105cego rzepaku maj to doskona\u0142y miesi\u0105c na wycieczk\u0119 w tamte okolice.\n\t\t\t\t<\/figcaption><\/figure><figure class='gallery-item'>\n\t\t\t<div class='gallery-icon landscape'>\n\t\t\t\t<a href='https:\/\/rowerowycieszyn.pl\/wp-content\/uploads\/2022\/06\/P1200601_tn.jpg'><img loading=\"lazy\" decoding=\"async\" width=\"300\" height=\"200\" src=\"https:\/\/rowerowycieszyn.pl\/wp-content\/uploads\/2022\/06\/P1200601_tn-300x200.jpg\" class=\"attachment-medium size-medium\" alt=\"Pozosta\u0142o\u015bci ku\u017ani w Strzybniku. Zgodnie z informacj\u0105 pod p\u0142askorze\u017ab\u0105 przedsawiaj\u0105c\u0105 kowala, obiekt pochodzi z 1912 roku.\" aria-describedby=\"gallery-1-1448\" srcset=\"https:\/\/rowerowycieszyn.pl\/wp-content\/uploads\/2022\/06\/P1200601_tn-300x200.jpg 300w, https:\/\/rowerowycieszyn.pl\/wp-content\/uploads\/2022\/06\/P1200601_tn-1024x683.jpg 1024w, https:\/\/rowerowycieszyn.pl\/wp-content\/uploads\/2022\/06\/P1200601_tn-768x512.jpg 768w, https:\/\/rowerowycieszyn.pl\/wp-content\/uploads\/2022\/06\/P1200601_tn-1536x1024.jpg 1536w, https:\/\/rowerowycieszyn.pl\/wp-content\/uploads\/2022\/06\/P1200601_tn.jpg 1620w\" sizes=\"auto, (max-width: 300px) 100vw, 300px\" \/><\/a>\n\t\t\t<\/div>\n\t\t\t\t<figcaption class='wp-caption-text gallery-caption' id='gallery-1-1448'>\n\t\t\t\tPozosta\u0142o\u015bci ku\u017ani w Strzybniku. Zgodnie z informacj\u0105 pod p\u0142askorze\u017ab\u0105 przedsawiaj\u0105c\u0105 kowala, obiekt pochodzi z 1912 roku.\n\t\t\t\t<\/figcaption><\/figure><figure class='gallery-item'>\n\t\t\t<div class='gallery-icon landscape'>\n\t\t\t\t<a href='https:\/\/rowerowycieszyn.pl\/wp-content\/uploads\/2022\/06\/P1200617_tn.jpg'><img loading=\"lazy\" decoding=\"async\" width=\"300\" height=\"200\" src=\"https:\/\/rowerowycieszyn.pl\/wp-content\/uploads\/2022\/06\/P1200617_tn-300x200.jpg\" class=\"attachment-medium size-medium\" alt=\"Wej\u015bcie do pa\u0142acu w Strzybniku przypomina dzisiaj ruiny jakiej\u015b azteckiej budowli ukrytej gdzie\u015b a d\u017cungli p\u00f3\u0142wyspu Jukatan. \u015awietna sceneria do film\u00f3w typu Tomb Raider.\" aria-describedby=\"gallery-1-1449\" srcset=\"https:\/\/rowerowycieszyn.pl\/wp-content\/uploads\/2022\/06\/P1200617_tn-300x200.jpg 300w, https:\/\/rowerowycieszyn.pl\/wp-content\/uploads\/2022\/06\/P1200617_tn-1024x683.jpg 1024w, https:\/\/rowerowycieszyn.pl\/wp-content\/uploads\/2022\/06\/P1200617_tn-768x512.jpg 768w, https:\/\/rowerowycieszyn.pl\/wp-content\/uploads\/2022\/06\/P1200617_tn-1536x1024.jpg 1536w, https:\/\/rowerowycieszyn.pl\/wp-content\/uploads\/2022\/06\/P1200617_tn.jpg 1620w\" sizes=\"auto, (max-width: 300px) 100vw, 300px\" \/><\/a>\n\t\t\t<\/div>\n\t\t\t\t<figcaption class='wp-caption-text gallery-caption' id='gallery-1-1449'>\n\t\t\t\tWej\u015bcie do pa\u0142acu w Strzybniku przypomina dzisiaj ruiny jakiej\u015b azteckiej budowli ukrytej gdzie\u015b a d\u017cungli p\u00f3\u0142wyspu Jukatan. \u015awietna sceneria do film\u00f3w typu Tomb Raider.\n\t\t\t\t<\/figcaption><\/figure><figure class='gallery-item'>\n\t\t\t<div class='gallery-icon landscape'>\n\t\t\t\t<a href='https:\/\/rowerowycieszyn.pl\/wp-content\/uploads\/2022\/06\/P1200622_tn.jpg'><img loading=\"lazy\" decoding=\"async\" width=\"300\" height=\"200\" src=\"https:\/\/rowerowycieszyn.pl\/wp-content\/uploads\/2022\/06\/P1200622_tn-300x200.jpg\" class=\"attachment-medium size-medium\" alt=\"Wn\u0119trze pa\u0142acu w Strzybniku. Gdzieniegdzie wida\u0107 jeszcze malowania \u015bcian, resztki pod\u0142\u00f3g i kafle z rozwalonych piec\u00f3w.\" aria-describedby=\"gallery-1-1450\" srcset=\"https:\/\/rowerowycieszyn.pl\/wp-content\/uploads\/2022\/06\/P1200622_tn-300x200.jpg 300w, https:\/\/rowerowycieszyn.pl\/wp-content\/uploads\/2022\/06\/P1200622_tn-1024x683.jpg 1024w, https:\/\/rowerowycieszyn.pl\/wp-content\/uploads\/2022\/06\/P1200622_tn-768x512.jpg 768w, https:\/\/rowerowycieszyn.pl\/wp-content\/uploads\/2022\/06\/P1200622_tn-1536x1024.jpg 1536w, https:\/\/rowerowycieszyn.pl\/wp-content\/uploads\/2022\/06\/P1200622_tn.jpg 1620w\" sizes=\"auto, (max-width: 300px) 100vw, 300px\" \/><\/a>\n\t\t\t<\/div>\n\t\t\t\t<figcaption class='wp-caption-text gallery-caption' id='gallery-1-1450'>\n\t\t\t\tWn\u0119trze pa\u0142acu w Strzybniku. Gdzieniegdzie wida\u0107 jeszcze malowania \u015bcian, resztki pod\u0142\u00f3g i kafle z rozwalonych piec\u00f3w.\n\t\t\t\t<\/figcaption><\/figure><figure class='gallery-item'>\n\t\t\t<div class='gallery-icon landscape'>\n\t\t\t\t<a href='https:\/\/rowerowycieszyn.pl\/wp-content\/uploads\/2022\/06\/P1200634_tn.jpg'><img loading=\"lazy\" decoding=\"async\" width=\"300\" height=\"200\" src=\"https:\/\/rowerowycieszyn.pl\/wp-content\/uploads\/2022\/06\/P1200634_tn-300x200.jpg\" class=\"attachment-medium size-medium\" alt=\"Pozosta\u0142o\u015bci pa\u0142acu w Rudniku. Tu te\u017c zaczyna ju\u017c rz\u0105dzi\u0107 las.\" aria-describedby=\"gallery-1-1452\" srcset=\"https:\/\/rowerowycieszyn.pl\/wp-content\/uploads\/2022\/06\/P1200634_tn-300x200.jpg 300w, https:\/\/rowerowycieszyn.pl\/wp-content\/uploads\/2022\/06\/P1200634_tn-1024x683.jpg 1024w, https:\/\/rowerowycieszyn.pl\/wp-content\/uploads\/2022\/06\/P1200634_tn-768x512.jpg 768w, https:\/\/rowerowycieszyn.pl\/wp-content\/uploads\/2022\/06\/P1200634_tn-1536x1024.jpg 1536w, https:\/\/rowerowycieszyn.pl\/wp-content\/uploads\/2022\/06\/P1200634_tn.jpg 1620w\" sizes=\"auto, (max-width: 300px) 100vw, 300px\" \/><\/a>\n\t\t\t<\/div>\n\t\t\t\t<figcaption class='wp-caption-text gallery-caption' id='gallery-1-1452'>\n\t\t\t\tPozosta\u0142o\u015bci pa\u0142acu w Rudniku. Tu te\u017c zaczyna ju\u017c rz\u0105dzi\u0107 las.\n\t\t\t\t<\/figcaption><\/figure><figure class='gallery-item'>\n\t\t\t<div class='gallery-icon landscape'>\n\t\t\t\t<a href='https:\/\/rowerowycieszyn.pl\/wp-content\/uploads\/2022\/06\/P1210062_tn.jpg'><img loading=\"lazy\" decoding=\"async\" width=\"300\" height=\"200\" src=\"https:\/\/rowerowycieszyn.pl\/wp-content\/uploads\/2022\/06\/P1210062_tn-300x200.jpg\" class=\"attachment-medium size-medium\" alt=\"Ulokowany na wzg\u00f3rzu zamek w Jastrz\u0119biu jest w\u0142asno\u015bci\u0105 prywatn\u0105 i jedynie z oddali mo\u017cna podziwia\u0107 jego zarysy.\" aria-describedby=\"gallery-1-1460\" srcset=\"https:\/\/rowerowycieszyn.pl\/wp-content\/uploads\/2022\/06\/P1210062_tn-300x200.jpg 300w, https:\/\/rowerowycieszyn.pl\/wp-content\/uploads\/2022\/06\/P1210062_tn-1024x683.jpg 1024w, https:\/\/rowerowycieszyn.pl\/wp-content\/uploads\/2022\/06\/P1210062_tn-768x512.jpg 768w, https:\/\/rowerowycieszyn.pl\/wp-content\/uploads\/2022\/06\/P1210062_tn-1536x1024.jpg 1536w, https:\/\/rowerowycieszyn.pl\/wp-content\/uploads\/2022\/06\/P1210062_tn.jpg 1620w\" sizes=\"auto, (max-width: 300px) 100vw, 300px\" \/><\/a>\n\t\t\t<\/div>\n\t\t\t\t<figcaption class='wp-caption-text gallery-caption' id='gallery-1-1460'>\n\t\t\t\tUlokowany na wzg\u00f3rzu zamek w Jastrz\u0119biu jest w\u0142asno\u015bci\u0105 prywatn\u0105 i jedynie z oddali mo\u017cna podziwia\u0107 jego zarysy.\n\t\t\t\t<\/figcaption><\/figure><figure class='gallery-item'>\n\t\t\t<div class='gallery-icon landscape'>\n\t\t\t\t<a href='https:\/\/rowerowycieszyn.pl\/wp-content\/uploads\/2022\/06\/P1210071_tn.jpg'><img loading=\"lazy\" decoding=\"async\" width=\"300\" height=\"200\" src=\"https:\/\/rowerowycieszyn.pl\/wp-content\/uploads\/2022\/06\/P1210071_tn-300x200.jpg\" class=\"attachment-medium size-medium\" alt=\"Eklektyczny i przez to bardzo ciekawy zesp\u00f3\u0142 pa\u0142acowo-parkowy w Krowiarkach. Mo\u017cna tu podziwia\u0107 po\u0142\u0105czenie stylu secesyjnego, neorenesansowego i neobarokowego. Ale tylko przez p\u0142ot.\" aria-describedby=\"gallery-1-1461\" srcset=\"https:\/\/rowerowycieszyn.pl\/wp-content\/uploads\/2022\/06\/P1210071_tn-300x200.jpg 300w, https:\/\/rowerowycieszyn.pl\/wp-content\/uploads\/2022\/06\/P1210071_tn-1024x683.jpg 1024w, https:\/\/rowerowycieszyn.pl\/wp-content\/uploads\/2022\/06\/P1210071_tn-768x512.jpg 768w, https:\/\/rowerowycieszyn.pl\/wp-content\/uploads\/2022\/06\/P1210071_tn-1536x1024.jpg 1536w, https:\/\/rowerowycieszyn.pl\/wp-content\/uploads\/2022\/06\/P1210071_tn.jpg 1620w\" sizes=\"auto, (max-width: 300px) 100vw, 300px\" \/><\/a>\n\t\t\t<\/div>\n\t\t\t\t<figcaption class='wp-caption-text gallery-caption' id='gallery-1-1461'>\n\t\t\t\tEklektyczny i przez to bardzo ciekawy zesp\u00f3\u0142 pa\u0142acowo-parkowy w Krowiarkach. Mo\u017cna tu podziwia\u0107 po\u0142\u0105czenie stylu secesyjnego, neorenesansowego i neobarokowego. Ale tylko przez p\u0142ot.\n\t\t\t\t<\/figcaption><\/figure><figure class='gallery-item'>\n\t\t\t<div class='gallery-icon landscape'>\n\t\t\t\t<a href='https:\/\/rowerowycieszyn.pl\/wp-content\/uploads\/2022\/06\/P1200413_tn.jpg'><img loading=\"lazy\" decoding=\"async\" width=\"300\" height=\"200\" src=\"https:\/\/rowerowycieszyn.pl\/wp-content\/uploads\/2022\/06\/P1200413_tn-300x200.jpg\" class=\"attachment-medium size-medium\" alt=\"Rynek w Raciborzu. Tu mo\u017cna zje\u015b\u0107 obiad lub wypi\u0107 dobr\u0105 kaw\u0119 z lodami.\" aria-describedby=\"gallery-1-1465\" srcset=\"https:\/\/rowerowycieszyn.pl\/wp-content\/uploads\/2022\/06\/P1200413_tn-300x200.jpg 300w, https:\/\/rowerowycieszyn.pl\/wp-content\/uploads\/2022\/06\/P1200413_tn-1024x683.jpg 1024w, https:\/\/rowerowycieszyn.pl\/wp-content\/uploads\/2022\/06\/P1200413_tn-768x512.jpg 768w, https:\/\/rowerowycieszyn.pl\/wp-content\/uploads\/2022\/06\/P1200413_tn-1536x1024.jpg 1536w, https:\/\/rowerowycieszyn.pl\/wp-content\/uploads\/2022\/06\/P1200413_tn.jpg 1620w\" sizes=\"auto, (max-width: 300px) 100vw, 300px\" \/><\/a>\n\t\t\t<\/div>\n\t\t\t\t<figcaption class='wp-caption-text gallery-caption' id='gallery-1-1465'>\n\t\t\t\tRynek w Raciborzu. Tu mo\u017cna zje\u015b\u0107 obiad lub wypi\u0107 dobr\u0105 kaw\u0119 z lodami.\n\t\t\t\t<\/figcaption><\/figure>\n\t\t<\/div>\n\r\n","protected":false},"excerpt":{"rendered":"<p>Podziwiamy \u017belazny Szlak, chwalimy si\u0119 przejechaniem Velo Czorsztyn, w t\u0142umie pieszych i rowerzyst\u00f3w kr\u0119cimy od zamku do zamku na Szlaku Orlich Gniazd, coraz popularniejsza jest Kotlina K\u0142odzka a nawet niezwyk\u0142a&hellip; <\/p>\n","protected":false},"author":1,"featured_media":1444,"comment_status":"open","ping_status":"open","sticky":false,"template":"","format":"standard","meta":{"footnotes":""},"categories":[1,22,23],"tags":[],"class_list":["post-1428","post","type-post","status-publish","format-standard","has-post-thumbnail","hentry","category-bez-kategorii","category-trasy","category-trasy-w-okolicy"],"yoast_head":"<!-- This site is optimized with the Yoast SEO plugin v27.3 - https:\/\/yoast.com\/product\/yoast-seo-wordpress\/ -->\n<title>Pa\u0142ace i zamki Ziemi Raciborskiej - Rowerowy Cieszyn<\/title>\n<meta name=\"description\" content=\"Pa\u0142ace i zamki Ziemi Raciborskiej, to wymarzona trasa dla rowerzyst\u00f3w, kt\u00f3rzy lubi\u0105 \u0142\u0105czy\u0107 przebywanie na \u0142onie przyrody z eksploracj\u0105 historyczn\u0105.\" \/>\n<meta name=\"robots\" content=\"index, follow, max-snippet:-1, max-image-preview:large, max-video-preview:-1\" \/>\n<link rel=\"canonical\" href=\"https:\/\/rowerowycieszyn.pl\/index.php\/2022\/06\/09\/palace-i-zamki-ziemi-raciborskiej\/\" \/>\n<meta property=\"og:locale\" content=\"pl_PL\" \/>\n<meta property=\"og:type\" content=\"article\" \/>\n<meta property=\"og:title\" content=\"Pa\u0142ace i zamki Ziemi Raciborskiej - Rowerowy Cieszyn\" \/>\n<meta property=\"og:description\" content=\"Pa\u0142ace i zamki Ziemi Raciborskiej, to wymarzona trasa dla rowerzyst\u00f3w, kt\u00f3rzy lubi\u0105 \u0142\u0105czy\u0107 przebywanie na \u0142onie przyrody z eksploracj\u0105 historyczn\u0105.\" \/>\n<meta property=\"og:url\" content=\"https:\/\/rowerowycieszyn.pl\/index.php\/2022\/06\/09\/palace-i-zamki-ziemi-raciborskiej\/\" \/>\n<meta property=\"og:site_name\" content=\"Rowerowy Cieszyn\" \/>\n<meta property=\"article:publisher\" content=\"https:\/\/www.facebook.com\/RowerowyCieszyn\" \/>\n<meta property=\"article:published_time\" content=\"2022-06-09T17:08:50+00:00\" \/>\n<meta property=\"article:modified_time\" content=\"2022-11-22T11:29:46+00:00\" \/>\n<meta property=\"og:image\" content=\"http:\/\/rowerowycieszyn.pl\/wp-content\/uploads\/2022\/06\/P1200553_tn.jpg\" \/>\n\t<meta property=\"og:image:width\" content=\"1620\" \/>\n\t<meta property=\"og:image:height\" content=\"1080\" \/>\n\t<meta property=\"og:image:type\" content=\"image\/jpeg\" \/>\n<meta name=\"author\" content=\"Rowerowy Cieszyn\" \/>\n<meta name=\"twitter:card\" content=\"summary_large_image\" \/>\n<meta name=\"twitter:label1\" content=\"Napisane przez\" \/>\n\t<meta name=\"twitter:data1\" content=\"Rowerowy Cieszyn\" \/>\n\t<meta name=\"twitter:label2\" content=\"Szacowany czas czytania\" \/>\n\t<meta name=\"twitter:data2\" content=\"13 minut\" \/>\n<script type=\"application\/ld+json\" class=\"yoast-schema-graph\">{\"@context\":\"https:\\\/\\\/schema.org\",\"@graph\":[{\"@type\":\"Article\",\"@id\":\"https:\\\/\\\/rowerowycieszyn.pl\\\/index.php\\\/2022\\\/06\\\/09\\\/palace-i-zamki-ziemi-raciborskiej\\\/#article\",\"isPartOf\":{\"@id\":\"https:\\\/\\\/rowerowycieszyn.pl\\\/index.php\\\/2022\\\/06\\\/09\\\/palace-i-zamki-ziemi-raciborskiej\\\/\"},\"author\":{\"name\":\"Rowerowy Cieszyn\",\"@id\":\"https:\\\/\\\/rowerowycieszyn.pl\\\/#\\\/schema\\\/person\\\/b698cee63b7405acd7e70007d7cc8b2a\"},\"headline\":\"Pa\u0142ace i zamki Ziemi Raciborskiej\",\"datePublished\":\"2022-06-09T17:08:50+00:00\",\"dateModified\":\"2022-11-22T11:29:46+00:00\",\"mainEntityOfPage\":{\"@id\":\"https:\\\/\\\/rowerowycieszyn.pl\\\/index.php\\\/2022\\\/06\\\/09\\\/palace-i-zamki-ziemi-raciborskiej\\\/\"},\"wordCount\":2127,\"commentCount\":0,\"publisher\":{\"@id\":\"https:\\\/\\\/rowerowycieszyn.pl\\\/#organization\"},\"image\":{\"@id\":\"https:\\\/\\\/rowerowycieszyn.pl\\\/index.php\\\/2022\\\/06\\\/09\\\/palace-i-zamki-ziemi-raciborskiej\\\/#primaryimage\"},\"thumbnailUrl\":\"https:\\\/\\\/rowerowycieszyn.pl\\\/wp-content\\\/uploads\\\/2022\\\/06\\\/P1200553_tn.jpg\",\"articleSection\":{\"1\":\"Trasy\",\"2\":\"Trasy w okolicy\"},\"inLanguage\":\"pl-PL\",\"potentialAction\":[{\"@type\":\"CommentAction\",\"name\":\"Comment\",\"target\":[\"https:\\\/\\\/rowerowycieszyn.pl\\\/index.php\\\/2022\\\/06\\\/09\\\/palace-i-zamki-ziemi-raciborskiej\\\/#respond\"]}]},{\"@type\":\"WebPage\",\"@id\":\"https:\\\/\\\/rowerowycieszyn.pl\\\/index.php\\\/2022\\\/06\\\/09\\\/palace-i-zamki-ziemi-raciborskiej\\\/\",\"url\":\"https:\\\/\\\/rowerowycieszyn.pl\\\/index.php\\\/2022\\\/06\\\/09\\\/palace-i-zamki-ziemi-raciborskiej\\\/\",\"name\":\"Pa\u0142ace i zamki Ziemi Raciborskiej - Rowerowy Cieszyn\",\"isPartOf\":{\"@id\":\"https:\\\/\\\/rowerowycieszyn.pl\\\/#website\"},\"primaryImageOfPage\":{\"@id\":\"https:\\\/\\\/rowerowycieszyn.pl\\\/index.php\\\/2022\\\/06\\\/09\\\/palace-i-zamki-ziemi-raciborskiej\\\/#primaryimage\"},\"image\":{\"@id\":\"https:\\\/\\\/rowerowycieszyn.pl\\\/index.php\\\/2022\\\/06\\\/09\\\/palace-i-zamki-ziemi-raciborskiej\\\/#primaryimage\"},\"thumbnailUrl\":\"https:\\\/\\\/rowerowycieszyn.pl\\\/wp-content\\\/uploads\\\/2022\\\/06\\\/P1200553_tn.jpg\",\"datePublished\":\"2022-06-09T17:08:50+00:00\",\"dateModified\":\"2022-11-22T11:29:46+00:00\",\"description\":\"Pa\u0142ace i zamki Ziemi Raciborskiej, to wymarzona trasa dla rowerzyst\u00f3w, kt\u00f3rzy lubi\u0105 \u0142\u0105czy\u0107 przebywanie na \u0142onie przyrody z eksploracj\u0105 historyczn\u0105.\",\"breadcrumb\":{\"@id\":\"https:\\\/\\\/rowerowycieszyn.pl\\\/index.php\\\/2022\\\/06\\\/09\\\/palace-i-zamki-ziemi-raciborskiej\\\/#breadcrumb\"},\"inLanguage\":\"pl-PL\",\"potentialAction\":[{\"@type\":\"ReadAction\",\"target\":[\"https:\\\/\\\/rowerowycieszyn.pl\\\/index.php\\\/2022\\\/06\\\/09\\\/palace-i-zamki-ziemi-raciborskiej\\\/\"]}]},{\"@type\":\"ImageObject\",\"inLanguage\":\"pl-PL\",\"@id\":\"https:\\\/\\\/rowerowycieszyn.pl\\\/index.php\\\/2022\\\/06\\\/09\\\/palace-i-zamki-ziemi-raciborskiej\\\/#primaryimage\",\"url\":\"https:\\\/\\\/rowerowycieszyn.pl\\\/wp-content\\\/uploads\\\/2022\\\/06\\\/P1200553_tn.jpg\",\"contentUrl\":\"https:\\\/\\\/rowerowycieszyn.pl\\\/wp-content\\\/uploads\\\/2022\\\/06\\\/P1200553_tn.jpg\",\"width\":1620,\"height\":1080,\"caption\":\"Ruiny pa\u0142acu w S\u0142awikowie.\"},{\"@type\":\"BreadcrumbList\",\"@id\":\"https:\\\/\\\/rowerowycieszyn.pl\\\/index.php\\\/2022\\\/06\\\/09\\\/palace-i-zamki-ziemi-raciborskiej\\\/#breadcrumb\",\"itemListElement\":[{\"@type\":\"ListItem\",\"position\":1,\"name\":\"Home\",\"item\":\"https:\\\/\\\/rowerowycieszyn.pl\\\/\"},{\"@type\":\"ListItem\",\"position\":2,\"name\":\"Pa\u0142ace i zamki Ziemi Raciborskiej\"}]},{\"@type\":\"WebSite\",\"@id\":\"https:\\\/\\\/rowerowycieszyn.pl\\\/#website\",\"url\":\"https:\\\/\\\/rowerowycieszyn.pl\\\/\",\"name\":\"Rowerowy Cieszyn\",\"description\":\"Strona promuj\u0105ca komunikacj\u0119 oraz turystyk\u0119 rowerow\u0105 na terenie Cieszyna i okolic.\",\"publisher\":{\"@id\":\"https:\\\/\\\/rowerowycieszyn.pl\\\/#organization\"},\"potentialAction\":[{\"@type\":\"SearchAction\",\"target\":{\"@type\":\"EntryPoint\",\"urlTemplate\":\"https:\\\/\\\/rowerowycieszyn.pl\\\/?s={search_term_string}\"},\"query-input\":{\"@type\":\"PropertyValueSpecification\",\"valueRequired\":true,\"valueName\":\"search_term_string\"}}],\"inLanguage\":\"pl-PL\"},{\"@type\":\"Organization\",\"@id\":\"https:\\\/\\\/rowerowycieszyn.pl\\\/#organization\",\"name\":\"Rowerowy Cieszyn\",\"url\":\"https:\\\/\\\/rowerowycieszyn.pl\\\/\",\"logo\":{\"@type\":\"ImageObject\",\"inLanguage\":\"pl-PL\",\"@id\":\"https:\\\/\\\/rowerowycieszyn.pl\\\/#\\\/schema\\\/logo\\\/image\\\/\",\"url\":\"https:\\\/\\\/rowerowycieszyn.pl\\\/wp-content\\\/uploads\\\/2020\\\/07\\\/cropped-rower1_cr_tn-1.jpg\",\"contentUrl\":\"https:\\\/\\\/rowerowycieszyn.pl\\\/wp-content\\\/uploads\\\/2020\\\/07\\\/cropped-rower1_cr_tn-1.jpg\",\"width\":250,\"height\":100,\"caption\":\"Rowerowy Cieszyn\"},\"image\":{\"@id\":\"https:\\\/\\\/rowerowycieszyn.pl\\\/#\\\/schema\\\/logo\\\/image\\\/\"},\"sameAs\":[\"https:\\\/\\\/www.facebook.com\\\/RowerowyCieszyn\"]},{\"@type\":\"Person\",\"@id\":\"https:\\\/\\\/rowerowycieszyn.pl\\\/#\\\/schema\\\/person\\\/b698cee63b7405acd7e70007d7cc8b2a\",\"name\":\"Rowerowy Cieszyn\",\"image\":{\"@type\":\"ImageObject\",\"inLanguage\":\"pl-PL\",\"@id\":\"https:\\\/\\\/secure.gravatar.com\\\/avatar\\\/1aef2c80bb06ccee0d820e4116589968d6d5c57310499f9271d42a4f7c5ffb3a?s=96&d=mm&r=g\",\"url\":\"https:\\\/\\\/secure.gravatar.com\\\/avatar\\\/1aef2c80bb06ccee0d820e4116589968d6d5c57310499f9271d42a4f7c5ffb3a?s=96&d=mm&r=g\",\"contentUrl\":\"https:\\\/\\\/secure.gravatar.com\\\/avatar\\\/1aef2c80bb06ccee0d820e4116589968d6d5c57310499f9271d42a4f7c5ffb3a?s=96&d=mm&r=g\",\"caption\":\"Rowerowy Cieszyn\"},\"sameAs\":[\"http:\\\/\\\/rowerowycieszyn.pl\"],\"url\":\"https:\\\/\\\/rowerowycieszyn.pl\\\/index.php\\\/author\\\/pstoklosa\\\/\"}]}<\/script>\n<!-- \/ Yoast SEO plugin. -->","yoast_head_json":{"title":"Pa\u0142ace i zamki Ziemi Raciborskiej - Rowerowy Cieszyn","description":"Pa\u0142ace i zamki Ziemi Raciborskiej, to wymarzona trasa dla rowerzyst\u00f3w, kt\u00f3rzy lubi\u0105 \u0142\u0105czy\u0107 przebywanie na \u0142onie przyrody z eksploracj\u0105 historyczn\u0105.","robots":{"index":"index","follow":"follow","max-snippet":"max-snippet:-1","max-image-preview":"max-image-preview:large","max-video-preview":"max-video-preview:-1"},"canonical":"https:\/\/rowerowycieszyn.pl\/index.php\/2022\/06\/09\/palace-i-zamki-ziemi-raciborskiej\/","og_locale":"pl_PL","og_type":"article","og_title":"Pa\u0142ace i zamki Ziemi Raciborskiej - Rowerowy Cieszyn","og_description":"Pa\u0142ace i zamki Ziemi Raciborskiej, to wymarzona trasa dla rowerzyst\u00f3w, kt\u00f3rzy lubi\u0105 \u0142\u0105czy\u0107 przebywanie na \u0142onie przyrody z eksploracj\u0105 historyczn\u0105.","og_url":"https:\/\/rowerowycieszyn.pl\/index.php\/2022\/06\/09\/palace-i-zamki-ziemi-raciborskiej\/","og_site_name":"Rowerowy Cieszyn","article_publisher":"https:\/\/www.facebook.com\/RowerowyCieszyn","article_published_time":"2022-06-09T17:08:50+00:00","article_modified_time":"2022-11-22T11:29:46+00:00","og_image":[{"width":1620,"height":1080,"url":"http:\/\/rowerowycieszyn.pl\/wp-content\/uploads\/2022\/06\/P1200553_tn.jpg","type":"image\/jpeg"}],"author":"Rowerowy Cieszyn","twitter_card":"summary_large_image","twitter_misc":{"Napisane przez":"Rowerowy Cieszyn","Szacowany czas czytania":"13 minut"},"schema":{"@context":"https:\/\/schema.org","@graph":[{"@type":"Article","@id":"https:\/\/rowerowycieszyn.pl\/index.php\/2022\/06\/09\/palace-i-zamki-ziemi-raciborskiej\/#article","isPartOf":{"@id":"https:\/\/rowerowycieszyn.pl\/index.php\/2022\/06\/09\/palace-i-zamki-ziemi-raciborskiej\/"},"author":{"name":"Rowerowy Cieszyn","@id":"https:\/\/rowerowycieszyn.pl\/#\/schema\/person\/b698cee63b7405acd7e70007d7cc8b2a"},"headline":"Pa\u0142ace i zamki Ziemi Raciborskiej","datePublished":"2022-06-09T17:08:50+00:00","dateModified":"2022-11-22T11:29:46+00:00","mainEntityOfPage":{"@id":"https:\/\/rowerowycieszyn.pl\/index.php\/2022\/06\/09\/palace-i-zamki-ziemi-raciborskiej\/"},"wordCount":2127,"commentCount":0,"publisher":{"@id":"https:\/\/rowerowycieszyn.pl\/#organization"},"image":{"@id":"https:\/\/rowerowycieszyn.pl\/index.php\/2022\/06\/09\/palace-i-zamki-ziemi-raciborskiej\/#primaryimage"},"thumbnailUrl":"https:\/\/rowerowycieszyn.pl\/wp-content\/uploads\/2022\/06\/P1200553_tn.jpg","articleSection":{"1":"Trasy","2":"Trasy w okolicy"},"inLanguage":"pl-PL","potentialAction":[{"@type":"CommentAction","name":"Comment","target":["https:\/\/rowerowycieszyn.pl\/index.php\/2022\/06\/09\/palace-i-zamki-ziemi-raciborskiej\/#respond"]}]},{"@type":"WebPage","@id":"https:\/\/rowerowycieszyn.pl\/index.php\/2022\/06\/09\/palace-i-zamki-ziemi-raciborskiej\/","url":"https:\/\/rowerowycieszyn.pl\/index.php\/2022\/06\/09\/palace-i-zamki-ziemi-raciborskiej\/","name":"Pa\u0142ace i zamki Ziemi Raciborskiej - Rowerowy Cieszyn","isPartOf":{"@id":"https:\/\/rowerowycieszyn.pl\/#website"},"primaryImageOfPage":{"@id":"https:\/\/rowerowycieszyn.pl\/index.php\/2022\/06\/09\/palace-i-zamki-ziemi-raciborskiej\/#primaryimage"},"image":{"@id":"https:\/\/rowerowycieszyn.pl\/index.php\/2022\/06\/09\/palace-i-zamki-ziemi-raciborskiej\/#primaryimage"},"thumbnailUrl":"https:\/\/rowerowycieszyn.pl\/wp-content\/uploads\/2022\/06\/P1200553_tn.jpg","datePublished":"2022-06-09T17:08:50+00:00","dateModified":"2022-11-22T11:29:46+00:00","description":"Pa\u0142ace i zamki Ziemi Raciborskiej, to wymarzona trasa dla rowerzyst\u00f3w, kt\u00f3rzy lubi\u0105 \u0142\u0105czy\u0107 przebywanie na \u0142onie przyrody z eksploracj\u0105 historyczn\u0105.","breadcrumb":{"@id":"https:\/\/rowerowycieszyn.pl\/index.php\/2022\/06\/09\/palace-i-zamki-ziemi-raciborskiej\/#breadcrumb"},"inLanguage":"pl-PL","potentialAction":[{"@type":"ReadAction","target":["https:\/\/rowerowycieszyn.pl\/index.php\/2022\/06\/09\/palace-i-zamki-ziemi-raciborskiej\/"]}]},{"@type":"ImageObject","inLanguage":"pl-PL","@id":"https:\/\/rowerowycieszyn.pl\/index.php\/2022\/06\/09\/palace-i-zamki-ziemi-raciborskiej\/#primaryimage","url":"https:\/\/rowerowycieszyn.pl\/wp-content\/uploads\/2022\/06\/P1200553_tn.jpg","contentUrl":"https:\/\/rowerowycieszyn.pl\/wp-content\/uploads\/2022\/06\/P1200553_tn.jpg","width":1620,"height":1080,"caption":"Ruiny pa\u0142acu w S\u0142awikowie."},{"@type":"BreadcrumbList","@id":"https:\/\/rowerowycieszyn.pl\/index.php\/2022\/06\/09\/palace-i-zamki-ziemi-raciborskiej\/#breadcrumb","itemListElement":[{"@type":"ListItem","position":1,"name":"Home","item":"https:\/\/rowerowycieszyn.pl\/"},{"@type":"ListItem","position":2,"name":"Pa\u0142ace i zamki Ziemi Raciborskiej"}]},{"@type":"WebSite","@id":"https:\/\/rowerowycieszyn.pl\/#website","url":"https:\/\/rowerowycieszyn.pl\/","name":"Rowerowy Cieszyn","description":"Strona promuj\u0105ca komunikacj\u0119 oraz turystyk\u0119 rowerow\u0105 na terenie Cieszyna i okolic.","publisher":{"@id":"https:\/\/rowerowycieszyn.pl\/#organization"},"potentialAction":[{"@type":"SearchAction","target":{"@type":"EntryPoint","urlTemplate":"https:\/\/rowerowycieszyn.pl\/?s={search_term_string}"},"query-input":{"@type":"PropertyValueSpecification","valueRequired":true,"valueName":"search_term_string"}}],"inLanguage":"pl-PL"},{"@type":"Organization","@id":"https:\/\/rowerowycieszyn.pl\/#organization","name":"Rowerowy Cieszyn","url":"https:\/\/rowerowycieszyn.pl\/","logo":{"@type":"ImageObject","inLanguage":"pl-PL","@id":"https:\/\/rowerowycieszyn.pl\/#\/schema\/logo\/image\/","url":"https:\/\/rowerowycieszyn.pl\/wp-content\/uploads\/2020\/07\/cropped-rower1_cr_tn-1.jpg","contentUrl":"https:\/\/rowerowycieszyn.pl\/wp-content\/uploads\/2020\/07\/cropped-rower1_cr_tn-1.jpg","width":250,"height":100,"caption":"Rowerowy Cieszyn"},"image":{"@id":"https:\/\/rowerowycieszyn.pl\/#\/schema\/logo\/image\/"},"sameAs":["https:\/\/www.facebook.com\/RowerowyCieszyn"]},{"@type":"Person","@id":"https:\/\/rowerowycieszyn.pl\/#\/schema\/person\/b698cee63b7405acd7e70007d7cc8b2a","name":"Rowerowy Cieszyn","image":{"@type":"ImageObject","inLanguage":"pl-PL","@id":"https:\/\/secure.gravatar.com\/avatar\/1aef2c80bb06ccee0d820e4116589968d6d5c57310499f9271d42a4f7c5ffb3a?s=96&d=mm&r=g","url":"https:\/\/secure.gravatar.com\/avatar\/1aef2c80bb06ccee0d820e4116589968d6d5c57310499f9271d42a4f7c5ffb3a?s=96&d=mm&r=g","contentUrl":"https:\/\/secure.gravatar.com\/avatar\/1aef2c80bb06ccee0d820e4116589968d6d5c57310499f9271d42a4f7c5ffb3a?s=96&d=mm&r=g","caption":"Rowerowy Cieszyn"},"sameAs":["http:\/\/rowerowycieszyn.pl"],"url":"https:\/\/rowerowycieszyn.pl\/index.php\/author\/pstoklosa\/"}]}},"_links":{"self":[{"href":"https:\/\/rowerowycieszyn.pl\/index.php\/wp-json\/wp\/v2\/posts\/1428","targetHints":{"allow":["GET"]}}],"collection":[{"href":"https:\/\/rowerowycieszyn.pl\/index.php\/wp-json\/wp\/v2\/posts"}],"about":[{"href":"https:\/\/rowerowycieszyn.pl\/index.php\/wp-json\/wp\/v2\/types\/post"}],"author":[{"embeddable":true,"href":"https:\/\/rowerowycieszyn.pl\/index.php\/wp-json\/wp\/v2\/users\/1"}],"replies":[{"embeddable":true,"href":"https:\/\/rowerowycieszyn.pl\/index.php\/wp-json\/wp\/v2\/comments?post=1428"}],"version-history":[{"count":30,"href":"https:\/\/rowerowycieszyn.pl\/index.php\/wp-json\/wp\/v2\/posts\/1428\/revisions"}],"predecessor-version":[{"id":1703,"href":"https:\/\/rowerowycieszyn.pl\/index.php\/wp-json\/wp\/v2\/posts\/1428\/revisions\/1703"}],"wp:featuredmedia":[{"embeddable":true,"href":"https:\/\/rowerowycieszyn.pl\/index.php\/wp-json\/wp\/v2\/media\/1444"}],"wp:attachment":[{"href":"https:\/\/rowerowycieszyn.pl\/index.php\/wp-json\/wp\/v2\/media?parent=1428"}],"wp:term":[{"taxonomy":"category","embeddable":true,"href":"https:\/\/rowerowycieszyn.pl\/index.php\/wp-json\/wp\/v2\/categories?post=1428"},{"taxonomy":"post_tag","embeddable":true,"href":"https:\/\/rowerowycieszyn.pl\/index.php\/wp-json\/wp\/v2\/tags?post=1428"}],"curies":[{"name":"wp","href":"https:\/\/api.w.org\/{rel}","templated":true}]}}