{"id":1603,"date":"2022-09-29T19:59:40","date_gmt":"2022-09-29T17:59:40","guid":{"rendered":"http:\/\/rowerowycieszyn.pl\/?p=1603"},"modified":"2022-10-07T18:39:01","modified_gmt":"2022-10-07T16:39:01","slug":"prawdziwie-czarny-chodnik-poza-budzetem-obywatelskim","status":"publish","type":"post","link":"https:\/\/rowerowycieszyn.pl\/index.php\/2022\/09\/29\/prawdziwie-czarny-chodnik-poza-budzetem-obywatelskim\/","title":{"rendered":"&#8222;Prawdziwie Czarny Chodnik&#8221; poza Bud\u017cetem Obywatelskim"},"content":{"rendered":"\r\n<p>Zacznijmy od pocz\u0105tku. W lipcu bie\u017c\u0105cego roku z\u0142o\u017cyli\u015bmy wniosek do Bud\u017cetu Obywatelskiego miasta Cieszyna zatytu\u0142owany \u201ePrawdziwie Czarny Chodnik\u201d. Wniosek ten by\u0142 praktycznie kopi\u0105 (pomijaj\u0105c cen\u0119) z\u0142o\u017conego rok wcze\u015bniej wniosku, co ma w tej historii niebagatelne znaczenie, ale o tym za chwil\u0119.<!--more--><\/p>\r\n\r\n\r\n\r\n<p>Wniosek zak\u0142ada\u0142 wyremontowanie 200 metrowego odcinka Czarnego Chodnika mi\u0119dzy parkiem \u015aw. Tr\u00f3jcy a dawnym Zampolem. Obecnie jest to \u015bcie\u017cka o szeroko\u015bci ok. 3 metr\u00f3w, pokryta dosy\u0107 nier\u00f3wnym t\u0142uczniem i pe\u0142na wyboj\u00f3w oraz ka\u0142u\u017c. W naszym wniosku proponowali\u015bmy pokrycie tego odcinka nawierzchni\u0105 bitumiczn\u0105, zastosowanie obrze\u017cy oraz wprowadzenie odpowiedniego oznakowania poziomego i pionowego. Pe\u0142ny tekst wniosku jest dost\u0119pny <a href=\"http:\/\/rowerowycieszyn.pl\/wp-content\/uploads\/2022\/09\/projekt.pdf\">tutaj.<\/a><\/p>\r\n\r\n\r\n\r\n<p>Niestety w tym roku nasz wniosek nie przeszed\u0142 weryfikacji merytorycznej, poniewa\u017c zdaniem urz\u0119dnik\u00f3w miejskich, kt\u00f3rzy go opiniowali <em>koszt realizacji projektu (150.000,00 z\u0142) okre\u015blony przez autora projektu jest zani\u017cony. Zgodnie z opini\u0105 eksperta koszt jego realizacji wynosi\u0107 b\u0119dzie 240.000,00 z\u0142, co znacznie przekracza dopuszczaln\u0105 kwot\u0119 &#8211; 180.000,00 z\u0142, jaka mo\u017ce by\u0107 przeznaczona na realizacj\u0119 jednego projektu<\/em>. Warto podkre\u015bli\u0107, \u017ce w przedstawionej opinii jest mowa tylko o tym, \u017ce projekt nie spe\u0142nia jedynie kryteri\u00f3w finansowych (wed\u0142ug eksperta), natomiast nie ma mowy o niespe\u0142nieniu pozosta\u0142ych kryteri\u00f3w merytorycznych. To te\u017c ma znaczenie w dalszej cz\u0119\u015bci tej historii.<\/p>\r\n\r\n\r\n\r\n<p>Powy\u017cszy cytat to w zasadzie pe\u0142na informacja, jak\u0105 uzyskali\u015bmy od komisji weryfikacyjnej. Nie podano, kim by\u0142 \u00f3w ekspert wystawiaj\u0105cy opini\u0119, na jakiej podstawie j\u0105 sporz\u0105dzi\u0142 i jakie sk\u0142adowe uwzgl\u0119dni\u0142 w wycenie. Dlatego w odwo\u0142aniu zwr\u00f3cili\u015bmy si\u0119 z pro\u015bb\u0105 o wskazanie, kto sporz\u0105dzi\u0142 ekspertyz\u0119 (to oczekiwanie nie zosta\u0142o spe\u0142nione) oraz przedstawienie szczeg\u00f3\u0142owej kalkulacji, na podstawie kt\u00f3rej powsta\u0142a wycena. Dodatkowo zamie\u015bcili\u015bmy w\u0142asne kontr-wyceny, kt\u00f3re by\u0142y zdecydowanie ni\u017csze od przedstawionej przez Urz\u0105d Miasta. <strong>Przypomnijmy, \u017ce identyczny wniosek zosta\u0142 z\u0142o\u017cony rok temu do Bud\u017cetu Obywatelskiego na rok 2022. W\u00f3wczas kalkulacja opiewa\u0142a na 100 tys. z\u0142 i zosta\u0142a zaakceptowana. W tym roku nasz projekt zak\u0142ada\u0142 wzrost wydatk\u00f3w o 50%, co odpowiada mniej wi\u0119cej wzrostowi cen w budownictwie. W kalkulacji Urz\u0119du Miasta ten wzrost mia\u0142by wynie\u015b\u0107 140%.<\/strong> Pe\u0142na tre\u015b\u0107 odwo\u0142ania jest dost\u0119pna <a href=\"http:\/\/rowerowycieszyn.pl\/wp-content\/uploads\/2022\/09\/odwolanie.pdf\">tutaj<\/a>.<\/p>\r\n\r\n\r\n\r\n<p>W dniu dzisiejszym dotar\u0142a do nas <a href=\"http:\/\/rowerowycieszyn.pl\/wp-content\/uploads\/2022\/09\/odmowa.pdf\">odpowied\u017a<\/a> podpisana przez Pani\u0105 burmistrz Gabriel\u0119 Staszkiewicz. Ju\u017c na pierwszej stronie pojawia si\u0119 informacja, \u017ce podtrzymana zostaje decyzja negatywna. Najciekawsze jest jednak jej uzasadnienie. Ot\u00f3\u017c w odpowiedzi na nasz\u0105 pro\u015bb\u0119 przedstawiono a\u017c dwa kosztorysy \u2013 jeden dla wykonania nawierzchni z kostki brukowej (co w og\u00f3le nie by\u0142o postulowane) a drugi z asfaltu. Oba s\u0105 w granicach 190 tys. z\u0142otych a wi\u0119c bardzo blisko limitu bud\u017cetowego, kt\u00f3ry w tym roku wynosi 180 tys. z\u0142. Co ciekawe, mimo \u017ce oba kosztorysy maj\u0105 zbli\u017con\u0105 warto\u015b\u0107, s\u0105 zupe\u0142nie inaczej skonstruowane, jakby przygotowa\u0142y je dwie r\u00f3\u017cne osoby. Pojawiaj\u0105 si\u0119 w nich przedziwne pozycje, jak na przyk\u0142ad korytowanie czy stabilizowanie pod\u0142o\u017ca cementem, chocia\u017c ten fragment Czarnego Chodnika nie wymaga takich nak\u0142ad\u00f3w. Ale oczywi\u015bcie tu jeden ekspert b\u0119dzie dyskutowa\u0142 z drugim i ka\u017cdy b\u0119dzie broni\u0142 swoich racji, bo i tak wszystko oka\u017ce si\u0119 w praniu.<\/p>\r\n<p>Natomiast za obu kalkulacjami pojawia si\u0119 najciekawszy fragment:<\/p>\r\n\r\n\r\n\r\n<p><em>W obu przedstawionych opcjach do koszt\u00f3w realizacji zadania nale\u017cy doliczy\u0107 nast\u0119puj\u0105ce koszty: wykup gruntu, barier ochronnych, ewentualnych \u015bcianek oporowych, regulacji studni, odwodnienia ci\u0105gu pieszo-rowerowego, wycinki drzew, nasadze\u0144 zast\u0119pczych, uporz\u0105dkowania terenu, oznakowania poziomego i pionowego oraz mobilizacji sprz\u0119tu i zysku wykonawcy. <\/em><\/p>\r\n\r\n\r\n\r\n\r\n\r\n<p>Wygl\u0105da to tak, jakby najpierw sporz\u0105dzono oba kosztorysy a gdy okaza\u0142o si\u0119, \u017ce nie ma ju\u017c czego za bardzo naci\u0105gn\u0105\u0107 by dobi\u0107 do wcze\u015bniejszej ceny 240 tys., dodano og\u00f3lnikowy punkt o potrzebnych wykupach, nasadzeniach, barierkach i tak dalej. Zaznaczmy, \u017ce projekt mia\u0142 by\u0107 realizowany na dzia\u0142ce w ca\u0142o\u015bci nale\u017c\u0105cej do gminy Cieszyn a wspomniany wykup dotyczy\u0142by co najwy\u017cej bardzo niewielkiego fragmentu o powierzchni kilkudziesi\u0119ciu metr\u00f3w kwadratowych (zarys dzia\u0142ki 15\/6, na kt\u00f3rej przebiega Czarny Chodnik, mo\u017cna zobaczy\u0107 <a href=\"https:\/\/geoportal360.pl\/map\/#l:49.75149,18.63405,19\">tutaj<\/a>).<\/p>\r\n<p>Ponadto nie jest konieczne wycinanie \u017cadnych drzew a wi\u0119c i nie by\u0142oby koszt\u00f3w nasadze\u0144. R\u00f3wnie irracjonalne jest powo\u0142ywanie si\u0119 na potrzeb\u0119 budowy barierek, bo po pierwsze one w naszym wniosku w og\u00f3le nie by\u0142y brane pod uwag\u0119, po drugie, dzisiaj Czarny Chodnik bardzo dobrze funkcjonuje bez barierkozy i tworzenie takich pseudozabezpiecze\u0144 jedynie zwi\u0119ksza ryzyko dla rowerzyst\u00f3w &#8211; teoretycznie barierki chroni\u0105 przed zjechaniem do rowu, w praktyce \u0142atwo zahaczy\u0107 je kierownic\u0105. A ju\u017c zupe\u0142nie niezrozumia\u0142y jest argument o \u201emobilizacji sprz\u0119tu i zysku wykonawcy\u201d. Czy\u017cby kosztorysy zosta\u0142y sporz\u0105dzone bez uwzgl\u0119dnienia koszt\u00f3w sprz\u0119tu i mar\u017cy?<\/p>\r\n<p>Dosz\u0142o wi\u0119c do absurdalnej sytuacji \u2013 w <a href=\"https:\/\/cieszyn.budzet-obywatelski.org\/wszystko-o-budzecie\/zasady-ogolne\">regulaminie BO<\/a> na rok 2023 wyra\u017anie zaznaczono, \u017ce <em>Odwo\u0142anie nie mo\u017ce skutkowa\u0107 zmian\u0105 zakresu projektu lub jego kosztu<\/em>. Teraz, w negatywnej odpowiedzi na odwo\u0142anie w celu jej uzasadnienia, doprowadzono do zwi\u0119kszenia tego\u017c zakresu i jednoczesnego wprowadzono koszty, kt\u00f3rych nie zak\u0142ada\u0142 pierwotny projekt. Kr\u00f3tko m\u00f3wi\u0105c, oceniaj\u0105cy projekt sam podwa\u017ca punkt regulaminu, kt\u00f3ry stworzy\u0142.<\/p>\r\n\r\n\r\n\r\n<p>Wr\u00f3\u0107my jeszcze do kwestii szeroko\u015bci dzia\u0142ki. W pierwszym punkcie uzasadnienia napisano r\u00f3wnie\u017c: <em>Nie ma mo\u017cliwo\u015bci wykonania ci\u0105gu pieszo-rowerowego o szeroko\u015bci 3,00m gdy\u017c miejscowo dzia\u0142ka w\u0142asno\u015bci Gminy Cieszyn, na kt\u00f3rej ma by\u0107 zlokalizowany ci\u0105g, ma szeroko\u015b\u0107 2,27m i 3,19m.<\/em><\/p>\r\n\r\n\r\n\r\n<p>C\u00f3\u017c wi\u0119c si\u0119 okazuje &#8211; dzia\u0142ka, kt\u00f3ra w 2021 roku by\u0142a wystarczaj\u0105ca do pozytywnej oceny projektu w roku 2022 tak\u0105 by\u0107 przesta\u0142a. Zwr\u00f3\u0107my te\u017c uwag\u0119, \u017ce we wniosku z 2021 w og\u00f3le nie kwestionowano spraw w\u0142asno\u015bciowych. Co wi\u0119cej, powy\u017csze stwierdzenie nie znalaz\u0142o si\u0119 w pierwszej, negatywnej ocenie merytorycznej projektu, ale dopiero w odpowiedzi na odwo\u0142anie. O czym to mo\u017ce \u015bwiadczy\u0107? Albo w Urz\u0119dzie Miejskim panuje ba\u0142agan i brak wiedzy na temat stanu w\u0142asno\u015bciowego nieruchomo\u015bci albo teraz szuka si\u0119 pretekstu, by dodatkowo umotywowa\u0107 wcze\u015bniejsz\u0105 decyzj\u0119 o odrzuceniu wniosku.<\/p>\r\n\r\n\r\n\r\n\r\n\r\n<p>Ale dzi\u0119ki temu Urz\u0105d Miasta mo\u017ce wyj\u015b\u0107 z twarz\u0105 i uzasadni\u0107 sw\u00f3j poprzedni wzi\u0119ty z sufitu kosztorys opiewaj\u0105cy na kwot\u0119 240 tys. z\u0142otych. Prosz\u0119 bardzo \u2013 m\u00f3wili\u015bmy, \u017ce to b\u0119dzie kosztowa\u0107 240 tys. z\u0142otych i faktycznie b\u0119dzie tyle kosztowa\u0107. Nale\u017cy podejrzewa\u0107, \u017ce gdyby pierwotna opinia eksperta komisji weryfikacyjnej opiewa\u0142a na kwot\u0119 300 tys. z\u0142otych, w odpowiedzi na odwo\u0142anie r\u00f3wnie\u017c taka kwota znalaz\u0142aby swoje uzasadnienie.<\/p>\r\n\r\n\r\n\r\n<p>W du\u017cych miastach takich jak Katowice, Pozna\u0144 czy Gliwice stale powstaj\u0105 ci\u0105gi pieszo rowerowe finansowane z bud\u017cet\u00f3w obywatelskich. Fina\u0142 sprawy jest taki, \u017ce w tym roku cieszyniacy b\u0119d\u0105 pozbawieni mo\u017cliwo\u015bci podj\u0119cia takiej decyzji. Pozostanie nam <a href=\"https:\/\/wiadomosci.ox.pl\/murale-fortepian-a-moze,77427\">wyb\u00f3r mi\u0119dzy fortepianem plenerowym na Wzg\u00f3rzy Zamkowym, renowacj\u0105 krucyfiksu na placu \u015aw. Krzy\u017ca, boiskiem do pla\u017c\u00f3wki w Krasnej czy muralami<\/a>. Uporz\u0105dkowanie Czarnego Chodnika, kt\u00f3rym przemieszcza si\u0119 tylu mieszka\u0144c\u00f3w Cieszyna i kt\u00f3re naprawd\u0119 mog\u0142o realnie poprawi\u0107 komfort pieszych i rowerzyst\u00f3w, musi jeszcze poczeka\u0107.<\/p>\r\n\r\n\r\n\r\n<p style=\"text-align: right;\">Piotr Stok\u0142osa<\/p>\r\n","protected":false},"excerpt":{"rendered":"<p>Zacznijmy od pocz\u0105tku. W lipcu bie\u017c\u0105cego roku z\u0142o\u017cyli\u015bmy wniosek do Bud\u017cetu Obywatelskiego miasta Cieszyna zatytu\u0142owany \u201ePrawdziwie Czarny Chodnik\u201d. Wniosek ten by\u0142 praktycznie kopi\u0105 (pomijaj\u0105c cen\u0119) z\u0142o\u017conego rok wcze\u015bniej wniosku, co&hellip; <\/p>\n","protected":false},"author":1,"featured_media":1612,"comment_status":"open","ping_status":"open","sticky":false,"template":"","format":"standard","meta":{"footnotes":""},"categories":[9,5,1],"tags":[],"class_list":["post-1603","post","type-post","status-publish","format-standard","has-post-thumbnail","hentry","category-aktualnosci","category-artykuly","category-bez-kategorii"],"yoast_head":"<!-- This site is optimized with the Yoast SEO plugin v27.3 - https:\/\/yoast.com\/product\/yoast-seo-wordpress\/ -->\n<title>&quot;Prawdziwie Czarny Chodnik&quot; poza Bud\u017cetem Obywatelskim - Rowerowy Cieszyn<\/title>\n<meta name=\"description\" content=\"Projekt &quot;Prawdziwie Czarny Chodnik&quot; zg\u0142oszony do Bud\u017cetu Obywatelskiego Cieszyna na rok 2023 tym razem zosta\u0142 odrzucony. O szczeg\u00f3\u0142ach tej kuriozalnej decyzji piszemy w artykule.\" \/>\n<meta name=\"robots\" content=\"index, follow, max-snippet:-1, max-image-preview:large, max-video-preview:-1\" \/>\n<link rel=\"canonical\" href=\"https:\/\/rowerowycieszyn.pl\/index.php\/2022\/09\/29\/prawdziwie-czarny-chodnik-poza-budzetem-obywatelskim\/\" \/>\n<meta property=\"og:locale\" content=\"pl_PL\" \/>\n<meta property=\"og:type\" content=\"article\" \/>\n<meta property=\"og:title\" content=\"&quot;Prawdziwie Czarny Chodnik&quot; poza Bud\u017cetem Obywatelskim - Rowerowy Cieszyn\" \/>\n<meta property=\"og:description\" content=\"Projekt &quot;Prawdziwie Czarny Chodnik&quot; zg\u0142oszony do Bud\u017cetu Obywatelskiego Cieszyna na rok 2023 tym razem zosta\u0142 odrzucony. O szczeg\u00f3\u0142ach tej kuriozalnej decyzji piszemy w artykule.\" \/>\n<meta property=\"og:url\" content=\"https:\/\/rowerowycieszyn.pl\/index.php\/2022\/09\/29\/prawdziwie-czarny-chodnik-poza-budzetem-obywatelskim\/\" \/>\n<meta property=\"og:site_name\" content=\"Rowerowy Cieszyn\" \/>\n<meta property=\"article:publisher\" content=\"https:\/\/www.facebook.com\/RowerowyCieszyn\" \/>\n<meta property=\"article:published_time\" content=\"2022-09-29T17:59:40+00:00\" \/>\n<meta property=\"article:modified_time\" content=\"2022-10-07T16:39:01+00:00\" \/>\n<meta property=\"og:image\" content=\"http:\/\/rowerowycieszyn.pl\/wp-content\/uploads\/2022\/09\/1657265817926_tn.jpg\" \/>\n\t<meta property=\"og:image:width\" content=\"1920\" \/>\n\t<meta property=\"og:image:height\" content=\"1080\" \/>\n\t<meta property=\"og:image:type\" content=\"image\/jpeg\" \/>\n<meta name=\"author\" content=\"Rowerowy Cieszyn\" \/>\n<meta name=\"twitter:card\" content=\"summary_large_image\" \/>\n<meta name=\"twitter:label1\" content=\"Napisane przez\" \/>\n\t<meta name=\"twitter:data1\" content=\"Rowerowy Cieszyn\" \/>\n\t<meta name=\"twitter:label2\" content=\"Szacowany czas czytania\" \/>\n\t<meta name=\"twitter:data2\" content=\"7 minut\" \/>\n<script type=\"application\/ld+json\" class=\"yoast-schema-graph\">{\"@context\":\"https:\\\/\\\/schema.org\",\"@graph\":[{\"@type\":\"Article\",\"@id\":\"https:\\\/\\\/rowerowycieszyn.pl\\\/index.php\\\/2022\\\/09\\\/29\\\/prawdziwie-czarny-chodnik-poza-budzetem-obywatelskim\\\/#article\",\"isPartOf\":{\"@id\":\"https:\\\/\\\/rowerowycieszyn.pl\\\/index.php\\\/2022\\\/09\\\/29\\\/prawdziwie-czarny-chodnik-poza-budzetem-obywatelskim\\\/\"},\"author\":{\"name\":\"Rowerowy Cieszyn\",\"@id\":\"https:\\\/\\\/rowerowycieszyn.pl\\\/#\\\/schema\\\/person\\\/b698cee63b7405acd7e70007d7cc8b2a\"},\"headline\":\"&#8222;Prawdziwie Czarny Chodnik&#8221; poza Bud\u017cetem Obywatelskim\",\"datePublished\":\"2022-09-29T17:59:40+00:00\",\"dateModified\":\"2022-10-07T16:39:01+00:00\",\"mainEntityOfPage\":{\"@id\":\"https:\\\/\\\/rowerowycieszyn.pl\\\/index.php\\\/2022\\\/09\\\/29\\\/prawdziwie-czarny-chodnik-poza-budzetem-obywatelskim\\\/\"},\"wordCount\":1223,\"commentCount\":0,\"publisher\":{\"@id\":\"https:\\\/\\\/rowerowycieszyn.pl\\\/#organization\"},\"image\":{\"@id\":\"https:\\\/\\\/rowerowycieszyn.pl\\\/index.php\\\/2022\\\/09\\\/29\\\/prawdziwie-czarny-chodnik-poza-budzetem-obywatelskim\\\/#primaryimage\"},\"thumbnailUrl\":\"https:\\\/\\\/rowerowycieszyn.pl\\\/wp-content\\\/uploads\\\/2022\\\/09\\\/1657265817926_tn.jpg\",\"articleSection\":[\"Aktualno\u015bci\",\"Artyku\u0142y\"],\"inLanguage\":\"pl-PL\",\"potentialAction\":[{\"@type\":\"CommentAction\",\"name\":\"Comment\",\"target\":[\"https:\\\/\\\/rowerowycieszyn.pl\\\/index.php\\\/2022\\\/09\\\/29\\\/prawdziwie-czarny-chodnik-poza-budzetem-obywatelskim\\\/#respond\"]}]},{\"@type\":\"WebPage\",\"@id\":\"https:\\\/\\\/rowerowycieszyn.pl\\\/index.php\\\/2022\\\/09\\\/29\\\/prawdziwie-czarny-chodnik-poza-budzetem-obywatelskim\\\/\",\"url\":\"https:\\\/\\\/rowerowycieszyn.pl\\\/index.php\\\/2022\\\/09\\\/29\\\/prawdziwie-czarny-chodnik-poza-budzetem-obywatelskim\\\/\",\"name\":\"\\\"Prawdziwie Czarny Chodnik\\\" poza Bud\u017cetem Obywatelskim - Rowerowy Cieszyn\",\"isPartOf\":{\"@id\":\"https:\\\/\\\/rowerowycieszyn.pl\\\/#website\"},\"primaryImageOfPage\":{\"@id\":\"https:\\\/\\\/rowerowycieszyn.pl\\\/index.php\\\/2022\\\/09\\\/29\\\/prawdziwie-czarny-chodnik-poza-budzetem-obywatelskim\\\/#primaryimage\"},\"image\":{\"@id\":\"https:\\\/\\\/rowerowycieszyn.pl\\\/index.php\\\/2022\\\/09\\\/29\\\/prawdziwie-czarny-chodnik-poza-budzetem-obywatelskim\\\/#primaryimage\"},\"thumbnailUrl\":\"https:\\\/\\\/rowerowycieszyn.pl\\\/wp-content\\\/uploads\\\/2022\\\/09\\\/1657265817926_tn.jpg\",\"datePublished\":\"2022-09-29T17:59:40+00:00\",\"dateModified\":\"2022-10-07T16:39:01+00:00\",\"description\":\"Projekt \\\"Prawdziwie Czarny Chodnik\\\" zg\u0142oszony do Bud\u017cetu Obywatelskiego Cieszyna na rok 2023 tym razem zosta\u0142 odrzucony. O szczeg\u00f3\u0142ach tej kuriozalnej decyzji piszemy w artykule.\",\"breadcrumb\":{\"@id\":\"https:\\\/\\\/rowerowycieszyn.pl\\\/index.php\\\/2022\\\/09\\\/29\\\/prawdziwie-czarny-chodnik-poza-budzetem-obywatelskim\\\/#breadcrumb\"},\"inLanguage\":\"pl-PL\",\"potentialAction\":[{\"@type\":\"ReadAction\",\"target\":[\"https:\\\/\\\/rowerowycieszyn.pl\\\/index.php\\\/2022\\\/09\\\/29\\\/prawdziwie-czarny-chodnik-poza-budzetem-obywatelskim\\\/\"]}]},{\"@type\":\"ImageObject\",\"inLanguage\":\"pl-PL\",\"@id\":\"https:\\\/\\\/rowerowycieszyn.pl\\\/index.php\\\/2022\\\/09\\\/29\\\/prawdziwie-czarny-chodnik-poza-budzetem-obywatelskim\\\/#primaryimage\",\"url\":\"https:\\\/\\\/rowerowycieszyn.pl\\\/wp-content\\\/uploads\\\/2022\\\/09\\\/1657265817926_tn.jpg\",\"contentUrl\":\"https:\\\/\\\/rowerowycieszyn.pl\\\/wp-content\\\/uploads\\\/2022\\\/09\\\/1657265817926_tn.jpg\",\"width\":1920,\"height\":1080,\"caption\":\"Czarnych Chodnik w Cieszynie\"},{\"@type\":\"BreadcrumbList\",\"@id\":\"https:\\\/\\\/rowerowycieszyn.pl\\\/index.php\\\/2022\\\/09\\\/29\\\/prawdziwie-czarny-chodnik-poza-budzetem-obywatelskim\\\/#breadcrumb\",\"itemListElement\":[{\"@type\":\"ListItem\",\"position\":1,\"name\":\"Home\",\"item\":\"https:\\\/\\\/rowerowycieszyn.pl\\\/\"},{\"@type\":\"ListItem\",\"position\":2,\"name\":\"&#8220;Prawdziwie Czarny Chodnik&#8221; poza Bud\u017cetem Obywatelskim\"}]},{\"@type\":\"WebSite\",\"@id\":\"https:\\\/\\\/rowerowycieszyn.pl\\\/#website\",\"url\":\"https:\\\/\\\/rowerowycieszyn.pl\\\/\",\"name\":\"Rowerowy Cieszyn\",\"description\":\"Strona promuj\u0105ca komunikacj\u0119 oraz turystyk\u0119 rowerow\u0105 na terenie Cieszyna i okolic.\",\"publisher\":{\"@id\":\"https:\\\/\\\/rowerowycieszyn.pl\\\/#organization\"},\"potentialAction\":[{\"@type\":\"SearchAction\",\"target\":{\"@type\":\"EntryPoint\",\"urlTemplate\":\"https:\\\/\\\/rowerowycieszyn.pl\\\/?s={search_term_string}\"},\"query-input\":{\"@type\":\"PropertyValueSpecification\",\"valueRequired\":true,\"valueName\":\"search_term_string\"}}],\"inLanguage\":\"pl-PL\"},{\"@type\":\"Organization\",\"@id\":\"https:\\\/\\\/rowerowycieszyn.pl\\\/#organization\",\"name\":\"Rowerowy Cieszyn\",\"url\":\"https:\\\/\\\/rowerowycieszyn.pl\\\/\",\"logo\":{\"@type\":\"ImageObject\",\"inLanguage\":\"pl-PL\",\"@id\":\"https:\\\/\\\/rowerowycieszyn.pl\\\/#\\\/schema\\\/logo\\\/image\\\/\",\"url\":\"https:\\\/\\\/rowerowycieszyn.pl\\\/wp-content\\\/uploads\\\/2020\\\/07\\\/cropped-rower1_cr_tn-1.jpg\",\"contentUrl\":\"https:\\\/\\\/rowerowycieszyn.pl\\\/wp-content\\\/uploads\\\/2020\\\/07\\\/cropped-rower1_cr_tn-1.jpg\",\"width\":250,\"height\":100,\"caption\":\"Rowerowy Cieszyn\"},\"image\":{\"@id\":\"https:\\\/\\\/rowerowycieszyn.pl\\\/#\\\/schema\\\/logo\\\/image\\\/\"},\"sameAs\":[\"https:\\\/\\\/www.facebook.com\\\/RowerowyCieszyn\"]},{\"@type\":\"Person\",\"@id\":\"https:\\\/\\\/rowerowycieszyn.pl\\\/#\\\/schema\\\/person\\\/b698cee63b7405acd7e70007d7cc8b2a\",\"name\":\"Rowerowy Cieszyn\",\"image\":{\"@type\":\"ImageObject\",\"inLanguage\":\"pl-PL\",\"@id\":\"https:\\\/\\\/secure.gravatar.com\\\/avatar\\\/1aef2c80bb06ccee0d820e4116589968d6d5c57310499f9271d42a4f7c5ffb3a?s=96&d=mm&r=g\",\"url\":\"https:\\\/\\\/secure.gravatar.com\\\/avatar\\\/1aef2c80bb06ccee0d820e4116589968d6d5c57310499f9271d42a4f7c5ffb3a?s=96&d=mm&r=g\",\"contentUrl\":\"https:\\\/\\\/secure.gravatar.com\\\/avatar\\\/1aef2c80bb06ccee0d820e4116589968d6d5c57310499f9271d42a4f7c5ffb3a?s=96&d=mm&r=g\",\"caption\":\"Rowerowy Cieszyn\"},\"sameAs\":[\"http:\\\/\\\/rowerowycieszyn.pl\"],\"url\":\"https:\\\/\\\/rowerowycieszyn.pl\\\/index.php\\\/author\\\/pstoklosa\\\/\"}]}<\/script>\n<!-- \/ Yoast SEO plugin. -->","yoast_head_json":{"title":"\"Prawdziwie Czarny Chodnik\" poza Bud\u017cetem Obywatelskim - Rowerowy Cieszyn","description":"Projekt \"Prawdziwie Czarny Chodnik\" zg\u0142oszony do Bud\u017cetu Obywatelskiego Cieszyna na rok 2023 tym razem zosta\u0142 odrzucony. O szczeg\u00f3\u0142ach tej kuriozalnej decyzji piszemy w artykule.","robots":{"index":"index","follow":"follow","max-snippet":"max-snippet:-1","max-image-preview":"max-image-preview:large","max-video-preview":"max-video-preview:-1"},"canonical":"https:\/\/rowerowycieszyn.pl\/index.php\/2022\/09\/29\/prawdziwie-czarny-chodnik-poza-budzetem-obywatelskim\/","og_locale":"pl_PL","og_type":"article","og_title":"\"Prawdziwie Czarny Chodnik\" poza Bud\u017cetem Obywatelskim - Rowerowy Cieszyn","og_description":"Projekt \"Prawdziwie Czarny Chodnik\" zg\u0142oszony do Bud\u017cetu Obywatelskiego Cieszyna na rok 2023 tym razem zosta\u0142 odrzucony. O szczeg\u00f3\u0142ach tej kuriozalnej decyzji piszemy w artykule.","og_url":"https:\/\/rowerowycieszyn.pl\/index.php\/2022\/09\/29\/prawdziwie-czarny-chodnik-poza-budzetem-obywatelskim\/","og_site_name":"Rowerowy Cieszyn","article_publisher":"https:\/\/www.facebook.com\/RowerowyCieszyn","article_published_time":"2022-09-29T17:59:40+00:00","article_modified_time":"2022-10-07T16:39:01+00:00","og_image":[{"width":1920,"height":1080,"url":"http:\/\/rowerowycieszyn.pl\/wp-content\/uploads\/2022\/09\/1657265817926_tn.jpg","type":"image\/jpeg"}],"author":"Rowerowy Cieszyn","twitter_card":"summary_large_image","twitter_misc":{"Napisane przez":"Rowerowy Cieszyn","Szacowany czas czytania":"7 minut"},"schema":{"@context":"https:\/\/schema.org","@graph":[{"@type":"Article","@id":"https:\/\/rowerowycieszyn.pl\/index.php\/2022\/09\/29\/prawdziwie-czarny-chodnik-poza-budzetem-obywatelskim\/#article","isPartOf":{"@id":"https:\/\/rowerowycieszyn.pl\/index.php\/2022\/09\/29\/prawdziwie-czarny-chodnik-poza-budzetem-obywatelskim\/"},"author":{"name":"Rowerowy Cieszyn","@id":"https:\/\/rowerowycieszyn.pl\/#\/schema\/person\/b698cee63b7405acd7e70007d7cc8b2a"},"headline":"&#8222;Prawdziwie Czarny Chodnik&#8221; poza Bud\u017cetem Obywatelskim","datePublished":"2022-09-29T17:59:40+00:00","dateModified":"2022-10-07T16:39:01+00:00","mainEntityOfPage":{"@id":"https:\/\/rowerowycieszyn.pl\/index.php\/2022\/09\/29\/prawdziwie-czarny-chodnik-poza-budzetem-obywatelskim\/"},"wordCount":1223,"commentCount":0,"publisher":{"@id":"https:\/\/rowerowycieszyn.pl\/#organization"},"image":{"@id":"https:\/\/rowerowycieszyn.pl\/index.php\/2022\/09\/29\/prawdziwie-czarny-chodnik-poza-budzetem-obywatelskim\/#primaryimage"},"thumbnailUrl":"https:\/\/rowerowycieszyn.pl\/wp-content\/uploads\/2022\/09\/1657265817926_tn.jpg","articleSection":["Aktualno\u015bci","Artyku\u0142y"],"inLanguage":"pl-PL","potentialAction":[{"@type":"CommentAction","name":"Comment","target":["https:\/\/rowerowycieszyn.pl\/index.php\/2022\/09\/29\/prawdziwie-czarny-chodnik-poza-budzetem-obywatelskim\/#respond"]}]},{"@type":"WebPage","@id":"https:\/\/rowerowycieszyn.pl\/index.php\/2022\/09\/29\/prawdziwie-czarny-chodnik-poza-budzetem-obywatelskim\/","url":"https:\/\/rowerowycieszyn.pl\/index.php\/2022\/09\/29\/prawdziwie-czarny-chodnik-poza-budzetem-obywatelskim\/","name":"\"Prawdziwie Czarny Chodnik\" poza Bud\u017cetem Obywatelskim - Rowerowy Cieszyn","isPartOf":{"@id":"https:\/\/rowerowycieszyn.pl\/#website"},"primaryImageOfPage":{"@id":"https:\/\/rowerowycieszyn.pl\/index.php\/2022\/09\/29\/prawdziwie-czarny-chodnik-poza-budzetem-obywatelskim\/#primaryimage"},"image":{"@id":"https:\/\/rowerowycieszyn.pl\/index.php\/2022\/09\/29\/prawdziwie-czarny-chodnik-poza-budzetem-obywatelskim\/#primaryimage"},"thumbnailUrl":"https:\/\/rowerowycieszyn.pl\/wp-content\/uploads\/2022\/09\/1657265817926_tn.jpg","datePublished":"2022-09-29T17:59:40+00:00","dateModified":"2022-10-07T16:39:01+00:00","description":"Projekt \"Prawdziwie Czarny Chodnik\" zg\u0142oszony do Bud\u017cetu Obywatelskiego Cieszyna na rok 2023 tym razem zosta\u0142 odrzucony. O szczeg\u00f3\u0142ach tej kuriozalnej decyzji piszemy w artykule.","breadcrumb":{"@id":"https:\/\/rowerowycieszyn.pl\/index.php\/2022\/09\/29\/prawdziwie-czarny-chodnik-poza-budzetem-obywatelskim\/#breadcrumb"},"inLanguage":"pl-PL","potentialAction":[{"@type":"ReadAction","target":["https:\/\/rowerowycieszyn.pl\/index.php\/2022\/09\/29\/prawdziwie-czarny-chodnik-poza-budzetem-obywatelskim\/"]}]},{"@type":"ImageObject","inLanguage":"pl-PL","@id":"https:\/\/rowerowycieszyn.pl\/index.php\/2022\/09\/29\/prawdziwie-czarny-chodnik-poza-budzetem-obywatelskim\/#primaryimage","url":"https:\/\/rowerowycieszyn.pl\/wp-content\/uploads\/2022\/09\/1657265817926_tn.jpg","contentUrl":"https:\/\/rowerowycieszyn.pl\/wp-content\/uploads\/2022\/09\/1657265817926_tn.jpg","width":1920,"height":1080,"caption":"Czarnych Chodnik w Cieszynie"},{"@type":"BreadcrumbList","@id":"https:\/\/rowerowycieszyn.pl\/index.php\/2022\/09\/29\/prawdziwie-czarny-chodnik-poza-budzetem-obywatelskim\/#breadcrumb","itemListElement":[{"@type":"ListItem","position":1,"name":"Home","item":"https:\/\/rowerowycieszyn.pl\/"},{"@type":"ListItem","position":2,"name":"&#8220;Prawdziwie Czarny Chodnik&#8221; poza Bud\u017cetem Obywatelskim"}]},{"@type":"WebSite","@id":"https:\/\/rowerowycieszyn.pl\/#website","url":"https:\/\/rowerowycieszyn.pl\/","name":"Rowerowy Cieszyn","description":"Strona promuj\u0105ca komunikacj\u0119 oraz turystyk\u0119 rowerow\u0105 na terenie Cieszyna i okolic.","publisher":{"@id":"https:\/\/rowerowycieszyn.pl\/#organization"},"potentialAction":[{"@type":"SearchAction","target":{"@type":"EntryPoint","urlTemplate":"https:\/\/rowerowycieszyn.pl\/?s={search_term_string}"},"query-input":{"@type":"PropertyValueSpecification","valueRequired":true,"valueName":"search_term_string"}}],"inLanguage":"pl-PL"},{"@type":"Organization","@id":"https:\/\/rowerowycieszyn.pl\/#organization","name":"Rowerowy Cieszyn","url":"https:\/\/rowerowycieszyn.pl\/","logo":{"@type":"ImageObject","inLanguage":"pl-PL","@id":"https:\/\/rowerowycieszyn.pl\/#\/schema\/logo\/image\/","url":"https:\/\/rowerowycieszyn.pl\/wp-content\/uploads\/2020\/07\/cropped-rower1_cr_tn-1.jpg","contentUrl":"https:\/\/rowerowycieszyn.pl\/wp-content\/uploads\/2020\/07\/cropped-rower1_cr_tn-1.jpg","width":250,"height":100,"caption":"Rowerowy Cieszyn"},"image":{"@id":"https:\/\/rowerowycieszyn.pl\/#\/schema\/logo\/image\/"},"sameAs":["https:\/\/www.facebook.com\/RowerowyCieszyn"]},{"@type":"Person","@id":"https:\/\/rowerowycieszyn.pl\/#\/schema\/person\/b698cee63b7405acd7e70007d7cc8b2a","name":"Rowerowy Cieszyn","image":{"@type":"ImageObject","inLanguage":"pl-PL","@id":"https:\/\/secure.gravatar.com\/avatar\/1aef2c80bb06ccee0d820e4116589968d6d5c57310499f9271d42a4f7c5ffb3a?s=96&d=mm&r=g","url":"https:\/\/secure.gravatar.com\/avatar\/1aef2c80bb06ccee0d820e4116589968d6d5c57310499f9271d42a4f7c5ffb3a?s=96&d=mm&r=g","contentUrl":"https:\/\/secure.gravatar.com\/avatar\/1aef2c80bb06ccee0d820e4116589968d6d5c57310499f9271d42a4f7c5ffb3a?s=96&d=mm&r=g","caption":"Rowerowy Cieszyn"},"sameAs":["http:\/\/rowerowycieszyn.pl"],"url":"https:\/\/rowerowycieszyn.pl\/index.php\/author\/pstoklosa\/"}]}},"_links":{"self":[{"href":"https:\/\/rowerowycieszyn.pl\/index.php\/wp-json\/wp\/v2\/posts\/1603","targetHints":{"allow":["GET"]}}],"collection":[{"href":"https:\/\/rowerowycieszyn.pl\/index.php\/wp-json\/wp\/v2\/posts"}],"about":[{"href":"https:\/\/rowerowycieszyn.pl\/index.php\/wp-json\/wp\/v2\/types\/post"}],"author":[{"embeddable":true,"href":"https:\/\/rowerowycieszyn.pl\/index.php\/wp-json\/wp\/v2\/users\/1"}],"replies":[{"embeddable":true,"href":"https:\/\/rowerowycieszyn.pl\/index.php\/wp-json\/wp\/v2\/comments?post=1603"}],"version-history":[{"count":12,"href":"https:\/\/rowerowycieszyn.pl\/index.php\/wp-json\/wp\/v2\/posts\/1603\/revisions"}],"predecessor-version":[{"id":1619,"href":"https:\/\/rowerowycieszyn.pl\/index.php\/wp-json\/wp\/v2\/posts\/1603\/revisions\/1619"}],"wp:featuredmedia":[{"embeddable":true,"href":"https:\/\/rowerowycieszyn.pl\/index.php\/wp-json\/wp\/v2\/media\/1612"}],"wp:attachment":[{"href":"https:\/\/rowerowycieszyn.pl\/index.php\/wp-json\/wp\/v2\/media?parent=1603"}],"wp:term":[{"taxonomy":"category","embeddable":true,"href":"https:\/\/rowerowycieszyn.pl\/index.php\/wp-json\/wp\/v2\/categories?post=1603"},{"taxonomy":"post_tag","embeddable":true,"href":"https:\/\/rowerowycieszyn.pl\/index.php\/wp-json\/wp\/v2\/tags?post=1603"}],"curies":[{"name":"wp","href":"https:\/\/api.w.org\/{rel}","templated":true}]}}