{"id":1663,"date":"2022-10-10T18:31:41","date_gmt":"2022-10-10T16:31:41","guid":{"rendered":"http:\/\/rowerowycieszyn.pl\/?p=1663"},"modified":"2022-10-10T18:53:34","modified_gmt":"2022-10-10T16:53:34","slug":"droga-ktora-dzieli-problemy-mieszkancow-gminy-strumien-z-pokonywaniem-dk-81","status":"publish","type":"post","link":"https:\/\/rowerowycieszyn.pl\/index.php\/2022\/10\/10\/droga-ktora-dzieli-problemy-mieszkancow-gminy-strumien-z-pokonywaniem-dk-81\/","title":{"rendered":"Droga, kt\u00f3ra dzieli. Problemy mieszka\u0144c\u00f3w gminy Strumie\u0144 z pokonywaniem DK 81"},"content":{"rendered":"\r\n<p>Drogi z za\u0142o\u017cenia powinny \u0142\u0105czy\u0107. S\u0105 jednak takie, kt\u00f3re dziel\u0105. I nie chodzi tu o spory i k\u0142\u00f3tnie, ale o dzielenie dos\u0142owne, fizyczne. Taka sytuacja ma miejsce w gminie Strumie\u0144 w powiecie cieszy\u0144skim, przez kt\u00f3r\u0105 przebiega Droga Krajowa numer 81. Drog\u0119 t\u0119, zwan\u0105 potocznie \u201eWi\u015blank\u0105\u201d, znaj\u0105 dobrze wszyscy kierowcy podr\u00f3\u017cuj\u0105cy w osi p\u00f3\u0142noc \u2013 po\u0142udnie. Zapewnia ona wygodne cho\u0107 nie zawsze najszybsze po\u0142\u0105czenie aglomeracji g\u00f3rno\u015bl\u0105skiej z Beskidem \u015al\u0105skim oraz miejscowo\u015bciami zlokalizowanym wzd\u0142u\u017c trasy \u2013 pocz\u0105wszy od Katowic, przez Tychy, \u017bory, Paw\u0142owice, Skocz\u00f3w a\u017c po Ustro\u0144 i Wis\u0142\u0119, gdzie jest ju\u017c kontynuowana jako droga wojew\u00f3dzka 941.<!--more--><\/p>\r\n\r\n\r\n\r\n<p>Nic wi\u0119c dziwnego, \u017ce DK 81 jest jedn\u0105 z g\u0142\u00f3wnych arterii komunikacyjnych \u015al\u0105ska a nat\u0119\u017cenie ruchu cz\u0119sto osi\u0105ga granice jej przepustowo\u015bci. Jednocze\u015bnie nie jest to droga o standardzie ekspres\u00f3wki i z tego powodu cz\u0119sto dochodzi na niej do powa\u017cnych wypadk\u00f3w. W ostatnich latach GDDKiA podj\u0119\u0142a szereg dzia\u0142a\u0144, kt\u00f3rych celem by\u0142a poprawa bezpiecze\u0144stwa uczestnik\u00f3w ruchu na DK81. Systematycznie wprowadzano kolejne ograniczenia pr\u0119dko\u015bci, wybudowano kilka o\u015bwietlonych przej\u015b\u0107 dla pieszych, ustawiono dodatkow\u0105 sygnalizacj\u0119 \u015bwietln\u0105 oraz zacz\u0119to zamyka\u0107 tak zwane przewi\u0105zki, czyli miejsca, w kt\u00f3rych pojazdy mog\u0105 zawraca\u0107, skr\u0119ca\u0107 w lewo lub wyje\u017cd\u017ca\u0107 z dr\u00f3g podporz\u0105dkowanych, przecinaj\u0105c przy tym przeciwny kierunek ruchu.<\/p>\r\n<figure id=\"attachment_1669\" aria-describedby=\"caption-attachment-1669\" style=\"width: 1620px\" class=\"wp-caption alignnone\"><a href=\"http:\/\/rowerowycieszyn.pl\/wp-content\/uploads\/2022\/10\/P1250182_tn.jpg\"><img loading=\"lazy\" decoding=\"async\" class=\"wp-image-1669 size-full\" src=\"http:\/\/rowerowycieszyn.pl\/wp-content\/uploads\/2022\/10\/P1250182_tn.jpg\" alt=\"Droga Krajowa DK 81 dzieli B\u0105k\u00f3w na dwie cz\u0119\u015bci. Trasa jest bardzo obci\u0105\u017cona zar\u00f3wno ruchem towarowym jak i osobowym. A rowerzy\u015bci zmuszeni do korzystania z tej drogi pr\u00f3buj\u0105 zmie\u015bci\u0107 si\u0119 na pasie awaryjnym.\" width=\"1620\" height=\"1080\" srcset=\"https:\/\/rowerowycieszyn.pl\/wp-content\/uploads\/2022\/10\/P1250182_tn.jpg 1620w, https:\/\/rowerowycieszyn.pl\/wp-content\/uploads\/2022\/10\/P1250182_tn-300x200.jpg 300w, https:\/\/rowerowycieszyn.pl\/wp-content\/uploads\/2022\/10\/P1250182_tn-1024x683.jpg 1024w, https:\/\/rowerowycieszyn.pl\/wp-content\/uploads\/2022\/10\/P1250182_tn-768x512.jpg 768w, https:\/\/rowerowycieszyn.pl\/wp-content\/uploads\/2022\/10\/P1250182_tn-1536x1024.jpg 1536w\" sizes=\"auto, (max-width: 1620px) 100vw, 1620px\" \/><\/a><figcaption id=\"caption-attachment-1669\" class=\"wp-caption-text\">Droga Krajowa DK 81 dzieli B\u0105k\u00f3w na dwie cz\u0119\u015bci. Trasa jest bardzo obci\u0105\u017cona zar\u00f3wno ruchem towarowym jak i osobowym. A rowerzy\u015bci zmuszeni do korzystania z tej drogi pr\u00f3buj\u0105 zmie\u015bci\u0107 si\u0119 na pasie awaryjnym.<\/figcaption><\/figure>\r\n\r\n\r\n\r\n<h2 class=\"wp-block-heading\">Likwidacja przewi\u0105zek \u2013 mniej wypadk\u00f3w, wi\u0119cej utrudnie\u0144<\/h2>\r\n\r\n\r\n\r\n<p>I w\u0142a\u015bnie to ostatnie dzia\u0142anie \u2013 zamykanie przewi\u0105zek \u2013 niew\u0105tpliwie przyczyniaj\u0105ce si\u0119 do poprawy bezpiecze\u0144stwa, sta\u0142o si\u0119 \u017ar\u00f3d\u0142em problemu dla mieszka\u0144c\u00f3w takich miejscowo\u015bci jak Drogomy\u015bl, Strumie\u0144 czy B\u0105k\u00f3w. Wszystkie trzy nale\u017c\u0105 do gminy Strumie\u0144, ale rzuciwszy okiem na map\u0119 \u0142atwo zauwa\u017cymy, \u017ce o ile Drogomy\u015bl i Strumie\u0144 le\u017c\u0105 na wsch\u00f3d od DK 81, to ju\u017c B\u0105k\u00f3w (a dok\u0142adniej wi\u0119ksza jego cz\u0119\u015b\u0107) jest zlokalizowany po zachodniej stronie trasy.<\/p>\r\n\r\n\r\n\r\n<p>Trzeba te\u017c zaznaczy\u0107, \u017ce opisywane tereny s\u0105 zlokalizowany na nizinnym obszarze doliny Wis\u0142y, co zawsze sprzyja\u0142o rozwojowi komunikacji rowerowej. Do dzisiaj zar\u00f3wno m\u0142odsi jak i starsi mieszka\u0144cy tej okolicy bardzo ch\u0119tnie korzystaj\u0105 z tego \u015brodka transportu. Niestety o ile mi\u0119dzy Skoczowem a Drogomy\u015blem istnieje wiele opcjonalnych po\u0142\u0105cze\u0144 lub dr\u00f3g dojazdowych r\u00f3wnoleg\u0142ych do DK 81, to takich alternatyw brak na odcinku od stacji BP w Drogomy\u015blu a\u017c do ul. 1 Maja w Strumieniu. Tu rowerzy\u015bcie s\u0105 skazani na poruszanie si\u0119 dwupasm\u00f3wk\u0105 lub codzienne pokonywanie dodatkowych kilometr\u00f3w.<\/p>\r\n\r\n\r\n\r\n<p>Jak zauwa\u017ca Bart\u0142omiej Gunia, lokalny aktywista rowerowy, kt\u00f3ry jako pierwszy zacz\u0105\u0142 nag\u0142a\u015bnia\u0107 problem i zwr\u00f3ci\u0142 si\u0119 do nas z pro\u015bb\u0105 o pomoc w tej sprawie: <em>zamykanie przewi\u0105zek uniemo\u017cliwia dotarcie na drug\u0105 stron\u0119 drogi i zmusza rowerzyst\u00f3w do pokonywania coraz d\u0142u\u017cszych odcink\u00f3w wzd\u0142u\u017c DK 81. Nale\u017cy podkre\u015bli\u0107, \u017ce problem w szczeg\u00f3lno\u015bci dotyka w\u0142a\u015bnie rowerzyst\u00f3w<\/em>.<\/p>\r\n\r\n\r\n\r\n<p>Bo o ile dla kierowcy samochodu osobowego pokonanie kilku dodatkowych kilometr\u00f3w raczej nie stanowi problemu, to osoby codziennie doje\u017cd\u017caj\u0105cej rowerem do pracy lub szko\u0142y, staj\u0105 przed nie lada wyzwaniem.<\/p>\r\n<figure id=\"attachment_1682\" aria-describedby=\"caption-attachment-1682\" style=\"width: 1620px\" class=\"wp-caption alignnone\"><a href=\"http:\/\/rowerowycieszyn.pl\/wp-content\/uploads\/2022\/10\/P1250216_tn.jpg\"><img loading=\"lazy\" decoding=\"async\" class=\"wp-image-1682 size-full\" src=\"http:\/\/rowerowycieszyn.pl\/wp-content\/uploads\/2022\/10\/P1250216_tn.jpg\" alt=\"Zamkni\u0119ta jeszcze w 2021 roku przewi\u0105zka umo\u017cliwiaj\u0105ca wyjazd z ul. Wsp\u00f3lnej w kierunku Drogomy\u015bla oraz do &quot;lewobrze\u017cnej&quot; cz\u0119\u015bci B\u0105kowa.\" width=\"1620\" height=\"1080\" srcset=\"https:\/\/rowerowycieszyn.pl\/wp-content\/uploads\/2022\/10\/P1250216_tn.jpg 1620w, https:\/\/rowerowycieszyn.pl\/wp-content\/uploads\/2022\/10\/P1250216_tn-300x200.jpg 300w, https:\/\/rowerowycieszyn.pl\/wp-content\/uploads\/2022\/10\/P1250216_tn-1024x683.jpg 1024w, https:\/\/rowerowycieszyn.pl\/wp-content\/uploads\/2022\/10\/P1250216_tn-768x512.jpg 768w, https:\/\/rowerowycieszyn.pl\/wp-content\/uploads\/2022\/10\/P1250216_tn-1536x1024.jpg 1536w\" sizes=\"auto, (max-width: 1620px) 100vw, 1620px\" \/><\/a><figcaption id=\"caption-attachment-1682\" class=\"wp-caption-text\">Zamkni\u0119ta jeszcze w 2021 roku przewi\u0105zka umo\u017cliwiaj\u0105ca wyjazd z ul. Wsp\u00f3lnej w kierunku Drogomy\u015bla oraz do &#8222;lewobrze\u017cnej&#8221; cz\u0119\u015bci B\u0105kowa.<\/figcaption><\/figure>\r\n\r\n\r\n\r\n<p>Na przyk\u0142ad je\u017celi kto\u015b mieszka na ul. Wsp\u00f3lnej w B\u0105kowie i chce zawie\u017a\u0107 dziecko do przedszkola w tym\u017ce B\u0105kowie, musi cofn\u0105\u0107 si\u0119 a\u017c do ul. 1 Maja a nast\u0119pnie zawr\u00f3ci\u0107 i porusza\u0107 si\u0119 wzd\u0142u\u017c DK81 w stron\u0119 ul. G\u0142\u00f3wnej. Ten wariant ma 4,5 kilometra. Mo\u017cna te\u017c zrobi\u0107 p\u0119tl\u0119 przez Strumie\u0144, dotrze\u0107 do DK81 ul. Cieszy\u0144sk\u0105 i w okolicach restauracji \u201eAleksandria\u201d znowu przedosta\u0107 si\u0119 na ul. G\u0142\u00f3wn\u0105 \u2013 ta opcja to 5,3 km. No i najd\u0142u\u017cszy wariant, przez Zbytk\u00f3w, to w sumie 7,7 km. Gdyby natomiast na ko\u0144cu ul. Wsp\u00f3lnej pozostawiono przewi\u0105zk\u0119 umo\u017cliwiaj\u0105c\u0105 dotarcie na drug\u0105 stron\u0119 drogi, ca\u0142a trasa skraca si\u0119 do 2,6 km. Niestety przewi\u0105zka jest zamkni\u0119ta a alternatywne rozwi\u0105zania znacznie wyd\u0142u\u017caj\u0105 tras\u0119. Nic wi\u0119c dziwnego, \u017ce wielu rowerzyst\u00f3w ulega pokusie jazdy pod pr\u0105d, bo przecie\u017c to \u201etylko\u201d kilkaset metr\u00f3w.<\/p>\r\n\r\n\r\n\r\n<p>Z podobnym problemem maj\u0105 do czynienia mieszka\u0144cy ul. Cieszy\u0144skiej chc\u0105cy uda\u0107 si\u0119 rowerem w kierunku Drogomy\u015bla. Tu r\u00f3wnie\u017c aby porusza\u0107 si\u0119 zgodnie z przepisami nale\u017ca\u0142oby najpierw zawr\u00f3ci\u0107 w stron\u0119 ul. G\u0142\u00f3wnej, nast\u0119pnie wykona\u0107 niebezpieczny skr\u0119t w lewo lub przej\u015b\u0107 wcze\u015bniej na pasach i dopiero potem dalej kierowa\u0107 si\u0119 wzd\u0142u\u017c dwupasm\u00f3wki. Analogiczny problem maj\u0105 mieszka\u0144cy Drogomy\u015bla chc\u0105cy dotrze\u0107 do Strumienia \u2013 albo spory kawa\u0142ek drogi musz\u0105 pokona\u0107 wzd\u0142u\u017c DK 81, albo \u201eupraszczaj\u0105\u201d sobie \u0142ami\u0105c przepisy i poruszaj\u0105c si\u0119 pod pr\u0105d mi\u0119dzy starym odcinkiem ul. Wi\u015bla\u0144skiej a ul. M\u0142ynarsk\u0105. Kolejne przyk\u0142ady mo\u017cna by mno\u017cy\u0107.<\/p>\r\n<figure id=\"attachment_1671\" aria-describedby=\"caption-attachment-1671\" style=\"width: 1620px\" class=\"wp-caption alignnone\"><a href=\"http:\/\/rowerowycieszyn.pl\/wp-content\/uploads\/2022\/10\/P1250137_tn.jpg\"><img loading=\"lazy\" decoding=\"async\" class=\"wp-image-1671 size-full\" src=\"http:\/\/rowerowycieszyn.pl\/wp-content\/uploads\/2022\/10\/P1250137_tn.jpg\" alt=\"Mi\u0119dzy Skoczowem a Drogomy\u015blem na wi\u0119kszo\u015bci odcink\u00f3w s\u0105 dost\u0119pne drogi techniczne i dojazdowe, kt\u00f3re pozwalaj\u0105 unikn\u0105\u0107 jazdy dwupasm\u00f3wk\u0105.\" width=\"1620\" height=\"1080\" srcset=\"https:\/\/rowerowycieszyn.pl\/wp-content\/uploads\/2022\/10\/P1250137_tn.jpg 1620w, https:\/\/rowerowycieszyn.pl\/wp-content\/uploads\/2022\/10\/P1250137_tn-300x200.jpg 300w, https:\/\/rowerowycieszyn.pl\/wp-content\/uploads\/2022\/10\/P1250137_tn-1024x683.jpg 1024w, https:\/\/rowerowycieszyn.pl\/wp-content\/uploads\/2022\/10\/P1250137_tn-768x512.jpg 768w, https:\/\/rowerowycieszyn.pl\/wp-content\/uploads\/2022\/10\/P1250137_tn-1536x1024.jpg 1536w\" sizes=\"auto, (max-width: 1620px) 100vw, 1620px\" \/><\/a><figcaption id=\"caption-attachment-1671\" class=\"wp-caption-text\">Mi\u0119dzy Skoczowem a Drogomy\u015blem na wi\u0119kszo\u015bci odcink\u00f3w s\u0105 dost\u0119pne drogi techniczne i dojazdowe, kt\u00f3re pozwalaj\u0105 unikn\u0105\u0107 jazdy dwupasm\u00f3wk\u0105.<\/figcaption><\/figure>\r\n\r\n\r\n\r\n<h2 class=\"wp-block-heading\">Mieszka\u0144cy gminy Strumie\u0144 potwierdzaj\u0105 istnienie problemu<\/h2>\r\n\r\n\r\n\r\n<p>Zapytali\u015bmy okolicznych mieszka\u0144c\u00f3w, co s\u0105dz\u0105 o opisanej sytuacji. Z jednej strony ze zrozumieniem podchodz\u0105 do zamykania przewi\u0105zek, gdy\u017c s\u0105 \u015bwiadomi niebezpiecze\u0144stwa, jakie wi\u0105\u017ce si\u0119 z tym rozwi\u0105zaniem drogowym. Z drugiej z rozgoryczeniem zauwa\u017caj\u0105, \u017ce docieranie na przeciwleg\u0142y \u201ebrzeg\u201d staje si\u0119 coraz trudniejsze. Wielu z nich w rozmowie stwierdzi\u0142o, \u017ce za rozwi\u0105zaniami poprawiaj\u0105cymi bezpiecze\u0144stwo podr\u00f3\u017cuj\u0105cych DK 81 nie id\u0105 dzia\u0142ania, kt\u00f3re rozwi\u0105za\u0142yby problemy komunikacyjne gminy Strumie\u0144. Pani Magda, mieszkaj\u0105ca w B\u0105kowie przy ul. M\u0142ynarskiej i doje\u017cd\u017caj\u0105ca do pracy w Pruchnej codziennie musi pokonywa\u0107 nadmiarowe kilometry jad\u0105c w towarzystwie rozp\u0119dzonych tir\u00f3w.<\/p>\r\n\r\n\r\n\r\n<p>Podobny problem ma pani Maria, kt\u00f3r\u0105 w towarzystwie dw\u00f3jki dzieci (ka\u017cde na w\u0142asnym rowerze) codziennie przemierza kilka kilometr\u00f3w pasem awaryjnym wzd\u0142u\u017c dwupasm\u00f3wki. Marzy si\u0119 jej, \u017ceby wzd\u0142u\u017c DK 81 wreszcie powsta\u0142y drogi dla rower\u00f3w wraz z bezpiecznymi przejazdami. Wspomnia\u0142a r\u00f3wnie\u017c, \u017ce rowerzystom bardzo u\u0142atwi\u0142oby \u017cycie wybudowanie przejazdu pod wiaduktem kolejowym w Drogomy\u015blu. Z kolei pani El\u017cbieta, rowerzystka ze Zbytkowa, zwr\u00f3ci\u0142a uwag\u0119, \u017ce chocia\u017c na trasie powsta\u0142o kilka przej\u015b\u0107 dla pieszych, to bez sygnalizacji \u015bwietlnej wci\u0105\u017c s\u0105 to bardzo niebezpieczne miejsca \u2013 rozp\u0119dzeni kierowcy nie zawsze maj\u0105 ochot\u0119 zatrzyma\u0107 si\u0119 i przepu\u015bci\u0107 pieszego. <em>Mia\u0142am tak\u0105 sytuacj\u0105, \u017ce na skrajnym pasie zatrzyma\u0142o mi si\u0119 du\u017ce auto a na drugim nie widzia\u0142am, czy co\u015b jedzie i czy mog\u0119 przechodzi\u0107. Wyjd\u0119 zza du\u017cego i mnie stuknie<\/em>, wspomina pani Maria. Niestety z roku na rok ruch na tej trasie jest coraz wi\u0119kszy, co dla okolicznych mieszka\u0144c\u00f3w oznacza wi\u0119kszy stres oraz zagro\u017cenia.<\/p>\r\n<figure id=\"attachment_1670\" aria-describedby=\"caption-attachment-1670\" style=\"width: 1620px\" class=\"wp-caption alignnone\"><a href=\"http:\/\/rowerowycieszyn.pl\/wp-content\/uploads\/2022\/10\/P1250202_tn.jpg\"><img loading=\"lazy\" decoding=\"async\" class=\"wp-image-1670 size-full\" src=\"http:\/\/rowerowycieszyn.pl\/wp-content\/uploads\/2022\/10\/P1250202_tn.jpg\" alt=\"Wzd\u0142u\u017c DK 81, w towarzystwie p\u0119dz\u0105cych TIR-\u00f3w przemieszczaj\u0105 si\u0119 rodzice z ma\u0142ymi dzie\u0107mi. Nie ka\u017cdy kierowca jest tak uprzejmy jak ten na zdj\u0119ciu, kt\u00f3ry zjecha\u0142 na prawy pas. Czasami podmuch dos\u0142ownie zrywa czapki z g\u0142owy.  \" width=\"1620\" height=\"1080\" srcset=\"https:\/\/rowerowycieszyn.pl\/wp-content\/uploads\/2022\/10\/P1250202_tn.jpg 1620w, https:\/\/rowerowycieszyn.pl\/wp-content\/uploads\/2022\/10\/P1250202_tn-300x200.jpg 300w, https:\/\/rowerowycieszyn.pl\/wp-content\/uploads\/2022\/10\/P1250202_tn-1024x683.jpg 1024w, https:\/\/rowerowycieszyn.pl\/wp-content\/uploads\/2022\/10\/P1250202_tn-768x512.jpg 768w, https:\/\/rowerowycieszyn.pl\/wp-content\/uploads\/2022\/10\/P1250202_tn-1536x1024.jpg 1536w\" sizes=\"auto, (max-width: 1620px) 100vw, 1620px\" \/><\/a><figcaption id=\"caption-attachment-1670\" class=\"wp-caption-text\">Wzd\u0142u\u017c DK 81, w towarzystwie p\u0119dz\u0105cych TIR-\u00f3w przemieszczaj\u0105 si\u0119 rodzice z ma\u0142ymi dzie\u0107mi. Nie ka\u017cdy kierowca jest tak uprzejmy jak ten na zdj\u0119ciu, kt\u00f3ry zjecha\u0142 na prawy pas. Czasami podmuch dos\u0142ownie zrywa czapki z g\u0142owy.<\/figcaption><\/figure>\r\n\r\n\r\n\r\n<h2 class=\"wp-block-heading\">Co o sytuacji s\u0105dzi GDDKiA oraz w\u0142adze lokalne?<\/h2>\r\n\r\n\r\n\r\n<p>Z problemu od dawna zdaje sobie spraw\u0119 GDDKiA. Gmina Strumie\u0144 zainteresowa\u0142a si\u0119 tematem ju\u017c w sierpniu 2021, po wniesieniu interpelacji przez radnego Kazimierza Jarowskiego, kt\u00f3ry po zamkni\u0119ciu przewi\u0105zki na ul. Wsp\u00f3lnej zwr\u00f3ci\u0142 si\u0119 do w\u0142adz gminy o interwencj\u0119 w GDDKiA. Jak s\u0142usznie zauwa\u017ca radny <em>przy obecnym rozwi\u0105zaniu komunikacyjnym dzieci jak i osoby korzystaj\u0105ce z rower\u00f3w s\u0105 zmuszane do poruszania si\u0119 pasem w przeciwnym kierunku ruchu ni\u017c ruch ko\u0142owy (pod pr\u0105d), co jest niezgodne z Kodeksem o Ruchu Drogowym i stanowi bardzo du\u017ce zagro\u017cenie dla uczestnik\u00f3w ruchu<\/em>. Gmina faktycznie podj\u0119\u0142a tak\u0105 interwencj\u0119. Niestety wymiana ta nie przynios\u0142a dotychczas \u017cadnych wymiernych rezultat\u00f3w i wydaje si\u0119, \u017ce w\u0142adze Strumienia co najmniej zawiesi\u0142y swoje dzia\u0142ania o ile ju\u017c nie z\u0142o\u017cy\u0142y broni, gdy\u017c GDDKiA w swoich odpowiedziach konsekwentnie trzyma si\u0119 stanowiska, \u017ce <em>niedogodno\u015bci zwi\u0105zane z przekraczaniem DK81 kompensowane s\u0105 przez wzrost bezpiecze\u0144stwa ruchu drogowego<\/em> (pismo z 22.12.2021).<\/p>\r\n\r\n\r\n\r\n<p>W tym roku w podobn\u0105 wymian\u0119 pism zaanga\u017cowa\u0142 si\u0119 Rowerowy Cieszyn. Naszym zdaniem wystarczy\u0142oby kilka relatywnie niedrogich usprawnie\u0144, kt\u00f3re rozwi\u0105za\u0142yby opisywane problemy. Takie propozycje przedstawi\u0142em w pi\u015bmie z dnia 11.04.2022 skierowanym do katowickiego oddzia\u0142u GDDKiA. W\u015br\u00f3d przedstawionych pomys\u0142\u00f3w znalaz\u0142y si\u0119:<\/p>\r\n\r\n\r\n\r\n<ul class=\"wp-block-list\">\r\n<li>budowa ci\u0105gu pieszo rowerowego wzd\u0142u\u017c DK 81, \u0142\u0105cz\u0105cego ul. 1 Maja z ul. Wsp\u00f3ln\u0105, Cieszy\u0144sk\u0105 i \u0141\u0119gow\u0105,<\/li>\r\n<li>wykonanie \u0142\u0105cznika mi\u0119dzy \u201estarym\u201d fragmentem ul. Wi\u015bla\u0144skiej, przecinaj\u0105cym lini\u0119 kolejow\u0105 tunelem, a ul. M\u0142ynarsk\u0105, co umo\u017cliwi\u0142oby bezkolizyjny przejazd rowerzystom poruszaj\u0105cym si\u0119 z Drogomy\u015bla w kierunku B\u0105kowa,<\/li>\r\n<li>dostosowanie do potrzeb ruchu rowerowego drogi technicznej pod wiaduktem samochodowym, \u0142\u0105cz\u0105cej \u201estar\u0105\u201d Wi\u015blank\u0119 z ul. Wiejsk\u0105,<\/li>\r\n<li>utworzenie przej\u015b\u0107 pieszo-rowerowych w pobli\u017cu zlikwidowanych przewi\u0105zek przy ul. Wsp\u00f3lnej (mapka pkt. 1.2.) i Cieszy\u0144skiej.<\/li>\r\n<\/ul>\r\n\r\n\r\n\r\n<figure id=\"attachment_1676\" aria-describedby=\"caption-attachment-1676\" style=\"width: 1620px\" class=\"wp-caption alignnone\"><a href=\"http:\/\/rowerowycieszyn.pl\/wp-content\/uploads\/2022\/10\/P1250244_tn.jpg\"><img loading=\"lazy\" decoding=\"async\" class=\"size-full wp-image-1676\" src=\"http:\/\/rowerowycieszyn.pl\/wp-content\/uploads\/2022\/10\/P1250244_tn.jpg\" alt=\"Wiadukt kolejowy w Drogomy\u015blu. Po prawej stronie widoczny zjazd na &quot;star\u0105&quot; ulic\u0119 Wi\u015bla\u0144sk\u0105. Brakuje 200 metr\u00f3w, \u017ceby to miejsce po\u0142\u0105czy\u0107 z ul. My\u015bliwsk\u0105 i powsta\u0142oby bezpieczne po\u0142\u0105czenie rowerowe mi\u0119dzy Drogomy\u015blem a B\u0105kowem.\" width=\"1620\" height=\"1080\" srcset=\"https:\/\/rowerowycieszyn.pl\/wp-content\/uploads\/2022\/10\/P1250244_tn.jpg 1620w, https:\/\/rowerowycieszyn.pl\/wp-content\/uploads\/2022\/10\/P1250244_tn-300x200.jpg 300w, https:\/\/rowerowycieszyn.pl\/wp-content\/uploads\/2022\/10\/P1250244_tn-1024x683.jpg 1024w, https:\/\/rowerowycieszyn.pl\/wp-content\/uploads\/2022\/10\/P1250244_tn-768x512.jpg 768w, https:\/\/rowerowycieszyn.pl\/wp-content\/uploads\/2022\/10\/P1250244_tn-1536x1024.jpg 1536w\" sizes=\"auto, (max-width: 1620px) 100vw, 1620px\" \/><\/a><figcaption id=\"caption-attachment-1676\" class=\"wp-caption-text\">Wiadukt kolejowy w Drogomy\u015blu. Po prawej stronie widoczny zjazd na &#8222;star\u0105&#8221; ulic\u0119 Wi\u015bla\u0144sk\u0105. Brakuje 200 metr\u00f3w, \u017ceby to miejsce po\u0142\u0105czy\u0107 z ul. My\u015bliwsk\u0105 i powsta\u0142oby bezpieczne po\u0142\u0105czenie rowerowe mi\u0119dzy Drogomy\u015blem a B\u0105kowem.<\/figcaption><\/figure>\r\n<p>Niestety przedstawione pomys\u0142y spotka\u0142y si\u0119 z negatywn\u0105 ocen\u0105 a udzielone odpowiedzi wyra\u017anie sugeruj\u0105, \u017ce priorytetem dla zarz\u0105dcy dr\u00f3g krajowych jest wygoda i bezpiecze\u0144stwo \u201ed\u0142ugodystansowych\u201d kierowc\u00f3w a nie mieszka\u0144c\u00f3w miejscowo\u015bci zlokalizowanych wzd\u0142u\u017c trasy. W odpowiedzi z 11.05.2022 GDDKiA Oddzia\u0142 w Katowicach pisze:<\/p>\r\n\r\n\r\n\r\n<blockquote class=\"wp-block-quote is-layout-flow wp-block-quote-is-layout-flow\">\r\n<p><em>Wyznaczanie nowych przej\u015b\u0107 dla pieszych i przejazd\u00f3w dla rowerzyst\u00f3w musi mie\u0107 swoje racjonalne i techniczne uzasadnienie. Ka\u017cde takie nowe dodatkowe miejsce przyczynia si\u0119 do pogorszenia przepustowo\u015bci i swobody ruchu pojazd\u00f3w. Bior\u0105c pod uwag\u0119 powy\u017csze nale\u017cy zach\u0119ci\u0107 pieszych i rowerzyst\u00f3w do wykorzystywania wy\u0142\u0105cznie miejsc na DK81, gdzie przej\u015bcia ju\u017c s\u0105 wyznaczone, a rozbudowa ci\u0105g\u00f3w pieszo-rowerowych na dojazdach do DK81 powinna by\u0107 z nimi skomunikowana (&#8230;)maj\u0105c na uwadze charakter drogi, nie ma mo\u017cliwo\u015bci aby ka\u017cdy wlot boczny mia\u0142 dost\u0119p do obu jezdni oraz aby przy ka\u017cdym wlocie bocznym by\u0142o wyznaczone przej\u015bcie dla pieszych. Dlatego te\u017c, ruch pieszy i rowerowy nale\u017cy przede wszystkim prowadzi\u0107 uk\u0142adem dr\u00f3g lokalnych i kierowa\u0107 go do skrzy\u017cowa\u0144, kt\u00f3re gwarantuj\u0105 bezpiecze\u0144stwo dla ruchu poprzecznego do DK81. <\/em><\/p>\r\n<\/blockquote>\r\n\r\n\r\n\r\n<p>Kwesti\u0119 adaptacji drogi pod wiaduktem kolejowym w Drogomy\u015blu skwitowano nast\u0119puj\u0105c\u0105 odpowiedzi\u0105: <em>Wskazany odcinek drogi technicznej od ul. Wiejskiej do wiaduktu drogowego nie le\u017cy w pasie drogowym administrowanym przez GDDKiA. Nie le\u017cy, wi\u0119c nie nasz problem, niech martwi\u0105 si\u0119 w\u0142a\u015bciciele tego odcinka<\/em>. A przecie\u017c GDDKiA jako \u017ar\u00f3d\u0142o problemu powinna sama wyst\u0119powa\u0107 z propozycjami jego rozwi\u0105za\u0144, z w\u0142asnej inicjatywy wchodz\u0105c we wsp\u00f3\u0142prac\u0119 z lokalnymi samorz\u0105dami.<\/p>\r\n\r\n\r\n\r\n<p>W podobnym tonie kilka akapit\u00f3w dalej pojawia si\u0119 stwierdzenie: <em>R\u00f3wnocze\u015bnie zwracamy uwag\u0119, \u017ce wzorem innych gmin samorz\u0105dy omawianych miejscowo\u015bci winny podj\u0105\u0107 starania, aby budowa\u0107 poza pasem DK81 niezale\u017cny ci\u0105g pieszo-rowerowy (pieszo-jezdny)<\/em>. Czyli znowu pojawia si\u0119 komunikat, kt\u00f3ry mo\u017cna stre\u015bci\u0107 s\u0142owami: \u201emy mamy dba\u0107 o kierowc\u00f3w na drodze krajowej a ty gmino martw si\u0119 sama o bezpiecze\u0144stwo i wygod\u0119 swoich mieszka\u0144c\u00f3w\u201d.<\/p>\r\n<figure id=\"attachment_1673\" aria-describedby=\"caption-attachment-1673\" style=\"width: 1620px\" class=\"wp-caption alignnone\"><a href=\"http:\/\/rowerowycieszyn.pl\/wp-content\/uploads\/2022\/10\/P1250161_tn.jpg\"><img loading=\"lazy\" decoding=\"async\" class=\"size-full wp-image-1673\" src=\"http:\/\/rowerowycieszyn.pl\/wp-content\/uploads\/2022\/10\/P1250161_tn.jpg\" alt=\"Droga pod wiaduktem kolejowym w Drogomy\u015blu prowadz\u0105ca do &quot;starej ul. Wi\u015bla\u0144skiej.\" width=\"1620\" height=\"1080\" srcset=\"https:\/\/rowerowycieszyn.pl\/wp-content\/uploads\/2022\/10\/P1250161_tn.jpg 1620w, https:\/\/rowerowycieszyn.pl\/wp-content\/uploads\/2022\/10\/P1250161_tn-300x200.jpg 300w, https:\/\/rowerowycieszyn.pl\/wp-content\/uploads\/2022\/10\/P1250161_tn-1024x683.jpg 1024w, https:\/\/rowerowycieszyn.pl\/wp-content\/uploads\/2022\/10\/P1250161_tn-768x512.jpg 768w, https:\/\/rowerowycieszyn.pl\/wp-content\/uploads\/2022\/10\/P1250161_tn-1536x1024.jpg 1536w\" sizes=\"auto, (max-width: 1620px) 100vw, 1620px\" \/><\/a><figcaption id=\"caption-attachment-1673\" class=\"wp-caption-text\">Droga pod wiaduktem kolejowym w Drogomy\u015blu prowadz\u0105ca do &#8222;starej ul. Wi\u015bla\u0144skiej.<\/figcaption><\/figure>\r\n<figure id=\"attachment_1674\" aria-describedby=\"caption-attachment-1674\" style=\"width: 1620px\" class=\"wp-caption alignnone\"><a href=\"http:\/\/rowerowycieszyn.pl\/wp-content\/uploads\/2022\/10\/P1250163_tn.jpg\"><img loading=\"lazy\" decoding=\"async\" class=\"size-full wp-image-1674\" src=\"http:\/\/rowerowycieszyn.pl\/wp-content\/uploads\/2022\/10\/P1250163_tn.jpg\" alt=\"Na dawnej ul. Wi\u015bla\u0144skiej jest nawet wiadukt kolejowy, kt\u00f3ry pozwala bezkolizyjnie pokona\u0107 skrzy\u017cowanie z torami. Niestety kilkaset metr\u00f3w dalej ta droga ko\u0144czy si\u0119 wjazdem na dwupasm\u00f3wk\u0119.\" width=\"1620\" height=\"1080\" srcset=\"https:\/\/rowerowycieszyn.pl\/wp-content\/uploads\/2022\/10\/P1250163_tn.jpg 1620w, https:\/\/rowerowycieszyn.pl\/wp-content\/uploads\/2022\/10\/P1250163_tn-300x200.jpg 300w, https:\/\/rowerowycieszyn.pl\/wp-content\/uploads\/2022\/10\/P1250163_tn-1024x683.jpg 1024w, https:\/\/rowerowycieszyn.pl\/wp-content\/uploads\/2022\/10\/P1250163_tn-768x512.jpg 768w, https:\/\/rowerowycieszyn.pl\/wp-content\/uploads\/2022\/10\/P1250163_tn-1536x1024.jpg 1536w\" sizes=\"auto, (max-width: 1620px) 100vw, 1620px\" \/><\/a><figcaption id=\"caption-attachment-1674\" class=\"wp-caption-text\">Na dawnej ul. Wi\u015bla\u0144skiej jest nawet wiadukt kolejowy, kt\u00f3ry pozwala bezkolizyjnie pokona\u0107 skrzy\u017cowanie z torami. Niestety kilkaset metr\u00f3w dalej ta droga ko\u0144czy si\u0119 wjazdem na dwupasm\u00f3wk\u0119.<\/figcaption><\/figure>\r\n\r\n\r\n\r\n<p>We wspomnianym pi\u015bmie GDDKiA w og\u00f3le nie odnios\u0142a si\u0119 natomiast do propozycji budowy \u0142\u0105cznika mi\u0119dzy ul. M\u0142ynarsk\u0105 w B\u0105kowie a ul. Wiejsk\u0105 w Drogomy\u015blu. W zwi\u0105zku z tym w dniu 30.05.2022 skierowa\u0142em do Generalnej Dyrekcji kolejne pismo w tej sprawie, w kt\u00f3rym ponownie zwr\u00f3ci\u0142em si\u0119 z minimalistyczn\u0105 propozycj\u0105 budowy 200 metrowego ci\u0105gu pieszo rowerowego mi\u0119dzy ul. M\u0142ynarsk\u0105 a ul. Wi\u015bla\u0144sk\u0105, kt\u00f3ry pozwoli\u0142by na bezpieczne przemieszczanie si\u0119 mi\u0119dzy Drogomy\u015blem a B\u0105kowem.<\/p>\r\n\r\n\r\n\r\n<p>W uzyskanej odpowiedzi pojawia si\u0119 promyk nadziei, bo autor pisma stwierdza: s<em>prawa budowy ci\u0105gu pieszo-rowerowego na odcinku DK81 od skrzy\u017cowania z ul. M\u0142ynarsk\u0105 w B\u0105kowie do zjazdu prowadz\u0105cego w kierunku wiaduktu kolejowego w Drogomy\u015blu (str. prawa, szer. 3,5 m, od km 50+590 do km 50+910) zosta\u0142a zg\u0142oszona w ramach uzgadnianego z Central\u0105 GDDKiA programu inwestycji dla zadania pn. \u201ePoprawa brd na DK81 odc. Zbytk\u00f3w \u2013 Drogomy\u015bl w woj. \u015bl\u0105skim\u201d. Niestety ju\u017c w nast\u0119pnym akapicie czytamy Z uwagi na wczesny etap uzgodnie\u0144 obecnie nie mo\u017cemy deklarowa\u0107 ostatecznego zakresu i terminu realizacji przedmiotowego zadania<\/em>.<\/p>\r\n<figure id=\"attachment_1677\" aria-describedby=\"caption-attachment-1677\" style=\"width: 1620px\" class=\"wp-caption alignnone\"><a href=\"http:\/\/rowerowycieszyn.pl\/wp-content\/uploads\/2022\/10\/P1250230_tn-1.jpg\"><img loading=\"lazy\" decoding=\"async\" class=\"size-full wp-image-1677\" src=\"http:\/\/rowerowycieszyn.pl\/wp-content\/uploads\/2022\/10\/P1250230_tn-1.jpg\" alt=\"Wiele os\u00f3b nie dysponuj\u0105cych samochodami jest skazana na dojazd do pracy, sklepu lub urz\u0119du wzd\u0142u\u017c DK 81.\" width=\"1620\" height=\"1080\" srcset=\"https:\/\/rowerowycieszyn.pl\/wp-content\/uploads\/2022\/10\/P1250230_tn-1.jpg 1620w, https:\/\/rowerowycieszyn.pl\/wp-content\/uploads\/2022\/10\/P1250230_tn-1-300x200.jpg 300w, https:\/\/rowerowycieszyn.pl\/wp-content\/uploads\/2022\/10\/P1250230_tn-1-1024x683.jpg 1024w, https:\/\/rowerowycieszyn.pl\/wp-content\/uploads\/2022\/10\/P1250230_tn-1-768x512.jpg 768w, https:\/\/rowerowycieszyn.pl\/wp-content\/uploads\/2022\/10\/P1250230_tn-1-1536x1024.jpg 1536w\" sizes=\"auto, (max-width: 1620px) 100vw, 1620px\" \/><\/a><figcaption id=\"caption-attachment-1677\" class=\"wp-caption-text\">Wiele os\u00f3b nie dysponuj\u0105cych samochodami jest skazana na dojazd do pracy, sklepu lub urz\u0119du wzd\u0142u\u017c DK 81.<\/figcaption><\/figure>\r\n\r\n\r\n\r\n<h2 class=\"wp-block-heading\">Co dalej?<\/h2>\r\n\r\n\r\n\r\n<p>Jak zauwa\u017ca Bart\u0142omiej Gunia, <em>do Generalnej Dyrekcji Dr\u00f3g Krajowych i Autostrad nale\u017cy wsp\u00f3\u0142praca z organami samorz\u0105du terytorialnego w zakresie rozbudowy i utrzymania infrastruktury drogowej, w tym przypadku GDDKiA nie wsp\u00f3\u0142pracuje z Gmin\u0105 Strumie\u0144<\/em>. Potwierdzeniem tego faktu jest korespondencja z GDDKiA, kt\u00f3r\u0105 otrzymali\u015bmy z Urz\u0119du Gminy w Strumieniu i z kt\u00f3rej wynika, \u017ce Generalna Dyrekcja nie traktuje w lokalnych w\u0142adz o wiele lepiej ni\u017c aktywist\u00f3w rowerowych. Bart\u0142omiej Gunia dodaje: <em>W moim przekonaniu GDDKiA poprzez zamkni\u0119cie przewi\u0105zek wprowadzi\u0142a organizacj\u0119 ruchu stwarzaj\u0105c\u0105 zagro\u017cenie dla zdrowia i \u017cycia niechronionych uczestnik\u00f3w ruchu drogowego. Rowerzy\u015bci w wyniku tych dzia\u0142a\u0144 s\u0105 jeszcze bardziej nara\u017ceni na ryzyko utraty \u017cycia lub zdrowia.<\/em><\/p>\r\n\r\n\r\n\r\n<p>Czy co\u015b si\u0119 zmieni? Na razie Generalna Dyrekcja zamiast szuka\u0107 rozwi\u0105zania problemu zamyka kolejne przewi\u0105zki. W dniu 02.09.2022 zlikwidowano przejazd przy ul. M\u0142ynarskiej. Oznacza to kolejne kilometry do pokonania objazdami lub wzd\u0142u\u017c dwupasm\u00f3wki w towarzystwie p\u0119dz\u0105cych tir\u00f3w i osob\u00f3wek.<\/p>\r\n\r\n\r\n\r\n<p>W zasadzie GDDKiA zgadza si\u0119, \u017ce potrzebne s\u0105 \u015bcie\u017cki rowerowe wzd\u0142u\u017c DK 81, ale o ile szybko i ch\u0119tnie zamyka kolejne przewi\u0105zki, o tyle nie spieszy si\u0119 z prowadzeniem alternatywnych rozwi\u0105za\u0144, odk\u0142adaj\u0105c ich wdro\u017cenie na odleg\u0142\u0105 przysz\u0142o\u015b\u0107. Sama b\u0119d\u0105c \u017ar\u00f3d\u0142em problemu przerzuca odpowiedzialno\u015b\u0107 za jego rozwi\u0105zanie na w\u0142adze lokalne.<\/p>\r\n<figure id=\"attachment_1679\" aria-describedby=\"caption-attachment-1679\" style=\"width: 1620px\" class=\"wp-caption alignnone\"><a href=\"http:\/\/rowerowycieszyn.pl\/wp-content\/uploads\/2022\/10\/P1250188_tn.jpg\"><img loading=\"lazy\" decoding=\"async\" class=\"wp-image-1679 size-full\" src=\"http:\/\/rowerowycieszyn.pl\/wp-content\/uploads\/2022\/10\/P1250188_tn.jpg\" alt=\"Przewi\u0105zka na ul. My\u015bliwskiej w B\u0105kowie. To zdj\u0119cie jest ju\u017c nieaktualne - ponad miesi\u0105c temu zosta\u0142a zamkni\u0119ta, co jeszcze bardziej utrudnia poruszanie si\u0119 okolicznym mieszka\u0144com.\" width=\"1620\" height=\"1080\" srcset=\"https:\/\/rowerowycieszyn.pl\/wp-content\/uploads\/2022\/10\/P1250188_tn.jpg 1620w, https:\/\/rowerowycieszyn.pl\/wp-content\/uploads\/2022\/10\/P1250188_tn-300x200.jpg 300w, https:\/\/rowerowycieszyn.pl\/wp-content\/uploads\/2022\/10\/P1250188_tn-1024x683.jpg 1024w, https:\/\/rowerowycieszyn.pl\/wp-content\/uploads\/2022\/10\/P1250188_tn-768x512.jpg 768w, https:\/\/rowerowycieszyn.pl\/wp-content\/uploads\/2022\/10\/P1250188_tn-1536x1024.jpg 1536w\" sizes=\"auto, (max-width: 1620px) 100vw, 1620px\" \/><\/a><figcaption id=\"caption-attachment-1679\" class=\"wp-caption-text\">Przewi\u0105zka na ul. My\u015bliwskiej w B\u0105kowie. To zdj\u0119cie jest ju\u017c nieaktualne &#8211; ponad miesi\u0105c temu zosta\u0142a zamkni\u0119ta co jeszcze bardziej utrudnia poruszanie si\u0119 okolicznym mieszka\u0144com.<\/figcaption><\/figure>\r\n\r\n\r\n\r\n<p>W pi\u015bmie z 11.05.2002 GDDKiA deklaruje co prawda, \u017ce <em>na odcinku DK81 od km 47+400 do km 54+050 planowana jest ju\u017c budowa ci\u0105gu pieszo-jezdnego. Jednak ju\u017c w nast\u0119pnym zdaniu czytamy: Wst\u0119pny planowany termin realizacji zadania to 2025 rok<\/em>. Ta i\u015bcie \u201erzymska\u201d powolno\u015b\u0107 w podejmowaniu dzia\u0142a\u0144 przez GDDKiA sprawia, \u017ce co najmniej przez kilka najbli\u017cszych lat rowerzy\u015bci z B\u0105kowa, Drogomy\u015bla oraz Zbytkowa b\u0119d\u0119 dalej ryzykowa\u0107 swoje zdrowie i \u017cycie. Czy jak zawsze musimy czeka\u0107 na jak\u0105\u015b wi\u0119ksz\u0105 tragedi\u0119? Czy pod ko\u0142ami samochod\u00f3w b\u0119d\u0105 musieli gin\u0105\u0107 kolejni rowerzy\u015bci, by zacz\u0119to dzia\u0142a\u0107 w trybie kryzysowym i co\u015b si\u0119 wreszcie zmieni\u0142o? Wiele zale\u017cy od nas i od naszego g\u0142osu sprzeciwu.<\/p>\r\n\r\n\r\n\r\n<p class=\"has-text-align-right\" style=\"text-align: right;\">Piotr Stok\u0142osa<\/p>\r\n<p>Tekst zosta\u0142 opublikowany r\u00f3wnie\u017c na \u0142amach wrze\u015bniowego numeru &#8222;Cieszy\u0144skiego Tramwaju&#8221;.<\/p>\r\n","protected":false},"excerpt":{"rendered":"<p>Drogi z za\u0142o\u017cenia powinny \u0142\u0105czy\u0107. S\u0105 jednak takie, kt\u00f3re dziel\u0105. I nie chodzi tu o spory i k\u0142\u00f3tnie, ale o dzielenie dos\u0142owne, fizyczne. Taka sytuacja ma miejsce w gminie Strumie\u0144&hellip; <\/p>\n","protected":false},"author":1,"featured_media":1670,"comment_status":"open","ping_status":"open","sticky":false,"template":"","format":"standard","meta":{"footnotes":""},"categories":[9,5,1],"tags":[],"class_list":["post-1663","post","type-post","status-publish","format-standard","has-post-thumbnail","hentry","category-aktualnosci","category-artykuly","category-bez-kategorii"],"yoast_head":"<!-- This site is optimized with the Yoast SEO plugin v27.3 - https:\/\/yoast.com\/product\/yoast-seo-wordpress\/ -->\n<title>Droga, kt\u00f3ra dzieli. Problemy mieszka\u0144c\u00f3w gminy Strumie\u0144 z pokonywaniem DK 81 - Rowerowy Cieszyn<\/title>\n<meta name=\"description\" content=\"Droga DK 81 dzieli gmin\u0119 Strumie\u0144 na dwie cz\u0119\u015bci. Jednocze\u015bnie zamykane s\u0105 kolejne przewi\u0105zki. To sprawia, \u017ce piesi i rowerzy\u015bci coraz d\u0142u\u017csze odcinki musz\u0105 pokonywa\u0107 wzd\u0142u\u017c ruchliwej drogi dwupasmowej.\" \/>\n<meta name=\"robots\" content=\"index, follow, max-snippet:-1, max-image-preview:large, max-video-preview:-1\" \/>\n<link rel=\"canonical\" href=\"https:\/\/rowerowycieszyn.pl\/index.php\/2022\/10\/10\/droga-ktora-dzieli-problemy-mieszkancow-gminy-strumien-z-pokonywaniem-dk-81\/\" \/>\n<meta property=\"og:locale\" content=\"pl_PL\" \/>\n<meta property=\"og:type\" content=\"article\" \/>\n<meta property=\"og:title\" content=\"Droga, kt\u00f3ra dzieli. Problemy mieszka\u0144c\u00f3w gminy Strumie\u0144 z pokonywaniem DK 81 - Rowerowy Cieszyn\" \/>\n<meta property=\"og:description\" content=\"Droga DK 81 dzieli gmin\u0119 Strumie\u0144 na dwie cz\u0119\u015bci. Jednocze\u015bnie zamykane s\u0105 kolejne przewi\u0105zki. To sprawia, \u017ce piesi i rowerzy\u015bci coraz d\u0142u\u017csze odcinki musz\u0105 pokonywa\u0107 wzd\u0142u\u017c ruchliwej drogi dwupasmowej.\" \/>\n<meta property=\"og:url\" content=\"https:\/\/rowerowycieszyn.pl\/index.php\/2022\/10\/10\/droga-ktora-dzieli-problemy-mieszkancow-gminy-strumien-z-pokonywaniem-dk-81\/\" \/>\n<meta property=\"og:site_name\" content=\"Rowerowy Cieszyn\" \/>\n<meta property=\"article:publisher\" content=\"https:\/\/www.facebook.com\/RowerowyCieszyn\" \/>\n<meta property=\"article:published_time\" content=\"2022-10-10T16:31:41+00:00\" \/>\n<meta property=\"article:modified_time\" content=\"2022-10-10T16:53:34+00:00\" \/>\n<meta property=\"og:image\" content=\"http:\/\/rowerowycieszyn.pl\/wp-content\/uploads\/2022\/10\/P1250202_tn.jpg\" \/>\n\t<meta property=\"og:image:width\" content=\"1620\" \/>\n\t<meta property=\"og:image:height\" content=\"1080\" \/>\n\t<meta property=\"og:image:type\" content=\"image\/jpeg\" \/>\n<meta name=\"author\" content=\"Rowerowy Cieszyn\" \/>\n<meta name=\"twitter:card\" content=\"summary_large_image\" \/>\n<meta name=\"twitter:label1\" content=\"Napisane przez\" \/>\n\t<meta name=\"twitter:data1\" content=\"Rowerowy Cieszyn\" \/>\n\t<meta name=\"twitter:label2\" content=\"Szacowany czas czytania\" \/>\n\t<meta name=\"twitter:data2\" content=\"15 minut\" \/>\n<script type=\"application\/ld+json\" class=\"yoast-schema-graph\">{\"@context\":\"https:\\\/\\\/schema.org\",\"@graph\":[{\"@type\":\"Article\",\"@id\":\"https:\\\/\\\/rowerowycieszyn.pl\\\/index.php\\\/2022\\\/10\\\/10\\\/droga-ktora-dzieli-problemy-mieszkancow-gminy-strumien-z-pokonywaniem-dk-81\\\/#article\",\"isPartOf\":{\"@id\":\"https:\\\/\\\/rowerowycieszyn.pl\\\/index.php\\\/2022\\\/10\\\/10\\\/droga-ktora-dzieli-problemy-mieszkancow-gminy-strumien-z-pokonywaniem-dk-81\\\/\"},\"author\":{\"name\":\"Rowerowy Cieszyn\",\"@id\":\"https:\\\/\\\/rowerowycieszyn.pl\\\/#\\\/schema\\\/person\\\/b698cee63b7405acd7e70007d7cc8b2a\"},\"headline\":\"Droga, kt\u00f3ra dzieli. Problemy mieszka\u0144c\u00f3w gminy Strumie\u0144 z pokonywaniem DK 81\",\"datePublished\":\"2022-10-10T16:31:41+00:00\",\"dateModified\":\"2022-10-10T16:53:34+00:00\",\"mainEntityOfPage\":{\"@id\":\"https:\\\/\\\/rowerowycieszyn.pl\\\/index.php\\\/2022\\\/10\\\/10\\\/droga-ktora-dzieli-problemy-mieszkancow-gminy-strumien-z-pokonywaniem-dk-81\\\/\"},\"wordCount\":2716,\"commentCount\":0,\"publisher\":{\"@id\":\"https:\\\/\\\/rowerowycieszyn.pl\\\/#organization\"},\"image\":{\"@id\":\"https:\\\/\\\/rowerowycieszyn.pl\\\/index.php\\\/2022\\\/10\\\/10\\\/droga-ktora-dzieli-problemy-mieszkancow-gminy-strumien-z-pokonywaniem-dk-81\\\/#primaryimage\"},\"thumbnailUrl\":\"https:\\\/\\\/rowerowycieszyn.pl\\\/wp-content\\\/uploads\\\/2022\\\/10\\\/P1250202_tn.jpg\",\"articleSection\":[\"Aktualno\u015bci\",\"Artyku\u0142y\"],\"inLanguage\":\"pl-PL\",\"potentialAction\":[{\"@type\":\"CommentAction\",\"name\":\"Comment\",\"target\":[\"https:\\\/\\\/rowerowycieszyn.pl\\\/index.php\\\/2022\\\/10\\\/10\\\/droga-ktora-dzieli-problemy-mieszkancow-gminy-strumien-z-pokonywaniem-dk-81\\\/#respond\"]}]},{\"@type\":\"WebPage\",\"@id\":\"https:\\\/\\\/rowerowycieszyn.pl\\\/index.php\\\/2022\\\/10\\\/10\\\/droga-ktora-dzieli-problemy-mieszkancow-gminy-strumien-z-pokonywaniem-dk-81\\\/\",\"url\":\"https:\\\/\\\/rowerowycieszyn.pl\\\/index.php\\\/2022\\\/10\\\/10\\\/droga-ktora-dzieli-problemy-mieszkancow-gminy-strumien-z-pokonywaniem-dk-81\\\/\",\"name\":\"Droga, kt\u00f3ra dzieli. Problemy mieszka\u0144c\u00f3w gminy Strumie\u0144 z pokonywaniem DK 81 - Rowerowy Cieszyn\",\"isPartOf\":{\"@id\":\"https:\\\/\\\/rowerowycieszyn.pl\\\/#website\"},\"primaryImageOfPage\":{\"@id\":\"https:\\\/\\\/rowerowycieszyn.pl\\\/index.php\\\/2022\\\/10\\\/10\\\/droga-ktora-dzieli-problemy-mieszkancow-gminy-strumien-z-pokonywaniem-dk-81\\\/#primaryimage\"},\"image\":{\"@id\":\"https:\\\/\\\/rowerowycieszyn.pl\\\/index.php\\\/2022\\\/10\\\/10\\\/droga-ktora-dzieli-problemy-mieszkancow-gminy-strumien-z-pokonywaniem-dk-81\\\/#primaryimage\"},\"thumbnailUrl\":\"https:\\\/\\\/rowerowycieszyn.pl\\\/wp-content\\\/uploads\\\/2022\\\/10\\\/P1250202_tn.jpg\",\"datePublished\":\"2022-10-10T16:31:41+00:00\",\"dateModified\":\"2022-10-10T16:53:34+00:00\",\"description\":\"Droga DK 81 dzieli gmin\u0119 Strumie\u0144 na dwie cz\u0119\u015bci. Jednocze\u015bnie zamykane s\u0105 kolejne przewi\u0105zki. To sprawia, \u017ce piesi i rowerzy\u015bci coraz d\u0142u\u017csze odcinki musz\u0105 pokonywa\u0107 wzd\u0142u\u017c ruchliwej drogi dwupasmowej.\",\"breadcrumb\":{\"@id\":\"https:\\\/\\\/rowerowycieszyn.pl\\\/index.php\\\/2022\\\/10\\\/10\\\/droga-ktora-dzieli-problemy-mieszkancow-gminy-strumien-z-pokonywaniem-dk-81\\\/#breadcrumb\"},\"inLanguage\":\"pl-PL\",\"potentialAction\":[{\"@type\":\"ReadAction\",\"target\":[\"https:\\\/\\\/rowerowycieszyn.pl\\\/index.php\\\/2022\\\/10\\\/10\\\/droga-ktora-dzieli-problemy-mieszkancow-gminy-strumien-z-pokonywaniem-dk-81\\\/\"]}]},{\"@type\":\"ImageObject\",\"inLanguage\":\"pl-PL\",\"@id\":\"https:\\\/\\\/rowerowycieszyn.pl\\\/index.php\\\/2022\\\/10\\\/10\\\/droga-ktora-dzieli-problemy-mieszkancow-gminy-strumien-z-pokonywaniem-dk-81\\\/#primaryimage\",\"url\":\"https:\\\/\\\/rowerowycieszyn.pl\\\/wp-content\\\/uploads\\\/2022\\\/10\\\/P1250202_tn.jpg\",\"contentUrl\":\"https:\\\/\\\/rowerowycieszyn.pl\\\/wp-content\\\/uploads\\\/2022\\\/10\\\/P1250202_tn.jpg\",\"width\":1620,\"height\":1080,\"caption\":\"Wzd\u0142u\u017c DK 81, w towarzystwie p\u0119dz\u0105cych TIR\u00f3w przemieszczaj\u0105 si\u0119 rodzice z ma\u0142ymi dzie\u0107mi. Nie ka\u017cdy kierowca jest tak uprzejmy jak ten na zdj\u0119ciu, kt\u00f3ry zjecha\u0142 na prawy pas. Czasami podmuch dos\u0142ownie zrywa czapki z g\u0142owy.\"},{\"@type\":\"BreadcrumbList\",\"@id\":\"https:\\\/\\\/rowerowycieszyn.pl\\\/index.php\\\/2022\\\/10\\\/10\\\/droga-ktora-dzieli-problemy-mieszkancow-gminy-strumien-z-pokonywaniem-dk-81\\\/#breadcrumb\",\"itemListElement\":[{\"@type\":\"ListItem\",\"position\":1,\"name\":\"Home\",\"item\":\"https:\\\/\\\/rowerowycieszyn.pl\\\/\"},{\"@type\":\"ListItem\",\"position\":2,\"name\":\"Droga, kt\u00f3ra dzieli. Problemy mieszka\u0144c\u00f3w gminy Strumie\u0144 z pokonywaniem DK 81\"}]},{\"@type\":\"WebSite\",\"@id\":\"https:\\\/\\\/rowerowycieszyn.pl\\\/#website\",\"url\":\"https:\\\/\\\/rowerowycieszyn.pl\\\/\",\"name\":\"Rowerowy Cieszyn\",\"description\":\"Strona promuj\u0105ca komunikacj\u0119 oraz turystyk\u0119 rowerow\u0105 na terenie Cieszyna i okolic.\",\"publisher\":{\"@id\":\"https:\\\/\\\/rowerowycieszyn.pl\\\/#organization\"},\"potentialAction\":[{\"@type\":\"SearchAction\",\"target\":{\"@type\":\"EntryPoint\",\"urlTemplate\":\"https:\\\/\\\/rowerowycieszyn.pl\\\/?s={search_term_string}\"},\"query-input\":{\"@type\":\"PropertyValueSpecification\",\"valueRequired\":true,\"valueName\":\"search_term_string\"}}],\"inLanguage\":\"pl-PL\"},{\"@type\":\"Organization\",\"@id\":\"https:\\\/\\\/rowerowycieszyn.pl\\\/#organization\",\"name\":\"Rowerowy Cieszyn\",\"url\":\"https:\\\/\\\/rowerowycieszyn.pl\\\/\",\"logo\":{\"@type\":\"ImageObject\",\"inLanguage\":\"pl-PL\",\"@id\":\"https:\\\/\\\/rowerowycieszyn.pl\\\/#\\\/schema\\\/logo\\\/image\\\/\",\"url\":\"https:\\\/\\\/rowerowycieszyn.pl\\\/wp-content\\\/uploads\\\/2020\\\/07\\\/cropped-rower1_cr_tn-1.jpg\",\"contentUrl\":\"https:\\\/\\\/rowerowycieszyn.pl\\\/wp-content\\\/uploads\\\/2020\\\/07\\\/cropped-rower1_cr_tn-1.jpg\",\"width\":250,\"height\":100,\"caption\":\"Rowerowy Cieszyn\"},\"image\":{\"@id\":\"https:\\\/\\\/rowerowycieszyn.pl\\\/#\\\/schema\\\/logo\\\/image\\\/\"},\"sameAs\":[\"https:\\\/\\\/www.facebook.com\\\/RowerowyCieszyn\"]},{\"@type\":\"Person\",\"@id\":\"https:\\\/\\\/rowerowycieszyn.pl\\\/#\\\/schema\\\/person\\\/b698cee63b7405acd7e70007d7cc8b2a\",\"name\":\"Rowerowy Cieszyn\",\"image\":{\"@type\":\"ImageObject\",\"inLanguage\":\"pl-PL\",\"@id\":\"https:\\\/\\\/secure.gravatar.com\\\/avatar\\\/1aef2c80bb06ccee0d820e4116589968d6d5c57310499f9271d42a4f7c5ffb3a?s=96&d=mm&r=g\",\"url\":\"https:\\\/\\\/secure.gravatar.com\\\/avatar\\\/1aef2c80bb06ccee0d820e4116589968d6d5c57310499f9271d42a4f7c5ffb3a?s=96&d=mm&r=g\",\"contentUrl\":\"https:\\\/\\\/secure.gravatar.com\\\/avatar\\\/1aef2c80bb06ccee0d820e4116589968d6d5c57310499f9271d42a4f7c5ffb3a?s=96&d=mm&r=g\",\"caption\":\"Rowerowy Cieszyn\"},\"sameAs\":[\"http:\\\/\\\/rowerowycieszyn.pl\"],\"url\":\"https:\\\/\\\/rowerowycieszyn.pl\\\/index.php\\\/author\\\/pstoklosa\\\/\"}]}<\/script>\n<!-- \/ Yoast SEO plugin. -->","yoast_head_json":{"title":"Droga, kt\u00f3ra dzieli. Problemy mieszka\u0144c\u00f3w gminy Strumie\u0144 z pokonywaniem DK 81 - Rowerowy Cieszyn","description":"Droga DK 81 dzieli gmin\u0119 Strumie\u0144 na dwie cz\u0119\u015bci. Jednocze\u015bnie zamykane s\u0105 kolejne przewi\u0105zki. To sprawia, \u017ce piesi i rowerzy\u015bci coraz d\u0142u\u017csze odcinki musz\u0105 pokonywa\u0107 wzd\u0142u\u017c ruchliwej drogi dwupasmowej.","robots":{"index":"index","follow":"follow","max-snippet":"max-snippet:-1","max-image-preview":"max-image-preview:large","max-video-preview":"max-video-preview:-1"},"canonical":"https:\/\/rowerowycieszyn.pl\/index.php\/2022\/10\/10\/droga-ktora-dzieli-problemy-mieszkancow-gminy-strumien-z-pokonywaniem-dk-81\/","og_locale":"pl_PL","og_type":"article","og_title":"Droga, kt\u00f3ra dzieli. Problemy mieszka\u0144c\u00f3w gminy Strumie\u0144 z pokonywaniem DK 81 - Rowerowy Cieszyn","og_description":"Droga DK 81 dzieli gmin\u0119 Strumie\u0144 na dwie cz\u0119\u015bci. Jednocze\u015bnie zamykane s\u0105 kolejne przewi\u0105zki. To sprawia, \u017ce piesi i rowerzy\u015bci coraz d\u0142u\u017csze odcinki musz\u0105 pokonywa\u0107 wzd\u0142u\u017c ruchliwej drogi dwupasmowej.","og_url":"https:\/\/rowerowycieszyn.pl\/index.php\/2022\/10\/10\/droga-ktora-dzieli-problemy-mieszkancow-gminy-strumien-z-pokonywaniem-dk-81\/","og_site_name":"Rowerowy Cieszyn","article_publisher":"https:\/\/www.facebook.com\/RowerowyCieszyn","article_published_time":"2022-10-10T16:31:41+00:00","article_modified_time":"2022-10-10T16:53:34+00:00","og_image":[{"width":1620,"height":1080,"url":"http:\/\/rowerowycieszyn.pl\/wp-content\/uploads\/2022\/10\/P1250202_tn.jpg","type":"image\/jpeg"}],"author":"Rowerowy Cieszyn","twitter_card":"summary_large_image","twitter_misc":{"Napisane przez":"Rowerowy Cieszyn","Szacowany czas czytania":"15 minut"},"schema":{"@context":"https:\/\/schema.org","@graph":[{"@type":"Article","@id":"https:\/\/rowerowycieszyn.pl\/index.php\/2022\/10\/10\/droga-ktora-dzieli-problemy-mieszkancow-gminy-strumien-z-pokonywaniem-dk-81\/#article","isPartOf":{"@id":"https:\/\/rowerowycieszyn.pl\/index.php\/2022\/10\/10\/droga-ktora-dzieli-problemy-mieszkancow-gminy-strumien-z-pokonywaniem-dk-81\/"},"author":{"name":"Rowerowy Cieszyn","@id":"https:\/\/rowerowycieszyn.pl\/#\/schema\/person\/b698cee63b7405acd7e70007d7cc8b2a"},"headline":"Droga, kt\u00f3ra dzieli. Problemy mieszka\u0144c\u00f3w gminy Strumie\u0144 z pokonywaniem DK 81","datePublished":"2022-10-10T16:31:41+00:00","dateModified":"2022-10-10T16:53:34+00:00","mainEntityOfPage":{"@id":"https:\/\/rowerowycieszyn.pl\/index.php\/2022\/10\/10\/droga-ktora-dzieli-problemy-mieszkancow-gminy-strumien-z-pokonywaniem-dk-81\/"},"wordCount":2716,"commentCount":0,"publisher":{"@id":"https:\/\/rowerowycieszyn.pl\/#organization"},"image":{"@id":"https:\/\/rowerowycieszyn.pl\/index.php\/2022\/10\/10\/droga-ktora-dzieli-problemy-mieszkancow-gminy-strumien-z-pokonywaniem-dk-81\/#primaryimage"},"thumbnailUrl":"https:\/\/rowerowycieszyn.pl\/wp-content\/uploads\/2022\/10\/P1250202_tn.jpg","articleSection":["Aktualno\u015bci","Artyku\u0142y"],"inLanguage":"pl-PL","potentialAction":[{"@type":"CommentAction","name":"Comment","target":["https:\/\/rowerowycieszyn.pl\/index.php\/2022\/10\/10\/droga-ktora-dzieli-problemy-mieszkancow-gminy-strumien-z-pokonywaniem-dk-81\/#respond"]}]},{"@type":"WebPage","@id":"https:\/\/rowerowycieszyn.pl\/index.php\/2022\/10\/10\/droga-ktora-dzieli-problemy-mieszkancow-gminy-strumien-z-pokonywaniem-dk-81\/","url":"https:\/\/rowerowycieszyn.pl\/index.php\/2022\/10\/10\/droga-ktora-dzieli-problemy-mieszkancow-gminy-strumien-z-pokonywaniem-dk-81\/","name":"Droga, kt\u00f3ra dzieli. Problemy mieszka\u0144c\u00f3w gminy Strumie\u0144 z pokonywaniem DK 81 - Rowerowy Cieszyn","isPartOf":{"@id":"https:\/\/rowerowycieszyn.pl\/#website"},"primaryImageOfPage":{"@id":"https:\/\/rowerowycieszyn.pl\/index.php\/2022\/10\/10\/droga-ktora-dzieli-problemy-mieszkancow-gminy-strumien-z-pokonywaniem-dk-81\/#primaryimage"},"image":{"@id":"https:\/\/rowerowycieszyn.pl\/index.php\/2022\/10\/10\/droga-ktora-dzieli-problemy-mieszkancow-gminy-strumien-z-pokonywaniem-dk-81\/#primaryimage"},"thumbnailUrl":"https:\/\/rowerowycieszyn.pl\/wp-content\/uploads\/2022\/10\/P1250202_tn.jpg","datePublished":"2022-10-10T16:31:41+00:00","dateModified":"2022-10-10T16:53:34+00:00","description":"Droga DK 81 dzieli gmin\u0119 Strumie\u0144 na dwie cz\u0119\u015bci. Jednocze\u015bnie zamykane s\u0105 kolejne przewi\u0105zki. To sprawia, \u017ce piesi i rowerzy\u015bci coraz d\u0142u\u017csze odcinki musz\u0105 pokonywa\u0107 wzd\u0142u\u017c ruchliwej drogi dwupasmowej.","breadcrumb":{"@id":"https:\/\/rowerowycieszyn.pl\/index.php\/2022\/10\/10\/droga-ktora-dzieli-problemy-mieszkancow-gminy-strumien-z-pokonywaniem-dk-81\/#breadcrumb"},"inLanguage":"pl-PL","potentialAction":[{"@type":"ReadAction","target":["https:\/\/rowerowycieszyn.pl\/index.php\/2022\/10\/10\/droga-ktora-dzieli-problemy-mieszkancow-gminy-strumien-z-pokonywaniem-dk-81\/"]}]},{"@type":"ImageObject","inLanguage":"pl-PL","@id":"https:\/\/rowerowycieszyn.pl\/index.php\/2022\/10\/10\/droga-ktora-dzieli-problemy-mieszkancow-gminy-strumien-z-pokonywaniem-dk-81\/#primaryimage","url":"https:\/\/rowerowycieszyn.pl\/wp-content\/uploads\/2022\/10\/P1250202_tn.jpg","contentUrl":"https:\/\/rowerowycieszyn.pl\/wp-content\/uploads\/2022\/10\/P1250202_tn.jpg","width":1620,"height":1080,"caption":"Wzd\u0142u\u017c DK 81, w towarzystwie p\u0119dz\u0105cych TIR\u00f3w przemieszczaj\u0105 si\u0119 rodzice z ma\u0142ymi dzie\u0107mi. Nie ka\u017cdy kierowca jest tak uprzejmy jak ten na zdj\u0119ciu, kt\u00f3ry zjecha\u0142 na prawy pas. Czasami podmuch dos\u0142ownie zrywa czapki z g\u0142owy."},{"@type":"BreadcrumbList","@id":"https:\/\/rowerowycieszyn.pl\/index.php\/2022\/10\/10\/droga-ktora-dzieli-problemy-mieszkancow-gminy-strumien-z-pokonywaniem-dk-81\/#breadcrumb","itemListElement":[{"@type":"ListItem","position":1,"name":"Home","item":"https:\/\/rowerowycieszyn.pl\/"},{"@type":"ListItem","position":2,"name":"Droga, kt\u00f3ra dzieli. Problemy mieszka\u0144c\u00f3w gminy Strumie\u0144 z pokonywaniem DK 81"}]},{"@type":"WebSite","@id":"https:\/\/rowerowycieszyn.pl\/#website","url":"https:\/\/rowerowycieszyn.pl\/","name":"Rowerowy Cieszyn","description":"Strona promuj\u0105ca komunikacj\u0119 oraz turystyk\u0119 rowerow\u0105 na terenie Cieszyna i okolic.","publisher":{"@id":"https:\/\/rowerowycieszyn.pl\/#organization"},"potentialAction":[{"@type":"SearchAction","target":{"@type":"EntryPoint","urlTemplate":"https:\/\/rowerowycieszyn.pl\/?s={search_term_string}"},"query-input":{"@type":"PropertyValueSpecification","valueRequired":true,"valueName":"search_term_string"}}],"inLanguage":"pl-PL"},{"@type":"Organization","@id":"https:\/\/rowerowycieszyn.pl\/#organization","name":"Rowerowy Cieszyn","url":"https:\/\/rowerowycieszyn.pl\/","logo":{"@type":"ImageObject","inLanguage":"pl-PL","@id":"https:\/\/rowerowycieszyn.pl\/#\/schema\/logo\/image\/","url":"https:\/\/rowerowycieszyn.pl\/wp-content\/uploads\/2020\/07\/cropped-rower1_cr_tn-1.jpg","contentUrl":"https:\/\/rowerowycieszyn.pl\/wp-content\/uploads\/2020\/07\/cropped-rower1_cr_tn-1.jpg","width":250,"height":100,"caption":"Rowerowy Cieszyn"},"image":{"@id":"https:\/\/rowerowycieszyn.pl\/#\/schema\/logo\/image\/"},"sameAs":["https:\/\/www.facebook.com\/RowerowyCieszyn"]},{"@type":"Person","@id":"https:\/\/rowerowycieszyn.pl\/#\/schema\/person\/b698cee63b7405acd7e70007d7cc8b2a","name":"Rowerowy Cieszyn","image":{"@type":"ImageObject","inLanguage":"pl-PL","@id":"https:\/\/secure.gravatar.com\/avatar\/1aef2c80bb06ccee0d820e4116589968d6d5c57310499f9271d42a4f7c5ffb3a?s=96&d=mm&r=g","url":"https:\/\/secure.gravatar.com\/avatar\/1aef2c80bb06ccee0d820e4116589968d6d5c57310499f9271d42a4f7c5ffb3a?s=96&d=mm&r=g","contentUrl":"https:\/\/secure.gravatar.com\/avatar\/1aef2c80bb06ccee0d820e4116589968d6d5c57310499f9271d42a4f7c5ffb3a?s=96&d=mm&r=g","caption":"Rowerowy Cieszyn"},"sameAs":["http:\/\/rowerowycieszyn.pl"],"url":"https:\/\/rowerowycieszyn.pl\/index.php\/author\/pstoklosa\/"}]}},"_links":{"self":[{"href":"https:\/\/rowerowycieszyn.pl\/index.php\/wp-json\/wp\/v2\/posts\/1663","targetHints":{"allow":["GET"]}}],"collection":[{"href":"https:\/\/rowerowycieszyn.pl\/index.php\/wp-json\/wp\/v2\/posts"}],"about":[{"href":"https:\/\/rowerowycieszyn.pl\/index.php\/wp-json\/wp\/v2\/types\/post"}],"author":[{"embeddable":true,"href":"https:\/\/rowerowycieszyn.pl\/index.php\/wp-json\/wp\/v2\/users\/1"}],"replies":[{"embeddable":true,"href":"https:\/\/rowerowycieszyn.pl\/index.php\/wp-json\/wp\/v2\/comments?post=1663"}],"version-history":[{"count":11,"href":"https:\/\/rowerowycieszyn.pl\/index.php\/wp-json\/wp\/v2\/posts\/1663\/revisions"}],"predecessor-version":[{"id":1685,"href":"https:\/\/rowerowycieszyn.pl\/index.php\/wp-json\/wp\/v2\/posts\/1663\/revisions\/1685"}],"wp:featuredmedia":[{"embeddable":true,"href":"https:\/\/rowerowycieszyn.pl\/index.php\/wp-json\/wp\/v2\/media\/1670"}],"wp:attachment":[{"href":"https:\/\/rowerowycieszyn.pl\/index.php\/wp-json\/wp\/v2\/media?parent=1663"}],"wp:term":[{"taxonomy":"category","embeddable":true,"href":"https:\/\/rowerowycieszyn.pl\/index.php\/wp-json\/wp\/v2\/categories?post=1663"},{"taxonomy":"post_tag","embeddable":true,"href":"https:\/\/rowerowycieszyn.pl\/index.php\/wp-json\/wp\/v2\/tags?post=1663"}],"curies":[{"name":"wp","href":"https:\/\/api.w.org\/{rel}","templated":true}]}}