{"id":1736,"date":"2023-01-06T18:43:39","date_gmt":"2023-01-06T17:43:39","guid":{"rendered":"http:\/\/rowerowycieszyn.pl\/?p=1736"},"modified":"2023-01-11T17:05:06","modified_gmt":"2023-01-11T16:05:06","slug":"rowerem-pod-mostem-przyjazni","status":"publish","type":"post","link":"https:\/\/rowerowycieszyn.pl\/index.php\/2023\/01\/06\/rowerem-pod-mostem-przyjazni\/","title":{"rendered":"Rowerem pod mostem Przyja\u017ani"},"content":{"rendered":"<p>Zagospodarowywanie przestrzeni pod mostami na chodniki dla pieszych i przejazdy dla dr\u00f3g rowerowych jest powszechnie stosowanym rozwi\u0105zaniem. Nawet w Cieszynie mamy dwa takie miejsca, a konkretnie most Wolno\u015bci i most kolejowy nad Olz\u0105, pod kt\u00f3rymi mo\u017cna wygodnie przejecha\u0107 rowerem.<\/p>\n<p>Dziwi wi\u0119c, \u017ce w ten sam spos\u00f3b nikt nie chce wykorzysta\u0107 chyba najwa\u017cniejszego cieszy\u0144skiego mostu Przyja\u017ani. A przecie\u017c a\u017c prosi si\u0119, \u017ceby przed\u0142u\u017cy\u0107 ko\u0144cz\u0105cy si\u0119 \u015blepo chodnik na alei \u0141yska i przeprowadzi\u0107 go pod mostem na wysoko\u015bci budowanego <a href=\"https:\/\/cieszyn.naszemiasto.pl\/pamietacie-straznice-przy-moscie-przyjazni-w-cieszynie-w\/ar\/c1-8758221\">centrum informacji turystycznej<\/a>.<\/p>\n<figure id=\"attachment_1742\" aria-describedby=\"caption-attachment-1742\" style=\"width: 1620px\" class=\"wp-caption alignnone\"><a href=\"http:\/\/rowerowycieszyn.pl\/wp-content\/uploads\/2023\/01\/P1260963_tn.jpg\"><img loading=\"lazy\" decoding=\"async\" class=\"size-full wp-image-1742\" src=\"http:\/\/rowerowycieszyn.pl\/wp-content\/uploads\/2023\/01\/P1260963_tn.jpg\" alt=\"Pod mostem Przyja\u017ani w Cieszynie jest wystarczaj\u0105co du\u017co miejsca, by przeprowadzi\u0107 t\u0119dy ci\u0105g pieszo-rowerowy. W g\u0142\u0119bi wida\u0107 powstaj\u0105ce centrum informacji turystycznej.\" width=\"1620\" height=\"1080\" srcset=\"https:\/\/rowerowycieszyn.pl\/wp-content\/uploads\/2023\/01\/P1260963_tn.jpg 1620w, https:\/\/rowerowycieszyn.pl\/wp-content\/uploads\/2023\/01\/P1260963_tn-300x200.jpg 300w, https:\/\/rowerowycieszyn.pl\/wp-content\/uploads\/2023\/01\/P1260963_tn-1024x683.jpg 1024w, https:\/\/rowerowycieszyn.pl\/wp-content\/uploads\/2023\/01\/P1260963_tn-768x512.jpg 768w, https:\/\/rowerowycieszyn.pl\/wp-content\/uploads\/2023\/01\/P1260963_tn-1536x1024.jpg 1536w\" sizes=\"auto, (max-width: 1620px) 100vw, 1620px\" \/><\/a><figcaption id=\"caption-attachment-1742\" class=\"wp-caption-text\">Pod mostem Przyja\u017ani w Cieszynie jest wystarczaj\u0105co du\u017co miejsca, by przeprowadzi\u0107 t\u0119dy ci\u0105g pieszo-rowerowy. W g\u0142\u0119bi wida\u0107 powstaj\u0105ce centrum informacji turystycznej.<\/figcaption><\/figure>\n<p>Taki przebieg ci\u0105gu pieszo-rowerowego rozwi\u0105za\u0142by wiele problem\u00f3w \u2013 obecnie przemieszczaj\u0105c si\u0119 mi\u0119dzy al. Piastowsk\u0105 a al. \u0141yska musimy pokonywa\u0107 ruchliw\u0105 ul. Zamkow\u0105. Co wi\u0119cej, w koncepcjach rozwoju \u015ar\u00f3dmie\u015bcia jest budowa promenady pieszo-rowerowej wzd\u0142u\u017c al. \u0141yska, wi\u0119c po\u0142\u0105czenie z al. Piastowsk\u0105 by\u0142oby jej naturalnym przed\u0142u\u017ceniem. Powsta\u0142oby proste, kr\u00f3tkie i co najwa\u017cniejsze bezkolizyjne a wi\u0119c bezpieczne przej\u015bcie i przejazd mi\u0119dzy obu alejami.<\/p>\n<p>Da\u0142oby to te\u017c szans\u0119 na \u201edrugie \u017cycie\u201d nabrze\u017cu wzd\u0142u\u017c dawnych <a href=\"https:\/\/tramwajcieszynski.pl\/laznie-kajserbad-kiedys-chluba-miasta-dzisiaj-jego-wstyd\/\">\u0141a\u017ani Cesarskich<\/a>, kt\u00f3re kiedy\u015b by\u0142y chlub\u0105 a dzisiaj pozostaj\u0105 wstydliwym zak\u0105tkiem historycznego centrum Cieszyna. Wystarczy spojrze\u0107 przez balustrad\u0119 po lewej stronie mostu (patrz\u0105c w kierunku Czech), by dostrzec skorodowane, kr\u0119cone schody i reszki betonowego patio, kt\u00f3re lata \u015bwietno\u015bci ma ju\u017c dawno za sob\u0105. Czas jakby zatrzyma\u0142 si\u0119 tu w po\u0142owie lat 90-tych a przygn\u0119biaj\u0105cego obrazu dope\u0142niaj\u0105 gruz i \u015bmieci pozostawiane przez bezdomnych, kt\u00f3rzy wybrali sobie to miejsce na koczowisko.<\/p>\n<p>Dodajmy, \u017ce koncepcja wykorzystania nabrze\u017ca wzd\u0142u\u017c \u0141a\u017ani Cesarskich i przej\u015bcia pod mostem na drog\u0119 dla rower\u00f3w by\u0142a zg\u0142aszana podczas konsultacji spo\u0142ecznych dotycz\u0105cych opracowania miejscowego planu zagospodarowania przestrzennego dla \u015ar\u00f3dmie\u015bcia Cieszyna, kt\u00f3re odby\u0142y si\u0119 w roku 2020.<\/p>\n<p style=\"text-align: right;\">Piotr Stok\u0142osa<\/p>\n<p>&nbsp;<\/p>\n<figure id=\"attachment_1743\" aria-describedby=\"caption-attachment-1743\" style=\"width: 1620px\" class=\"wp-caption alignnone\"><a href=\"http:\/\/rowerowycieszyn.pl\/wp-content\/uploads\/2023\/01\/P1260967_tn.jpg\"><img loading=\"lazy\" decoding=\"async\" class=\"size-full wp-image-1743\" src=\"http:\/\/rowerowycieszyn.pl\/wp-content\/uploads\/2023\/01\/P1260967_tn.jpg\" alt=\"Pod mostem Przyja\u017ani w Cieszynie.\" width=\"1620\" height=\"1080\" srcset=\"https:\/\/rowerowycieszyn.pl\/wp-content\/uploads\/2023\/01\/P1260967_tn.jpg 1620w, https:\/\/rowerowycieszyn.pl\/wp-content\/uploads\/2023\/01\/P1260967_tn-300x200.jpg 300w, https:\/\/rowerowycieszyn.pl\/wp-content\/uploads\/2023\/01\/P1260967_tn-1024x683.jpg 1024w, https:\/\/rowerowycieszyn.pl\/wp-content\/uploads\/2023\/01\/P1260967_tn-768x512.jpg 768w, https:\/\/rowerowycieszyn.pl\/wp-content\/uploads\/2023\/01\/P1260967_tn-1536x1024.jpg 1536w\" sizes=\"auto, (max-width: 1620px) 100vw, 1620px\" \/><\/a><figcaption id=\"caption-attachment-1743\" class=\"wp-caption-text\">Pod mostem Przyja\u017ani w Cieszynie.<\/figcaption><\/figure>\n<figure id=\"attachment_1741\" aria-describedby=\"caption-attachment-1741\" style=\"width: 1620px\" class=\"wp-caption alignnone\"><a href=\"http:\/\/rowerowycieszyn.pl\/wp-content\/uploads\/2023\/01\/P1260960_tn.jpg\"><img loading=\"lazy\" decoding=\"async\" class=\"size-full wp-image-1741\" src=\"http:\/\/rowerowycieszyn.pl\/wp-content\/uploads\/2023\/01\/P1260960_tn.jpg\" alt=\"Tajemnicze schody donik\u0105d mog\u0142yby znowu sta\u0107 si\u0119 u\u017cyteczne.\" width=\"1620\" height=\"1080\" srcset=\"https:\/\/rowerowycieszyn.pl\/wp-content\/uploads\/2023\/01\/P1260960_tn.jpg 1620w, https:\/\/rowerowycieszyn.pl\/wp-content\/uploads\/2023\/01\/P1260960_tn-300x200.jpg 300w, https:\/\/rowerowycieszyn.pl\/wp-content\/uploads\/2023\/01\/P1260960_tn-1024x683.jpg 1024w, https:\/\/rowerowycieszyn.pl\/wp-content\/uploads\/2023\/01\/P1260960_tn-768x512.jpg 768w, https:\/\/rowerowycieszyn.pl\/wp-content\/uploads\/2023\/01\/P1260960_tn-1536x1024.jpg 1536w\" sizes=\"auto, (max-width: 1620px) 100vw, 1620px\" \/><\/a><figcaption id=\"caption-attachment-1741\" class=\"wp-caption-text\">Tajemnicze schody donik\u0105d mog\u0142yby znowu sta\u0107 si\u0119 u\u017cyteczne.<\/figcaption><\/figure>\n<figure id=\"attachment_1740\" aria-describedby=\"caption-attachment-1740\" style=\"width: 1620px\" class=\"wp-caption alignnone\"><a href=\"http:\/\/rowerowycieszyn.pl\/wp-content\/uploads\/2023\/01\/P1260957_tn.jpg\"><img loading=\"lazy\" decoding=\"async\" class=\"size-full wp-image-1740\" src=\"http:\/\/rowerowycieszyn.pl\/wp-content\/uploads\/2023\/01\/P1260957_tn.jpg\" alt=\"\u015aciana dawnych \u0141a\u017ani Cesarskich od strony Olzy.\" width=\"1620\" height=\"1080\" srcset=\"https:\/\/rowerowycieszyn.pl\/wp-content\/uploads\/2023\/01\/P1260957_tn.jpg 1620w, https:\/\/rowerowycieszyn.pl\/wp-content\/uploads\/2023\/01\/P1260957_tn-300x200.jpg 300w, https:\/\/rowerowycieszyn.pl\/wp-content\/uploads\/2023\/01\/P1260957_tn-1024x683.jpg 1024w, https:\/\/rowerowycieszyn.pl\/wp-content\/uploads\/2023\/01\/P1260957_tn-768x512.jpg 768w, https:\/\/rowerowycieszyn.pl\/wp-content\/uploads\/2023\/01\/P1260957_tn-1536x1024.jpg 1536w\" sizes=\"auto, (max-width: 1620px) 100vw, 1620px\" \/><\/a><figcaption id=\"caption-attachment-1740\" class=\"wp-caption-text\">\u015aciana dawnych \u0141a\u017ani Cesarskich od strony Olzy.<\/figcaption><\/figure>\n<figure id=\"attachment_1739\" aria-describedby=\"caption-attachment-1739\" style=\"width: 1620px\" class=\"wp-caption alignnone\"><a href=\"http:\/\/rowerowycieszyn.pl\/wp-content\/uploads\/2023\/01\/P1260955_tn.jpg\"><img loading=\"lazy\" decoding=\"async\" class=\"size-full wp-image-1739\" src=\"http:\/\/rowerowycieszyn.pl\/wp-content\/uploads\/2023\/01\/P1260955_tn.jpg\" alt=\"Nabrze\u017ce wzd\u0142u\u017c parkingu i dawnych \u0142a\u017ani pozostaje ca\u0142kowicie niewykorzystane, mimo \u017ce znajduje si\u0119 w \u015bcis\u0142ym centrum Cieszyna.\" width=\"1620\" height=\"1080\" srcset=\"https:\/\/rowerowycieszyn.pl\/wp-content\/uploads\/2023\/01\/P1260955_tn.jpg 1620w, https:\/\/rowerowycieszyn.pl\/wp-content\/uploads\/2023\/01\/P1260955_tn-300x200.jpg 300w, https:\/\/rowerowycieszyn.pl\/wp-content\/uploads\/2023\/01\/P1260955_tn-1024x683.jpg 1024w, https:\/\/rowerowycieszyn.pl\/wp-content\/uploads\/2023\/01\/P1260955_tn-768x512.jpg 768w, https:\/\/rowerowycieszyn.pl\/wp-content\/uploads\/2023\/01\/P1260955_tn-1536x1024.jpg 1536w\" sizes=\"auto, (max-width: 1620px) 100vw, 1620px\" \/><\/a><figcaption id=\"caption-attachment-1739\" class=\"wp-caption-text\">Nabrze\u017ce wzd\u0142u\u017c parkingu i dawnych \u0142a\u017ani pozostaje ca\u0142kowicie niewykorzystane, mimo \u017ce znajduje si\u0119 w \u015bcis\u0142ym centrum Cieszyna.<\/figcaption><\/figure>\n<figure id=\"attachment_1738\" aria-describedby=\"caption-attachment-1738\" style=\"width: 1620px\" class=\"wp-caption alignnone\"><a href=\"http:\/\/rowerowycieszyn.pl\/wp-content\/uploads\/2023\/01\/P1260954_tn.jpg\"><img loading=\"lazy\" decoding=\"async\" class=\"wp-image-1738 size-full\" src=\"http:\/\/rowerowycieszyn.pl\/wp-content\/uploads\/2023\/01\/P1260954_tn.jpg\" alt=\"Chodnik przy al. \u0141yska ko\u0144czy si\u0119 \u015blepo na wysoko\u015bci parkingu przy pizzerii Wenecja.\" width=\"1620\" height=\"1080\" srcset=\"https:\/\/rowerowycieszyn.pl\/wp-content\/uploads\/2023\/01\/P1260954_tn.jpg 1620w, https:\/\/rowerowycieszyn.pl\/wp-content\/uploads\/2023\/01\/P1260954_tn-300x200.jpg 300w, https:\/\/rowerowycieszyn.pl\/wp-content\/uploads\/2023\/01\/P1260954_tn-1024x683.jpg 1024w, https:\/\/rowerowycieszyn.pl\/wp-content\/uploads\/2023\/01\/P1260954_tn-768x512.jpg 768w, https:\/\/rowerowycieszyn.pl\/wp-content\/uploads\/2023\/01\/P1260954_tn-1536x1024.jpg 1536w\" sizes=\"auto, (max-width: 1620px) 100vw, 1620px\" \/><\/a><figcaption id=\"caption-attachment-1738\" class=\"wp-caption-text\">Chodnik przy al. \u0141yska ko\u0144czy si\u0119 \u015blepo na wysoko\u015bci parkingu przy pizzerii Wenecja.<\/figcaption><\/figure>\n","protected":false},"excerpt":{"rendered":"<p>Zagospodarowywanie przestrzeni pod mostami na chodniki dla pieszych i przejazdy dla dr\u00f3g rowerowych jest powszechnie stosowanym rozwi\u0105zaniem. Nawet w Cieszynie mamy dwa takie miejsca, a konkretnie most Wolno\u015bci i most&hellip; <\/p>\n","protected":false},"author":1,"featured_media":1742,"comment_status":"open","ping_status":"open","sticky":false,"template":"","format":"standard","meta":{"footnotes":""},"categories":[9,5,1],"tags":[],"class_list":["post-1736","post","type-post","status-publish","format-standard","has-post-thumbnail","hentry","category-aktualnosci","category-artykuly","category-bez-kategorii"],"yoast_head":"<!-- This site is optimized with the Yoast SEO plugin v27.3 - https:\/\/yoast.com\/product\/yoast-seo-wordpress\/ -->\n<title>Rowerem pod mostem Przyja\u017ani - Rowerowy Cieszyn<\/title>\n<meta name=\"description\" content=\"Czy jest mo\u017cliwa budowa ci\u0105gu pieszo rowerowego pod mostem Przyja\u017ani w Cieszynie. takie rozwi\u0105zanie by\u0142oby ogromnym udogodnieniem dla mieszka\u0144c\u00f3w i turyst\u00f3w.\" \/>\n<meta name=\"robots\" content=\"index, follow, max-snippet:-1, max-image-preview:large, max-video-preview:-1\" \/>\n<link rel=\"canonical\" href=\"https:\/\/rowerowycieszyn.pl\/index.php\/2023\/01\/06\/rowerem-pod-mostem-przyjazni\/\" \/>\n<meta property=\"og:locale\" content=\"pl_PL\" \/>\n<meta property=\"og:type\" content=\"article\" \/>\n<meta property=\"og:title\" content=\"Rowerem pod mostem Przyja\u017ani - Rowerowy Cieszyn\" \/>\n<meta property=\"og:description\" content=\"Czy jest mo\u017cliwa budowa ci\u0105gu pieszo rowerowego pod mostem Przyja\u017ani w Cieszynie. takie rozwi\u0105zanie by\u0142oby ogromnym udogodnieniem dla mieszka\u0144c\u00f3w i turyst\u00f3w.\" \/>\n<meta property=\"og:url\" content=\"https:\/\/rowerowycieszyn.pl\/index.php\/2023\/01\/06\/rowerem-pod-mostem-przyjazni\/\" \/>\n<meta property=\"og:site_name\" content=\"Rowerowy Cieszyn\" \/>\n<meta property=\"article:publisher\" content=\"https:\/\/www.facebook.com\/RowerowyCieszyn\" \/>\n<meta property=\"article:published_time\" content=\"2023-01-06T17:43:39+00:00\" \/>\n<meta property=\"article:modified_time\" content=\"2023-01-11T16:05:06+00:00\" \/>\n<meta property=\"og:image\" content=\"http:\/\/rowerowycieszyn.pl\/wp-content\/uploads\/2023\/01\/P1260963_tn.jpg\" \/>\n\t<meta property=\"og:image:width\" content=\"1620\" \/>\n\t<meta property=\"og:image:height\" content=\"1080\" \/>\n\t<meta property=\"og:image:type\" content=\"image\/jpeg\" \/>\n<meta name=\"author\" content=\"Rowerowy Cieszyn\" \/>\n<meta name=\"twitter:card\" content=\"summary_large_image\" \/>\n<meta name=\"twitter:label1\" content=\"Napisane przez\" \/>\n\t<meta name=\"twitter:data1\" content=\"Rowerowy Cieszyn\" \/>\n\t<meta name=\"twitter:label2\" content=\"Szacowany czas czytania\" \/>\n\t<meta name=\"twitter:data2\" content=\"4 minuty\" \/>\n<script type=\"application\/ld+json\" class=\"yoast-schema-graph\">{\"@context\":\"https:\\\/\\\/schema.org\",\"@graph\":[{\"@type\":\"Article\",\"@id\":\"https:\\\/\\\/rowerowycieszyn.pl\\\/index.php\\\/2023\\\/01\\\/06\\\/rowerem-pod-mostem-przyjazni\\\/#article\",\"isPartOf\":{\"@id\":\"https:\\\/\\\/rowerowycieszyn.pl\\\/index.php\\\/2023\\\/01\\\/06\\\/rowerem-pod-mostem-przyjazni\\\/\"},\"author\":{\"name\":\"Rowerowy Cieszyn\",\"@id\":\"https:\\\/\\\/rowerowycieszyn.pl\\\/#\\\/schema\\\/person\\\/b698cee63b7405acd7e70007d7cc8b2a\"},\"headline\":\"Rowerem pod mostem Przyja\u017ani\",\"datePublished\":\"2023-01-06T17:43:39+00:00\",\"dateModified\":\"2023-01-11T16:05:06+00:00\",\"mainEntityOfPage\":{\"@id\":\"https:\\\/\\\/rowerowycieszyn.pl\\\/index.php\\\/2023\\\/01\\\/06\\\/rowerem-pod-mostem-przyjazni\\\/\"},\"wordCount\":459,\"commentCount\":0,\"publisher\":{\"@id\":\"https:\\\/\\\/rowerowycieszyn.pl\\\/#organization\"},\"image\":{\"@id\":\"https:\\\/\\\/rowerowycieszyn.pl\\\/index.php\\\/2023\\\/01\\\/06\\\/rowerem-pod-mostem-przyjazni\\\/#primaryimage\"},\"thumbnailUrl\":\"https:\\\/\\\/rowerowycieszyn.pl\\\/wp-content\\\/uploads\\\/2023\\\/01\\\/P1260963_tn.jpg\",\"articleSection\":[\"Aktualno\u015bci\",\"Artyku\u0142y\"],\"inLanguage\":\"pl-PL\",\"potentialAction\":[{\"@type\":\"CommentAction\",\"name\":\"Comment\",\"target\":[\"https:\\\/\\\/rowerowycieszyn.pl\\\/index.php\\\/2023\\\/01\\\/06\\\/rowerem-pod-mostem-przyjazni\\\/#respond\"]}]},{\"@type\":\"WebPage\",\"@id\":\"https:\\\/\\\/rowerowycieszyn.pl\\\/index.php\\\/2023\\\/01\\\/06\\\/rowerem-pod-mostem-przyjazni\\\/\",\"url\":\"https:\\\/\\\/rowerowycieszyn.pl\\\/index.php\\\/2023\\\/01\\\/06\\\/rowerem-pod-mostem-przyjazni\\\/\",\"name\":\"Rowerem pod mostem Przyja\u017ani - Rowerowy Cieszyn\",\"isPartOf\":{\"@id\":\"https:\\\/\\\/rowerowycieszyn.pl\\\/#website\"},\"primaryImageOfPage\":{\"@id\":\"https:\\\/\\\/rowerowycieszyn.pl\\\/index.php\\\/2023\\\/01\\\/06\\\/rowerem-pod-mostem-przyjazni\\\/#primaryimage\"},\"image\":{\"@id\":\"https:\\\/\\\/rowerowycieszyn.pl\\\/index.php\\\/2023\\\/01\\\/06\\\/rowerem-pod-mostem-przyjazni\\\/#primaryimage\"},\"thumbnailUrl\":\"https:\\\/\\\/rowerowycieszyn.pl\\\/wp-content\\\/uploads\\\/2023\\\/01\\\/P1260963_tn.jpg\",\"datePublished\":\"2023-01-06T17:43:39+00:00\",\"dateModified\":\"2023-01-11T16:05:06+00:00\",\"description\":\"Czy jest mo\u017cliwa budowa ci\u0105gu pieszo rowerowego pod mostem Przyja\u017ani w Cieszynie. takie rozwi\u0105zanie by\u0142oby ogromnym udogodnieniem dla mieszka\u0144c\u00f3w i turyst\u00f3w.\",\"breadcrumb\":{\"@id\":\"https:\\\/\\\/rowerowycieszyn.pl\\\/index.php\\\/2023\\\/01\\\/06\\\/rowerem-pod-mostem-przyjazni\\\/#breadcrumb\"},\"inLanguage\":\"pl-PL\",\"potentialAction\":[{\"@type\":\"ReadAction\",\"target\":[\"https:\\\/\\\/rowerowycieszyn.pl\\\/index.php\\\/2023\\\/01\\\/06\\\/rowerem-pod-mostem-przyjazni\\\/\"]}]},{\"@type\":\"ImageObject\",\"inLanguage\":\"pl-PL\",\"@id\":\"https:\\\/\\\/rowerowycieszyn.pl\\\/index.php\\\/2023\\\/01\\\/06\\\/rowerem-pod-mostem-przyjazni\\\/#primaryimage\",\"url\":\"https:\\\/\\\/rowerowycieszyn.pl\\\/wp-content\\\/uploads\\\/2023\\\/01\\\/P1260963_tn.jpg\",\"contentUrl\":\"https:\\\/\\\/rowerowycieszyn.pl\\\/wp-content\\\/uploads\\\/2023\\\/01\\\/P1260963_tn.jpg\",\"width\":1620,\"height\":1080,\"caption\":\"Pod mostem Przyja\u017ani w Cieszynie jest wystarczaj\u0105co du\u017co miejsca, by przeprowadzi\u0107 t\u0119dy ci\u0105g pieszo-rowerowy. W g\u0142\u0119bi wida\u0107 powstaj\u0105ce centrum informacji turystycznej.\"},{\"@type\":\"BreadcrumbList\",\"@id\":\"https:\\\/\\\/rowerowycieszyn.pl\\\/index.php\\\/2023\\\/01\\\/06\\\/rowerem-pod-mostem-przyjazni\\\/#breadcrumb\",\"itemListElement\":[{\"@type\":\"ListItem\",\"position\":1,\"name\":\"Home\",\"item\":\"https:\\\/\\\/rowerowycieszyn.pl\\\/\"},{\"@type\":\"ListItem\",\"position\":2,\"name\":\"Rowerem pod mostem Przyja\u017ani\"}]},{\"@type\":\"WebSite\",\"@id\":\"https:\\\/\\\/rowerowycieszyn.pl\\\/#website\",\"url\":\"https:\\\/\\\/rowerowycieszyn.pl\\\/\",\"name\":\"Rowerowy Cieszyn\",\"description\":\"Strona promuj\u0105ca komunikacj\u0119 oraz turystyk\u0119 rowerow\u0105 na terenie Cieszyna i okolic.\",\"publisher\":{\"@id\":\"https:\\\/\\\/rowerowycieszyn.pl\\\/#organization\"},\"potentialAction\":[{\"@type\":\"SearchAction\",\"target\":{\"@type\":\"EntryPoint\",\"urlTemplate\":\"https:\\\/\\\/rowerowycieszyn.pl\\\/?s={search_term_string}\"},\"query-input\":{\"@type\":\"PropertyValueSpecification\",\"valueRequired\":true,\"valueName\":\"search_term_string\"}}],\"inLanguage\":\"pl-PL\"},{\"@type\":\"Organization\",\"@id\":\"https:\\\/\\\/rowerowycieszyn.pl\\\/#organization\",\"name\":\"Rowerowy Cieszyn\",\"url\":\"https:\\\/\\\/rowerowycieszyn.pl\\\/\",\"logo\":{\"@type\":\"ImageObject\",\"inLanguage\":\"pl-PL\",\"@id\":\"https:\\\/\\\/rowerowycieszyn.pl\\\/#\\\/schema\\\/logo\\\/image\\\/\",\"url\":\"https:\\\/\\\/rowerowycieszyn.pl\\\/wp-content\\\/uploads\\\/2020\\\/07\\\/cropped-rower1_cr_tn-1.jpg\",\"contentUrl\":\"https:\\\/\\\/rowerowycieszyn.pl\\\/wp-content\\\/uploads\\\/2020\\\/07\\\/cropped-rower1_cr_tn-1.jpg\",\"width\":250,\"height\":100,\"caption\":\"Rowerowy Cieszyn\"},\"image\":{\"@id\":\"https:\\\/\\\/rowerowycieszyn.pl\\\/#\\\/schema\\\/logo\\\/image\\\/\"},\"sameAs\":[\"https:\\\/\\\/www.facebook.com\\\/RowerowyCieszyn\"]},{\"@type\":\"Person\",\"@id\":\"https:\\\/\\\/rowerowycieszyn.pl\\\/#\\\/schema\\\/person\\\/b698cee63b7405acd7e70007d7cc8b2a\",\"name\":\"Rowerowy Cieszyn\",\"image\":{\"@type\":\"ImageObject\",\"inLanguage\":\"pl-PL\",\"@id\":\"https:\\\/\\\/secure.gravatar.com\\\/avatar\\\/1aef2c80bb06ccee0d820e4116589968d6d5c57310499f9271d42a4f7c5ffb3a?s=96&d=mm&r=g\",\"url\":\"https:\\\/\\\/secure.gravatar.com\\\/avatar\\\/1aef2c80bb06ccee0d820e4116589968d6d5c57310499f9271d42a4f7c5ffb3a?s=96&d=mm&r=g\",\"contentUrl\":\"https:\\\/\\\/secure.gravatar.com\\\/avatar\\\/1aef2c80bb06ccee0d820e4116589968d6d5c57310499f9271d42a4f7c5ffb3a?s=96&d=mm&r=g\",\"caption\":\"Rowerowy Cieszyn\"},\"sameAs\":[\"http:\\\/\\\/rowerowycieszyn.pl\"],\"url\":\"https:\\\/\\\/rowerowycieszyn.pl\\\/index.php\\\/author\\\/pstoklosa\\\/\"}]}<\/script>\n<!-- \/ Yoast SEO plugin. -->","yoast_head_json":{"title":"Rowerem pod mostem Przyja\u017ani - Rowerowy Cieszyn","description":"Czy jest mo\u017cliwa budowa ci\u0105gu pieszo rowerowego pod mostem Przyja\u017ani w Cieszynie. takie rozwi\u0105zanie by\u0142oby ogromnym udogodnieniem dla mieszka\u0144c\u00f3w i turyst\u00f3w.","robots":{"index":"index","follow":"follow","max-snippet":"max-snippet:-1","max-image-preview":"max-image-preview:large","max-video-preview":"max-video-preview:-1"},"canonical":"https:\/\/rowerowycieszyn.pl\/index.php\/2023\/01\/06\/rowerem-pod-mostem-przyjazni\/","og_locale":"pl_PL","og_type":"article","og_title":"Rowerem pod mostem Przyja\u017ani - Rowerowy Cieszyn","og_description":"Czy jest mo\u017cliwa budowa ci\u0105gu pieszo rowerowego pod mostem Przyja\u017ani w Cieszynie. takie rozwi\u0105zanie by\u0142oby ogromnym udogodnieniem dla mieszka\u0144c\u00f3w i turyst\u00f3w.","og_url":"https:\/\/rowerowycieszyn.pl\/index.php\/2023\/01\/06\/rowerem-pod-mostem-przyjazni\/","og_site_name":"Rowerowy Cieszyn","article_publisher":"https:\/\/www.facebook.com\/RowerowyCieszyn","article_published_time":"2023-01-06T17:43:39+00:00","article_modified_time":"2023-01-11T16:05:06+00:00","og_image":[{"width":1620,"height":1080,"url":"http:\/\/rowerowycieszyn.pl\/wp-content\/uploads\/2023\/01\/P1260963_tn.jpg","type":"image\/jpeg"}],"author":"Rowerowy Cieszyn","twitter_card":"summary_large_image","twitter_misc":{"Napisane przez":"Rowerowy Cieszyn","Szacowany czas czytania":"4 minuty"},"schema":{"@context":"https:\/\/schema.org","@graph":[{"@type":"Article","@id":"https:\/\/rowerowycieszyn.pl\/index.php\/2023\/01\/06\/rowerem-pod-mostem-przyjazni\/#article","isPartOf":{"@id":"https:\/\/rowerowycieszyn.pl\/index.php\/2023\/01\/06\/rowerem-pod-mostem-przyjazni\/"},"author":{"name":"Rowerowy Cieszyn","@id":"https:\/\/rowerowycieszyn.pl\/#\/schema\/person\/b698cee63b7405acd7e70007d7cc8b2a"},"headline":"Rowerem pod mostem Przyja\u017ani","datePublished":"2023-01-06T17:43:39+00:00","dateModified":"2023-01-11T16:05:06+00:00","mainEntityOfPage":{"@id":"https:\/\/rowerowycieszyn.pl\/index.php\/2023\/01\/06\/rowerem-pod-mostem-przyjazni\/"},"wordCount":459,"commentCount":0,"publisher":{"@id":"https:\/\/rowerowycieszyn.pl\/#organization"},"image":{"@id":"https:\/\/rowerowycieszyn.pl\/index.php\/2023\/01\/06\/rowerem-pod-mostem-przyjazni\/#primaryimage"},"thumbnailUrl":"https:\/\/rowerowycieszyn.pl\/wp-content\/uploads\/2023\/01\/P1260963_tn.jpg","articleSection":["Aktualno\u015bci","Artyku\u0142y"],"inLanguage":"pl-PL","potentialAction":[{"@type":"CommentAction","name":"Comment","target":["https:\/\/rowerowycieszyn.pl\/index.php\/2023\/01\/06\/rowerem-pod-mostem-przyjazni\/#respond"]}]},{"@type":"WebPage","@id":"https:\/\/rowerowycieszyn.pl\/index.php\/2023\/01\/06\/rowerem-pod-mostem-przyjazni\/","url":"https:\/\/rowerowycieszyn.pl\/index.php\/2023\/01\/06\/rowerem-pod-mostem-przyjazni\/","name":"Rowerem pod mostem Przyja\u017ani - Rowerowy Cieszyn","isPartOf":{"@id":"https:\/\/rowerowycieszyn.pl\/#website"},"primaryImageOfPage":{"@id":"https:\/\/rowerowycieszyn.pl\/index.php\/2023\/01\/06\/rowerem-pod-mostem-przyjazni\/#primaryimage"},"image":{"@id":"https:\/\/rowerowycieszyn.pl\/index.php\/2023\/01\/06\/rowerem-pod-mostem-przyjazni\/#primaryimage"},"thumbnailUrl":"https:\/\/rowerowycieszyn.pl\/wp-content\/uploads\/2023\/01\/P1260963_tn.jpg","datePublished":"2023-01-06T17:43:39+00:00","dateModified":"2023-01-11T16:05:06+00:00","description":"Czy jest mo\u017cliwa budowa ci\u0105gu pieszo rowerowego pod mostem Przyja\u017ani w Cieszynie. takie rozwi\u0105zanie by\u0142oby ogromnym udogodnieniem dla mieszka\u0144c\u00f3w i turyst\u00f3w.","breadcrumb":{"@id":"https:\/\/rowerowycieszyn.pl\/index.php\/2023\/01\/06\/rowerem-pod-mostem-przyjazni\/#breadcrumb"},"inLanguage":"pl-PL","potentialAction":[{"@type":"ReadAction","target":["https:\/\/rowerowycieszyn.pl\/index.php\/2023\/01\/06\/rowerem-pod-mostem-przyjazni\/"]}]},{"@type":"ImageObject","inLanguage":"pl-PL","@id":"https:\/\/rowerowycieszyn.pl\/index.php\/2023\/01\/06\/rowerem-pod-mostem-przyjazni\/#primaryimage","url":"https:\/\/rowerowycieszyn.pl\/wp-content\/uploads\/2023\/01\/P1260963_tn.jpg","contentUrl":"https:\/\/rowerowycieszyn.pl\/wp-content\/uploads\/2023\/01\/P1260963_tn.jpg","width":1620,"height":1080,"caption":"Pod mostem Przyja\u017ani w Cieszynie jest wystarczaj\u0105co du\u017co miejsca, by przeprowadzi\u0107 t\u0119dy ci\u0105g pieszo-rowerowy. W g\u0142\u0119bi wida\u0107 powstaj\u0105ce centrum informacji turystycznej."},{"@type":"BreadcrumbList","@id":"https:\/\/rowerowycieszyn.pl\/index.php\/2023\/01\/06\/rowerem-pod-mostem-przyjazni\/#breadcrumb","itemListElement":[{"@type":"ListItem","position":1,"name":"Home","item":"https:\/\/rowerowycieszyn.pl\/"},{"@type":"ListItem","position":2,"name":"Rowerem pod mostem Przyja\u017ani"}]},{"@type":"WebSite","@id":"https:\/\/rowerowycieszyn.pl\/#website","url":"https:\/\/rowerowycieszyn.pl\/","name":"Rowerowy Cieszyn","description":"Strona promuj\u0105ca komunikacj\u0119 oraz turystyk\u0119 rowerow\u0105 na terenie Cieszyna i okolic.","publisher":{"@id":"https:\/\/rowerowycieszyn.pl\/#organization"},"potentialAction":[{"@type":"SearchAction","target":{"@type":"EntryPoint","urlTemplate":"https:\/\/rowerowycieszyn.pl\/?s={search_term_string}"},"query-input":{"@type":"PropertyValueSpecification","valueRequired":true,"valueName":"search_term_string"}}],"inLanguage":"pl-PL"},{"@type":"Organization","@id":"https:\/\/rowerowycieszyn.pl\/#organization","name":"Rowerowy Cieszyn","url":"https:\/\/rowerowycieszyn.pl\/","logo":{"@type":"ImageObject","inLanguage":"pl-PL","@id":"https:\/\/rowerowycieszyn.pl\/#\/schema\/logo\/image\/","url":"https:\/\/rowerowycieszyn.pl\/wp-content\/uploads\/2020\/07\/cropped-rower1_cr_tn-1.jpg","contentUrl":"https:\/\/rowerowycieszyn.pl\/wp-content\/uploads\/2020\/07\/cropped-rower1_cr_tn-1.jpg","width":250,"height":100,"caption":"Rowerowy Cieszyn"},"image":{"@id":"https:\/\/rowerowycieszyn.pl\/#\/schema\/logo\/image\/"},"sameAs":["https:\/\/www.facebook.com\/RowerowyCieszyn"]},{"@type":"Person","@id":"https:\/\/rowerowycieszyn.pl\/#\/schema\/person\/b698cee63b7405acd7e70007d7cc8b2a","name":"Rowerowy Cieszyn","image":{"@type":"ImageObject","inLanguage":"pl-PL","@id":"https:\/\/secure.gravatar.com\/avatar\/1aef2c80bb06ccee0d820e4116589968d6d5c57310499f9271d42a4f7c5ffb3a?s=96&d=mm&r=g","url":"https:\/\/secure.gravatar.com\/avatar\/1aef2c80bb06ccee0d820e4116589968d6d5c57310499f9271d42a4f7c5ffb3a?s=96&d=mm&r=g","contentUrl":"https:\/\/secure.gravatar.com\/avatar\/1aef2c80bb06ccee0d820e4116589968d6d5c57310499f9271d42a4f7c5ffb3a?s=96&d=mm&r=g","caption":"Rowerowy Cieszyn"},"sameAs":["http:\/\/rowerowycieszyn.pl"],"url":"https:\/\/rowerowycieszyn.pl\/index.php\/author\/pstoklosa\/"}]}},"_links":{"self":[{"href":"https:\/\/rowerowycieszyn.pl\/index.php\/wp-json\/wp\/v2\/posts\/1736","targetHints":{"allow":["GET"]}}],"collection":[{"href":"https:\/\/rowerowycieszyn.pl\/index.php\/wp-json\/wp\/v2\/posts"}],"about":[{"href":"https:\/\/rowerowycieszyn.pl\/index.php\/wp-json\/wp\/v2\/types\/post"}],"author":[{"embeddable":true,"href":"https:\/\/rowerowycieszyn.pl\/index.php\/wp-json\/wp\/v2\/users\/1"}],"replies":[{"embeddable":true,"href":"https:\/\/rowerowycieszyn.pl\/index.php\/wp-json\/wp\/v2\/comments?post=1736"}],"version-history":[{"count":4,"href":"https:\/\/rowerowycieszyn.pl\/index.php\/wp-json\/wp\/v2\/posts\/1736\/revisions"}],"predecessor-version":[{"id":1747,"href":"https:\/\/rowerowycieszyn.pl\/index.php\/wp-json\/wp\/v2\/posts\/1736\/revisions\/1747"}],"wp:featuredmedia":[{"embeddable":true,"href":"https:\/\/rowerowycieszyn.pl\/index.php\/wp-json\/wp\/v2\/media\/1742"}],"wp:attachment":[{"href":"https:\/\/rowerowycieszyn.pl\/index.php\/wp-json\/wp\/v2\/media?parent=1736"}],"wp:term":[{"taxonomy":"category","embeddable":true,"href":"https:\/\/rowerowycieszyn.pl\/index.php\/wp-json\/wp\/v2\/categories?post=1736"},{"taxonomy":"post_tag","embeddable":true,"href":"https:\/\/rowerowycieszyn.pl\/index.php\/wp-json\/wp\/v2\/tags?post=1736"}],"curies":[{"name":"wp","href":"https:\/\/api.w.org\/{rel}","templated":true}]}}