{"id":1877,"date":"2023-05-24T17:34:44","date_gmt":"2023-05-24T15:34:44","guid":{"rendered":"http:\/\/rowerowycieszyn.pl\/?p=1877"},"modified":"2024-05-21T15:42:30","modified_gmt":"2024-05-21T13:42:30","slug":"trasa-do-marklowic-jednak-wzdluz-drog","status":"publish","type":"post","link":"https:\/\/rowerowycieszyn.pl\/index.php\/2023\/05\/24\/trasa-do-marklowic-jednak-wzdluz-drog\/","title":{"rendered":"Trasa do Marklowic jednak wzd\u0142u\u017c dr\u00f3g &#8211; PODPISZ PETYCJ\u0118!"},"content":{"rendered":"<p>O planowanej trasie 607 pisali\u015bmy ju\u017c wielokrotnie. Mi\u0119dzy innymi w tekstach <a href=\"http:\/\/rowerowycieszyn.pl\/index.php\/2021\/01\/03\/ktoredy-do-pogwizdowa\/\">Kt\u00f3r\u0119dy do Pogwizdowa?<\/a> oraz\u00a0 <a href=\"http:\/\/rowerowycieszyn.pl\/index.php\/2021\/04\/25\/wzdluz-biegu-olzy-fotorelacja-z-nieuzytkowanego-odcinka-od-mostu-kolejowego-do-ujscia-bobrowki\/\">Wzd\u0142u\u017c biegu Olzy &#8211; fotorelacja z nieu\u017cytkowanego odcinka od mostu kolejowego do uj\u015bcia Bobr\u00f3wki<\/a> postulowali\u015bmy, aby przebiega\u0142a ona wzd\u0142u\u017c brzegu Olzy a\u017c do osiedla w pobli\u017cu zak\u0142ad\u00f3w PPG. Ten wariant wydawa\u0142 si\u0119 najatrakcyjniejszy pod wieloma wzgl\u0119dami.<\/p>\n<p>Wczoraj (23.05.2023) dowiedzieli\u015bmy si\u0119, \u017ce zapad\u0142a decyzja o przebiegu trasy 607 na odcinku od al. Piastowskiej do cieszy\u0144skich Marklowic. Niestety nie jest ona korzystana dla rowerzyst\u00f3w. Mimo naszych stara\u0144 i apeli w\u0142adze miasta Cieszyna wybra\u0142y wariant wzd\u0142u\u017c ulic Ma\u0142a \u0141\u0105ka, Poprzecznej, \u0141\u0105cznej, Dombkego i Frysztackiej. Oznacza to, \u017ce jad\u0105c w kierunku Pogwizdowa lub Kaczyc b\u0119dziemy porusza\u0107 w towarzystwie samochod\u00f3w, co najmniej kilka razy przecina\u0107 ruchliwe drogi oraz przeje\u017cd\u017ca\u0107 przez trzy przejazdy kolejowe. Wszystkiego tego mo\u017cna by\u0142o unikn\u0105\u0107, gdyby wybrano wariant wzd\u0142u\u017c Olzy. Nie b\u0119dziemy si\u0119 cieszy\u0107 nadolzia\u0144skimi plenerami, nie b\u0119dzie przed\u0142u\u017cenia tak lubianego przez cieszynian deptaku przy Open Air Muzeum.<\/p>\n<p>Oficjalnym powodem jest ch\u0119\u0107 ochrony \u015brodowiska naturalnego. Nie mo\u017cemy jednak oprze\u0107 si\u0119 wra\u017ceniu, \u017ce zadecydowa\u0142o patrzenie z perspektywy kr\u00f3tkoterminowych korzy\u015bci, zachowawcze my\u015blenie i brak odwa\u017cnej wizji. Wybrane rozwi\u0105zanie nie b\u0119dzie o wiele ta\u0144sze, ale na pewno \u0142atwiejsze do uzgodnienia od strony formalnej. Mieli\u015bmy szans\u0119 na wspania\u0142\u0105, kilkukilometrow\u0105 tras\u0119 wzd\u0142u\u017c pi\u0119knej rzeki a b\u0119dziemy mieli ci\u0105g pieszo rowerowy wzd\u0142u\u017c ruchliwych ulic. Co gorsza, za przejazdem kolejowym w Boguszowicach rozwa\u017ca si\u0119 utworzenie pas\u00f3w rowerowych wzd\u0142u\u017c drogi. W przeciwnym razie konieczne by\u0142oby poszerzenie pasa drogowego i kosztowne prace in\u017cynieryjne.<\/p>\n<p>Wielka strata dla wszystkich mieszka\u0144c\u00f3w Cieszyna i turystyki w naszym regionie. Ale nadzieja umiera ostatnia! Spr\u00f3bujmy jeszcze raz tym razem wystosowuj\u0105c do w\u0142adz miasta petycj\u0119. Im wi\u0119cej podpis\u00f3w, tym wi\u0119ksza szansa, \u017ce nasz g\u0142os zostanie us\u0142yszany.<\/p>\n<h2 style=\"text-align: center;\"><span style=\"color: #ff0000;\"><a style=\"color: #ff0000;\" href=\"https:\/\/secure.avaaz.org\/community_petitions\/pl\/urzad_miejski_w_cieszynie_sciezka_rowerowa_z_cieszyna_do_marklowic_wzdluz_olzy\/?cwHGvtb&amp;utm_source=sharetools&amp;utm_medium=copy&amp;utm_campaign=petition-1690320-sciezka_rowerowa_z_cieszyna_do_marklowic_wzdluz_olzy&amp;utm_term=cwHGvtb%2Bpl\">Podpisz petycj\u0119 o zmian\u0119 decyzji w sprawie przebiegu po\u0142\u0105czenia rowerowego mi\u0119dzy al. \u0141yska a cieszy\u0144skimi Marklowicami.<\/a><\/span><\/h2>\n<p><a style=\"font-weight: bold; font-size: 1rem;\" href=\"http:\/\/rowerowycieszyn.pl\/wp-content\/uploads\/2023\/05\/P1280615_tn.jpg\"><img loading=\"lazy\" decoding=\"async\" class=\"size-full wp-image-1882\" src=\"http:\/\/rowerowycieszyn.pl\/wp-content\/uploads\/2023\/05\/P1280615_tn.jpg\" alt=\"Wi\u0119kszo\u015b\u0107 terenu zarasta ekspansywny rdestowiec. Natomiast wci\u0105\u017c wida\u0107 pozosta\u0142o\u015bci dawnej \u015bcie\u017cki pogranicznik\u00f3w. Nawet nie trzeba wyr\u00f3wnywa\u0107.\" width=\"1920\" height=\"1280\" srcset=\"https:\/\/rowerowycieszyn.pl\/wp-content\/uploads\/2023\/05\/P1280615_tn.jpg 1920w, https:\/\/rowerowycieszyn.pl\/wp-content\/uploads\/2023\/05\/P1280615_tn-300x200.jpg 300w, https:\/\/rowerowycieszyn.pl\/wp-content\/uploads\/2023\/05\/P1280615_tn-1024x683.jpg 1024w, https:\/\/rowerowycieszyn.pl\/wp-content\/uploads\/2023\/05\/P1280615_tn-768x512.jpg 768w, https:\/\/rowerowycieszyn.pl\/wp-content\/uploads\/2023\/05\/P1280615_tn-1536x1024.jpg 1536w\" sizes=\"auto, (max-width: 1920px) 100vw, 1920px\" \/><\/a><\/p>\n<p>Wi\u0119kszo\u015b\u0107 terenu zarasta ekspansywny rdestowiec. Natomiast wci\u0105\u017c wida\u0107 pozosta\u0142o\u015bci dawnej \u015bcie\u017cki pogranicznik\u00f3w. Nawet nie trzeba wyr\u00f3wnywa\u0107.<\/p>\n<figure id=\"attachment_1883\" aria-describedby=\"caption-attachment-1883\" style=\"width: 1920px\" class=\"wp-caption alignnone\"><a href=\"http:\/\/rowerowycieszyn.pl\/wp-content\/uploads\/2023\/05\/P1280641_tn.jpg\"><img loading=\"lazy\" decoding=\"async\" class=\"size-full wp-image-1883\" src=\"http:\/\/rowerowycieszyn.pl\/wp-content\/uploads\/2023\/05\/P1280641_tn.jpg\" alt=\"Niekt\u00f3re firmy zlokalizowane wzd\u0142u\u017c rzeki traktuj\u0105 jej brzeg jako sk\u0142adowisko odpad\u00f3w. Udost\u0119pnienie tych teren\u00f3w dla pieszych i rowerzyst\u00f3w ukr\u00f3ci\u0142oby ten proceder.\" width=\"1920\" height=\"1280\" srcset=\"https:\/\/rowerowycieszyn.pl\/wp-content\/uploads\/2023\/05\/P1280641_tn.jpg 1920w, https:\/\/rowerowycieszyn.pl\/wp-content\/uploads\/2023\/05\/P1280641_tn-300x200.jpg 300w, https:\/\/rowerowycieszyn.pl\/wp-content\/uploads\/2023\/05\/P1280641_tn-1024x683.jpg 1024w, https:\/\/rowerowycieszyn.pl\/wp-content\/uploads\/2023\/05\/P1280641_tn-768x512.jpg 768w, https:\/\/rowerowycieszyn.pl\/wp-content\/uploads\/2023\/05\/P1280641_tn-1536x1024.jpg 1536w\" sizes=\"auto, (max-width: 1920px) 100vw, 1920px\" \/><\/a><figcaption id=\"caption-attachment-1883\" class=\"wp-caption-text\">Niekt\u00f3re firmy zlokalizowane wzd\u0142u\u017c rzeki traktuj\u0105 jej brzeg jako sk\u0142adowisko odpad\u00f3w. Udost\u0119pnienie tych teren\u00f3w dla pieszych i rowerzyst\u00f3w ukr\u00f3ci\u0142oby ten proceder.<\/figcaption><\/figure>\n<p style=\"text-align: right;\">Piotr Stok\u0142osa<\/p>\n","protected":false},"excerpt":{"rendered":"<p>O planowanej trasie 607 pisali\u015bmy ju\u017c wielokrotnie. Mi\u0119dzy innymi w tekstach Kt\u00f3r\u0119dy do Pogwizdowa? oraz\u00a0 Wzd\u0142u\u017c biegu Olzy &#8211; fotorelacja z nieu\u017cytkowanego odcinka od mostu kolejowego do uj\u015bcia Bobr\u00f3wki postulowali\u015bmy,&hellip; <\/p>\n","protected":false},"author":1,"featured_media":1879,"comment_status":"open","ping_status":"open","sticky":false,"template":"","format":"standard","meta":{"footnotes":""},"categories":[9,5,1],"tags":[19,45],"class_list":["post-1877","post","type-post","status-publish","format-standard","has-post-thumbnail","hentry","category-aktualnosci","category-artykuly","category-bez-kategorii","tag-trasa-607","tag-trasa-wzdluz-olzy"],"yoast_head":"<!-- This site is optimized with the Yoast SEO plugin v27.3 - https:\/\/yoast.com\/product\/yoast-seo-wordpress\/ -->\n<title>Trasa do Marklowic jednak wzd\u0142u\u017c dr\u00f3g - PODPISZ PETYCJ\u0118! - Rowerowy Cieszyn<\/title>\n<meta name=\"description\" content=\"Trasa rowerowa z Cieszyna do Marklowic jednak nie b\u0119dzie przebiega\u0107 wzd\u0142u\u017c brzeg\u00f3w Olzy. Podj\u0119to decyzj\u0119, \u017ce pobiegnie wzd\u0142u\u017c ulic.\" \/>\n<meta name=\"robots\" content=\"index, follow, max-snippet:-1, max-image-preview:large, max-video-preview:-1\" \/>\n<link rel=\"canonical\" href=\"https:\/\/rowerowycieszyn.pl\/index.php\/2023\/05\/24\/trasa-do-marklowic-jednak-wzdluz-drog\/\" \/>\n<meta property=\"og:locale\" content=\"pl_PL\" \/>\n<meta property=\"og:type\" content=\"article\" \/>\n<meta property=\"og:title\" content=\"Trasa do Marklowic jednak wzd\u0142u\u017c dr\u00f3g - PODPISZ PETYCJ\u0118! - Rowerowy Cieszyn\" \/>\n<meta property=\"og:description\" content=\"Trasa rowerowa z Cieszyna do Marklowic jednak nie b\u0119dzie przebiega\u0107 wzd\u0142u\u017c brzeg\u00f3w Olzy. Podj\u0119to decyzj\u0119, \u017ce pobiegnie wzd\u0142u\u017c ulic.\" \/>\n<meta property=\"og:url\" content=\"https:\/\/rowerowycieszyn.pl\/index.php\/2023\/05\/24\/trasa-do-marklowic-jednak-wzdluz-drog\/\" \/>\n<meta property=\"og:site_name\" content=\"Rowerowy Cieszyn\" \/>\n<meta property=\"article:publisher\" content=\"https:\/\/www.facebook.com\/RowerowyCieszyn\" \/>\n<meta property=\"article:published_time\" content=\"2023-05-24T15:34:44+00:00\" \/>\n<meta property=\"article:modified_time\" content=\"2024-05-21T13:42:30+00:00\" \/>\n<meta property=\"og:image\" content=\"http:\/\/rowerowycieszyn.pl\/wp-content\/uploads\/2023\/05\/P1120276_tn.jpg\" \/>\n\t<meta property=\"og:image:width\" content=\"1620\" \/>\n\t<meta property=\"og:image:height\" content=\"1080\" \/>\n\t<meta property=\"og:image:type\" content=\"image\/jpeg\" \/>\n<meta name=\"author\" content=\"Rowerowy Cieszyn\" \/>\n<meta name=\"twitter:card\" content=\"summary_large_image\" \/>\n<meta name=\"twitter:label1\" content=\"Napisane przez\" \/>\n\t<meta name=\"twitter:data1\" content=\"Rowerowy Cieszyn\" \/>\n\t<meta name=\"twitter:label2\" content=\"Szacowany czas czytania\" \/>\n\t<meta name=\"twitter:data2\" content=\"3 minuty\" \/>\n<script type=\"application\/ld+json\" class=\"yoast-schema-graph\">{\"@context\":\"https:\\\/\\\/schema.org\",\"@graph\":[{\"@type\":\"Article\",\"@id\":\"https:\\\/\\\/rowerowycieszyn.pl\\\/index.php\\\/2023\\\/05\\\/24\\\/trasa-do-marklowic-jednak-wzdluz-drog\\\/#article\",\"isPartOf\":{\"@id\":\"https:\\\/\\\/rowerowycieszyn.pl\\\/index.php\\\/2023\\\/05\\\/24\\\/trasa-do-marklowic-jednak-wzdluz-drog\\\/\"},\"author\":{\"name\":\"Rowerowy Cieszyn\",\"@id\":\"https:\\\/\\\/rowerowycieszyn.pl\\\/#\\\/schema\\\/person\\\/b698cee63b7405acd7e70007d7cc8b2a\"},\"headline\":\"Trasa do Marklowic jednak wzd\u0142u\u017c dr\u00f3g &#8211; PODPISZ PETYCJ\u0118!\",\"datePublished\":\"2023-05-24T15:34:44+00:00\",\"dateModified\":\"2024-05-21T13:42:30+00:00\",\"mainEntityOfPage\":{\"@id\":\"https:\\\/\\\/rowerowycieszyn.pl\\\/index.php\\\/2023\\\/05\\\/24\\\/trasa-do-marklowic-jednak-wzdluz-drog\\\/\"},\"wordCount\":429,\"commentCount\":2,\"publisher\":{\"@id\":\"https:\\\/\\\/rowerowycieszyn.pl\\\/#organization\"},\"image\":{\"@id\":\"https:\\\/\\\/rowerowycieszyn.pl\\\/index.php\\\/2023\\\/05\\\/24\\\/trasa-do-marklowic-jednak-wzdluz-drog\\\/#primaryimage\"},\"thumbnailUrl\":\"https:\\\/\\\/rowerowycieszyn.pl\\\/wp-content\\\/uploads\\\/2023\\\/05\\\/P1120276_tn.jpg\",\"keywords\":[\"trasa 607\",\"trasa wzd\u0142u\u017c Olzy\"],\"articleSection\":[\"Aktualno\u015bci\",\"Artyku\u0142y\"],\"inLanguage\":\"pl-PL\",\"potentialAction\":[{\"@type\":\"CommentAction\",\"name\":\"Comment\",\"target\":[\"https:\\\/\\\/rowerowycieszyn.pl\\\/index.php\\\/2023\\\/05\\\/24\\\/trasa-do-marklowic-jednak-wzdluz-drog\\\/#respond\"]}]},{\"@type\":\"WebPage\",\"@id\":\"https:\\\/\\\/rowerowycieszyn.pl\\\/index.php\\\/2023\\\/05\\\/24\\\/trasa-do-marklowic-jednak-wzdluz-drog\\\/\",\"url\":\"https:\\\/\\\/rowerowycieszyn.pl\\\/index.php\\\/2023\\\/05\\\/24\\\/trasa-do-marklowic-jednak-wzdluz-drog\\\/\",\"name\":\"Trasa do Marklowic jednak wzd\u0142u\u017c dr\u00f3g - PODPISZ PETYCJ\u0118! - Rowerowy Cieszyn\",\"isPartOf\":{\"@id\":\"https:\\\/\\\/rowerowycieszyn.pl\\\/#website\"},\"primaryImageOfPage\":{\"@id\":\"https:\\\/\\\/rowerowycieszyn.pl\\\/index.php\\\/2023\\\/05\\\/24\\\/trasa-do-marklowic-jednak-wzdluz-drog\\\/#primaryimage\"},\"image\":{\"@id\":\"https:\\\/\\\/rowerowycieszyn.pl\\\/index.php\\\/2023\\\/05\\\/24\\\/trasa-do-marklowic-jednak-wzdluz-drog\\\/#primaryimage\"},\"thumbnailUrl\":\"https:\\\/\\\/rowerowycieszyn.pl\\\/wp-content\\\/uploads\\\/2023\\\/05\\\/P1120276_tn.jpg\",\"datePublished\":\"2023-05-24T15:34:44+00:00\",\"dateModified\":\"2024-05-21T13:42:30+00:00\",\"description\":\"Trasa rowerowa z Cieszyna do Marklowic jednak nie b\u0119dzie przebiega\u0107 wzd\u0142u\u017c brzeg\u00f3w Olzy. Podj\u0119to decyzj\u0119, \u017ce pobiegnie wzd\u0142u\u017c ulic.\",\"breadcrumb\":{\"@id\":\"https:\\\/\\\/rowerowycieszyn.pl\\\/index.php\\\/2023\\\/05\\\/24\\\/trasa-do-marklowic-jednak-wzdluz-drog\\\/#breadcrumb\"},\"inLanguage\":\"pl-PL\",\"potentialAction\":[{\"@type\":\"ReadAction\",\"target\":[\"https:\\\/\\\/rowerowycieszyn.pl\\\/index.php\\\/2023\\\/05\\\/24\\\/trasa-do-marklowic-jednak-wzdluz-drog\\\/\"]}]},{\"@type\":\"ImageObject\",\"inLanguage\":\"pl-PL\",\"@id\":\"https:\\\/\\\/rowerowycieszyn.pl\\\/index.php\\\/2023\\\/05\\\/24\\\/trasa-do-marklowic-jednak-wzdluz-drog\\\/#primaryimage\",\"url\":\"https:\\\/\\\/rowerowycieszyn.pl\\\/wp-content\\\/uploads\\\/2023\\\/05\\\/P1120276_tn.jpg\",\"contentUrl\":\"https:\\\/\\\/rowerowycieszyn.pl\\\/wp-content\\\/uploads\\\/2023\\\/05\\\/P1120276_tn.jpg\",\"width\":1620,\"height\":1080,\"caption\":\"Widok znad Olzy w okolicach uj\u015bcia Bobr\u00f3wki. Tu mo\u017ce przebiega\u0107 pi\u0119kna droga dla rower\u00f3w.\"},{\"@type\":\"BreadcrumbList\",\"@id\":\"https:\\\/\\\/rowerowycieszyn.pl\\\/index.php\\\/2023\\\/05\\\/24\\\/trasa-do-marklowic-jednak-wzdluz-drog\\\/#breadcrumb\",\"itemListElement\":[{\"@type\":\"ListItem\",\"position\":1,\"name\":\"Home\",\"item\":\"https:\\\/\\\/rowerowycieszyn.pl\\\/\"},{\"@type\":\"ListItem\",\"position\":2,\"name\":\"Trasa do Marklowic jednak wzd\u0142u\u017c dr\u00f3g &#8211; PODPISZ PETYCJ\u0118!\"}]},{\"@type\":\"WebSite\",\"@id\":\"https:\\\/\\\/rowerowycieszyn.pl\\\/#website\",\"url\":\"https:\\\/\\\/rowerowycieszyn.pl\\\/\",\"name\":\"Rowerowy Cieszyn\",\"description\":\"Strona promuj\u0105ca komunikacj\u0119 oraz turystyk\u0119 rowerow\u0105 na terenie Cieszyna i okolic.\",\"publisher\":{\"@id\":\"https:\\\/\\\/rowerowycieszyn.pl\\\/#organization\"},\"potentialAction\":[{\"@type\":\"SearchAction\",\"target\":{\"@type\":\"EntryPoint\",\"urlTemplate\":\"https:\\\/\\\/rowerowycieszyn.pl\\\/?s={search_term_string}\"},\"query-input\":{\"@type\":\"PropertyValueSpecification\",\"valueRequired\":true,\"valueName\":\"search_term_string\"}}],\"inLanguage\":\"pl-PL\"},{\"@type\":\"Organization\",\"@id\":\"https:\\\/\\\/rowerowycieszyn.pl\\\/#organization\",\"name\":\"Rowerowy Cieszyn\",\"url\":\"https:\\\/\\\/rowerowycieszyn.pl\\\/\",\"logo\":{\"@type\":\"ImageObject\",\"inLanguage\":\"pl-PL\",\"@id\":\"https:\\\/\\\/rowerowycieszyn.pl\\\/#\\\/schema\\\/logo\\\/image\\\/\",\"url\":\"https:\\\/\\\/rowerowycieszyn.pl\\\/wp-content\\\/uploads\\\/2020\\\/07\\\/cropped-rower1_cr_tn-1.jpg\",\"contentUrl\":\"https:\\\/\\\/rowerowycieszyn.pl\\\/wp-content\\\/uploads\\\/2020\\\/07\\\/cropped-rower1_cr_tn-1.jpg\",\"width\":250,\"height\":100,\"caption\":\"Rowerowy Cieszyn\"},\"image\":{\"@id\":\"https:\\\/\\\/rowerowycieszyn.pl\\\/#\\\/schema\\\/logo\\\/image\\\/\"},\"sameAs\":[\"https:\\\/\\\/www.facebook.com\\\/RowerowyCieszyn\"]},{\"@type\":\"Person\",\"@id\":\"https:\\\/\\\/rowerowycieszyn.pl\\\/#\\\/schema\\\/person\\\/b698cee63b7405acd7e70007d7cc8b2a\",\"name\":\"Rowerowy Cieszyn\",\"image\":{\"@type\":\"ImageObject\",\"inLanguage\":\"pl-PL\",\"@id\":\"https:\\\/\\\/secure.gravatar.com\\\/avatar\\\/1aef2c80bb06ccee0d820e4116589968d6d5c57310499f9271d42a4f7c5ffb3a?s=96&d=mm&r=g\",\"url\":\"https:\\\/\\\/secure.gravatar.com\\\/avatar\\\/1aef2c80bb06ccee0d820e4116589968d6d5c57310499f9271d42a4f7c5ffb3a?s=96&d=mm&r=g\",\"contentUrl\":\"https:\\\/\\\/secure.gravatar.com\\\/avatar\\\/1aef2c80bb06ccee0d820e4116589968d6d5c57310499f9271d42a4f7c5ffb3a?s=96&d=mm&r=g\",\"caption\":\"Rowerowy Cieszyn\"},\"sameAs\":[\"http:\\\/\\\/rowerowycieszyn.pl\"],\"url\":\"https:\\\/\\\/rowerowycieszyn.pl\\\/index.php\\\/author\\\/pstoklosa\\\/\"}]}<\/script>\n<!-- \/ Yoast SEO plugin. -->","yoast_head_json":{"title":"Trasa do Marklowic jednak wzd\u0142u\u017c dr\u00f3g - PODPISZ PETYCJ\u0118! - Rowerowy Cieszyn","description":"Trasa rowerowa z Cieszyna do Marklowic jednak nie b\u0119dzie przebiega\u0107 wzd\u0142u\u017c brzeg\u00f3w Olzy. Podj\u0119to decyzj\u0119, \u017ce pobiegnie wzd\u0142u\u017c ulic.","robots":{"index":"index","follow":"follow","max-snippet":"max-snippet:-1","max-image-preview":"max-image-preview:large","max-video-preview":"max-video-preview:-1"},"canonical":"https:\/\/rowerowycieszyn.pl\/index.php\/2023\/05\/24\/trasa-do-marklowic-jednak-wzdluz-drog\/","og_locale":"pl_PL","og_type":"article","og_title":"Trasa do Marklowic jednak wzd\u0142u\u017c dr\u00f3g - PODPISZ PETYCJ\u0118! - Rowerowy Cieszyn","og_description":"Trasa rowerowa z Cieszyna do Marklowic jednak nie b\u0119dzie przebiega\u0107 wzd\u0142u\u017c brzeg\u00f3w Olzy. Podj\u0119to decyzj\u0119, \u017ce pobiegnie wzd\u0142u\u017c ulic.","og_url":"https:\/\/rowerowycieszyn.pl\/index.php\/2023\/05\/24\/trasa-do-marklowic-jednak-wzdluz-drog\/","og_site_name":"Rowerowy Cieszyn","article_publisher":"https:\/\/www.facebook.com\/RowerowyCieszyn","article_published_time":"2023-05-24T15:34:44+00:00","article_modified_time":"2024-05-21T13:42:30+00:00","og_image":[{"width":1620,"height":1080,"url":"http:\/\/rowerowycieszyn.pl\/wp-content\/uploads\/2023\/05\/P1120276_tn.jpg","type":"image\/jpeg"}],"author":"Rowerowy Cieszyn","twitter_card":"summary_large_image","twitter_misc":{"Napisane przez":"Rowerowy Cieszyn","Szacowany czas czytania":"3 minuty"},"schema":{"@context":"https:\/\/schema.org","@graph":[{"@type":"Article","@id":"https:\/\/rowerowycieszyn.pl\/index.php\/2023\/05\/24\/trasa-do-marklowic-jednak-wzdluz-drog\/#article","isPartOf":{"@id":"https:\/\/rowerowycieszyn.pl\/index.php\/2023\/05\/24\/trasa-do-marklowic-jednak-wzdluz-drog\/"},"author":{"name":"Rowerowy Cieszyn","@id":"https:\/\/rowerowycieszyn.pl\/#\/schema\/person\/b698cee63b7405acd7e70007d7cc8b2a"},"headline":"Trasa do Marklowic jednak wzd\u0142u\u017c dr\u00f3g &#8211; PODPISZ PETYCJ\u0118!","datePublished":"2023-05-24T15:34:44+00:00","dateModified":"2024-05-21T13:42:30+00:00","mainEntityOfPage":{"@id":"https:\/\/rowerowycieszyn.pl\/index.php\/2023\/05\/24\/trasa-do-marklowic-jednak-wzdluz-drog\/"},"wordCount":429,"commentCount":2,"publisher":{"@id":"https:\/\/rowerowycieszyn.pl\/#organization"},"image":{"@id":"https:\/\/rowerowycieszyn.pl\/index.php\/2023\/05\/24\/trasa-do-marklowic-jednak-wzdluz-drog\/#primaryimage"},"thumbnailUrl":"https:\/\/rowerowycieszyn.pl\/wp-content\/uploads\/2023\/05\/P1120276_tn.jpg","keywords":["trasa 607","trasa wzd\u0142u\u017c Olzy"],"articleSection":["Aktualno\u015bci","Artyku\u0142y"],"inLanguage":"pl-PL","potentialAction":[{"@type":"CommentAction","name":"Comment","target":["https:\/\/rowerowycieszyn.pl\/index.php\/2023\/05\/24\/trasa-do-marklowic-jednak-wzdluz-drog\/#respond"]}]},{"@type":"WebPage","@id":"https:\/\/rowerowycieszyn.pl\/index.php\/2023\/05\/24\/trasa-do-marklowic-jednak-wzdluz-drog\/","url":"https:\/\/rowerowycieszyn.pl\/index.php\/2023\/05\/24\/trasa-do-marklowic-jednak-wzdluz-drog\/","name":"Trasa do Marklowic jednak wzd\u0142u\u017c dr\u00f3g - PODPISZ PETYCJ\u0118! - Rowerowy Cieszyn","isPartOf":{"@id":"https:\/\/rowerowycieszyn.pl\/#website"},"primaryImageOfPage":{"@id":"https:\/\/rowerowycieszyn.pl\/index.php\/2023\/05\/24\/trasa-do-marklowic-jednak-wzdluz-drog\/#primaryimage"},"image":{"@id":"https:\/\/rowerowycieszyn.pl\/index.php\/2023\/05\/24\/trasa-do-marklowic-jednak-wzdluz-drog\/#primaryimage"},"thumbnailUrl":"https:\/\/rowerowycieszyn.pl\/wp-content\/uploads\/2023\/05\/P1120276_tn.jpg","datePublished":"2023-05-24T15:34:44+00:00","dateModified":"2024-05-21T13:42:30+00:00","description":"Trasa rowerowa z Cieszyna do Marklowic jednak nie b\u0119dzie przebiega\u0107 wzd\u0142u\u017c brzeg\u00f3w Olzy. Podj\u0119to decyzj\u0119, \u017ce pobiegnie wzd\u0142u\u017c ulic.","breadcrumb":{"@id":"https:\/\/rowerowycieszyn.pl\/index.php\/2023\/05\/24\/trasa-do-marklowic-jednak-wzdluz-drog\/#breadcrumb"},"inLanguage":"pl-PL","potentialAction":[{"@type":"ReadAction","target":["https:\/\/rowerowycieszyn.pl\/index.php\/2023\/05\/24\/trasa-do-marklowic-jednak-wzdluz-drog\/"]}]},{"@type":"ImageObject","inLanguage":"pl-PL","@id":"https:\/\/rowerowycieszyn.pl\/index.php\/2023\/05\/24\/trasa-do-marklowic-jednak-wzdluz-drog\/#primaryimage","url":"https:\/\/rowerowycieszyn.pl\/wp-content\/uploads\/2023\/05\/P1120276_tn.jpg","contentUrl":"https:\/\/rowerowycieszyn.pl\/wp-content\/uploads\/2023\/05\/P1120276_tn.jpg","width":1620,"height":1080,"caption":"Widok znad Olzy w okolicach uj\u015bcia Bobr\u00f3wki. Tu mo\u017ce przebiega\u0107 pi\u0119kna droga dla rower\u00f3w."},{"@type":"BreadcrumbList","@id":"https:\/\/rowerowycieszyn.pl\/index.php\/2023\/05\/24\/trasa-do-marklowic-jednak-wzdluz-drog\/#breadcrumb","itemListElement":[{"@type":"ListItem","position":1,"name":"Home","item":"https:\/\/rowerowycieszyn.pl\/"},{"@type":"ListItem","position":2,"name":"Trasa do Marklowic jednak wzd\u0142u\u017c dr\u00f3g &#8211; PODPISZ PETYCJ\u0118!"}]},{"@type":"WebSite","@id":"https:\/\/rowerowycieszyn.pl\/#website","url":"https:\/\/rowerowycieszyn.pl\/","name":"Rowerowy Cieszyn","description":"Strona promuj\u0105ca komunikacj\u0119 oraz turystyk\u0119 rowerow\u0105 na terenie Cieszyna i okolic.","publisher":{"@id":"https:\/\/rowerowycieszyn.pl\/#organization"},"potentialAction":[{"@type":"SearchAction","target":{"@type":"EntryPoint","urlTemplate":"https:\/\/rowerowycieszyn.pl\/?s={search_term_string}"},"query-input":{"@type":"PropertyValueSpecification","valueRequired":true,"valueName":"search_term_string"}}],"inLanguage":"pl-PL"},{"@type":"Organization","@id":"https:\/\/rowerowycieszyn.pl\/#organization","name":"Rowerowy Cieszyn","url":"https:\/\/rowerowycieszyn.pl\/","logo":{"@type":"ImageObject","inLanguage":"pl-PL","@id":"https:\/\/rowerowycieszyn.pl\/#\/schema\/logo\/image\/","url":"https:\/\/rowerowycieszyn.pl\/wp-content\/uploads\/2020\/07\/cropped-rower1_cr_tn-1.jpg","contentUrl":"https:\/\/rowerowycieszyn.pl\/wp-content\/uploads\/2020\/07\/cropped-rower1_cr_tn-1.jpg","width":250,"height":100,"caption":"Rowerowy Cieszyn"},"image":{"@id":"https:\/\/rowerowycieszyn.pl\/#\/schema\/logo\/image\/"},"sameAs":["https:\/\/www.facebook.com\/RowerowyCieszyn"]},{"@type":"Person","@id":"https:\/\/rowerowycieszyn.pl\/#\/schema\/person\/b698cee63b7405acd7e70007d7cc8b2a","name":"Rowerowy Cieszyn","image":{"@type":"ImageObject","inLanguage":"pl-PL","@id":"https:\/\/secure.gravatar.com\/avatar\/1aef2c80bb06ccee0d820e4116589968d6d5c57310499f9271d42a4f7c5ffb3a?s=96&d=mm&r=g","url":"https:\/\/secure.gravatar.com\/avatar\/1aef2c80bb06ccee0d820e4116589968d6d5c57310499f9271d42a4f7c5ffb3a?s=96&d=mm&r=g","contentUrl":"https:\/\/secure.gravatar.com\/avatar\/1aef2c80bb06ccee0d820e4116589968d6d5c57310499f9271d42a4f7c5ffb3a?s=96&d=mm&r=g","caption":"Rowerowy Cieszyn"},"sameAs":["http:\/\/rowerowycieszyn.pl"],"url":"https:\/\/rowerowycieszyn.pl\/index.php\/author\/pstoklosa\/"}]}},"_links":{"self":[{"href":"https:\/\/rowerowycieszyn.pl\/index.php\/wp-json\/wp\/v2\/posts\/1877","targetHints":{"allow":["GET"]}}],"collection":[{"href":"https:\/\/rowerowycieszyn.pl\/index.php\/wp-json\/wp\/v2\/posts"}],"about":[{"href":"https:\/\/rowerowycieszyn.pl\/index.php\/wp-json\/wp\/v2\/types\/post"}],"author":[{"embeddable":true,"href":"https:\/\/rowerowycieszyn.pl\/index.php\/wp-json\/wp\/v2\/users\/1"}],"replies":[{"embeddable":true,"href":"https:\/\/rowerowycieszyn.pl\/index.php\/wp-json\/wp\/v2\/comments?post=1877"}],"version-history":[{"count":7,"href":"https:\/\/rowerowycieszyn.pl\/index.php\/wp-json\/wp\/v2\/posts\/1877\/revisions"}],"predecessor-version":[{"id":1887,"href":"https:\/\/rowerowycieszyn.pl\/index.php\/wp-json\/wp\/v2\/posts\/1877\/revisions\/1887"}],"wp:featuredmedia":[{"embeddable":true,"href":"https:\/\/rowerowycieszyn.pl\/index.php\/wp-json\/wp\/v2\/media\/1879"}],"wp:attachment":[{"href":"https:\/\/rowerowycieszyn.pl\/index.php\/wp-json\/wp\/v2\/media?parent=1877"}],"wp:term":[{"taxonomy":"category","embeddable":true,"href":"https:\/\/rowerowycieszyn.pl\/index.php\/wp-json\/wp\/v2\/categories?post=1877"},{"taxonomy":"post_tag","embeddable":true,"href":"https:\/\/rowerowycieszyn.pl\/index.php\/wp-json\/wp\/v2\/tags?post=1877"}],"curies":[{"name":"wp","href":"https:\/\/api.w.org\/{rel}","templated":true}]}}