{"id":2015,"date":"2023-09-05T17:45:56","date_gmt":"2023-09-05T15:45:56","guid":{"rendered":"http:\/\/rowerowycieszyn.pl\/?p=2015"},"modified":"2024-05-21T15:40:17","modified_gmt":"2024-05-21T13:40:17","slug":"matejki-w-kontraruchu","status":"publish","type":"post","link":"https:\/\/rowerowycieszyn.pl\/index.php\/2023\/09\/05\/matejki-w-kontraruchu\/","title":{"rendered":"Ulica Matejki nareszcie w kontraruchu!"},"content":{"rendered":"<p>Po wielu latach stara\u0144 niemo\u017cliwe sta\u0142o si\u0119 mo\u017cliwe \u2013 rowerzy\u015bci mog\u0105 opu\u015bci\u0107 rynek jad\u0105c ulic\u0105 Matejki w kierunku placu Londzina. Dzi\u0119ki temu dojazd w okolice centrum przesiadkowego skr\u00f3ci si\u0119 o ok. 900 metr\u00f3w! Bo chc\u0105c zgodnie z przepisami dotrze\u0107 z Rynku do dworca kolejowego dotychczas trzeba by\u0142o jecha\u0107 kolejno ulicami Regera, Limanowskiego, G\u00f3rny Rynek, Garncarska (trudne skrzy\u017cowanie), Bobrecka (bardzo ruchliwa i krzy\u017cuj\u0105ca si\u0119 z r\u00f3wnie ruchliw\u0105 Katowick\u0105) i Hajduka.<\/p>\n<p>Do niedawna kontraruch rowerowy, bo tak nazywa si\u0119 mo\u017cliwo\u015b\u0107 poruszania si\u0119 rowerem w kierunku przeciwnym do og\u00f3lnej organizacji ruchu, by\u0142 mo\u017cliwy tylko na ul. G\u0142\u0119bokiej. Od 31 sierpnia, opr\u00f3cz Matejki zosta\u0142 r\u00f3wnie\u017c wprowadzony na ulicach Szersznika, Szerokiej i samym Rynku. W planach s\u0105 dalsze ulice jednokierunkowe w centrum miasta. Szczeg\u00f3lnie interesuj\u0105ca dla rowerzyst\u00f3w b\u0119dzie mi\u0119dzy innymi mo\u017cliwo\u015b\u0107 poruszania si\u0119 &#8222;pod pr\u0105d&#8221; ul. Kochanowskiego oraz mo\u017cliwo\u015b\u0107 skr\u0119tu w lewo z ul. Limanowskiego w ul. Regera lub Szersznika. Wszystkie opisane zmiany sprawiaj\u0105 i b\u0119d\u0105 dalej sprawia\u0107, \u017ce poruszanie si\u0119 rowerem po \u015br\u00f3dmie\u015bciu b\u0119dzie coraz wygodniejsze.<\/p>\n<p>Zwracamy uwag\u0119, \u017ce kontraruch w \u015ar\u00f3dmie\u015bciu odbywa si\u0119 bez wydzielonych pas\u00f3w dla rower\u00f3w (tzw. kontrapas\u00f3w). Informuje o nim tylko oznakowanie pionowe. Dla wielu uczestnik\u00f3w ruchu to nowo\u015b\u0107, dlatego kierowcy i rowerzy\u015bci \u2013 zachowajcie ostro\u017cno\u015b\u0107 i b\u0105d\u017acie wyrozumiali dla innych.<\/p>\n<figure id=\"attachment_2018\" aria-describedby=\"caption-attachment-2018\" style=\"width: 1920px\" class=\"wp-caption alignnone\"><a href=\"http:\/\/rowerowycieszyn.pl\/wp-content\/uploads\/2023\/09\/P1360324_tn.jpg\"><img loading=\"lazy\" decoding=\"async\" class=\"size-full wp-image-2018\" src=\"http:\/\/rowerowycieszyn.pl\/wp-content\/uploads\/2023\/09\/P1360324_tn.jpg\" alt=\"Kluczowa dla rowerzyst\u00f3w zmiana, czyli wprowadzenie kontraruchu na ul. Matejki. To znacznie upraszcza opuszczenie rynku w kierunku p\u00f3\u0142nocnym.\" width=\"1920\" height=\"1280\" srcset=\"https:\/\/rowerowycieszyn.pl\/wp-content\/uploads\/2023\/09\/P1360324_tn.jpg 1920w, https:\/\/rowerowycieszyn.pl\/wp-content\/uploads\/2023\/09\/P1360324_tn-300x200.jpg 300w, https:\/\/rowerowycieszyn.pl\/wp-content\/uploads\/2023\/09\/P1360324_tn-1024x683.jpg 1024w, https:\/\/rowerowycieszyn.pl\/wp-content\/uploads\/2023\/09\/P1360324_tn-768x512.jpg 768w, https:\/\/rowerowycieszyn.pl\/wp-content\/uploads\/2023\/09\/P1360324_tn-1536x1024.jpg 1536w\" sizes=\"auto, (max-width: 1920px) 100vw, 1920px\" \/><\/a><figcaption id=\"caption-attachment-2018\" class=\"wp-caption-text\">Kluczowa dla rowerzyst\u00f3w zmiana, czyli wprowadzenie kontraruchu na ul. Matejki. To znacznie upraszcza opuszczenie rynku w kierunku p\u00f3\u0142nocnym.<\/figcaption><\/figure>\n<figure id=\"attachment_2017\" aria-describedby=\"caption-attachment-2017\" style=\"width: 1920px\" class=\"wp-caption alignnone\"><a href=\"http:\/\/rowerowycieszyn.pl\/wp-content\/uploads\/2023\/09\/P1360319_tn.jpg\"><img loading=\"lazy\" decoding=\"async\" class=\"size-full wp-image-2017\" src=\"http:\/\/rowerowycieszyn.pl\/wp-content\/uploads\/2023\/09\/P1360319_tn.jpg\" alt=\"Wjazd na ul. Szersznika. Tu uleg\u0142 zmianie og\u00f3lny kierunek ruchu - obecnie ta droga umo\u017cliwia wyjazd z rynku.\" width=\"1920\" height=\"1280\" srcset=\"https:\/\/rowerowycieszyn.pl\/wp-content\/uploads\/2023\/09\/P1360319_tn.jpg 1920w, https:\/\/rowerowycieszyn.pl\/wp-content\/uploads\/2023\/09\/P1360319_tn-300x200.jpg 300w, https:\/\/rowerowycieszyn.pl\/wp-content\/uploads\/2023\/09\/P1360319_tn-1024x683.jpg 1024w, https:\/\/rowerowycieszyn.pl\/wp-content\/uploads\/2023\/09\/P1360319_tn-768x512.jpg 768w, https:\/\/rowerowycieszyn.pl\/wp-content\/uploads\/2023\/09\/P1360319_tn-1536x1024.jpg 1536w\" sizes=\"auto, (max-width: 1920px) 100vw, 1920px\" \/><\/a><figcaption id=\"caption-attachment-2017\" class=\"wp-caption-text\">Wjazd na ul. Szersznika. Tu uleg\u0142 zmianie og\u00f3lny kierunek ruchu &#8211; obecnie ta droga umo\u017cliwia wyjazd z rynku.<\/figcaption><\/figure>\n<figure id=\"attachment_2016\" aria-describedby=\"caption-attachment-2016\" style=\"width: 1364px\" class=\"wp-caption alignnone\"><a href=\"http:\/\/rowerowycieszyn.pl\/wp-content\/uploads\/2023\/09\/mapa-kontraruchu.jpg\"><img loading=\"lazy\" decoding=\"async\" class=\"size-full wp-image-2016\" src=\"http:\/\/rowerowycieszyn.pl\/wp-content\/uploads\/2023\/09\/mapa-kontraruchu.jpg\" alt=\"Obszar obj\u0119ty opisywan\u0105 zmian\u0105 organizacji ruchu. Mapa z materia\u0142\u00f3w Miejski Zarz\u0105d Dr\u00f3g w Cieszynie.\" width=\"1364\" height=\"849\" srcset=\"https:\/\/rowerowycieszyn.pl\/wp-content\/uploads\/2023\/09\/mapa-kontraruchu.jpg 1364w, https:\/\/rowerowycieszyn.pl\/wp-content\/uploads\/2023\/09\/mapa-kontraruchu-300x187.jpg 300w, https:\/\/rowerowycieszyn.pl\/wp-content\/uploads\/2023\/09\/mapa-kontraruchu-1024x637.jpg 1024w, https:\/\/rowerowycieszyn.pl\/wp-content\/uploads\/2023\/09\/mapa-kontraruchu-768x478.jpg 768w\" sizes=\"auto, (max-width: 1364px) 100vw, 1364px\" \/><\/a><figcaption id=\"caption-attachment-2016\" class=\"wp-caption-text\">Obszar obj\u0119ty opisywan\u0105 zmian\u0105 organizacji ruchu. Mapa z materia\u0142\u00f3w Miejski Zarz\u0105d Dr\u00f3g w Cieszynie.<\/figcaption><\/figure>\n<figure id=\"attachment_2020\" aria-describedby=\"caption-attachment-2020\" style=\"width: 1920px\" class=\"wp-caption alignnone\"><a href=\"http:\/\/rowerowycieszyn.pl\/wp-content\/uploads\/2023\/09\/P1360337_tn.jpg\"><img loading=\"lazy\" decoding=\"async\" class=\"size-full wp-image-2020\" src=\"http:\/\/rowerowycieszyn.pl\/wp-content\/uploads\/2023\/09\/P1360337_tn.jpg\" alt=\"Informacja o kontraruchu dla kierowc\u00f3w poruszaj\u0105cych si\u0119 jednokierunkow\u0105 ul. Szersznika.\" width=\"1920\" height=\"1280\" srcset=\"https:\/\/rowerowycieszyn.pl\/wp-content\/uploads\/2023\/09\/P1360337_tn.jpg 1920w, https:\/\/rowerowycieszyn.pl\/wp-content\/uploads\/2023\/09\/P1360337_tn-300x200.jpg 300w, https:\/\/rowerowycieszyn.pl\/wp-content\/uploads\/2023\/09\/P1360337_tn-1024x683.jpg 1024w, https:\/\/rowerowycieszyn.pl\/wp-content\/uploads\/2023\/09\/P1360337_tn-768x512.jpg 768w, https:\/\/rowerowycieszyn.pl\/wp-content\/uploads\/2023\/09\/P1360337_tn-1536x1024.jpg 1536w\" sizes=\"auto, (max-width: 1920px) 100vw, 1920px\" \/><\/a><figcaption id=\"caption-attachment-2020\" class=\"wp-caption-text\">Informacja o kontraruchu dla kierowc\u00f3w poruszaj\u0105cych si\u0119 jednokierunkow\u0105 ul. Szersznika.<\/figcaption><\/figure>\n","protected":false},"excerpt":{"rendered":"<p>Po wielu latach stara\u0144 niemo\u017cliwe sta\u0142o si\u0119 mo\u017cliwe \u2013 rowerzy\u015bci mog\u0105 opu\u015bci\u0107 rynek jad\u0105c ulic\u0105 Matejki w kierunku placu Londzina. Dzi\u0119ki temu dojazd w okolice centrum przesiadkowego skr\u00f3ci si\u0119 o&hellip; <\/p>\n","protected":false},"author":1,"featured_media":2019,"comment_status":"open","ping_status":"open","sticky":false,"template":"","format":"standard","meta":{"footnotes":""},"categories":[9,5,1],"tags":[36,57,34],"class_list":["post-2015","post","type-post","status-publish","format-standard","has-post-thumbnail","hentry","category-aktualnosci","category-artykuly","category-bez-kategorii","tag-drogi-dla-rowerow","tag-matejki","tag-miasto-cieszyn"],"yoast_head":"<!-- This site is optimized with the Yoast SEO plugin v27.3 - https:\/\/yoast.com\/product\/yoast-seo-wordpress\/ -->\n<title>Ulica Matejki nareszcie w kontraruchu! - Rowerowy Cieszyn<\/title>\n<meta name=\"description\" content=\"Kontraruch w centrum Cieszyna. Nareszcie mo\u017cliwy jest wyjazd z rynku ulic\u0105 Matejki, co znacznie skraca dojazd do centrum przesiadkowego.\" \/>\n<meta name=\"robots\" content=\"index, follow, max-snippet:-1, max-image-preview:large, max-video-preview:-1\" \/>\n<link rel=\"canonical\" href=\"https:\/\/rowerowycieszyn.pl\/index.php\/2023\/09\/05\/matejki-w-kontraruchu\/\" \/>\n<meta property=\"og:locale\" content=\"pl_PL\" \/>\n<meta property=\"og:type\" content=\"article\" \/>\n<meta property=\"og:title\" content=\"Ulica Matejki nareszcie w kontraruchu! - Rowerowy Cieszyn\" \/>\n<meta property=\"og:description\" content=\"Kontraruch w centrum Cieszyna. Nareszcie mo\u017cliwy jest wyjazd z rynku ulic\u0105 Matejki, co znacznie skraca dojazd do centrum przesiadkowego.\" \/>\n<meta property=\"og:url\" content=\"https:\/\/rowerowycieszyn.pl\/index.php\/2023\/09\/05\/matejki-w-kontraruchu\/\" \/>\n<meta property=\"og:site_name\" content=\"Rowerowy Cieszyn\" \/>\n<meta property=\"article:publisher\" content=\"https:\/\/www.facebook.com\/RowerowyCieszyn\" \/>\n<meta property=\"article:published_time\" content=\"2023-09-05T15:45:56+00:00\" \/>\n<meta property=\"article:modified_time\" content=\"2024-05-21T13:40:17+00:00\" \/>\n<meta property=\"og:image\" content=\"http:\/\/rowerowycieszyn.pl\/wp-content\/uploads\/2023\/09\/P1360328_tn.jpg\" \/>\n\t<meta property=\"og:image:width\" content=\"1920\" \/>\n\t<meta property=\"og:image:height\" content=\"1280\" \/>\n\t<meta property=\"og:image:type\" content=\"image\/jpeg\" \/>\n<meta name=\"author\" content=\"Rowerowy Cieszyn\" \/>\n<meta name=\"twitter:card\" content=\"summary_large_image\" \/>\n<meta name=\"twitter:label1\" content=\"Napisane przez\" \/>\n\t<meta name=\"twitter:data1\" content=\"Rowerowy Cieszyn\" \/>\n\t<meta name=\"twitter:label2\" content=\"Szacowany czas czytania\" \/>\n\t<meta name=\"twitter:data2\" content=\"3 minuty\" \/>\n<script type=\"application\/ld+json\" class=\"yoast-schema-graph\">{\"@context\":\"https:\\\/\\\/schema.org\",\"@graph\":[{\"@type\":\"Article\",\"@id\":\"https:\\\/\\\/rowerowycieszyn.pl\\\/index.php\\\/2023\\\/09\\\/05\\\/matejki-w-kontraruchu\\\/#article\",\"isPartOf\":{\"@id\":\"https:\\\/\\\/rowerowycieszyn.pl\\\/index.php\\\/2023\\\/09\\\/05\\\/matejki-w-kontraruchu\\\/\"},\"author\":{\"name\":\"Rowerowy Cieszyn\",\"@id\":\"https:\\\/\\\/rowerowycieszyn.pl\\\/#\\\/schema\\\/person\\\/b698cee63b7405acd7e70007d7cc8b2a\"},\"headline\":\"Ulica Matejki nareszcie w kontraruchu!\",\"datePublished\":\"2023-09-05T15:45:56+00:00\",\"dateModified\":\"2024-05-21T13:40:17+00:00\",\"mainEntityOfPage\":{\"@id\":\"https:\\\/\\\/rowerowycieszyn.pl\\\/index.php\\\/2023\\\/09\\\/05\\\/matejki-w-kontraruchu\\\/\"},\"wordCount\":345,\"commentCount\":3,\"publisher\":{\"@id\":\"https:\\\/\\\/rowerowycieszyn.pl\\\/#organization\"},\"image\":{\"@id\":\"https:\\\/\\\/rowerowycieszyn.pl\\\/index.php\\\/2023\\\/09\\\/05\\\/matejki-w-kontraruchu\\\/#primaryimage\"},\"thumbnailUrl\":\"https:\\\/\\\/rowerowycieszyn.pl\\\/wp-content\\\/uploads\\\/2023\\\/09\\\/P1360328_tn.jpg\",\"keywords\":[\"drogi dla rower\u00f3w\",\"Matejki\",\"miasto Cieszyn\"],\"articleSection\":[\"Aktualno\u015bci\",\"Artyku\u0142y\"],\"inLanguage\":\"pl-PL\",\"potentialAction\":[{\"@type\":\"CommentAction\",\"name\":\"Comment\",\"target\":[\"https:\\\/\\\/rowerowycieszyn.pl\\\/index.php\\\/2023\\\/09\\\/05\\\/matejki-w-kontraruchu\\\/#respond\"]}]},{\"@type\":\"WebPage\",\"@id\":\"https:\\\/\\\/rowerowycieszyn.pl\\\/index.php\\\/2023\\\/09\\\/05\\\/matejki-w-kontraruchu\\\/\",\"url\":\"https:\\\/\\\/rowerowycieszyn.pl\\\/index.php\\\/2023\\\/09\\\/05\\\/matejki-w-kontraruchu\\\/\",\"name\":\"Ulica Matejki nareszcie w kontraruchu! - Rowerowy Cieszyn\",\"isPartOf\":{\"@id\":\"https:\\\/\\\/rowerowycieszyn.pl\\\/#website\"},\"primaryImageOfPage\":{\"@id\":\"https:\\\/\\\/rowerowycieszyn.pl\\\/index.php\\\/2023\\\/09\\\/05\\\/matejki-w-kontraruchu\\\/#primaryimage\"},\"image\":{\"@id\":\"https:\\\/\\\/rowerowycieszyn.pl\\\/index.php\\\/2023\\\/09\\\/05\\\/matejki-w-kontraruchu\\\/#primaryimage\"},\"thumbnailUrl\":\"https:\\\/\\\/rowerowycieszyn.pl\\\/wp-content\\\/uploads\\\/2023\\\/09\\\/P1360328_tn.jpg\",\"datePublished\":\"2023-09-05T15:45:56+00:00\",\"dateModified\":\"2024-05-21T13:40:17+00:00\",\"description\":\"Kontraruch w centrum Cieszyna. Nareszcie mo\u017cliwy jest wyjazd z rynku ulic\u0105 Matejki, co znacznie skraca dojazd do centrum przesiadkowego.\",\"breadcrumb\":{\"@id\":\"https:\\\/\\\/rowerowycieszyn.pl\\\/index.php\\\/2023\\\/09\\\/05\\\/matejki-w-kontraruchu\\\/#breadcrumb\"},\"inLanguage\":\"pl-PL\",\"potentialAction\":[{\"@type\":\"ReadAction\",\"target\":[\"https:\\\/\\\/rowerowycieszyn.pl\\\/index.php\\\/2023\\\/09\\\/05\\\/matejki-w-kontraruchu\\\/\"]}]},{\"@type\":\"ImageObject\",\"inLanguage\":\"pl-PL\",\"@id\":\"https:\\\/\\\/rowerowycieszyn.pl\\\/index.php\\\/2023\\\/09\\\/05\\\/matejki-w-kontraruchu\\\/#primaryimage\",\"url\":\"https:\\\/\\\/rowerowycieszyn.pl\\\/wp-content\\\/uploads\\\/2023\\\/09\\\/P1360328_tn.jpg\",\"contentUrl\":\"https:\\\/\\\/rowerowycieszyn.pl\\\/wp-content\\\/uploads\\\/2023\\\/09\\\/P1360328_tn.jpg\",\"width\":1920,\"height\":1280,\"caption\":\"Kontraruch wprowadzono r\u00f3wnie\u017c na p\u0142ycie rynku.\"},{\"@type\":\"BreadcrumbList\",\"@id\":\"https:\\\/\\\/rowerowycieszyn.pl\\\/index.php\\\/2023\\\/09\\\/05\\\/matejki-w-kontraruchu\\\/#breadcrumb\",\"itemListElement\":[{\"@type\":\"ListItem\",\"position\":1,\"name\":\"Home\",\"item\":\"https:\\\/\\\/rowerowycieszyn.pl\\\/\"},{\"@type\":\"ListItem\",\"position\":2,\"name\":\"Ulica Matejki nareszcie w kontraruchu!\"}]},{\"@type\":\"WebSite\",\"@id\":\"https:\\\/\\\/rowerowycieszyn.pl\\\/#website\",\"url\":\"https:\\\/\\\/rowerowycieszyn.pl\\\/\",\"name\":\"Rowerowy Cieszyn\",\"description\":\"Strona promuj\u0105ca komunikacj\u0119 oraz turystyk\u0119 rowerow\u0105 na terenie Cieszyna i okolic.\",\"publisher\":{\"@id\":\"https:\\\/\\\/rowerowycieszyn.pl\\\/#organization\"},\"potentialAction\":[{\"@type\":\"SearchAction\",\"target\":{\"@type\":\"EntryPoint\",\"urlTemplate\":\"https:\\\/\\\/rowerowycieszyn.pl\\\/?s={search_term_string}\"},\"query-input\":{\"@type\":\"PropertyValueSpecification\",\"valueRequired\":true,\"valueName\":\"search_term_string\"}}],\"inLanguage\":\"pl-PL\"},{\"@type\":\"Organization\",\"@id\":\"https:\\\/\\\/rowerowycieszyn.pl\\\/#organization\",\"name\":\"Rowerowy Cieszyn\",\"url\":\"https:\\\/\\\/rowerowycieszyn.pl\\\/\",\"logo\":{\"@type\":\"ImageObject\",\"inLanguage\":\"pl-PL\",\"@id\":\"https:\\\/\\\/rowerowycieszyn.pl\\\/#\\\/schema\\\/logo\\\/image\\\/\",\"url\":\"https:\\\/\\\/rowerowycieszyn.pl\\\/wp-content\\\/uploads\\\/2020\\\/07\\\/cropped-rower1_cr_tn-1.jpg\",\"contentUrl\":\"https:\\\/\\\/rowerowycieszyn.pl\\\/wp-content\\\/uploads\\\/2020\\\/07\\\/cropped-rower1_cr_tn-1.jpg\",\"width\":250,\"height\":100,\"caption\":\"Rowerowy Cieszyn\"},\"image\":{\"@id\":\"https:\\\/\\\/rowerowycieszyn.pl\\\/#\\\/schema\\\/logo\\\/image\\\/\"},\"sameAs\":[\"https:\\\/\\\/www.facebook.com\\\/RowerowyCieszyn\"]},{\"@type\":\"Person\",\"@id\":\"https:\\\/\\\/rowerowycieszyn.pl\\\/#\\\/schema\\\/person\\\/b698cee63b7405acd7e70007d7cc8b2a\",\"name\":\"Rowerowy Cieszyn\",\"image\":{\"@type\":\"ImageObject\",\"inLanguage\":\"pl-PL\",\"@id\":\"https:\\\/\\\/secure.gravatar.com\\\/avatar\\\/1aef2c80bb06ccee0d820e4116589968d6d5c57310499f9271d42a4f7c5ffb3a?s=96&d=mm&r=g\",\"url\":\"https:\\\/\\\/secure.gravatar.com\\\/avatar\\\/1aef2c80bb06ccee0d820e4116589968d6d5c57310499f9271d42a4f7c5ffb3a?s=96&d=mm&r=g\",\"contentUrl\":\"https:\\\/\\\/secure.gravatar.com\\\/avatar\\\/1aef2c80bb06ccee0d820e4116589968d6d5c57310499f9271d42a4f7c5ffb3a?s=96&d=mm&r=g\",\"caption\":\"Rowerowy Cieszyn\"},\"sameAs\":[\"http:\\\/\\\/rowerowycieszyn.pl\"],\"url\":\"https:\\\/\\\/rowerowycieszyn.pl\\\/index.php\\\/author\\\/pstoklosa\\\/\"}]}<\/script>\n<!-- \/ Yoast SEO plugin. -->","yoast_head_json":{"title":"Ulica Matejki nareszcie w kontraruchu! - Rowerowy Cieszyn","description":"Kontraruch w centrum Cieszyna. Nareszcie mo\u017cliwy jest wyjazd z rynku ulic\u0105 Matejki, co znacznie skraca dojazd do centrum przesiadkowego.","robots":{"index":"index","follow":"follow","max-snippet":"max-snippet:-1","max-image-preview":"max-image-preview:large","max-video-preview":"max-video-preview:-1"},"canonical":"https:\/\/rowerowycieszyn.pl\/index.php\/2023\/09\/05\/matejki-w-kontraruchu\/","og_locale":"pl_PL","og_type":"article","og_title":"Ulica Matejki nareszcie w kontraruchu! - Rowerowy Cieszyn","og_description":"Kontraruch w centrum Cieszyna. Nareszcie mo\u017cliwy jest wyjazd z rynku ulic\u0105 Matejki, co znacznie skraca dojazd do centrum przesiadkowego.","og_url":"https:\/\/rowerowycieszyn.pl\/index.php\/2023\/09\/05\/matejki-w-kontraruchu\/","og_site_name":"Rowerowy Cieszyn","article_publisher":"https:\/\/www.facebook.com\/RowerowyCieszyn","article_published_time":"2023-09-05T15:45:56+00:00","article_modified_time":"2024-05-21T13:40:17+00:00","og_image":[{"width":1920,"height":1280,"url":"http:\/\/rowerowycieszyn.pl\/wp-content\/uploads\/2023\/09\/P1360328_tn.jpg","type":"image\/jpeg"}],"author":"Rowerowy Cieszyn","twitter_card":"summary_large_image","twitter_misc":{"Napisane przez":"Rowerowy Cieszyn","Szacowany czas czytania":"3 minuty"},"schema":{"@context":"https:\/\/schema.org","@graph":[{"@type":"Article","@id":"https:\/\/rowerowycieszyn.pl\/index.php\/2023\/09\/05\/matejki-w-kontraruchu\/#article","isPartOf":{"@id":"https:\/\/rowerowycieszyn.pl\/index.php\/2023\/09\/05\/matejki-w-kontraruchu\/"},"author":{"name":"Rowerowy Cieszyn","@id":"https:\/\/rowerowycieszyn.pl\/#\/schema\/person\/b698cee63b7405acd7e70007d7cc8b2a"},"headline":"Ulica Matejki nareszcie w kontraruchu!","datePublished":"2023-09-05T15:45:56+00:00","dateModified":"2024-05-21T13:40:17+00:00","mainEntityOfPage":{"@id":"https:\/\/rowerowycieszyn.pl\/index.php\/2023\/09\/05\/matejki-w-kontraruchu\/"},"wordCount":345,"commentCount":3,"publisher":{"@id":"https:\/\/rowerowycieszyn.pl\/#organization"},"image":{"@id":"https:\/\/rowerowycieszyn.pl\/index.php\/2023\/09\/05\/matejki-w-kontraruchu\/#primaryimage"},"thumbnailUrl":"https:\/\/rowerowycieszyn.pl\/wp-content\/uploads\/2023\/09\/P1360328_tn.jpg","keywords":["drogi dla rower\u00f3w","Matejki","miasto Cieszyn"],"articleSection":["Aktualno\u015bci","Artyku\u0142y"],"inLanguage":"pl-PL","potentialAction":[{"@type":"CommentAction","name":"Comment","target":["https:\/\/rowerowycieszyn.pl\/index.php\/2023\/09\/05\/matejki-w-kontraruchu\/#respond"]}]},{"@type":"WebPage","@id":"https:\/\/rowerowycieszyn.pl\/index.php\/2023\/09\/05\/matejki-w-kontraruchu\/","url":"https:\/\/rowerowycieszyn.pl\/index.php\/2023\/09\/05\/matejki-w-kontraruchu\/","name":"Ulica Matejki nareszcie w kontraruchu! - Rowerowy Cieszyn","isPartOf":{"@id":"https:\/\/rowerowycieszyn.pl\/#website"},"primaryImageOfPage":{"@id":"https:\/\/rowerowycieszyn.pl\/index.php\/2023\/09\/05\/matejki-w-kontraruchu\/#primaryimage"},"image":{"@id":"https:\/\/rowerowycieszyn.pl\/index.php\/2023\/09\/05\/matejki-w-kontraruchu\/#primaryimage"},"thumbnailUrl":"https:\/\/rowerowycieszyn.pl\/wp-content\/uploads\/2023\/09\/P1360328_tn.jpg","datePublished":"2023-09-05T15:45:56+00:00","dateModified":"2024-05-21T13:40:17+00:00","description":"Kontraruch w centrum Cieszyna. Nareszcie mo\u017cliwy jest wyjazd z rynku ulic\u0105 Matejki, co znacznie skraca dojazd do centrum przesiadkowego.","breadcrumb":{"@id":"https:\/\/rowerowycieszyn.pl\/index.php\/2023\/09\/05\/matejki-w-kontraruchu\/#breadcrumb"},"inLanguage":"pl-PL","potentialAction":[{"@type":"ReadAction","target":["https:\/\/rowerowycieszyn.pl\/index.php\/2023\/09\/05\/matejki-w-kontraruchu\/"]}]},{"@type":"ImageObject","inLanguage":"pl-PL","@id":"https:\/\/rowerowycieszyn.pl\/index.php\/2023\/09\/05\/matejki-w-kontraruchu\/#primaryimage","url":"https:\/\/rowerowycieszyn.pl\/wp-content\/uploads\/2023\/09\/P1360328_tn.jpg","contentUrl":"https:\/\/rowerowycieszyn.pl\/wp-content\/uploads\/2023\/09\/P1360328_tn.jpg","width":1920,"height":1280,"caption":"Kontraruch wprowadzono r\u00f3wnie\u017c na p\u0142ycie rynku."},{"@type":"BreadcrumbList","@id":"https:\/\/rowerowycieszyn.pl\/index.php\/2023\/09\/05\/matejki-w-kontraruchu\/#breadcrumb","itemListElement":[{"@type":"ListItem","position":1,"name":"Home","item":"https:\/\/rowerowycieszyn.pl\/"},{"@type":"ListItem","position":2,"name":"Ulica Matejki nareszcie w kontraruchu!"}]},{"@type":"WebSite","@id":"https:\/\/rowerowycieszyn.pl\/#website","url":"https:\/\/rowerowycieszyn.pl\/","name":"Rowerowy Cieszyn","description":"Strona promuj\u0105ca komunikacj\u0119 oraz turystyk\u0119 rowerow\u0105 na terenie Cieszyna i okolic.","publisher":{"@id":"https:\/\/rowerowycieszyn.pl\/#organization"},"potentialAction":[{"@type":"SearchAction","target":{"@type":"EntryPoint","urlTemplate":"https:\/\/rowerowycieszyn.pl\/?s={search_term_string}"},"query-input":{"@type":"PropertyValueSpecification","valueRequired":true,"valueName":"search_term_string"}}],"inLanguage":"pl-PL"},{"@type":"Organization","@id":"https:\/\/rowerowycieszyn.pl\/#organization","name":"Rowerowy Cieszyn","url":"https:\/\/rowerowycieszyn.pl\/","logo":{"@type":"ImageObject","inLanguage":"pl-PL","@id":"https:\/\/rowerowycieszyn.pl\/#\/schema\/logo\/image\/","url":"https:\/\/rowerowycieszyn.pl\/wp-content\/uploads\/2020\/07\/cropped-rower1_cr_tn-1.jpg","contentUrl":"https:\/\/rowerowycieszyn.pl\/wp-content\/uploads\/2020\/07\/cropped-rower1_cr_tn-1.jpg","width":250,"height":100,"caption":"Rowerowy Cieszyn"},"image":{"@id":"https:\/\/rowerowycieszyn.pl\/#\/schema\/logo\/image\/"},"sameAs":["https:\/\/www.facebook.com\/RowerowyCieszyn"]},{"@type":"Person","@id":"https:\/\/rowerowycieszyn.pl\/#\/schema\/person\/b698cee63b7405acd7e70007d7cc8b2a","name":"Rowerowy Cieszyn","image":{"@type":"ImageObject","inLanguage":"pl-PL","@id":"https:\/\/secure.gravatar.com\/avatar\/1aef2c80bb06ccee0d820e4116589968d6d5c57310499f9271d42a4f7c5ffb3a?s=96&d=mm&r=g","url":"https:\/\/secure.gravatar.com\/avatar\/1aef2c80bb06ccee0d820e4116589968d6d5c57310499f9271d42a4f7c5ffb3a?s=96&d=mm&r=g","contentUrl":"https:\/\/secure.gravatar.com\/avatar\/1aef2c80bb06ccee0d820e4116589968d6d5c57310499f9271d42a4f7c5ffb3a?s=96&d=mm&r=g","caption":"Rowerowy Cieszyn"},"sameAs":["http:\/\/rowerowycieszyn.pl"],"url":"https:\/\/rowerowycieszyn.pl\/index.php\/author\/pstoklosa\/"}]}},"_links":{"self":[{"href":"https:\/\/rowerowycieszyn.pl\/index.php\/wp-json\/wp\/v2\/posts\/2015","targetHints":{"allow":["GET"]}}],"collection":[{"href":"https:\/\/rowerowycieszyn.pl\/index.php\/wp-json\/wp\/v2\/posts"}],"about":[{"href":"https:\/\/rowerowycieszyn.pl\/index.php\/wp-json\/wp\/v2\/types\/post"}],"author":[{"embeddable":true,"href":"https:\/\/rowerowycieszyn.pl\/index.php\/wp-json\/wp\/v2\/users\/1"}],"replies":[{"embeddable":true,"href":"https:\/\/rowerowycieszyn.pl\/index.php\/wp-json\/wp\/v2\/comments?post=2015"}],"version-history":[{"count":4,"href":"https:\/\/rowerowycieszyn.pl\/index.php\/wp-json\/wp\/v2\/posts\/2015\/revisions"}],"predecessor-version":[{"id":2024,"href":"https:\/\/rowerowycieszyn.pl\/index.php\/wp-json\/wp\/v2\/posts\/2015\/revisions\/2024"}],"wp:featuredmedia":[{"embeddable":true,"href":"https:\/\/rowerowycieszyn.pl\/index.php\/wp-json\/wp\/v2\/media\/2019"}],"wp:attachment":[{"href":"https:\/\/rowerowycieszyn.pl\/index.php\/wp-json\/wp\/v2\/media?parent=2015"}],"wp:term":[{"taxonomy":"category","embeddable":true,"href":"https:\/\/rowerowycieszyn.pl\/index.php\/wp-json\/wp\/v2\/categories?post=2015"},{"taxonomy":"post_tag","embeddable":true,"href":"https:\/\/rowerowycieszyn.pl\/index.php\/wp-json\/wp\/v2\/tags?post=2015"}],"curies":[{"name":"wp","href":"https:\/\/api.w.org\/{rel}","templated":true}]}}