{"id":2091,"date":"2023-10-19T15:17:02","date_gmt":"2023-10-19T13:17:02","guid":{"rendered":"http:\/\/rowerowycieszyn.pl\/?p=2091"},"modified":"2024-05-21T15:39:02","modified_gmt":"2024-05-21T13:39:02","slug":"pierwszy-w-cieszynie-pas-ruchu-dla-rowerow","status":"publish","type":"post","link":"https:\/\/rowerowycieszyn.pl\/index.php\/2023\/10\/19\/pierwszy-w-cieszynie-pas-ruchu-dla-rowerow\/","title":{"rendered":"Pierwszy w Cieszynie pas ruchu dla rower\u00f3w"},"content":{"rendered":"<p>O wyznaczenie pasa dla rower\u00f3w na ul. 3 Maja starali\u015bmy si\u0119 od kilku lat. Ta ulica szczeg\u00f3lnie nadaje si\u0119 do tego celu ze wzgl\u0119du na swoj\u0105 stosunkowo du\u017c\u0105 szeroko\u015b\u0107, pozwalaj\u0105c\u0105 na wyznaczenie p\u00f3\u0142torametrowego pasa i zachowanie odpowiedniej szeroko\u015bci pas\u00f3w dla ruchu samochodowego. Nasze dzia\u0142ania ostatecznie zosta\u0142y zwie\u0144czone sukcesem w postaci wytyczenia pasa ruchu dla rower\u00f3w. Dzi\u0119ki temu od pa\u017adziernika tego roku rowerzy\u015bci jad\u0105cy w g\u00f3r\u0119 ulicy 3-go Maja mog\u0105 czu\u0107 si\u0119 bezpieczniej.<\/p>\n<p>To pierwsze takie rozwi\u0105zanie w Cieszynie. Cieszymy si\u0119, \u017ce osoby odpowiedzialne za organizacj\u0119 ruchu w Cieszynie zgodzi\u0142y si\u0119 na jego wprowadzenie oraz doprowadzi\u0142y do realizacji projektu. Liczymy, \u017ce pasy ruchu dla rower\u00f3w da si\u0119 wprowadzi\u0107 r\u00f3wnie\u017c na innych drogach w Cieszynie, a w szczeg\u00f3lno\u015bci tam, gdzie jezdnie s\u0105 odpowiednio szerokie a ruch du\u017cy.<\/p>\n<figure id=\"attachment_2096\" aria-describedby=\"caption-attachment-2096\" style=\"width: 1920px\" class=\"wp-caption alignnone\"><a href=\"http:\/\/rowerowycieszyn.pl\/wp-content\/uploads\/2023\/10\/P1370182_tn-1.jpg\" rel=\"attachment wp-att-2096\"><img loading=\"lazy\" decoding=\"async\" class=\"wp-image-2096 size-full\" src=\"http:\/\/rowerowycieszyn.pl\/wp-content\/uploads\/2023\/10\/P1370182_tn-1.jpg\" alt=\"Wjazd na pas ruchu dla rower\u00f3w na skrzy\u017cowaniu al. \u0141yska i ul. 3 Maja. Organizacja ruchu na tym skrzy\u017cowaniu ma jeszcze ulec zmianie (w zwi\u0105zku z wprowadzeniem ruchu jednokierunkowego na ul. Przykopa). Dlatego zaproponowali\u015bmy ju\u017c, \u017ceby pas dla rower\u00f3w przed\u0142u\u017cy\u0107 przez skrzy\u017cowanie i most a\u017c do \u015bcie\u017cki rowerowej po czeskiej stronie.\" width=\"1920\" height=\"1280\" srcset=\"https:\/\/rowerowycieszyn.pl\/wp-content\/uploads\/2023\/10\/P1370182_tn-1.jpg 1920w, https:\/\/rowerowycieszyn.pl\/wp-content\/uploads\/2023\/10\/P1370182_tn-1-300x200.jpg 300w, https:\/\/rowerowycieszyn.pl\/wp-content\/uploads\/2023\/10\/P1370182_tn-1-1024x683.jpg 1024w, https:\/\/rowerowycieszyn.pl\/wp-content\/uploads\/2023\/10\/P1370182_tn-1-768x512.jpg 768w, https:\/\/rowerowycieszyn.pl\/wp-content\/uploads\/2023\/10\/P1370182_tn-1-1536x1024.jpg 1536w\" sizes=\"auto, (max-width: 1920px) 100vw, 1920px\" \/><\/a><figcaption id=\"caption-attachment-2096\" class=\"wp-caption-text\">Wjazd na pas ruchu dla rower\u00f3w na skrzy\u017cowaniu al. \u0141yska i ul. 3 Maja. Organizacja ruchu na tym skrzy\u017cowaniu ma jeszcze ulec zmianie (w zwi\u0105zku z wprowadzeniem ruchu jednokierunkowego na ul. Przykopa). Dlatego zaproponowali\u015bmy ju\u017c, \u017ceby pas dla rower\u00f3w przed\u0142u\u017cy\u0107 przez skrzy\u017cowanie i most a\u017c do \u015bcie\u017cki rowerowej po czeskiej stronie.<\/figcaption><\/figure>\n<figure id=\"attachment_2097\" aria-describedby=\"caption-attachment-2097\" style=\"width: 1920px\" class=\"wp-caption alignnone\"><a href=\"http:\/\/rowerowycieszyn.pl\/wp-content\/uploads\/2023\/10\/P1370186_tn.jpg\" rel=\"attachment wp-att-2097\"><img loading=\"lazy\" decoding=\"async\" class=\"wp-image-2097 size-full\" src=\"http:\/\/rowerowycieszyn.pl\/wp-content\/uploads\/2023\/10\/P1370186_tn.jpg\" alt=\"Wydzielony pas dla rower\u00f3w na ul. 3 Maja w pobli\u017cu zak\u0142ad\u00f3w Celmy. Pas ma szeroko\u015b\u0107 1,5 m.\" width=\"1920\" height=\"1280\" srcset=\"https:\/\/rowerowycieszyn.pl\/wp-content\/uploads\/2023\/10\/P1370186_tn.jpg 1920w, https:\/\/rowerowycieszyn.pl\/wp-content\/uploads\/2023\/10\/P1370186_tn-300x200.jpg 300w, https:\/\/rowerowycieszyn.pl\/wp-content\/uploads\/2023\/10\/P1370186_tn-1024x683.jpg 1024w, https:\/\/rowerowycieszyn.pl\/wp-content\/uploads\/2023\/10\/P1370186_tn-768x512.jpg 768w, https:\/\/rowerowycieszyn.pl\/wp-content\/uploads\/2023\/10\/P1370186_tn-1536x1024.jpg 1536w\" sizes=\"auto, (max-width: 1920px) 100vw, 1920px\" \/><\/a><figcaption id=\"caption-attachment-2097\" class=\"wp-caption-text\">Wydzielony pas dla rower\u00f3w na ul. 3 Maja w pobli\u017cu zak\u0142ad\u00f3w Celmy. Pas ma szeroko\u015b\u0107 1,5 m.<\/figcaption><\/figure>\n<figure id=\"attachment_2098\" aria-describedby=\"caption-attachment-2098\" style=\"width: 1920px\" class=\"wp-caption alignnone\"><a href=\"http:\/\/rowerowycieszyn.pl\/wp-content\/uploads\/2023\/10\/P1370189_tn.jpg\" rel=\"attachment wp-att-2098\"><img loading=\"lazy\" decoding=\"async\" class=\"wp-image-2098 size-full\" src=\"http:\/\/rowerowycieszyn.pl\/wp-content\/uploads\/2023\/10\/P1370189_tn.jpg\" alt=\"Pas dla rower\u00f3w jest wytyczony tylko dla ruchu pod g\u00f3r\u0119 ul. 3 Maja. Rowerzy\u015bci jad\u0105cy w d\u00f3\u0142 poruszaj\u0105 si\u0119 razem z ruchem og\u00f3lnym, o czym informuj\u0105 wymalowane na asfalcie &quot;sier\u017canty&quot;.\" width=\"1920\" height=\"1280\" srcset=\"https:\/\/rowerowycieszyn.pl\/wp-content\/uploads\/2023\/10\/P1370189_tn.jpg 1920w, https:\/\/rowerowycieszyn.pl\/wp-content\/uploads\/2023\/10\/P1370189_tn-300x200.jpg 300w, https:\/\/rowerowycieszyn.pl\/wp-content\/uploads\/2023\/10\/P1370189_tn-1024x683.jpg 1024w, https:\/\/rowerowycieszyn.pl\/wp-content\/uploads\/2023\/10\/P1370189_tn-768x512.jpg 768w, https:\/\/rowerowycieszyn.pl\/wp-content\/uploads\/2023\/10\/P1370189_tn-1536x1024.jpg 1536w\" sizes=\"auto, (max-width: 1920px) 100vw, 1920px\" \/><\/a><figcaption id=\"caption-attachment-2098\" class=\"wp-caption-text\">Pas dla rower\u00f3w jest wytyczony tylko dla ruchu pod g\u00f3r\u0119 ul. 3 Maja. Rowerzy\u015bci jad\u0105cy w d\u00f3\u0142 poruszaj\u0105 si\u0119 razem z ruchem og\u00f3lnym, o czym informuj\u0105 wymalowane na asfalcie &#8222;sier\u017canty&#8221;.<\/figcaption><\/figure>\n<figure id=\"attachment_2099\" aria-describedby=\"caption-attachment-2099\" style=\"width: 1920px\" class=\"wp-caption alignnone\"><a href=\"http:\/\/rowerowycieszyn.pl\/wp-content\/uploads\/2023\/10\/P1370192_tn.jpg\" rel=\"attachment wp-att-2099\"><img loading=\"lazy\" decoding=\"async\" class=\"wp-image-2099 size-full\" src=\"http:\/\/rowerowycieszyn.pl\/wp-content\/uploads\/2023\/10\/P1370192_tn.jpg\" alt=\"Ju\u017c dzisiaj mo\u017cna by\u0142o zauwa\u017cy\u0107, \u017ce kierowcy je\u017cd\u017c\u0105 ostro\u017cniej i staraj\u0105 si\u0119 trzyma\u0107 wyznaczonych pas\u00f3w. Na uspokojenie ruchu z pewno\u015bci\u0105 wp\u0142yn\u0119\u0142y zw\u0119\u017cenia.\" width=\"1920\" height=\"1280\" srcset=\"https:\/\/rowerowycieszyn.pl\/wp-content\/uploads\/2023\/10\/P1370192_tn.jpg 1920w, https:\/\/rowerowycieszyn.pl\/wp-content\/uploads\/2023\/10\/P1370192_tn-300x200.jpg 300w, https:\/\/rowerowycieszyn.pl\/wp-content\/uploads\/2023\/10\/P1370192_tn-1024x683.jpg 1024w, https:\/\/rowerowycieszyn.pl\/wp-content\/uploads\/2023\/10\/P1370192_tn-768x512.jpg 768w, https:\/\/rowerowycieszyn.pl\/wp-content\/uploads\/2023\/10\/P1370192_tn-1536x1024.jpg 1536w\" sizes=\"auto, (max-width: 1920px) 100vw, 1920px\" \/><\/a><figcaption id=\"caption-attachment-2099\" class=\"wp-caption-text\">Ju\u017c dzisiaj mo\u017cna by\u0142o zauwa\u017cy\u0107, \u017ce kierowcy je\u017cd\u017c\u0105 ostro\u017cniej i staraj\u0105 si\u0119 trzyma\u0107 wyznaczonych pas\u00f3w. Na uspokojenie ruchu z pewno\u015bci\u0105 wp\u0142yn\u0119\u0142y zw\u0119\u017cenia.<\/figcaption><\/figure>\n<figure id=\"attachment_2100\" aria-describedby=\"caption-attachment-2100\" style=\"width: 1920px\" class=\"wp-caption alignnone\"><a href=\"http:\/\/rowerowycieszyn.pl\/wp-content\/uploads\/2023\/10\/P1370202_tn.jpg\" rel=\"attachment wp-att-2100\"><img loading=\"lazy\" decoding=\"async\" class=\"wp-image-2100 size-full\" src=\"http:\/\/rowerowycieszyn.pl\/wp-content\/uploads\/2023\/10\/P1370202_tn.jpg\" alt=\"Zako\u0144czenie pasa ruchu dla rower\u00f3w przed rondem na Placu Wolno\u015bci. Tu rowerzysta musi w\u0142\u0105czy\u0107 si\u0119 do ruchu og\u00f3lnego ust\u0119puj\u0105c pierwsze\u0144stwa samochodom poruszaj\u0105cym si\u0119 po r\u00f3wnoleg\u0142ym pasie.\" width=\"1920\" height=\"1280\" srcset=\"https:\/\/rowerowycieszyn.pl\/wp-content\/uploads\/2023\/10\/P1370202_tn.jpg 1920w, https:\/\/rowerowycieszyn.pl\/wp-content\/uploads\/2023\/10\/P1370202_tn-300x200.jpg 300w, https:\/\/rowerowycieszyn.pl\/wp-content\/uploads\/2023\/10\/P1370202_tn-1024x683.jpg 1024w, https:\/\/rowerowycieszyn.pl\/wp-content\/uploads\/2023\/10\/P1370202_tn-768x512.jpg 768w, https:\/\/rowerowycieszyn.pl\/wp-content\/uploads\/2023\/10\/P1370202_tn-1536x1024.jpg 1536w\" sizes=\"auto, (max-width: 1920px) 100vw, 1920px\" \/><\/a><figcaption id=\"caption-attachment-2100\" class=\"wp-caption-text\">Zako\u0144czenie pasa ruchu dla rower\u00f3w przed rondem na Placu Wolno\u015bci. Tu rowerzysta musi w\u0142\u0105czy\u0107 si\u0119 do ruchu og\u00f3lnego ust\u0119puj\u0105c pierwsze\u0144stwa samochodom poruszaj\u0105cym si\u0119 po r\u00f3wnoleg\u0142ym pasie.<\/figcaption><\/figure>\n<figure id=\"attachment_2101\" aria-describedby=\"caption-attachment-2101\" style=\"width: 1920px\" class=\"wp-caption alignnone\"><a href=\"http:\/\/rowerowycieszyn.pl\/wp-content\/uploads\/2023\/10\/P1370206_tn.jpg\" rel=\"attachment wp-att-2101\"><img loading=\"lazy\" decoding=\"async\" class=\"wp-image-2101 size-full\" src=\"http:\/\/rowerowycieszyn.pl\/wp-content\/uploads\/2023\/10\/P1370206_tn.jpg\" alt=\"Najbardziej krytyczne miejsce na ca\u0142ym zmodyfikowanym odcinku. Na ostrym zakr\u0119cie w prawo 90% kierowc\u00f3w wje\u017cd\u017ca na pas dla rower\u00f3w. Wi\u0119kszo\u015bci z nich wci\u0105\u017c si\u0119 wydaje, \u017ce ten \u0142uk mo\u017cna pokona\u0107 z pr\u0119dko\u015bci\u0105 40km\/h. I dotyczy to nie tylko autobus\u00f3w czy ci\u0119\u017car\u00f3wek, kt\u00f3rym faktycznie trudno si\u0119 tu zmie\u015bci\u0107, ale przede wszystkim kierowc\u00f3w samochod\u00f3w osobowych. Mimo to wyznaczenie pasa dla rower\u00f3w i tak poprawia bezpiecze\u0144stwo w tym miejscu.\" width=\"1920\" height=\"1280\" srcset=\"https:\/\/rowerowycieszyn.pl\/wp-content\/uploads\/2023\/10\/P1370206_tn.jpg 1920w, https:\/\/rowerowycieszyn.pl\/wp-content\/uploads\/2023\/10\/P1370206_tn-300x200.jpg 300w, https:\/\/rowerowycieszyn.pl\/wp-content\/uploads\/2023\/10\/P1370206_tn-1024x683.jpg 1024w, https:\/\/rowerowycieszyn.pl\/wp-content\/uploads\/2023\/10\/P1370206_tn-768x512.jpg 768w, https:\/\/rowerowycieszyn.pl\/wp-content\/uploads\/2023\/10\/P1370206_tn-1536x1024.jpg 1536w\" sizes=\"auto, (max-width: 1920px) 100vw, 1920px\" \/><\/a><figcaption id=\"caption-attachment-2101\" class=\"wp-caption-text\">Najbardziej krytyczne miejsce na ca\u0142ym zmodyfikowanym odcinku. Na ostrym zakr\u0119cie w prawo 90% kierowc\u00f3w wje\u017cd\u017ca na pas dla rower\u00f3w. Wi\u0119kszo\u015bci z nich wci\u0105\u017c si\u0119 wydaje, \u017ce ten \u0142uk mo\u017cna pokona\u0107 z pr\u0119dko\u015bci\u0105 40km\/h. I dotyczy to nie tylko autobus\u00f3w czy ci\u0119\u017car\u00f3wek, kt\u00f3rym faktycznie trudno si\u0119 tu zmie\u015bci\u0107, ale przede wszystkim kierowc\u00f3w samochod\u00f3w osobowych. Mimo to wyznaczenie pasa dla rower\u00f3w i tak poprawia bezpiecze\u0144stwo w tym miejscu.<\/figcaption><\/figure>\n<figure id=\"attachment_2102\" aria-describedby=\"caption-attachment-2102\" style=\"width: 1920px\" class=\"wp-caption alignnone\"><a href=\"http:\/\/rowerowycieszyn.pl\/wp-content\/uploads\/2023\/10\/P1370213_tn.jpg\" rel=\"attachment wp-att-2102\"><img loading=\"lazy\" decoding=\"async\" class=\"wp-image-2102 size-full\" src=\"http:\/\/rowerowycieszyn.pl\/wp-content\/uploads\/2023\/10\/P1370213_tn.jpg\" alt=\"W przeciwnym kierunku namalowano tzw. sier\u017canty rowerowe. Chodzi o to, \u017ceby rowerzy\u015bci jad\u0105cy w d\u00f3\u0142 ul. 3 Maja mieli \u015bwiadomo\u015b\u0107, \u017ce pas ruchu dla rower\u00f3w dotyczy tylko przeciwnego kierunku.\" width=\"1920\" height=\"1280\" srcset=\"https:\/\/rowerowycieszyn.pl\/wp-content\/uploads\/2023\/10\/P1370213_tn.jpg 1920w, https:\/\/rowerowycieszyn.pl\/wp-content\/uploads\/2023\/10\/P1370213_tn-300x200.jpg 300w, https:\/\/rowerowycieszyn.pl\/wp-content\/uploads\/2023\/10\/P1370213_tn-1024x683.jpg 1024w, https:\/\/rowerowycieszyn.pl\/wp-content\/uploads\/2023\/10\/P1370213_tn-768x512.jpg 768w, https:\/\/rowerowycieszyn.pl\/wp-content\/uploads\/2023\/10\/P1370213_tn-1536x1024.jpg 1536w\" sizes=\"auto, (max-width: 1920px) 100vw, 1920px\" \/><\/a><figcaption id=\"caption-attachment-2102\" class=\"wp-caption-text\">W przeciwnym kierunku namalowano tzw. sier\u017canty rowerowe. Chodzi o to, \u017ceby rowerzy\u015bci jad\u0105cy w d\u00f3\u0142 ul. 3 Maja mieli \u015bwiadomo\u015b\u0107, \u017ce pas ruchu dla rower\u00f3w dotyczy tylko przeciwnego kierunku.<\/figcaption><\/figure>\n<figure id=\"attachment_2103\" aria-describedby=\"caption-attachment-2103\" style=\"width: 1920px\" class=\"wp-caption alignnone\"><a href=\"http:\/\/rowerowycieszyn.pl\/wp-content\/uploads\/2023\/10\/P1370215_tn.jpg\"><img loading=\"lazy\" decoding=\"async\" class=\"size-full wp-image-2103\" src=\"http:\/\/rowerowycieszyn.pl\/wp-content\/uploads\/2023\/10\/P1370215_tn.jpg\" alt=\"Pas dla rower\u00f3w jest wsp\u00f3\u0142dzielony z przystankiem. Je\u017celi w tym miejscu rowerzysta napotka autobus, powinien go omin\u0105\u0107 zachowuj\u0105c szczeg\u00f3ln\u0105 ostro\u017cno\u015b\u0107.\" width=\"1920\" height=\"1280\" srcset=\"https:\/\/rowerowycieszyn.pl\/wp-content\/uploads\/2023\/10\/P1370215_tn.jpg 1920w, https:\/\/rowerowycieszyn.pl\/wp-content\/uploads\/2023\/10\/P1370215_tn-300x200.jpg 300w, https:\/\/rowerowycieszyn.pl\/wp-content\/uploads\/2023\/10\/P1370215_tn-1024x683.jpg 1024w, https:\/\/rowerowycieszyn.pl\/wp-content\/uploads\/2023\/10\/P1370215_tn-768x512.jpg 768w, https:\/\/rowerowycieszyn.pl\/wp-content\/uploads\/2023\/10\/P1370215_tn-1536x1024.jpg 1536w\" sizes=\"auto, (max-width: 1920px) 100vw, 1920px\" \/><\/a><figcaption id=\"caption-attachment-2103\" class=\"wp-caption-text\">Pas dla rower\u00f3w jest wsp\u00f3\u0142dzielony z przystankiem. Je\u017celi w tym miejscu rowerzysta napotka autobus, powinien go omin\u0105\u0107 zachowuj\u0105c szczeg\u00f3ln\u0105 ostro\u017cno\u015b\u0107.<\/figcaption><\/figure>\n","protected":false},"excerpt":{"rendered":"<p>O wyznaczenie pasa dla rower\u00f3w na ul. 3 Maja starali\u015bmy si\u0119 od kilku lat. Ta ulica szczeg\u00f3lnie nadaje si\u0119 do tego celu ze wzgl\u0119du na swoj\u0105 stosunkowo du\u017c\u0105 szeroko\u015b\u0107, pozwalaj\u0105c\u0105&hellip; <\/p>\n","protected":false},"author":1,"featured_media":2097,"comment_status":"open","ping_status":"open","sticky":false,"template":"","format":"standard","meta":{"footnotes":""},"categories":[9,5,1],"tags":[55,16,54],"class_list":["post-2091","post","type-post","status-publish","format-standard","has-post-thumbnail","hentry","category-aktualnosci","category-artykuly","category-bez-kategorii","tag-3-maja","tag-droga-dla-rowerow","tag-pas-ruchu-dla-rowerow"],"yoast_head":"<!-- This site is optimized with the Yoast SEO plugin v27.3 - https:\/\/yoast.com\/product\/yoast-seo-wordpress\/ -->\n<title>Pierwszy w Cieszynie pas ruchu dla rower\u00f3w - Rowerowy Cieszyn<\/title>\n<meta name=\"description\" content=\"Na ulicy 3-go Maja w Cieszynie wreszcie powsta\u0142 pas ruchu dla rower\u00f3w. Mog\u0105 z niego korzysta\u0107 rowerzy\u015bci jad\u0105cy pod g\u00f3r\u0119, w stron\u0119 centrum.\" \/>\n<meta name=\"robots\" content=\"index, follow, max-snippet:-1, max-image-preview:large, max-video-preview:-1\" \/>\n<link rel=\"canonical\" href=\"https:\/\/rowerowycieszyn.pl\/index.php\/2023\/10\/19\/pierwszy-w-cieszynie-pas-ruchu-dla-rowerow\/\" \/>\n<meta property=\"og:locale\" content=\"pl_PL\" \/>\n<meta property=\"og:type\" content=\"article\" \/>\n<meta property=\"og:title\" content=\"Pierwszy w Cieszynie pas ruchu dla rower\u00f3w - Rowerowy Cieszyn\" \/>\n<meta property=\"og:description\" content=\"Na ulicy 3-go Maja w Cieszynie wreszcie powsta\u0142 pas ruchu dla rower\u00f3w. Mog\u0105 z niego korzysta\u0107 rowerzy\u015bci jad\u0105cy pod g\u00f3r\u0119, w stron\u0119 centrum.\" \/>\n<meta property=\"og:url\" content=\"https:\/\/rowerowycieszyn.pl\/index.php\/2023\/10\/19\/pierwszy-w-cieszynie-pas-ruchu-dla-rowerow\/\" \/>\n<meta property=\"og:site_name\" content=\"Rowerowy Cieszyn\" \/>\n<meta property=\"article:publisher\" content=\"https:\/\/www.facebook.com\/RowerowyCieszyn\" \/>\n<meta property=\"article:published_time\" content=\"2023-10-19T13:17:02+00:00\" \/>\n<meta property=\"article:modified_time\" content=\"2024-05-21T13:39:02+00:00\" \/>\n<meta property=\"og:image\" content=\"http:\/\/rowerowycieszyn.pl\/wp-content\/uploads\/2023\/10\/P1370186_tn.jpg\" \/>\n\t<meta property=\"og:image:width\" content=\"1920\" \/>\n\t<meta property=\"og:image:height\" content=\"1280\" \/>\n\t<meta property=\"og:image:type\" content=\"image\/jpeg\" \/>\n<meta name=\"author\" content=\"Rowerowy Cieszyn\" \/>\n<meta name=\"twitter:card\" content=\"summary_large_image\" \/>\n<meta name=\"twitter:label1\" content=\"Napisane przez\" \/>\n\t<meta name=\"twitter:data1\" content=\"Rowerowy Cieszyn\" \/>\n\t<meta name=\"twitter:label2\" content=\"Szacowany czas czytania\" \/>\n\t<meta name=\"twitter:data2\" content=\"5 minut\" \/>\n<script type=\"application\/ld+json\" class=\"yoast-schema-graph\">{\"@context\":\"https:\\\/\\\/schema.org\",\"@graph\":[{\"@type\":\"Article\",\"@id\":\"https:\\\/\\\/rowerowycieszyn.pl\\\/index.php\\\/2023\\\/10\\\/19\\\/pierwszy-w-cieszynie-pas-ruchu-dla-rowerow\\\/#article\",\"isPartOf\":{\"@id\":\"https:\\\/\\\/rowerowycieszyn.pl\\\/index.php\\\/2023\\\/10\\\/19\\\/pierwszy-w-cieszynie-pas-ruchu-dla-rowerow\\\/\"},\"author\":{\"name\":\"Rowerowy Cieszyn\",\"@id\":\"https:\\\/\\\/rowerowycieszyn.pl\\\/#\\\/schema\\\/person\\\/b698cee63b7405acd7e70007d7cc8b2a\"},\"headline\":\"Pierwszy w Cieszynie pas ruchu dla rower\u00f3w\",\"datePublished\":\"2023-10-19T13:17:02+00:00\",\"dateModified\":\"2024-05-21T13:39:02+00:00\",\"mainEntityOfPage\":{\"@id\":\"https:\\\/\\\/rowerowycieszyn.pl\\\/index.php\\\/2023\\\/10\\\/19\\\/pierwszy-w-cieszynie-pas-ruchu-dla-rowerow\\\/\"},\"wordCount\":540,\"commentCount\":0,\"publisher\":{\"@id\":\"https:\\\/\\\/rowerowycieszyn.pl\\\/#organization\"},\"image\":{\"@id\":\"https:\\\/\\\/rowerowycieszyn.pl\\\/index.php\\\/2023\\\/10\\\/19\\\/pierwszy-w-cieszynie-pas-ruchu-dla-rowerow\\\/#primaryimage\"},\"thumbnailUrl\":\"https:\\\/\\\/rowerowycieszyn.pl\\\/wp-content\\\/uploads\\\/2023\\\/10\\\/P1370186_tn.jpg\",\"keywords\":[\"3 Maja\",\"droga dla rower\u00f3w\",\"pas ruchu dla rower\u00f3w\"],\"articleSection\":[\"Aktualno\u015bci\",\"Artyku\u0142y\"],\"inLanguage\":\"pl-PL\",\"potentialAction\":[{\"@type\":\"CommentAction\",\"name\":\"Comment\",\"target\":[\"https:\\\/\\\/rowerowycieszyn.pl\\\/index.php\\\/2023\\\/10\\\/19\\\/pierwszy-w-cieszynie-pas-ruchu-dla-rowerow\\\/#respond\"]}]},{\"@type\":\"WebPage\",\"@id\":\"https:\\\/\\\/rowerowycieszyn.pl\\\/index.php\\\/2023\\\/10\\\/19\\\/pierwszy-w-cieszynie-pas-ruchu-dla-rowerow\\\/\",\"url\":\"https:\\\/\\\/rowerowycieszyn.pl\\\/index.php\\\/2023\\\/10\\\/19\\\/pierwszy-w-cieszynie-pas-ruchu-dla-rowerow\\\/\",\"name\":\"Pierwszy w Cieszynie pas ruchu dla rower\u00f3w - Rowerowy Cieszyn\",\"isPartOf\":{\"@id\":\"https:\\\/\\\/rowerowycieszyn.pl\\\/#website\"},\"primaryImageOfPage\":{\"@id\":\"https:\\\/\\\/rowerowycieszyn.pl\\\/index.php\\\/2023\\\/10\\\/19\\\/pierwszy-w-cieszynie-pas-ruchu-dla-rowerow\\\/#primaryimage\"},\"image\":{\"@id\":\"https:\\\/\\\/rowerowycieszyn.pl\\\/index.php\\\/2023\\\/10\\\/19\\\/pierwszy-w-cieszynie-pas-ruchu-dla-rowerow\\\/#primaryimage\"},\"thumbnailUrl\":\"https:\\\/\\\/rowerowycieszyn.pl\\\/wp-content\\\/uploads\\\/2023\\\/10\\\/P1370186_tn.jpg\",\"datePublished\":\"2023-10-19T13:17:02+00:00\",\"dateModified\":\"2024-05-21T13:39:02+00:00\",\"description\":\"Na ulicy 3-go Maja w Cieszynie wreszcie powsta\u0142 pas ruchu dla rower\u00f3w. Mog\u0105 z niego korzysta\u0107 rowerzy\u015bci jad\u0105cy pod g\u00f3r\u0119, w stron\u0119 centrum.\",\"breadcrumb\":{\"@id\":\"https:\\\/\\\/rowerowycieszyn.pl\\\/index.php\\\/2023\\\/10\\\/19\\\/pierwszy-w-cieszynie-pas-ruchu-dla-rowerow\\\/#breadcrumb\"},\"inLanguage\":\"pl-PL\",\"potentialAction\":[{\"@type\":\"ReadAction\",\"target\":[\"https:\\\/\\\/rowerowycieszyn.pl\\\/index.php\\\/2023\\\/10\\\/19\\\/pierwszy-w-cieszynie-pas-ruchu-dla-rowerow\\\/\"]}]},{\"@type\":\"ImageObject\",\"inLanguage\":\"pl-PL\",\"@id\":\"https:\\\/\\\/rowerowycieszyn.pl\\\/index.php\\\/2023\\\/10\\\/19\\\/pierwszy-w-cieszynie-pas-ruchu-dla-rowerow\\\/#primaryimage\",\"url\":\"https:\\\/\\\/rowerowycieszyn.pl\\\/wp-content\\\/uploads\\\/2023\\\/10\\\/P1370186_tn.jpg\",\"contentUrl\":\"https:\\\/\\\/rowerowycieszyn.pl\\\/wp-content\\\/uploads\\\/2023\\\/10\\\/P1370186_tn.jpg\",\"width\":1920,\"height\":1280,\"caption\":\"Wydzielony pas dla rower\u00f3w na ul. 3 Maja w pobli\u017cu zak\u0142ad\u00f3w Celmy. Pas ma szeroko\u015b\u0107 1,5 m.\"},{\"@type\":\"BreadcrumbList\",\"@id\":\"https:\\\/\\\/rowerowycieszyn.pl\\\/index.php\\\/2023\\\/10\\\/19\\\/pierwszy-w-cieszynie-pas-ruchu-dla-rowerow\\\/#breadcrumb\",\"itemListElement\":[{\"@type\":\"ListItem\",\"position\":1,\"name\":\"Home\",\"item\":\"https:\\\/\\\/rowerowycieszyn.pl\\\/\"},{\"@type\":\"ListItem\",\"position\":2,\"name\":\"Pierwszy w Cieszynie pas ruchu dla rower\u00f3w\"}]},{\"@type\":\"WebSite\",\"@id\":\"https:\\\/\\\/rowerowycieszyn.pl\\\/#website\",\"url\":\"https:\\\/\\\/rowerowycieszyn.pl\\\/\",\"name\":\"Rowerowy Cieszyn\",\"description\":\"Strona promuj\u0105ca komunikacj\u0119 oraz turystyk\u0119 rowerow\u0105 na terenie Cieszyna i okolic.\",\"publisher\":{\"@id\":\"https:\\\/\\\/rowerowycieszyn.pl\\\/#organization\"},\"potentialAction\":[{\"@type\":\"SearchAction\",\"target\":{\"@type\":\"EntryPoint\",\"urlTemplate\":\"https:\\\/\\\/rowerowycieszyn.pl\\\/?s={search_term_string}\"},\"query-input\":{\"@type\":\"PropertyValueSpecification\",\"valueRequired\":true,\"valueName\":\"search_term_string\"}}],\"inLanguage\":\"pl-PL\"},{\"@type\":\"Organization\",\"@id\":\"https:\\\/\\\/rowerowycieszyn.pl\\\/#organization\",\"name\":\"Rowerowy Cieszyn\",\"url\":\"https:\\\/\\\/rowerowycieszyn.pl\\\/\",\"logo\":{\"@type\":\"ImageObject\",\"inLanguage\":\"pl-PL\",\"@id\":\"https:\\\/\\\/rowerowycieszyn.pl\\\/#\\\/schema\\\/logo\\\/image\\\/\",\"url\":\"https:\\\/\\\/rowerowycieszyn.pl\\\/wp-content\\\/uploads\\\/2020\\\/07\\\/cropped-rower1_cr_tn-1.jpg\",\"contentUrl\":\"https:\\\/\\\/rowerowycieszyn.pl\\\/wp-content\\\/uploads\\\/2020\\\/07\\\/cropped-rower1_cr_tn-1.jpg\",\"width\":250,\"height\":100,\"caption\":\"Rowerowy Cieszyn\"},\"image\":{\"@id\":\"https:\\\/\\\/rowerowycieszyn.pl\\\/#\\\/schema\\\/logo\\\/image\\\/\"},\"sameAs\":[\"https:\\\/\\\/www.facebook.com\\\/RowerowyCieszyn\"]},{\"@type\":\"Person\",\"@id\":\"https:\\\/\\\/rowerowycieszyn.pl\\\/#\\\/schema\\\/person\\\/b698cee63b7405acd7e70007d7cc8b2a\",\"name\":\"Rowerowy Cieszyn\",\"image\":{\"@type\":\"ImageObject\",\"inLanguage\":\"pl-PL\",\"@id\":\"https:\\\/\\\/secure.gravatar.com\\\/avatar\\\/1aef2c80bb06ccee0d820e4116589968d6d5c57310499f9271d42a4f7c5ffb3a?s=96&d=mm&r=g\",\"url\":\"https:\\\/\\\/secure.gravatar.com\\\/avatar\\\/1aef2c80bb06ccee0d820e4116589968d6d5c57310499f9271d42a4f7c5ffb3a?s=96&d=mm&r=g\",\"contentUrl\":\"https:\\\/\\\/secure.gravatar.com\\\/avatar\\\/1aef2c80bb06ccee0d820e4116589968d6d5c57310499f9271d42a4f7c5ffb3a?s=96&d=mm&r=g\",\"caption\":\"Rowerowy Cieszyn\"},\"sameAs\":[\"http:\\\/\\\/rowerowycieszyn.pl\"],\"url\":\"https:\\\/\\\/rowerowycieszyn.pl\\\/index.php\\\/author\\\/pstoklosa\\\/\"}]}<\/script>\n<!-- \/ Yoast SEO plugin. -->","yoast_head_json":{"title":"Pierwszy w Cieszynie pas ruchu dla rower\u00f3w - Rowerowy Cieszyn","description":"Na ulicy 3-go Maja w Cieszynie wreszcie powsta\u0142 pas ruchu dla rower\u00f3w. Mog\u0105 z niego korzysta\u0107 rowerzy\u015bci jad\u0105cy pod g\u00f3r\u0119, w stron\u0119 centrum.","robots":{"index":"index","follow":"follow","max-snippet":"max-snippet:-1","max-image-preview":"max-image-preview:large","max-video-preview":"max-video-preview:-1"},"canonical":"https:\/\/rowerowycieszyn.pl\/index.php\/2023\/10\/19\/pierwszy-w-cieszynie-pas-ruchu-dla-rowerow\/","og_locale":"pl_PL","og_type":"article","og_title":"Pierwszy w Cieszynie pas ruchu dla rower\u00f3w - Rowerowy Cieszyn","og_description":"Na ulicy 3-go Maja w Cieszynie wreszcie powsta\u0142 pas ruchu dla rower\u00f3w. Mog\u0105 z niego korzysta\u0107 rowerzy\u015bci jad\u0105cy pod g\u00f3r\u0119, w stron\u0119 centrum.","og_url":"https:\/\/rowerowycieszyn.pl\/index.php\/2023\/10\/19\/pierwszy-w-cieszynie-pas-ruchu-dla-rowerow\/","og_site_name":"Rowerowy Cieszyn","article_publisher":"https:\/\/www.facebook.com\/RowerowyCieszyn","article_published_time":"2023-10-19T13:17:02+00:00","article_modified_time":"2024-05-21T13:39:02+00:00","og_image":[{"width":1920,"height":1280,"url":"http:\/\/rowerowycieszyn.pl\/wp-content\/uploads\/2023\/10\/P1370186_tn.jpg","type":"image\/jpeg"}],"author":"Rowerowy Cieszyn","twitter_card":"summary_large_image","twitter_misc":{"Napisane przez":"Rowerowy Cieszyn","Szacowany czas czytania":"5 minut"},"schema":{"@context":"https:\/\/schema.org","@graph":[{"@type":"Article","@id":"https:\/\/rowerowycieszyn.pl\/index.php\/2023\/10\/19\/pierwszy-w-cieszynie-pas-ruchu-dla-rowerow\/#article","isPartOf":{"@id":"https:\/\/rowerowycieszyn.pl\/index.php\/2023\/10\/19\/pierwszy-w-cieszynie-pas-ruchu-dla-rowerow\/"},"author":{"name":"Rowerowy Cieszyn","@id":"https:\/\/rowerowycieszyn.pl\/#\/schema\/person\/b698cee63b7405acd7e70007d7cc8b2a"},"headline":"Pierwszy w Cieszynie pas ruchu dla rower\u00f3w","datePublished":"2023-10-19T13:17:02+00:00","dateModified":"2024-05-21T13:39:02+00:00","mainEntityOfPage":{"@id":"https:\/\/rowerowycieszyn.pl\/index.php\/2023\/10\/19\/pierwszy-w-cieszynie-pas-ruchu-dla-rowerow\/"},"wordCount":540,"commentCount":0,"publisher":{"@id":"https:\/\/rowerowycieszyn.pl\/#organization"},"image":{"@id":"https:\/\/rowerowycieszyn.pl\/index.php\/2023\/10\/19\/pierwszy-w-cieszynie-pas-ruchu-dla-rowerow\/#primaryimage"},"thumbnailUrl":"https:\/\/rowerowycieszyn.pl\/wp-content\/uploads\/2023\/10\/P1370186_tn.jpg","keywords":["3 Maja","droga dla rower\u00f3w","pas ruchu dla rower\u00f3w"],"articleSection":["Aktualno\u015bci","Artyku\u0142y"],"inLanguage":"pl-PL","potentialAction":[{"@type":"CommentAction","name":"Comment","target":["https:\/\/rowerowycieszyn.pl\/index.php\/2023\/10\/19\/pierwszy-w-cieszynie-pas-ruchu-dla-rowerow\/#respond"]}]},{"@type":"WebPage","@id":"https:\/\/rowerowycieszyn.pl\/index.php\/2023\/10\/19\/pierwszy-w-cieszynie-pas-ruchu-dla-rowerow\/","url":"https:\/\/rowerowycieszyn.pl\/index.php\/2023\/10\/19\/pierwszy-w-cieszynie-pas-ruchu-dla-rowerow\/","name":"Pierwszy w Cieszynie pas ruchu dla rower\u00f3w - Rowerowy Cieszyn","isPartOf":{"@id":"https:\/\/rowerowycieszyn.pl\/#website"},"primaryImageOfPage":{"@id":"https:\/\/rowerowycieszyn.pl\/index.php\/2023\/10\/19\/pierwszy-w-cieszynie-pas-ruchu-dla-rowerow\/#primaryimage"},"image":{"@id":"https:\/\/rowerowycieszyn.pl\/index.php\/2023\/10\/19\/pierwszy-w-cieszynie-pas-ruchu-dla-rowerow\/#primaryimage"},"thumbnailUrl":"https:\/\/rowerowycieszyn.pl\/wp-content\/uploads\/2023\/10\/P1370186_tn.jpg","datePublished":"2023-10-19T13:17:02+00:00","dateModified":"2024-05-21T13:39:02+00:00","description":"Na ulicy 3-go Maja w Cieszynie wreszcie powsta\u0142 pas ruchu dla rower\u00f3w. Mog\u0105 z niego korzysta\u0107 rowerzy\u015bci jad\u0105cy pod g\u00f3r\u0119, w stron\u0119 centrum.","breadcrumb":{"@id":"https:\/\/rowerowycieszyn.pl\/index.php\/2023\/10\/19\/pierwszy-w-cieszynie-pas-ruchu-dla-rowerow\/#breadcrumb"},"inLanguage":"pl-PL","potentialAction":[{"@type":"ReadAction","target":["https:\/\/rowerowycieszyn.pl\/index.php\/2023\/10\/19\/pierwszy-w-cieszynie-pas-ruchu-dla-rowerow\/"]}]},{"@type":"ImageObject","inLanguage":"pl-PL","@id":"https:\/\/rowerowycieszyn.pl\/index.php\/2023\/10\/19\/pierwszy-w-cieszynie-pas-ruchu-dla-rowerow\/#primaryimage","url":"https:\/\/rowerowycieszyn.pl\/wp-content\/uploads\/2023\/10\/P1370186_tn.jpg","contentUrl":"https:\/\/rowerowycieszyn.pl\/wp-content\/uploads\/2023\/10\/P1370186_tn.jpg","width":1920,"height":1280,"caption":"Wydzielony pas dla rower\u00f3w na ul. 3 Maja w pobli\u017cu zak\u0142ad\u00f3w Celmy. Pas ma szeroko\u015b\u0107 1,5 m."},{"@type":"BreadcrumbList","@id":"https:\/\/rowerowycieszyn.pl\/index.php\/2023\/10\/19\/pierwszy-w-cieszynie-pas-ruchu-dla-rowerow\/#breadcrumb","itemListElement":[{"@type":"ListItem","position":1,"name":"Home","item":"https:\/\/rowerowycieszyn.pl\/"},{"@type":"ListItem","position":2,"name":"Pierwszy w Cieszynie pas ruchu dla rower\u00f3w"}]},{"@type":"WebSite","@id":"https:\/\/rowerowycieszyn.pl\/#website","url":"https:\/\/rowerowycieszyn.pl\/","name":"Rowerowy Cieszyn","description":"Strona promuj\u0105ca komunikacj\u0119 oraz turystyk\u0119 rowerow\u0105 na terenie Cieszyna i okolic.","publisher":{"@id":"https:\/\/rowerowycieszyn.pl\/#organization"},"potentialAction":[{"@type":"SearchAction","target":{"@type":"EntryPoint","urlTemplate":"https:\/\/rowerowycieszyn.pl\/?s={search_term_string}"},"query-input":{"@type":"PropertyValueSpecification","valueRequired":true,"valueName":"search_term_string"}}],"inLanguage":"pl-PL"},{"@type":"Organization","@id":"https:\/\/rowerowycieszyn.pl\/#organization","name":"Rowerowy Cieszyn","url":"https:\/\/rowerowycieszyn.pl\/","logo":{"@type":"ImageObject","inLanguage":"pl-PL","@id":"https:\/\/rowerowycieszyn.pl\/#\/schema\/logo\/image\/","url":"https:\/\/rowerowycieszyn.pl\/wp-content\/uploads\/2020\/07\/cropped-rower1_cr_tn-1.jpg","contentUrl":"https:\/\/rowerowycieszyn.pl\/wp-content\/uploads\/2020\/07\/cropped-rower1_cr_tn-1.jpg","width":250,"height":100,"caption":"Rowerowy Cieszyn"},"image":{"@id":"https:\/\/rowerowycieszyn.pl\/#\/schema\/logo\/image\/"},"sameAs":["https:\/\/www.facebook.com\/RowerowyCieszyn"]},{"@type":"Person","@id":"https:\/\/rowerowycieszyn.pl\/#\/schema\/person\/b698cee63b7405acd7e70007d7cc8b2a","name":"Rowerowy Cieszyn","image":{"@type":"ImageObject","inLanguage":"pl-PL","@id":"https:\/\/secure.gravatar.com\/avatar\/1aef2c80bb06ccee0d820e4116589968d6d5c57310499f9271d42a4f7c5ffb3a?s=96&d=mm&r=g","url":"https:\/\/secure.gravatar.com\/avatar\/1aef2c80bb06ccee0d820e4116589968d6d5c57310499f9271d42a4f7c5ffb3a?s=96&d=mm&r=g","contentUrl":"https:\/\/secure.gravatar.com\/avatar\/1aef2c80bb06ccee0d820e4116589968d6d5c57310499f9271d42a4f7c5ffb3a?s=96&d=mm&r=g","caption":"Rowerowy Cieszyn"},"sameAs":["http:\/\/rowerowycieszyn.pl"],"url":"https:\/\/rowerowycieszyn.pl\/index.php\/author\/pstoklosa\/"}]}},"_links":{"self":[{"href":"https:\/\/rowerowycieszyn.pl\/index.php\/wp-json\/wp\/v2\/posts\/2091","targetHints":{"allow":["GET"]}}],"collection":[{"href":"https:\/\/rowerowycieszyn.pl\/index.php\/wp-json\/wp\/v2\/posts"}],"about":[{"href":"https:\/\/rowerowycieszyn.pl\/index.php\/wp-json\/wp\/v2\/types\/post"}],"author":[{"embeddable":true,"href":"https:\/\/rowerowycieszyn.pl\/index.php\/wp-json\/wp\/v2\/users\/1"}],"replies":[{"embeddable":true,"href":"https:\/\/rowerowycieszyn.pl\/index.php\/wp-json\/wp\/v2\/comments?post=2091"}],"version-history":[{"count":4,"href":"https:\/\/rowerowycieszyn.pl\/index.php\/wp-json\/wp\/v2\/posts\/2091\/revisions"}],"predecessor-version":[{"id":2106,"href":"https:\/\/rowerowycieszyn.pl\/index.php\/wp-json\/wp\/v2\/posts\/2091\/revisions\/2106"}],"wp:featuredmedia":[{"embeddable":true,"href":"https:\/\/rowerowycieszyn.pl\/index.php\/wp-json\/wp\/v2\/media\/2097"}],"wp:attachment":[{"href":"https:\/\/rowerowycieszyn.pl\/index.php\/wp-json\/wp\/v2\/media?parent=2091"}],"wp:term":[{"taxonomy":"category","embeddable":true,"href":"https:\/\/rowerowycieszyn.pl\/index.php\/wp-json\/wp\/v2\/categories?post=2091"},{"taxonomy":"post_tag","embeddable":true,"href":"https:\/\/rowerowycieszyn.pl\/index.php\/wp-json\/wp\/v2\/tags?post=2091"}],"curies":[{"name":"wp","href":"https:\/\/api.w.org\/{rel}","templated":true}]}}