{"id":2143,"date":"2023-12-03T17:00:16","date_gmt":"2023-12-03T16:00:16","guid":{"rendered":"http:\/\/rowerowycieszyn.pl\/?p=2143"},"modified":"2024-05-21T15:38:35","modified_gmt":"2024-05-21T13:38:35","slug":"skoczowskie-sciezki-wstydu-jest-szansa-na-zmiane","status":"publish","type":"post","link":"https:\/\/rowerowycieszyn.pl\/index.php\/2023\/12\/03\/skoczowskie-sciezki-wstydu-jest-szansa-na-zmiane\/","title":{"rendered":"Skoczowskie &#8222;\u015bcie\u017cki wstydu&#8221; &#8211; jest szansa na zmian\u0119"},"content":{"rendered":"<p>\u201eG\u0142os Ziemi Cieszy\u0144skiej\u201d wraca do tematu rowerowych \u201e\u015bcie\u017cek wstydu\u201d w Skoczowie. W numerze wrze\u015bniowym oraz na portalu <a href=\"https:\/\/beskidzka24.pl\/sciezki-wstydu-w-skoczowie-mieszkancy-zazdroszcza-rowerzystom-z-gmin-osciennych\/\">beskidzka24.pl<\/a> gazeta pisa\u0142a o fatalnym stanie dr\u00f3g dla rower\u00f3w na terenie tej gminy. Tekst dotyczy\u0142 \u015bcie\u017cek wzd\u0142u\u017c Wis\u0142y, kt\u00f3rymi przebiega jeden z g\u0142\u00f3wnych polskich szlak\u00f3w rowerowych, czyli Wi\u015blana Trasa Rowerowa.<\/p>\n<p>Wygl\u0105da na to, \u017ce co\u015b si\u0119 ruszy\u0142o w temacie, bo w numerze z 24.11 czytamy, \u017ce \u201ezgodnie z zapowiedziami skoczowskiego samorz\u0105du og\u0142oszony zosta\u0142 przetarg dotycz\u0105cy \u015bcie\u017cek rowerowych\u201d a \u201emiasto szuka firmy, kt\u00f3ra wykona projekt przebudowy Wi\u015bla\u0144skiej Trasy Rowerowej\u201d (pisownia oryginalna). P\u00f3ki co na ten projekt zarezerwowano ju\u017c 435 tys. z\u0142otych. To oczywi\u015bcie kropla w morzu potrzeb, ale Skocz\u00f3w liczy na pozyskanie dofinansowa\u0144 w ramach perspektywy finansowej Unii Europejskiej na lata 2021-2027.<\/p>\n<p>Jak czytamy dalej, \u201epierwszy etap obejmowa\u0142by oko\u0142o 2,5-kilometrowy lewobrze\u017cny odcinek \u015bcie\u017cki na wa\u0142ach Wis\u0142y od granicy z gmin\u0105 Brenna do k\u0142adki pieszo-rowerowej przy ul. Sportowej\u201d. Realizacja tego odcinka jest bardzo oczekiwana przez rowerzyst\u00f3w, zw\u0142aszcza \u017ce w\u0142a\u015bnie ko\u0144czony jest remont odcinka w Brennej w okolicach Harbutowic i ca\u0142o\u015b\u0107 zapewni\u0142aby komfortowe po\u0142\u0105czenie z Ustroniem. Relacj\u0119 zdj\u0119ciow\u0105 sprzed paru tygodniu z remontu tego odcinka mo\u017cna znale\u017a\u0107 <a href=\"https:\/\/www.facebook.com\/RowerowyCieszyn\/posts\/pfbid0ZATo4qF3NLyg1kxAyMpsUMHdQQpVEywJnqpg6Dy1owuHToZHvm9wMFZGgkfhmm2ul\">tutaj<\/a>.<\/p>\n<p>Drugi etap ma obj\u0105\u0107 ok. 3 km drogi dla rower\u00f3w na prawym brzegu Wis\u0142y, od uj\u015bcia Brenicy (w miejscu gdzie obecnie ko\u0144czy si\u0119 DDR w G\u00f3rkach) przez Bajerki a\u017c do mostu na ul. Bielskiej (DW 944). W trzecim etapie by\u0142aby realizowana trasa od ul. Bielskiej do granic z gmin\u0105 Strumie\u0144 \u2013 ten odcinek ma d\u0142ugo\u015b\u0107 ok. 7.5 km.<\/p>\n<p>Cieszymy si\u0119, \u017ce w Skoczowie zosta\u0142 prze\u0142amany \u201erowerowy impossybilizm\u201d. Jednocze\u015bnie trzeba wspomnie\u0107, \u017ce Cieszyn, nota bene stolica powiatu, nied\u0142ugo b\u0119dzie prawdopodobnie ostatnim miastem w regionie, w kt\u00f3rym drogi dla rower\u00f3w powstaj\u0105 tylko przy okazji inwestycji w infrastruktur\u0119 drogow\u0105.<\/p>\n<p style=\"text-align: right;\">Piotr Stok\u0142osa<\/p>\n<figure id=\"attachment_2150\" aria-describedby=\"caption-attachment-2150\" style=\"width: 1920px\" class=\"wp-caption alignnone\"><a href=\"http:\/\/rowerowycieszyn.pl\/wp-content\/uploads\/2023\/12\/P1370733_tn.jpg\"><img loading=\"lazy\" decoding=\"async\" class=\"size-full wp-image-2150\" src=\"http:\/\/rowerowycieszyn.pl\/wp-content\/uploads\/2023\/12\/P1370733_tn.jpg\" alt=\"Ten fragment wzd\u0142u\u017c ul. Katowickiej w Skoczowie to co\u015b dla ludzi o mocnych nerwach - jedzie si\u0119 po murze oporowym szeroko\u015bci jednego metra. Ma\u0142y b\u0142\u0105d i mo\u017cna wyl\u0105dowa\u0107 dwa metry ni\u017cej na g\u0142azach wystaj\u0105cych z wody.\" width=\"1920\" height=\"1280\" srcset=\"https:\/\/rowerowycieszyn.pl\/wp-content\/uploads\/2023\/12\/P1370733_tn.jpg 1920w, https:\/\/rowerowycieszyn.pl\/wp-content\/uploads\/2023\/12\/P1370733_tn-300x200.jpg 300w, https:\/\/rowerowycieszyn.pl\/wp-content\/uploads\/2023\/12\/P1370733_tn-1024x683.jpg 1024w, https:\/\/rowerowycieszyn.pl\/wp-content\/uploads\/2023\/12\/P1370733_tn-768x512.jpg 768w, https:\/\/rowerowycieszyn.pl\/wp-content\/uploads\/2023\/12\/P1370733_tn-1536x1024.jpg 1536w\" sizes=\"auto, (max-width: 1920px) 100vw, 1920px\" \/><\/a><figcaption id=\"caption-attachment-2150\" class=\"wp-caption-text\">Ten fragment wzd\u0142u\u017c ul. Katowickiej w Skoczowie to co\u015b dla ludzi o mocnych nerwach &#8211; jedzie si\u0119 po murze oporowym szeroko\u015bci jednego metra. Ma\u0142y b\u0142\u0105d i mo\u017cna wyl\u0105dowa\u0107 dwa metry ni\u017cej na g\u0142azach wystaj\u0105cych z wody.<\/figcaption><\/figure>\n<figure id=\"attachment_2151\" aria-describedby=\"caption-attachment-2151\" style=\"width: 1920px\" class=\"wp-caption alignnone\"><a href=\"http:\/\/rowerowycieszyn.pl\/wp-content\/uploads\/2023\/12\/P1370737_tn.jpg\"><img loading=\"lazy\" decoding=\"async\" class=\"size-full wp-image-2151\" src=\"http:\/\/rowerowycieszyn.pl\/wp-content\/uploads\/2023\/12\/P1370737_tn.jpg\" alt=\"S\u0142awetne schody w pobli\u017cu wiaduktu na ul. Katowickiej. Zgodnie z oznakowaniem prowadz\u0105 t\u0119dy a\u017c 3 szlaki a niestety rowery trzeba wpycha\u0107 lub sprowadza\u0107 po nier\u00f3wnym betonie.\" width=\"1920\" height=\"1280\" srcset=\"https:\/\/rowerowycieszyn.pl\/wp-content\/uploads\/2023\/12\/P1370737_tn.jpg 1920w, https:\/\/rowerowycieszyn.pl\/wp-content\/uploads\/2023\/12\/P1370737_tn-300x200.jpg 300w, https:\/\/rowerowycieszyn.pl\/wp-content\/uploads\/2023\/12\/P1370737_tn-1024x683.jpg 1024w, https:\/\/rowerowycieszyn.pl\/wp-content\/uploads\/2023\/12\/P1370737_tn-768x512.jpg 768w, https:\/\/rowerowycieszyn.pl\/wp-content\/uploads\/2023\/12\/P1370737_tn-1536x1024.jpg 1536w\" sizes=\"auto, (max-width: 1920px) 100vw, 1920px\" \/><\/a><figcaption id=\"caption-attachment-2151\" class=\"wp-caption-text\">S\u0142awetne schody w pobli\u017cu wiaduktu na ul. Katowickiej. Zgodnie z oznakowaniem prowadz\u0105 t\u0119dy a\u017c 3 szlaki a niestety rowery trzeba wpycha\u0107 lub sprowadza\u0107 po nier\u00f3wnym betonie.<\/figcaption><\/figure>\n<figure id=\"attachment_2152\" aria-describedby=\"caption-attachment-2152\" style=\"width: 1920px\" class=\"wp-caption alignnone\"><a href=\"http:\/\/rowerowycieszyn.pl\/wp-content\/uploads\/2023\/12\/P1370738_tn.jpg\"><img loading=\"lazy\" decoding=\"async\" class=\"size-full wp-image-2152\" src=\"http:\/\/rowerowycieszyn.pl\/wp-content\/uploads\/2023\/12\/P1370738_tn.jpg\" alt=\"A mo\u017ce by tak wykorzysta\u0107 przestrze\u0144 pod wiaduktem na ul. Katowickiej? Idealne miejsce na fragment drogi dla rower\u00f3w.\" width=\"1920\" height=\"1280\" srcset=\"https:\/\/rowerowycieszyn.pl\/wp-content\/uploads\/2023\/12\/P1370738_tn.jpg 1920w, https:\/\/rowerowycieszyn.pl\/wp-content\/uploads\/2023\/12\/P1370738_tn-300x200.jpg 300w, https:\/\/rowerowycieszyn.pl\/wp-content\/uploads\/2023\/12\/P1370738_tn-1024x683.jpg 1024w, https:\/\/rowerowycieszyn.pl\/wp-content\/uploads\/2023\/12\/P1370738_tn-768x512.jpg 768w, https:\/\/rowerowycieszyn.pl\/wp-content\/uploads\/2023\/12\/P1370738_tn-1536x1024.jpg 1536w\" sizes=\"auto, (max-width: 1920px) 100vw, 1920px\" \/><\/a><figcaption id=\"caption-attachment-2152\" class=\"wp-caption-text\">A mo\u017ce by tak wykorzysta\u0107 przestrze\u0144 pod wiaduktem na ul. Katowickiej? Idealne miejsce na fragment drogi dla rower\u00f3w.<\/figcaption><\/figure>\n<figure id=\"attachment_2153\" aria-describedby=\"caption-attachment-2153\" style=\"width: 1920px\" class=\"wp-caption alignnone\"><a href=\"http:\/\/rowerowycieszyn.pl\/wp-content\/uploads\/2023\/12\/P1370742_tn.jpg\"><img loading=\"lazy\" decoding=\"async\" class=\"size-full wp-image-2153\" src=\"http:\/\/rowerowycieszyn.pl\/wp-content\/uploads\/2023\/12\/P1370742_tn.jpg\" alt=\"Most kolejowy na Wi\u015ble w Skoczowie - dzisiaj trzeba go omija\u0107 wje\u017cd\u017caj\u0105c na drog\u0119 samochodow\u0105. Mo\u017ce w ramach planowanej inwestycji powstanie tu przejazd wzd\u0142u\u017c rzeki.\" width=\"1920\" height=\"1280\" srcset=\"https:\/\/rowerowycieszyn.pl\/wp-content\/uploads\/2023\/12\/P1370742_tn.jpg 1920w, https:\/\/rowerowycieszyn.pl\/wp-content\/uploads\/2023\/12\/P1370742_tn-300x200.jpg 300w, https:\/\/rowerowycieszyn.pl\/wp-content\/uploads\/2023\/12\/P1370742_tn-1024x683.jpg 1024w, https:\/\/rowerowycieszyn.pl\/wp-content\/uploads\/2023\/12\/P1370742_tn-768x512.jpg 768w, https:\/\/rowerowycieszyn.pl\/wp-content\/uploads\/2023\/12\/P1370742_tn-1536x1024.jpg 1536w\" sizes=\"auto, (max-width: 1920px) 100vw, 1920px\" \/><\/a><figcaption id=\"caption-attachment-2153\" class=\"wp-caption-text\">Most kolejowy na Wi\u015ble w Skoczowie &#8211; dzisiaj trzeba go omija\u0107 wje\u017cd\u017caj\u0105c na drog\u0119 samochodow\u0105. Mo\u017ce w ramach planowanej inwestycji powstanie tu przejazd wzd\u0142u\u017c rzeki.<\/figcaption><\/figure>\n<figure id=\"attachment_2154\" aria-describedby=\"caption-attachment-2154\" style=\"width: 1920px\" class=\"wp-caption alignnone\"><a href=\"http:\/\/rowerowycieszyn.pl\/wp-content\/uploads\/2023\/12\/P1370743_tn.jpg\"><img loading=\"lazy\" decoding=\"async\" class=\"size-full wp-image-2154\" src=\"http:\/\/rowerowycieszyn.pl\/wp-content\/uploads\/2023\/12\/P1370743_tn.jpg\" alt=\"Z ut\u0119sknieniem czekamy na moment, gdy tras\u0119 z Ustronia do k\u0142adki na ul. Sportowej w Skoczowie b\u0119dzie mo\u017cna pokona\u0107 wygodn\u0105 i bezpieczn\u0105 drog\u0105 dla rower\u00f3w.\" width=\"1920\" height=\"1280\" srcset=\"https:\/\/rowerowycieszyn.pl\/wp-content\/uploads\/2023\/12\/P1370743_tn.jpg 1920w, https:\/\/rowerowycieszyn.pl\/wp-content\/uploads\/2023\/12\/P1370743_tn-300x200.jpg 300w, https:\/\/rowerowycieszyn.pl\/wp-content\/uploads\/2023\/12\/P1370743_tn-1024x683.jpg 1024w, https:\/\/rowerowycieszyn.pl\/wp-content\/uploads\/2023\/12\/P1370743_tn-768x512.jpg 768w, https:\/\/rowerowycieszyn.pl\/wp-content\/uploads\/2023\/12\/P1370743_tn-1536x1024.jpg 1536w\" sizes=\"auto, (max-width: 1920px) 100vw, 1920px\" \/><\/a><figcaption id=\"caption-attachment-2154\" class=\"wp-caption-text\">Z ut\u0119sknieniem czekamy na moment, gdy tras\u0119 z Ustronia do k\u0142adki na ul. Sportowej w Skoczowie b\u0119dzie mo\u017cna pokona\u0107 wygodn\u0105 i bezpieczn\u0105 drog\u0105 dla rower\u00f3w.<\/figcaption><\/figure>\n<figure id=\"attachment_2148\" aria-describedby=\"caption-attachment-2148\" style=\"width: 1920px\" class=\"wp-caption alignnone\"><a href=\"http:\/\/rowerowycieszyn.pl\/wp-content\/uploads\/2023\/12\/P1370690_tn.jpg\"><img loading=\"lazy\" decoding=\"async\" class=\"size-full wp-image-2148\" src=\"http:\/\/rowerowycieszyn.pl\/wp-content\/uploads\/2023\/12\/P1370690_tn.jpg\" alt=\"Koniec odcinka w G\u00f3rkach Wielkich - wraz z granic\u0105 gmin ko\u0144czy si\u0119 asfalt i zaczyna kamienista \u015bcie\u017cka.\" width=\"1920\" height=\"1280\" srcset=\"https:\/\/rowerowycieszyn.pl\/wp-content\/uploads\/2023\/12\/P1370690_tn.jpg 1920w, https:\/\/rowerowycieszyn.pl\/wp-content\/uploads\/2023\/12\/P1370690_tn-300x200.jpg 300w, https:\/\/rowerowycieszyn.pl\/wp-content\/uploads\/2023\/12\/P1370690_tn-1024x683.jpg 1024w, https:\/\/rowerowycieszyn.pl\/wp-content\/uploads\/2023\/12\/P1370690_tn-768x512.jpg 768w, https:\/\/rowerowycieszyn.pl\/wp-content\/uploads\/2023\/12\/P1370690_tn-1536x1024.jpg 1536w\" sizes=\"auto, (max-width: 1920px) 100vw, 1920px\" \/><\/a><figcaption id=\"caption-attachment-2148\" class=\"wp-caption-text\">Koniec odcinka w G\u00f3rkach Wielkich &#8211; wraz z granic\u0105 gmin ko\u0144czy si\u0119 asfalt i zaczyna kamienista \u015bcie\u017cka.<\/figcaption><\/figure>\n<figure id=\"attachment_2147\" aria-describedby=\"caption-attachment-2147\" style=\"width: 1920px\" class=\"wp-caption alignnone\"><a href=\"http:\/\/rowerowycieszyn.pl\/wp-content\/uploads\/2023\/12\/P1370687_tn.jpg\"><img loading=\"lazy\" decoding=\"async\" class=\"size-full wp-image-2147\" src=\"http:\/\/rowerowycieszyn.pl\/wp-content\/uploads\/2023\/12\/P1370687_tn.jpg\" alt=\"&quot;Infrastruktura&quot; rowerowa na progu wodnym w Bajerkach. Parkourowcy mo\u017ce s\u0105 zadowoleni, ale tury\u015bci jad\u0105cy WTR z baga\u017cem lub przyczepkami ju\u017c niekoniecznie.\" width=\"1920\" height=\"1280\" srcset=\"https:\/\/rowerowycieszyn.pl\/wp-content\/uploads\/2023\/12\/P1370687_tn.jpg 1920w, https:\/\/rowerowycieszyn.pl\/wp-content\/uploads\/2023\/12\/P1370687_tn-300x200.jpg 300w, https:\/\/rowerowycieszyn.pl\/wp-content\/uploads\/2023\/12\/P1370687_tn-1024x683.jpg 1024w, https:\/\/rowerowycieszyn.pl\/wp-content\/uploads\/2023\/12\/P1370687_tn-768x512.jpg 768w, https:\/\/rowerowycieszyn.pl\/wp-content\/uploads\/2023\/12\/P1370687_tn-1536x1024.jpg 1536w\" sizes=\"auto, (max-width: 1920px) 100vw, 1920px\" \/><\/a><figcaption id=\"caption-attachment-2147\" class=\"wp-caption-text\">&#8222;Infrastruktura&#8221; rowerowa na progu wodnym w Bajerkach. Parkourowcy mo\u017ce s\u0105 zadowoleni, ale tury\u015bci jad\u0105cy WTR z baga\u017cem lub przyczepkami ju\u017c niekoniecznie.<\/figcaption><\/figure>\n<figure id=\"attachment_2146\" aria-describedby=\"caption-attachment-2146\" style=\"width: 1920px\" class=\"wp-caption alignnone\"><a href=\"http:\/\/rowerowycieszyn.pl\/wp-content\/uploads\/2023\/12\/P1370684_tn.jpg\"><img loading=\"lazy\" decoding=\"async\" class=\"size-full wp-image-2146\" src=\"http:\/\/rowerowycieszyn.pl\/wp-content\/uploads\/2023\/12\/P1370684_tn.jpg\" alt=\"Pod wiaduktami na S52 po obu stronach Wis\u0142y jest mn\u00f3stwo miejsca . Niestety rowerzy\u015bci wci\u0105\u017c musz\u0105 tu je\u017adzi\u0107 po ich &quot;ulubionej&quot; nawierzchni, czyli p\u0142ytach a\u017curowych.\" width=\"1920\" height=\"1280\" srcset=\"https:\/\/rowerowycieszyn.pl\/wp-content\/uploads\/2023\/12\/P1370684_tn.jpg 1920w, https:\/\/rowerowycieszyn.pl\/wp-content\/uploads\/2023\/12\/P1370684_tn-300x200.jpg 300w, https:\/\/rowerowycieszyn.pl\/wp-content\/uploads\/2023\/12\/P1370684_tn-1024x683.jpg 1024w, https:\/\/rowerowycieszyn.pl\/wp-content\/uploads\/2023\/12\/P1370684_tn-768x512.jpg 768w, https:\/\/rowerowycieszyn.pl\/wp-content\/uploads\/2023\/12\/P1370684_tn-1536x1024.jpg 1536w\" sizes=\"auto, (max-width: 1920px) 100vw, 1920px\" \/><\/a><figcaption id=\"caption-attachment-2146\" class=\"wp-caption-text\">Pod wiaduktami na S52 po obu stronach Wis\u0142y jest mn\u00f3stwo miejsca . Niestety rowerzy\u015bci wci\u0105\u017c musz\u0105 tu je\u017adzi\u0107 po ich &#8222;ulubionej&#8221; nawierzchni, czyli p\u0142ytach a\u017curowych.<\/figcaption><\/figure>\n<figure id=\"attachment_2145\" aria-describedby=\"caption-attachment-2145\" style=\"width: 1920px\" class=\"wp-caption alignnone\"><a href=\"http:\/\/rowerowycieszyn.pl\/wp-content\/uploads\/2023\/12\/P1370679_tn.jpg\"><img loading=\"lazy\" decoding=\"async\" class=\"size-full wp-image-2145\" src=\"http:\/\/rowerowycieszyn.pl\/wp-content\/uploads\/2023\/12\/P1370679_tn.jpg\" alt=\"Fragment wa\u0142u na prawym brzegu Wis\u0142y w okolicy Bajerek. Tu ma by\u0107 realizowany drugi etap projektu, czyli trasa od granicy gminy Brenna a\u017c do mostu na ul. Bielskiej.\" width=\"1920\" height=\"1280\" srcset=\"https:\/\/rowerowycieszyn.pl\/wp-content\/uploads\/2023\/12\/P1370679_tn.jpg 1920w, https:\/\/rowerowycieszyn.pl\/wp-content\/uploads\/2023\/12\/P1370679_tn-300x200.jpg 300w, https:\/\/rowerowycieszyn.pl\/wp-content\/uploads\/2023\/12\/P1370679_tn-1024x683.jpg 1024w, https:\/\/rowerowycieszyn.pl\/wp-content\/uploads\/2023\/12\/P1370679_tn-768x512.jpg 768w, https:\/\/rowerowycieszyn.pl\/wp-content\/uploads\/2023\/12\/P1370679_tn-1536x1024.jpg 1536w\" sizes=\"auto, (max-width: 1920px) 100vw, 1920px\" \/><\/a><figcaption id=\"caption-attachment-2145\" class=\"wp-caption-text\">Fragment wa\u0142u na prawym brzegu Wis\u0142y w okolicy Bajerek. Tu ma by\u0107 realizowany drugi etap projektu, czyli trasa od granicy gminy Brenna a\u017c do mostu na ul. Bielskiej.<\/figcaption><\/figure>\n","protected":false},"excerpt":{"rendered":"<p>\u201eG\u0142os Ziemi Cieszy\u0144skiej\u201d wraca do tematu rowerowych \u201e\u015bcie\u017cek wstydu\u201d w Skoczowie. W numerze wrze\u015bniowym oraz na portalu beskidzka24.pl gazeta pisa\u0142a o fatalnym stanie dr\u00f3g dla rower\u00f3w na terenie tej gminy.&hellip; <\/p>\n","protected":false},"author":1,"featured_media":2151,"comment_status":"open","ping_status":"open","sticky":false,"template":"","format":"standard","meta":{"footnotes":""},"categories":[9,5,1],"tags":[53,50,52,51,46],"class_list":["post-2143","post","type-post","status-publish","format-standard","has-post-thumbnail","hentry","category-aktualnosci","category-artykuly","category-bez-kategorii","tag-brenna","tag-skoczow","tag-ustron","tag-wisla","tag-wtr"],"yoast_head":"<!-- This site is optimized with the Yoast SEO plugin v27.3 - https:\/\/yoast.com\/product\/yoast-seo-wordpress\/ -->\n<title>Skoczowskie &quot;\u015bcie\u017cki wstydu&quot; - jest szansa na zmian\u0119 - Rowerowy Cieszyn<\/title>\n<meta name=\"description\" content=\"Zanosi si\u0119, \u017ce skoczowskie rowerowe &quot;\u015bcie\u017cki wstydu&quot; w przebiegu Wi\u015blanej Trasy Rowerowej w ko\u0144cu doczekaj\u0105 si\u0119 uporz\u0105dkowania.\" \/>\n<meta name=\"robots\" content=\"index, follow, max-snippet:-1, max-image-preview:large, max-video-preview:-1\" \/>\n<link rel=\"canonical\" href=\"https:\/\/rowerowycieszyn.pl\/index.php\/2023\/12\/03\/skoczowskie-sciezki-wstydu-jest-szansa-na-zmiane\/\" \/>\n<meta property=\"og:locale\" content=\"pl_PL\" \/>\n<meta property=\"og:type\" content=\"article\" \/>\n<meta property=\"og:title\" content=\"Skoczowskie &quot;\u015bcie\u017cki wstydu&quot; - jest szansa na zmian\u0119 - Rowerowy Cieszyn\" \/>\n<meta property=\"og:description\" content=\"Zanosi si\u0119, \u017ce skoczowskie rowerowe &quot;\u015bcie\u017cki wstydu&quot; w przebiegu Wi\u015blanej Trasy Rowerowej w ko\u0144cu doczekaj\u0105 si\u0119 uporz\u0105dkowania.\" \/>\n<meta property=\"og:url\" content=\"https:\/\/rowerowycieszyn.pl\/index.php\/2023\/12\/03\/skoczowskie-sciezki-wstydu-jest-szansa-na-zmiane\/\" \/>\n<meta property=\"og:site_name\" content=\"Rowerowy Cieszyn\" \/>\n<meta property=\"article:publisher\" content=\"https:\/\/www.facebook.com\/RowerowyCieszyn\" \/>\n<meta property=\"article:published_time\" content=\"2023-12-03T16:00:16+00:00\" \/>\n<meta property=\"article:modified_time\" content=\"2024-05-21T13:38:35+00:00\" \/>\n<meta property=\"og:image\" content=\"http:\/\/rowerowycieszyn.pl\/wp-content\/uploads\/2023\/12\/P1370737_tn.jpg\" \/>\n\t<meta property=\"og:image:width\" content=\"1920\" \/>\n\t<meta property=\"og:image:height\" content=\"1280\" \/>\n\t<meta property=\"og:image:type\" content=\"image\/jpeg\" \/>\n<meta name=\"author\" content=\"Rowerowy Cieszyn\" \/>\n<meta name=\"twitter:card\" content=\"summary_large_image\" \/>\n<meta name=\"twitter:label1\" content=\"Napisane przez\" \/>\n\t<meta name=\"twitter:data1\" content=\"Rowerowy Cieszyn\" \/>\n\t<meta name=\"twitter:label2\" content=\"Szacowany czas czytania\" \/>\n\t<meta name=\"twitter:data2\" content=\"5 minut\" \/>\n<script type=\"application\/ld+json\" class=\"yoast-schema-graph\">{\"@context\":\"https:\\\/\\\/schema.org\",\"@graph\":[{\"@type\":\"Article\",\"@id\":\"https:\\\/\\\/rowerowycieszyn.pl\\\/index.php\\\/2023\\\/12\\\/03\\\/skoczowskie-sciezki-wstydu-jest-szansa-na-zmiane\\\/#article\",\"isPartOf\":{\"@id\":\"https:\\\/\\\/rowerowycieszyn.pl\\\/index.php\\\/2023\\\/12\\\/03\\\/skoczowskie-sciezki-wstydu-jest-szansa-na-zmiane\\\/\"},\"author\":{\"name\":\"Rowerowy Cieszyn\",\"@id\":\"https:\\\/\\\/rowerowycieszyn.pl\\\/#\\\/schema\\\/person\\\/b698cee63b7405acd7e70007d7cc8b2a\"},\"headline\":\"Skoczowskie &#8222;\u015bcie\u017cki wstydu&#8221; &#8211; jest szansa na zmian\u0119\",\"datePublished\":\"2023-12-03T16:00:16+00:00\",\"dateModified\":\"2024-05-21T13:38:35+00:00\",\"mainEntityOfPage\":{\"@id\":\"https:\\\/\\\/rowerowycieszyn.pl\\\/index.php\\\/2023\\\/12\\\/03\\\/skoczowskie-sciezki-wstydu-jest-szansa-na-zmiane\\\/\"},\"wordCount\":665,\"commentCount\":0,\"publisher\":{\"@id\":\"https:\\\/\\\/rowerowycieszyn.pl\\\/#organization\"},\"image\":{\"@id\":\"https:\\\/\\\/rowerowycieszyn.pl\\\/index.php\\\/2023\\\/12\\\/03\\\/skoczowskie-sciezki-wstydu-jest-szansa-na-zmiane\\\/#primaryimage\"},\"thumbnailUrl\":\"https:\\\/\\\/rowerowycieszyn.pl\\\/wp-content\\\/uploads\\\/2023\\\/12\\\/P1370737_tn.jpg\",\"keywords\":[\"Brenna\",\"Skocz\u00f3w\",\"Ustro\u0144\",\"Wis\u0142a\",\"WTR\"],\"articleSection\":[\"Aktualno\u015bci\",\"Artyku\u0142y\"],\"inLanguage\":\"pl-PL\",\"potentialAction\":[{\"@type\":\"CommentAction\",\"name\":\"Comment\",\"target\":[\"https:\\\/\\\/rowerowycieszyn.pl\\\/index.php\\\/2023\\\/12\\\/03\\\/skoczowskie-sciezki-wstydu-jest-szansa-na-zmiane\\\/#respond\"]}]},{\"@type\":\"WebPage\",\"@id\":\"https:\\\/\\\/rowerowycieszyn.pl\\\/index.php\\\/2023\\\/12\\\/03\\\/skoczowskie-sciezki-wstydu-jest-szansa-na-zmiane\\\/\",\"url\":\"https:\\\/\\\/rowerowycieszyn.pl\\\/index.php\\\/2023\\\/12\\\/03\\\/skoczowskie-sciezki-wstydu-jest-szansa-na-zmiane\\\/\",\"name\":\"Skoczowskie \\\"\u015bcie\u017cki wstydu\\\" - jest szansa na zmian\u0119 - Rowerowy Cieszyn\",\"isPartOf\":{\"@id\":\"https:\\\/\\\/rowerowycieszyn.pl\\\/#website\"},\"primaryImageOfPage\":{\"@id\":\"https:\\\/\\\/rowerowycieszyn.pl\\\/index.php\\\/2023\\\/12\\\/03\\\/skoczowskie-sciezki-wstydu-jest-szansa-na-zmiane\\\/#primaryimage\"},\"image\":{\"@id\":\"https:\\\/\\\/rowerowycieszyn.pl\\\/index.php\\\/2023\\\/12\\\/03\\\/skoczowskie-sciezki-wstydu-jest-szansa-na-zmiane\\\/#primaryimage\"},\"thumbnailUrl\":\"https:\\\/\\\/rowerowycieszyn.pl\\\/wp-content\\\/uploads\\\/2023\\\/12\\\/P1370737_tn.jpg\",\"datePublished\":\"2023-12-03T16:00:16+00:00\",\"dateModified\":\"2024-05-21T13:38:35+00:00\",\"description\":\"Zanosi si\u0119, \u017ce skoczowskie rowerowe \\\"\u015bcie\u017cki wstydu\\\" w przebiegu Wi\u015blanej Trasy Rowerowej w ko\u0144cu doczekaj\u0105 si\u0119 uporz\u0105dkowania.\",\"breadcrumb\":{\"@id\":\"https:\\\/\\\/rowerowycieszyn.pl\\\/index.php\\\/2023\\\/12\\\/03\\\/skoczowskie-sciezki-wstydu-jest-szansa-na-zmiane\\\/#breadcrumb\"},\"inLanguage\":\"pl-PL\",\"potentialAction\":[{\"@type\":\"ReadAction\",\"target\":[\"https:\\\/\\\/rowerowycieszyn.pl\\\/index.php\\\/2023\\\/12\\\/03\\\/skoczowskie-sciezki-wstydu-jest-szansa-na-zmiane\\\/\"]}]},{\"@type\":\"ImageObject\",\"inLanguage\":\"pl-PL\",\"@id\":\"https:\\\/\\\/rowerowycieszyn.pl\\\/index.php\\\/2023\\\/12\\\/03\\\/skoczowskie-sciezki-wstydu-jest-szansa-na-zmiane\\\/#primaryimage\",\"url\":\"https:\\\/\\\/rowerowycieszyn.pl\\\/wp-content\\\/uploads\\\/2023\\\/12\\\/P1370737_tn.jpg\",\"contentUrl\":\"https:\\\/\\\/rowerowycieszyn.pl\\\/wp-content\\\/uploads\\\/2023\\\/12\\\/P1370737_tn.jpg\",\"width\":1920,\"height\":1280,\"caption\":\"S\u0142awetne schody w pobli\u017cu wiaduktu na ul. Katowickiej. Zgodnie z oznakowaniem prowadz\u0105 t\u0119dy a\u017c 3 szlaki a niestety rowery trzeba wpycha\u0107 lub sprowadza\u0107 po nier\u00f3wnym betonie.\"},{\"@type\":\"BreadcrumbList\",\"@id\":\"https:\\\/\\\/rowerowycieszyn.pl\\\/index.php\\\/2023\\\/12\\\/03\\\/skoczowskie-sciezki-wstydu-jest-szansa-na-zmiane\\\/#breadcrumb\",\"itemListElement\":[{\"@type\":\"ListItem\",\"position\":1,\"name\":\"Home\",\"item\":\"https:\\\/\\\/rowerowycieszyn.pl\\\/\"},{\"@type\":\"ListItem\",\"position\":2,\"name\":\"Skoczowskie &#8220;\u015bcie\u017cki wstydu&#8221; &#8211; jest szansa na zmian\u0119\"}]},{\"@type\":\"WebSite\",\"@id\":\"https:\\\/\\\/rowerowycieszyn.pl\\\/#website\",\"url\":\"https:\\\/\\\/rowerowycieszyn.pl\\\/\",\"name\":\"Rowerowy Cieszyn\",\"description\":\"Strona promuj\u0105ca komunikacj\u0119 oraz turystyk\u0119 rowerow\u0105 na terenie Cieszyna i okolic.\",\"publisher\":{\"@id\":\"https:\\\/\\\/rowerowycieszyn.pl\\\/#organization\"},\"potentialAction\":[{\"@type\":\"SearchAction\",\"target\":{\"@type\":\"EntryPoint\",\"urlTemplate\":\"https:\\\/\\\/rowerowycieszyn.pl\\\/?s={search_term_string}\"},\"query-input\":{\"@type\":\"PropertyValueSpecification\",\"valueRequired\":true,\"valueName\":\"search_term_string\"}}],\"inLanguage\":\"pl-PL\"},{\"@type\":\"Organization\",\"@id\":\"https:\\\/\\\/rowerowycieszyn.pl\\\/#organization\",\"name\":\"Rowerowy Cieszyn\",\"url\":\"https:\\\/\\\/rowerowycieszyn.pl\\\/\",\"logo\":{\"@type\":\"ImageObject\",\"inLanguage\":\"pl-PL\",\"@id\":\"https:\\\/\\\/rowerowycieszyn.pl\\\/#\\\/schema\\\/logo\\\/image\\\/\",\"url\":\"https:\\\/\\\/rowerowycieszyn.pl\\\/wp-content\\\/uploads\\\/2020\\\/07\\\/cropped-rower1_cr_tn-1.jpg\",\"contentUrl\":\"https:\\\/\\\/rowerowycieszyn.pl\\\/wp-content\\\/uploads\\\/2020\\\/07\\\/cropped-rower1_cr_tn-1.jpg\",\"width\":250,\"height\":100,\"caption\":\"Rowerowy Cieszyn\"},\"image\":{\"@id\":\"https:\\\/\\\/rowerowycieszyn.pl\\\/#\\\/schema\\\/logo\\\/image\\\/\"},\"sameAs\":[\"https:\\\/\\\/www.facebook.com\\\/RowerowyCieszyn\"]},{\"@type\":\"Person\",\"@id\":\"https:\\\/\\\/rowerowycieszyn.pl\\\/#\\\/schema\\\/person\\\/b698cee63b7405acd7e70007d7cc8b2a\",\"name\":\"Rowerowy Cieszyn\",\"image\":{\"@type\":\"ImageObject\",\"inLanguage\":\"pl-PL\",\"@id\":\"https:\\\/\\\/secure.gravatar.com\\\/avatar\\\/1aef2c80bb06ccee0d820e4116589968d6d5c57310499f9271d42a4f7c5ffb3a?s=96&d=mm&r=g\",\"url\":\"https:\\\/\\\/secure.gravatar.com\\\/avatar\\\/1aef2c80bb06ccee0d820e4116589968d6d5c57310499f9271d42a4f7c5ffb3a?s=96&d=mm&r=g\",\"contentUrl\":\"https:\\\/\\\/secure.gravatar.com\\\/avatar\\\/1aef2c80bb06ccee0d820e4116589968d6d5c57310499f9271d42a4f7c5ffb3a?s=96&d=mm&r=g\",\"caption\":\"Rowerowy Cieszyn\"},\"sameAs\":[\"http:\\\/\\\/rowerowycieszyn.pl\"],\"url\":\"https:\\\/\\\/rowerowycieszyn.pl\\\/index.php\\\/author\\\/pstoklosa\\\/\"}]}<\/script>\n<!-- \/ Yoast SEO plugin. -->","yoast_head_json":{"title":"Skoczowskie \"\u015bcie\u017cki wstydu\" - jest szansa na zmian\u0119 - Rowerowy Cieszyn","description":"Zanosi si\u0119, \u017ce skoczowskie rowerowe \"\u015bcie\u017cki wstydu\" w przebiegu Wi\u015blanej Trasy Rowerowej w ko\u0144cu doczekaj\u0105 si\u0119 uporz\u0105dkowania.","robots":{"index":"index","follow":"follow","max-snippet":"max-snippet:-1","max-image-preview":"max-image-preview:large","max-video-preview":"max-video-preview:-1"},"canonical":"https:\/\/rowerowycieszyn.pl\/index.php\/2023\/12\/03\/skoczowskie-sciezki-wstydu-jest-szansa-na-zmiane\/","og_locale":"pl_PL","og_type":"article","og_title":"Skoczowskie \"\u015bcie\u017cki wstydu\" - jest szansa na zmian\u0119 - Rowerowy Cieszyn","og_description":"Zanosi si\u0119, \u017ce skoczowskie rowerowe \"\u015bcie\u017cki wstydu\" w przebiegu Wi\u015blanej Trasy Rowerowej w ko\u0144cu doczekaj\u0105 si\u0119 uporz\u0105dkowania.","og_url":"https:\/\/rowerowycieszyn.pl\/index.php\/2023\/12\/03\/skoczowskie-sciezki-wstydu-jest-szansa-na-zmiane\/","og_site_name":"Rowerowy Cieszyn","article_publisher":"https:\/\/www.facebook.com\/RowerowyCieszyn","article_published_time":"2023-12-03T16:00:16+00:00","article_modified_time":"2024-05-21T13:38:35+00:00","og_image":[{"width":1920,"height":1280,"url":"http:\/\/rowerowycieszyn.pl\/wp-content\/uploads\/2023\/12\/P1370737_tn.jpg","type":"image\/jpeg"}],"author":"Rowerowy Cieszyn","twitter_card":"summary_large_image","twitter_misc":{"Napisane przez":"Rowerowy Cieszyn","Szacowany czas czytania":"5 minut"},"schema":{"@context":"https:\/\/schema.org","@graph":[{"@type":"Article","@id":"https:\/\/rowerowycieszyn.pl\/index.php\/2023\/12\/03\/skoczowskie-sciezki-wstydu-jest-szansa-na-zmiane\/#article","isPartOf":{"@id":"https:\/\/rowerowycieszyn.pl\/index.php\/2023\/12\/03\/skoczowskie-sciezki-wstydu-jest-szansa-na-zmiane\/"},"author":{"name":"Rowerowy Cieszyn","@id":"https:\/\/rowerowycieszyn.pl\/#\/schema\/person\/b698cee63b7405acd7e70007d7cc8b2a"},"headline":"Skoczowskie &#8222;\u015bcie\u017cki wstydu&#8221; &#8211; jest szansa na zmian\u0119","datePublished":"2023-12-03T16:00:16+00:00","dateModified":"2024-05-21T13:38:35+00:00","mainEntityOfPage":{"@id":"https:\/\/rowerowycieszyn.pl\/index.php\/2023\/12\/03\/skoczowskie-sciezki-wstydu-jest-szansa-na-zmiane\/"},"wordCount":665,"commentCount":0,"publisher":{"@id":"https:\/\/rowerowycieszyn.pl\/#organization"},"image":{"@id":"https:\/\/rowerowycieszyn.pl\/index.php\/2023\/12\/03\/skoczowskie-sciezki-wstydu-jest-szansa-na-zmiane\/#primaryimage"},"thumbnailUrl":"https:\/\/rowerowycieszyn.pl\/wp-content\/uploads\/2023\/12\/P1370737_tn.jpg","keywords":["Brenna","Skocz\u00f3w","Ustro\u0144","Wis\u0142a","WTR"],"articleSection":["Aktualno\u015bci","Artyku\u0142y"],"inLanguage":"pl-PL","potentialAction":[{"@type":"CommentAction","name":"Comment","target":["https:\/\/rowerowycieszyn.pl\/index.php\/2023\/12\/03\/skoczowskie-sciezki-wstydu-jest-szansa-na-zmiane\/#respond"]}]},{"@type":"WebPage","@id":"https:\/\/rowerowycieszyn.pl\/index.php\/2023\/12\/03\/skoczowskie-sciezki-wstydu-jest-szansa-na-zmiane\/","url":"https:\/\/rowerowycieszyn.pl\/index.php\/2023\/12\/03\/skoczowskie-sciezki-wstydu-jest-szansa-na-zmiane\/","name":"Skoczowskie \"\u015bcie\u017cki wstydu\" - jest szansa na zmian\u0119 - Rowerowy Cieszyn","isPartOf":{"@id":"https:\/\/rowerowycieszyn.pl\/#website"},"primaryImageOfPage":{"@id":"https:\/\/rowerowycieszyn.pl\/index.php\/2023\/12\/03\/skoczowskie-sciezki-wstydu-jest-szansa-na-zmiane\/#primaryimage"},"image":{"@id":"https:\/\/rowerowycieszyn.pl\/index.php\/2023\/12\/03\/skoczowskie-sciezki-wstydu-jest-szansa-na-zmiane\/#primaryimage"},"thumbnailUrl":"https:\/\/rowerowycieszyn.pl\/wp-content\/uploads\/2023\/12\/P1370737_tn.jpg","datePublished":"2023-12-03T16:00:16+00:00","dateModified":"2024-05-21T13:38:35+00:00","description":"Zanosi si\u0119, \u017ce skoczowskie rowerowe \"\u015bcie\u017cki wstydu\" w przebiegu Wi\u015blanej Trasy Rowerowej w ko\u0144cu doczekaj\u0105 si\u0119 uporz\u0105dkowania.","breadcrumb":{"@id":"https:\/\/rowerowycieszyn.pl\/index.php\/2023\/12\/03\/skoczowskie-sciezki-wstydu-jest-szansa-na-zmiane\/#breadcrumb"},"inLanguage":"pl-PL","potentialAction":[{"@type":"ReadAction","target":["https:\/\/rowerowycieszyn.pl\/index.php\/2023\/12\/03\/skoczowskie-sciezki-wstydu-jest-szansa-na-zmiane\/"]}]},{"@type":"ImageObject","inLanguage":"pl-PL","@id":"https:\/\/rowerowycieszyn.pl\/index.php\/2023\/12\/03\/skoczowskie-sciezki-wstydu-jest-szansa-na-zmiane\/#primaryimage","url":"https:\/\/rowerowycieszyn.pl\/wp-content\/uploads\/2023\/12\/P1370737_tn.jpg","contentUrl":"https:\/\/rowerowycieszyn.pl\/wp-content\/uploads\/2023\/12\/P1370737_tn.jpg","width":1920,"height":1280,"caption":"S\u0142awetne schody w pobli\u017cu wiaduktu na ul. Katowickiej. Zgodnie z oznakowaniem prowadz\u0105 t\u0119dy a\u017c 3 szlaki a niestety rowery trzeba wpycha\u0107 lub sprowadza\u0107 po nier\u00f3wnym betonie."},{"@type":"BreadcrumbList","@id":"https:\/\/rowerowycieszyn.pl\/index.php\/2023\/12\/03\/skoczowskie-sciezki-wstydu-jest-szansa-na-zmiane\/#breadcrumb","itemListElement":[{"@type":"ListItem","position":1,"name":"Home","item":"https:\/\/rowerowycieszyn.pl\/"},{"@type":"ListItem","position":2,"name":"Skoczowskie &#8220;\u015bcie\u017cki wstydu&#8221; &#8211; jest szansa na zmian\u0119"}]},{"@type":"WebSite","@id":"https:\/\/rowerowycieszyn.pl\/#website","url":"https:\/\/rowerowycieszyn.pl\/","name":"Rowerowy Cieszyn","description":"Strona promuj\u0105ca komunikacj\u0119 oraz turystyk\u0119 rowerow\u0105 na terenie Cieszyna i okolic.","publisher":{"@id":"https:\/\/rowerowycieszyn.pl\/#organization"},"potentialAction":[{"@type":"SearchAction","target":{"@type":"EntryPoint","urlTemplate":"https:\/\/rowerowycieszyn.pl\/?s={search_term_string}"},"query-input":{"@type":"PropertyValueSpecification","valueRequired":true,"valueName":"search_term_string"}}],"inLanguage":"pl-PL"},{"@type":"Organization","@id":"https:\/\/rowerowycieszyn.pl\/#organization","name":"Rowerowy Cieszyn","url":"https:\/\/rowerowycieszyn.pl\/","logo":{"@type":"ImageObject","inLanguage":"pl-PL","@id":"https:\/\/rowerowycieszyn.pl\/#\/schema\/logo\/image\/","url":"https:\/\/rowerowycieszyn.pl\/wp-content\/uploads\/2020\/07\/cropped-rower1_cr_tn-1.jpg","contentUrl":"https:\/\/rowerowycieszyn.pl\/wp-content\/uploads\/2020\/07\/cropped-rower1_cr_tn-1.jpg","width":250,"height":100,"caption":"Rowerowy Cieszyn"},"image":{"@id":"https:\/\/rowerowycieszyn.pl\/#\/schema\/logo\/image\/"},"sameAs":["https:\/\/www.facebook.com\/RowerowyCieszyn"]},{"@type":"Person","@id":"https:\/\/rowerowycieszyn.pl\/#\/schema\/person\/b698cee63b7405acd7e70007d7cc8b2a","name":"Rowerowy Cieszyn","image":{"@type":"ImageObject","inLanguage":"pl-PL","@id":"https:\/\/secure.gravatar.com\/avatar\/1aef2c80bb06ccee0d820e4116589968d6d5c57310499f9271d42a4f7c5ffb3a?s=96&d=mm&r=g","url":"https:\/\/secure.gravatar.com\/avatar\/1aef2c80bb06ccee0d820e4116589968d6d5c57310499f9271d42a4f7c5ffb3a?s=96&d=mm&r=g","contentUrl":"https:\/\/secure.gravatar.com\/avatar\/1aef2c80bb06ccee0d820e4116589968d6d5c57310499f9271d42a4f7c5ffb3a?s=96&d=mm&r=g","caption":"Rowerowy Cieszyn"},"sameAs":["http:\/\/rowerowycieszyn.pl"],"url":"https:\/\/rowerowycieszyn.pl\/index.php\/author\/pstoklosa\/"}]}},"_links":{"self":[{"href":"https:\/\/rowerowycieszyn.pl\/index.php\/wp-json\/wp\/v2\/posts\/2143","targetHints":{"allow":["GET"]}}],"collection":[{"href":"https:\/\/rowerowycieszyn.pl\/index.php\/wp-json\/wp\/v2\/posts"}],"about":[{"href":"https:\/\/rowerowycieszyn.pl\/index.php\/wp-json\/wp\/v2\/types\/post"}],"author":[{"embeddable":true,"href":"https:\/\/rowerowycieszyn.pl\/index.php\/wp-json\/wp\/v2\/users\/1"}],"replies":[{"embeddable":true,"href":"https:\/\/rowerowycieszyn.pl\/index.php\/wp-json\/wp\/v2\/comments?post=2143"}],"version-history":[{"count":2,"href":"https:\/\/rowerowycieszyn.pl\/index.php\/wp-json\/wp\/v2\/posts\/2143\/revisions"}],"predecessor-version":[{"id":2155,"href":"https:\/\/rowerowycieszyn.pl\/index.php\/wp-json\/wp\/v2\/posts\/2143\/revisions\/2155"}],"wp:featuredmedia":[{"embeddable":true,"href":"https:\/\/rowerowycieszyn.pl\/index.php\/wp-json\/wp\/v2\/media\/2151"}],"wp:attachment":[{"href":"https:\/\/rowerowycieszyn.pl\/index.php\/wp-json\/wp\/v2\/media?parent=2143"}],"wp:term":[{"taxonomy":"category","embeddable":true,"href":"https:\/\/rowerowycieszyn.pl\/index.php\/wp-json\/wp\/v2\/categories?post=2143"},{"taxonomy":"post_tag","embeddable":true,"href":"https:\/\/rowerowycieszyn.pl\/index.php\/wp-json\/wp\/v2\/tags?post=2143"}],"curies":[{"name":"wp","href":"https:\/\/api.w.org\/{rel}","templated":true}]}}