{"id":218,"date":"2020-07-16T11:17:20","date_gmt":"2020-07-16T09:17:20","guid":{"rendered":"http:\/\/rowerowycieszyn.pl\/?p=218"},"modified":"2020-07-29T16:22:36","modified_gmt":"2020-07-29T14:22:36","slug":"znakowanie-tras-rowerowych-ktory-system-lepszy","status":"publish","type":"post","link":"https:\/\/rowerowycieszyn.pl\/index.php\/2020\/07\/16\/znakowanie-tras-rowerowych-ktory-system-lepszy\/","title":{"rendered":"Znakowanie tras rowerowych \u2013 kt\u00f3ry system lepszy?"},"content":{"rendered":"<p>Ponowne odkrywanie Ameryki to czynno\u015b\u0107 zwykle bardzo przyjemna aczkolwiek nie zawsze efektywna. Wida\u0107 to szczeg\u00f3lnie po rozlicznych systemach znakowania tras rowerowych stosowanych w r\u00f3\u017cnych regionach Polski. Zwykle przyczyn\u0105 tej nieplanowanej r\u00f3\u017cnorodno\u015bci jest brak koordynacji w dzia\u0142aniach w\u0142adz lokalnych, organizacji turystycznych i innych jednostek zajmuj\u0105cych si\u0119 wytyczaniem i znakowaniem tras.<!--more--><\/p>\r\n\r\n<p>Problem ten dotkn\u0105\u0142 r\u00f3wnie\u017c \u015al\u0105sk Cieszy\u0144ski. Jednak opr\u00f3cz braku sp\u00f3jnego systemu znakowania, pojawia si\u0119 dodatkowy problem wynikaj\u0105cy z faktu istnienia granicy i r\u00f3\u017cnych podej\u015b\u0107 krajowych. Ju\u017c na samym pocz\u0105tku, gdy powstawa\u0142y pierwsze szlaki rowerowe, Polska i Czechy nie dogada\u0142y si\u0119 co do stosowanych oznacze\u0144. W naszej ojczy\u017anie przyj\u0119to koncepcj\u0119 \u201epttkowsk\u0105\u201d, czyli oznaczanie szlak\u00f3w kolorami. W Czechach zastosowano system \u017c\u00f3\u0142tych tabliczek, na kt\u00f3rych pojawiaj\u0105 si\u0119 numery szlak\u00f3w lub po prostu informacja o miejscu, do kt\u00f3rego prowadzi (w przypadku braku numeracji).<\/p>\r\n\r\n\r\n\r\n<p>Oba te rozwi\u0105zania maj\u0105 trzy istotne wady. Po pierwsze, je\u017celi zgubimy zaplanowany szlak, niewa\u017cne czy oznaczony czerwon\u0105 kresk\u0105 na bia\u0142ym tle, czy numerem 1094 na \u017c\u00f3\u0142tej tabliczce, bez dok\u0142adnej mapy trudno go ponownie odnale\u017a\u0107.<\/p>\r\n\r\n\r\n\r\n<p>Po drugie, gdy liczba tras wzrasta, zaczyna brakowa\u0107 kolor\u00f3w. By\u0107 mo\u017ce z tego powodu pojawi\u0142y si\u0119 w naszym regionie r\u00f3\u017cne fantazyjne logo, na przyk\u0142ad szlaku \u201e\u015aladami stroju cieszy\u0144skiego\u201d. Swoj\u0105 drog\u0105 tw\u00f3rcy tych znak\u00f3w graficznych nie zawsze s\u0105 chyba \u015bwiadomi, \u017ce oznaczenia szlakowe s\u0105 malowane r\u00f3wnie\u017c na s\u0142upach elektrycznych, telefonicznych i bardzo cz\u0119sto na drzewach. W rezultacie zamiast skomplikowanej grafiki powstaje kolorowy bohomaz, przypominaj\u0105cy &#8222;dzie\u0142o&#8221; sze\u015bciolatka, kt\u00f3ry pierwszy raz w \u017cyciu dosta\u0142 do r\u0105k akwarele.<\/p>\r\n\r\n\r\n\r\n<p>Cz\u0119sto dochodzi te\u017c do sytuacji, \u017ce danym odcinkiem biegnie kilka szlak\u00f3w jednocze\u015bnie, co powoduje, \u017ce drzewa i s\u0142upy wygl\u0105daj\u0105 jak kolorowe totemy. Numer\u00f3w co prawda raczej nie braknie, ale wraz ze wzrostem liczby szlak\u00f3w staj\u0105 si\u0119 one coraz bardziej zagmatwane i trudne do zapami\u0119tania.<\/p>\r\n<figure id=\"attachment_225\" aria-describedby=\"caption-attachment-225\" style=\"width: 1920px\" class=\"wp-caption alignnone\"><a href=\"http:\/\/rowerowycieszyn.pl\/wp-content\/uploads\/2020\/07\/sklejenie_gotowy.jpg\"><img loading=\"lazy\" decoding=\"async\" class=\"size-full wp-image-225\" src=\"http:\/\/rowerowycieszyn.pl\/wp-content\/uploads\/2020\/07\/sklejenie_gotowy.jpg\" alt=\"Oznakowania szlak\u00f3w w Czechach i w Polsce\" width=\"1920\" height=\"1080\" srcset=\"https:\/\/rowerowycieszyn.pl\/wp-content\/uploads\/2020\/07\/sklejenie_gotowy.jpg 1920w, https:\/\/rowerowycieszyn.pl\/wp-content\/uploads\/2020\/07\/sklejenie_gotowy-300x169.jpg 300w, https:\/\/rowerowycieszyn.pl\/wp-content\/uploads\/2020\/07\/sklejenie_gotowy-1024x576.jpg 1024w, https:\/\/rowerowycieszyn.pl\/wp-content\/uploads\/2020\/07\/sklejenie_gotowy-768x432.jpg 768w, https:\/\/rowerowycieszyn.pl\/wp-content\/uploads\/2020\/07\/sklejenie_gotowy-1536x864.jpg 1536w\" sizes=\"auto, (max-width: 1920px) 100vw, 1920px\" \/><\/a><figcaption id=\"caption-attachment-225\" class=\"wp-caption-text\">&#8222;Totemiczny&#8221; system znakowania szlak\u00f3w rowerowych stosowany w Polsce i numeryczne oznaczenia w Czechach.<\/figcaption><\/figure>\r\n\r\n\r\n\r\n<p>Po trzecie i najwa\u017cniejsze, je\u017celi chcesz zaplanowa\u0107 swoj\u0105 w\u0142asn\u0105, niestandardow\u0105 tras\u0119, musisz uwa\u017cnie \u015bledzi\u0107 po\u0142\u0105czenia szlak\u00f3w, \u017ceby w odpowiednim momencie wybra\u0107 w\u0142a\u015bciwy skr\u0119t.<\/p>\r\n\r\n\r\n\r\n<p>Czy mo\u017cna lepiej i jednocze\u015bnie pro\u015bciej? Okazuje si\u0119, \u017ce tak. Ciekawe rozwi\u0105zanie zaproponowali Holendrzy, niedo\u015bcigli mistrzowie w organizowaniu turystyki rowerowej i potrzebnej do tego infrastruktury. Ot\u00f3\u017c zastosowali oni rozwi\u0105zanie z obszaru\u2026 informatyki. Zamiast wytycza\u0107 konkretne szlaki i numerowa\u0107 je lub kolorowa\u0107, praktyczni mieszka\u0144cy Niderland\u00f3w zastosowali numerowanie w\u0119z\u0142\u00f3w sieci szlak\u00f3w.<\/p>\r\n\r\n\r\n\r\n<p>Jak to dzia\u0142a, wyja\u015bnia poni\u017cszy obrazek. Szlaki nie maj\u0105 kolor\u00f3w, nie maj\u0105 te\u017c numer\u00f3w. Numerowane s\u0105 tylko w\u0119z\u0142y (takie rowerowe adresy IP), od kt\u00f3rych odchodz\u0105 rozga\u0142\u0119zienia. Je\u017celi wi\u0119c chcesz jecha\u0107 konkretn\u0105 tras\u0105, wystarczy \u017ce znasz numery w\u0119z\u0142\u00f3w, przez kt\u00f3re masz zamiar przejecha\u0107 (informatyk powiedzia\u0142by, \u017ce wyznaczasz \u201erouting\u201d).\u00a0\u00a0<\/p>\r\n<figure id=\"attachment_226\" aria-describedby=\"caption-attachment-226\" style=\"width: 1243px\" class=\"wp-caption alignnone\"><a href=\"http:\/\/rowerowycieszyn.pl\/wp-content\/uploads\/2020\/07\/Sie\u0107-szlak\u00f3w-w-Holandii_cr.jpg\"><img loading=\"lazy\" decoding=\"async\" class=\"size-full wp-image-226\" src=\"http:\/\/rowerowycieszyn.pl\/wp-content\/uploads\/2020\/07\/Sie\u0107-szlak\u00f3w-w-Holandii_cr.jpg\" alt=\"Przyk\u0142adowy fragment holenderskiej sieci szlak\u00f3w rowerowych\" width=\"1243\" height=\"699\" srcset=\"https:\/\/rowerowycieszyn.pl\/wp-content\/uploads\/2020\/07\/Sie\u0107-szlak\u00f3w-w-Holandii_cr.jpg 1243w, https:\/\/rowerowycieszyn.pl\/wp-content\/uploads\/2020\/07\/Sie\u0107-szlak\u00f3w-w-Holandii_cr-300x169.jpg 300w, https:\/\/rowerowycieszyn.pl\/wp-content\/uploads\/2020\/07\/Sie\u0107-szlak\u00f3w-w-Holandii_cr-1024x576.jpg 1024w, https:\/\/rowerowycieszyn.pl\/wp-content\/uploads\/2020\/07\/Sie\u0107-szlak\u00f3w-w-Holandii_cr-768x432.jpg 768w\" sizes=\"auto, (max-width: 1243px) 100vw, 1243px\" \/><\/a><figcaption id=\"caption-attachment-226\" class=\"wp-caption-text\">Przyk\u0142adowy fragment holenderskiej sieci szlak\u00f3w rowerowych. \u0179r\u00f3d\u0142o: <a href=\"https:\/\/www.hollandcyclingroutes.com\/\">https:\/\/www.hollandcyclingroutes.com\/<\/a><\/figcaption><\/figure>\r\n<p><span style=\"font-size: 1rem;\">W czasie wycieczek rowerowych po Holandii cz\u0119sto mo\u017cna si\u0119 natkn\u0105\u0107 na cyklist\u00f3w z przypi\u0119t\u0105 do kierownicy ma\u0142\u0105 karteczk\u0105 z ci\u0105giem liczb w rodzaju 11, 13, 14, 8, 41,42, 11. Oznacza on, \u017ce podr\u00f3\u017cny zaczyna wycieczk\u0119 od w\u0119z\u0142a numer 11 kieruj\u0105c si\u0119 w stron\u0119 w\u0119z\u0142a numer 13. Stamt\u0105d rusza do numeru 14 i tak dalej. Za\u015b ca\u0142a trasa ko\u0144czy si\u0119 ponownie w w\u0119\u017ale numer 11. Warto te\u017c doda\u0107, \u017ce praktycznie w ka\u017cdym punkcie w\u0119z\u0142owym jest umieszczona tablica z map\u0105 ilustruj\u0105c\u0105 najbli\u017csz\u0105 okolic\u0119 a w szczeg\u00f3lno\u015bci pokazuj\u0105c\u0105 pobliskie w\u0119z\u0142y. Map\u0119 holenderskiej sieci mo\u017cna przegl\u0105da\u0107 na przyk\u0142ad na stronie <\/span><a style=\"font-size: 1rem;\" href=\"https:\/\/www.hollandcyclingroutes.com\/online-cycle-route-planner\">https:\/\/www.hollandcyclingroutes.com\/online-cycle-route-planner<\/a><span style=\"font-size: 1rem;\">.<\/span><\/p>\r\n<figure id=\"attachment_263\" aria-describedby=\"caption-attachment-263\" style=\"width: 1920px\" class=\"wp-caption alignnone\"><a href=\"http:\/\/rowerowycieszyn.pl\/wp-content\/uploads\/2020\/07\/P1170863_tn.jpg\"><img loading=\"lazy\" decoding=\"async\" class=\"size-full wp-image-263\" src=\"http:\/\/rowerowycieszyn.pl\/wp-content\/uploads\/2020\/07\/P1170863_tn.jpg\" alt=\"Skrzy\u017cowanie szlak\u00f3w rowerowych w Holandii\" width=\"1920\" height=\"1079\" srcset=\"https:\/\/rowerowycieszyn.pl\/wp-content\/uploads\/2020\/07\/P1170863_tn.jpg 1920w, https:\/\/rowerowycieszyn.pl\/wp-content\/uploads\/2020\/07\/P1170863_tn-300x169.jpg 300w, https:\/\/rowerowycieszyn.pl\/wp-content\/uploads\/2020\/07\/P1170863_tn-1024x575.jpg 1024w, https:\/\/rowerowycieszyn.pl\/wp-content\/uploads\/2020\/07\/P1170863_tn-768x432.jpg 768w, https:\/\/rowerowycieszyn.pl\/wp-content\/uploads\/2020\/07\/P1170863_tn-1536x863.jpg 1536w\" sizes=\"auto, (max-width: 1920px) 100vw, 1920px\" \/><\/a><figcaption id=\"caption-attachment-263\" class=\"wp-caption-text\">Jedno z wielu skrzy\u017cowa\u0144 szlak\u00f3w rowerowych w Holandii. Strza\u0142ki informuj\u0105 o numerach w\u0119z\u0142\u00f3w, do kt\u00f3rych prowadz\u0105 poszczeg\u00f3lne \u015bcie\u017cki.<\/figcaption><\/figure>\r\n\r\n\r\n\r\n<p>Nie potrzeba \u017cadnych kolor\u00f3w, \u017cadnych numer\u00f3w tras, bo tras\u0119 ka\u017cdy planuje sam. Co wi\u0119cej, gdy pojawi si\u0119 nowy odcinek dla rowerzyst\u00f3w, wystarczy doda\u0107 oznakowanie wskazuj\u0105ce numery po\u0142\u0105czonych tym odcinkiem w\u0119z\u0142\u00f3w i uzupe\u0142ni\u0107 mapy. Ca\u0142a struktura mo\u017ce si\u0119 wi\u0119c rozrasta\u0107 praktycznie w spos\u00f3b nieograniczony, bez obawy, \u017ce kiedy\u015b zabraknie kolor\u00f3w lub \u017ce jedn\u0105 \u015bcie\u017ck\u0105 zostanie poprowadzonych kilka szlak\u00f3w. W\u0119z\u0142owy system znakowania jest r\u00f3wnie\u017c bardzo przydatny w sytuacji, gdy zgubimy zaplanowan\u0105 tras\u0119. Wystarczy wtedy dotrze\u0107 do najbli\u017cszego w\u0119z\u0142a, w kt\u00f3ry sami mo\u017cemy zdecydowa\u0107, jak chcemy wr\u00f3ci\u0107 na wybrany szlak.<\/p>\r\n<figure id=\"attachment_227\" aria-describedby=\"caption-attachment-227\" style=\"width: 1920px\" class=\"wp-caption alignnone\"><a href=\"http:\/\/rowerowycieszyn.pl\/wp-content\/uploads\/2020\/07\/P1180591_cr_kor_tn.jpg\"><img loading=\"lazy\" decoding=\"async\" class=\"size-full wp-image-227\" src=\"http:\/\/rowerowycieszyn.pl\/wp-content\/uploads\/2020\/07\/P1180591_cr_kor_tn.jpg\" alt=\"Mapa w w\u0119\u017ale szlaku rowerowego w Holandii\" width=\"1920\" height=\"1080\" srcset=\"https:\/\/rowerowycieszyn.pl\/wp-content\/uploads\/2020\/07\/P1180591_cr_kor_tn.jpg 1920w, https:\/\/rowerowycieszyn.pl\/wp-content\/uploads\/2020\/07\/P1180591_cr_kor_tn-300x169.jpg 300w, https:\/\/rowerowycieszyn.pl\/wp-content\/uploads\/2020\/07\/P1180591_cr_kor_tn-1024x576.jpg 1024w, https:\/\/rowerowycieszyn.pl\/wp-content\/uploads\/2020\/07\/P1180591_cr_kor_tn-768x432.jpg 768w, https:\/\/rowerowycieszyn.pl\/wp-content\/uploads\/2020\/07\/P1180591_cr_kor_tn-1536x864.jpg 1536w\" sizes=\"auto, (max-width: 1920px) 100vw, 1920px\" \/><\/a><figcaption id=\"caption-attachment-227\" class=\"wp-caption-text\">Mapa\u00a0 po\u0142\u0105cze\u0144 w jednym z w\u0119z\u0142\u00f3w tras rowerowych w Holandii.<\/figcaption><\/figure>\r\n\r\n\r\n\r\n<p>Opisane rozwi\u0105zanie zaczyna si\u0119 popularyzowa\u0107 r\u00f3wnie\u017c w s\u0105siednich krajach, na przyk\u0142ad w Niemczech, czego dowodem poprzedzaj\u0105ce artyku\u0142 zdj\u0119cie, zrobione w okolicach Wittenberge nad \u0141ab\u0105. Mo\u017ce i u nas kiedy\u015b pojawi si\u0119 tak du\u017co szlak\u00f3w, \u017ce trzeba b\u0119dzie pomy\u015ble\u0107 o podobnym rozwi\u0105zaniu.<\/p>\r\n\r\n\r\n\r\n<p>&nbsp;<\/p>\r\n","protected":false},"excerpt":{"rendered":"<p>Ponowne odkrywanie Ameryki to czynno\u015b\u0107 zwykle bardzo przyjemna aczkolwiek nie zawsze efektywna. Wida\u0107 to szczeg\u00f3lnie po rozlicznych systemach znakowania tras rowerowych stosowanych w r\u00f3\u017cnych regionach Polski. Zwykle przyczyn\u0105 tej nieplanowanej&hellip; <\/p>\n","protected":false},"author":1,"featured_media":224,"comment_status":"open","ping_status":"open","sticky":false,"template":"","format":"standard","meta":{"footnotes":""},"categories":[5,1,10],"tags":[],"class_list":["post-218","post","type-post","status-publish","format-standard","has-post-thumbnail","hentry","category-artykuly","category-bez-kategorii","category-u-innych"],"yoast_head":"<!-- This site is optimized with the Yoast SEO plugin v27.3 - https:\/\/yoast.com\/product\/yoast-seo-wordpress\/ -->\n<title>Znakowanie tras rowerowych \u2013 kt\u00f3ry system lepszy? - Rowerowy Cieszyn<\/title>\n<meta name=\"description\" content=\"Znakowanie tras rowerowych w Cieszynie r\u00f3\u017cni si\u0119 po polskiej i czeskiej stronie, jednak oba rozwi\u0105zania maj\u0105 wady. Ciekawy pomys\u0142 proponuj\u0105 Holendrzy.\" \/>\n<meta name=\"robots\" content=\"index, follow, max-snippet:-1, max-image-preview:large, max-video-preview:-1\" \/>\n<link rel=\"canonical\" href=\"https:\/\/rowerowycieszyn.pl\/index.php\/2020\/07\/16\/znakowanie-tras-rowerowych-ktory-system-lepszy\/\" \/>\n<meta property=\"og:locale\" content=\"pl_PL\" \/>\n<meta property=\"og:type\" content=\"article\" \/>\n<meta property=\"og:title\" content=\"Znakowanie tras rowerowych \u2013 kt\u00f3ry system lepszy? - Rowerowy Cieszyn\" \/>\n<meta property=\"og:description\" content=\"Znakowanie tras rowerowych w Cieszynie r\u00f3\u017cni si\u0119 po polskiej i czeskiej stronie, jednak oba rozwi\u0105zania maj\u0105 wady. Ciekawy pomys\u0142 proponuj\u0105 Holendrzy.\" \/>\n<meta property=\"og:url\" content=\"https:\/\/rowerowycieszyn.pl\/index.php\/2020\/07\/16\/znakowanie-tras-rowerowych-ktory-system-lepszy\/\" \/>\n<meta property=\"og:site_name\" content=\"Rowerowy Cieszyn\" \/>\n<meta property=\"article:publisher\" content=\"https:\/\/www.facebook.com\/RowerowyCieszyn\" \/>\n<meta property=\"article:published_time\" content=\"2020-07-16T09:17:20+00:00\" \/>\n<meta property=\"article:modified_time\" content=\"2020-07-29T14:22:36+00:00\" \/>\n<meta property=\"og:image\" content=\"http:\/\/rowerowycieszyn.pl\/wp-content\/uploads\/2020\/07\/P1170282_cr_tn.jpg\" \/>\n\t<meta property=\"og:image:width\" content=\"1920\" \/>\n\t<meta property=\"og:image:height\" content=\"1080\" \/>\n\t<meta property=\"og:image:type\" content=\"image\/jpeg\" \/>\n<meta name=\"author\" content=\"Rowerowy Cieszyn\" \/>\n<meta name=\"twitter:card\" content=\"summary_large_image\" \/>\n<meta name=\"twitter:label1\" content=\"Napisane przez\" \/>\n\t<meta name=\"twitter:data1\" content=\"Rowerowy Cieszyn\" \/>\n\t<meta name=\"twitter:label2\" content=\"Szacowany czas czytania\" \/>\n\t<meta name=\"twitter:data2\" content=\"4 minuty\" \/>\n<script type=\"application\/ld+json\" class=\"yoast-schema-graph\">{\"@context\":\"https:\\\/\\\/schema.org\",\"@graph\":[{\"@type\":\"Article\",\"@id\":\"https:\\\/\\\/rowerowycieszyn.pl\\\/index.php\\\/2020\\\/07\\\/16\\\/znakowanie-tras-rowerowych-ktory-system-lepszy\\\/#article\",\"isPartOf\":{\"@id\":\"https:\\\/\\\/rowerowycieszyn.pl\\\/index.php\\\/2020\\\/07\\\/16\\\/znakowanie-tras-rowerowych-ktory-system-lepszy\\\/\"},\"author\":{\"name\":\"Rowerowy Cieszyn\",\"@id\":\"https:\\\/\\\/rowerowycieszyn.pl\\\/#\\\/schema\\\/person\\\/b698cee63b7405acd7e70007d7cc8b2a\"},\"headline\":\"Znakowanie tras rowerowych \u2013 kt\u00f3ry system lepszy?\",\"datePublished\":\"2020-07-16T09:17:20+00:00\",\"dateModified\":\"2020-07-29T14:22:36+00:00\",\"mainEntityOfPage\":{\"@id\":\"https:\\\/\\\/rowerowycieszyn.pl\\\/index.php\\\/2020\\\/07\\\/16\\\/znakowanie-tras-rowerowych-ktory-system-lepszy\\\/\"},\"wordCount\":874,\"commentCount\":0,\"publisher\":{\"@id\":\"https:\\\/\\\/rowerowycieszyn.pl\\\/#organization\"},\"image\":{\"@id\":\"https:\\\/\\\/rowerowycieszyn.pl\\\/index.php\\\/2020\\\/07\\\/16\\\/znakowanie-tras-rowerowych-ktory-system-lepszy\\\/#primaryimage\"},\"thumbnailUrl\":\"https:\\\/\\\/rowerowycieszyn.pl\\\/wp-content\\\/uploads\\\/2020\\\/07\\\/P1170282_cr_tn.jpg\",\"articleSection\":{\"0\":\"Artyku\u0142y\",\"2\":\"U innych\"},\"inLanguage\":\"pl-PL\",\"potentialAction\":[{\"@type\":\"CommentAction\",\"name\":\"Comment\",\"target\":[\"https:\\\/\\\/rowerowycieszyn.pl\\\/index.php\\\/2020\\\/07\\\/16\\\/znakowanie-tras-rowerowych-ktory-system-lepszy\\\/#respond\"]}]},{\"@type\":\"WebPage\",\"@id\":\"https:\\\/\\\/rowerowycieszyn.pl\\\/index.php\\\/2020\\\/07\\\/16\\\/znakowanie-tras-rowerowych-ktory-system-lepszy\\\/\",\"url\":\"https:\\\/\\\/rowerowycieszyn.pl\\\/index.php\\\/2020\\\/07\\\/16\\\/znakowanie-tras-rowerowych-ktory-system-lepszy\\\/\",\"name\":\"Znakowanie tras rowerowych \u2013 kt\u00f3ry system lepszy? - Rowerowy Cieszyn\",\"isPartOf\":{\"@id\":\"https:\\\/\\\/rowerowycieszyn.pl\\\/#website\"},\"primaryImageOfPage\":{\"@id\":\"https:\\\/\\\/rowerowycieszyn.pl\\\/index.php\\\/2020\\\/07\\\/16\\\/znakowanie-tras-rowerowych-ktory-system-lepszy\\\/#primaryimage\"},\"image\":{\"@id\":\"https:\\\/\\\/rowerowycieszyn.pl\\\/index.php\\\/2020\\\/07\\\/16\\\/znakowanie-tras-rowerowych-ktory-system-lepszy\\\/#primaryimage\"},\"thumbnailUrl\":\"https:\\\/\\\/rowerowycieszyn.pl\\\/wp-content\\\/uploads\\\/2020\\\/07\\\/P1170282_cr_tn.jpg\",\"datePublished\":\"2020-07-16T09:17:20+00:00\",\"dateModified\":\"2020-07-29T14:22:36+00:00\",\"description\":\"Znakowanie tras rowerowych w Cieszynie r\u00f3\u017cni si\u0119 po polskiej i czeskiej stronie, jednak oba rozwi\u0105zania maj\u0105 wady. Ciekawy pomys\u0142 proponuj\u0105 Holendrzy.\",\"breadcrumb\":{\"@id\":\"https:\\\/\\\/rowerowycieszyn.pl\\\/index.php\\\/2020\\\/07\\\/16\\\/znakowanie-tras-rowerowych-ktory-system-lepszy\\\/#breadcrumb\"},\"inLanguage\":\"pl-PL\",\"potentialAction\":[{\"@type\":\"ReadAction\",\"target\":[\"https:\\\/\\\/rowerowycieszyn.pl\\\/index.php\\\/2020\\\/07\\\/16\\\/znakowanie-tras-rowerowych-ktory-system-lepszy\\\/\"]}]},{\"@type\":\"ImageObject\",\"inLanguage\":\"pl-PL\",\"@id\":\"https:\\\/\\\/rowerowycieszyn.pl\\\/index.php\\\/2020\\\/07\\\/16\\\/znakowanie-tras-rowerowych-ktory-system-lepszy\\\/#primaryimage\",\"url\":\"https:\\\/\\\/rowerowycieszyn.pl\\\/wp-content\\\/uploads\\\/2020\\\/07\\\/P1170282_cr_tn.jpg\",\"contentUrl\":\"https:\\\/\\\/rowerowycieszyn.pl\\\/wp-content\\\/uploads\\\/2020\\\/07\\\/P1170282_cr_tn.jpg\",\"width\":1920,\"height\":1080,\"caption\":\"Przyk\u0142ad sieciowego oznakowania szlak\u00f3w rowerowych w okolicach Wittenberge nad \u0141ab\u0105, Niemcy\"},{\"@type\":\"BreadcrumbList\",\"@id\":\"https:\\\/\\\/rowerowycieszyn.pl\\\/index.php\\\/2020\\\/07\\\/16\\\/znakowanie-tras-rowerowych-ktory-system-lepszy\\\/#breadcrumb\",\"itemListElement\":[{\"@type\":\"ListItem\",\"position\":1,\"name\":\"Home\",\"item\":\"https:\\\/\\\/rowerowycieszyn.pl\\\/\"},{\"@type\":\"ListItem\",\"position\":2,\"name\":\"Znakowanie tras rowerowych \u2013 kt\u00f3ry system lepszy?\"}]},{\"@type\":\"WebSite\",\"@id\":\"https:\\\/\\\/rowerowycieszyn.pl\\\/#website\",\"url\":\"https:\\\/\\\/rowerowycieszyn.pl\\\/\",\"name\":\"Rowerowy Cieszyn\",\"description\":\"Strona promuj\u0105ca komunikacj\u0119 oraz turystyk\u0119 rowerow\u0105 na terenie Cieszyna i okolic.\",\"publisher\":{\"@id\":\"https:\\\/\\\/rowerowycieszyn.pl\\\/#organization\"},\"potentialAction\":[{\"@type\":\"SearchAction\",\"target\":{\"@type\":\"EntryPoint\",\"urlTemplate\":\"https:\\\/\\\/rowerowycieszyn.pl\\\/?s={search_term_string}\"},\"query-input\":{\"@type\":\"PropertyValueSpecification\",\"valueRequired\":true,\"valueName\":\"search_term_string\"}}],\"inLanguage\":\"pl-PL\"},{\"@type\":\"Organization\",\"@id\":\"https:\\\/\\\/rowerowycieszyn.pl\\\/#organization\",\"name\":\"Rowerowy Cieszyn\",\"url\":\"https:\\\/\\\/rowerowycieszyn.pl\\\/\",\"logo\":{\"@type\":\"ImageObject\",\"inLanguage\":\"pl-PL\",\"@id\":\"https:\\\/\\\/rowerowycieszyn.pl\\\/#\\\/schema\\\/logo\\\/image\\\/\",\"url\":\"https:\\\/\\\/rowerowycieszyn.pl\\\/wp-content\\\/uploads\\\/2020\\\/07\\\/cropped-rower1_cr_tn-1.jpg\",\"contentUrl\":\"https:\\\/\\\/rowerowycieszyn.pl\\\/wp-content\\\/uploads\\\/2020\\\/07\\\/cropped-rower1_cr_tn-1.jpg\",\"width\":250,\"height\":100,\"caption\":\"Rowerowy Cieszyn\"},\"image\":{\"@id\":\"https:\\\/\\\/rowerowycieszyn.pl\\\/#\\\/schema\\\/logo\\\/image\\\/\"},\"sameAs\":[\"https:\\\/\\\/www.facebook.com\\\/RowerowyCieszyn\"]},{\"@type\":\"Person\",\"@id\":\"https:\\\/\\\/rowerowycieszyn.pl\\\/#\\\/schema\\\/person\\\/b698cee63b7405acd7e70007d7cc8b2a\",\"name\":\"Rowerowy Cieszyn\",\"image\":{\"@type\":\"ImageObject\",\"inLanguage\":\"pl-PL\",\"@id\":\"https:\\\/\\\/secure.gravatar.com\\\/avatar\\\/1aef2c80bb06ccee0d820e4116589968d6d5c57310499f9271d42a4f7c5ffb3a?s=96&d=mm&r=g\",\"url\":\"https:\\\/\\\/secure.gravatar.com\\\/avatar\\\/1aef2c80bb06ccee0d820e4116589968d6d5c57310499f9271d42a4f7c5ffb3a?s=96&d=mm&r=g\",\"contentUrl\":\"https:\\\/\\\/secure.gravatar.com\\\/avatar\\\/1aef2c80bb06ccee0d820e4116589968d6d5c57310499f9271d42a4f7c5ffb3a?s=96&d=mm&r=g\",\"caption\":\"Rowerowy Cieszyn\"},\"sameAs\":[\"http:\\\/\\\/rowerowycieszyn.pl\"],\"url\":\"https:\\\/\\\/rowerowycieszyn.pl\\\/index.php\\\/author\\\/pstoklosa\\\/\"}]}<\/script>\n<!-- \/ Yoast SEO plugin. -->","yoast_head_json":{"title":"Znakowanie tras rowerowych \u2013 kt\u00f3ry system lepszy? - Rowerowy Cieszyn","description":"Znakowanie tras rowerowych w Cieszynie r\u00f3\u017cni si\u0119 po polskiej i czeskiej stronie, jednak oba rozwi\u0105zania maj\u0105 wady. Ciekawy pomys\u0142 proponuj\u0105 Holendrzy.","robots":{"index":"index","follow":"follow","max-snippet":"max-snippet:-1","max-image-preview":"max-image-preview:large","max-video-preview":"max-video-preview:-1"},"canonical":"https:\/\/rowerowycieszyn.pl\/index.php\/2020\/07\/16\/znakowanie-tras-rowerowych-ktory-system-lepszy\/","og_locale":"pl_PL","og_type":"article","og_title":"Znakowanie tras rowerowych \u2013 kt\u00f3ry system lepszy? - Rowerowy Cieszyn","og_description":"Znakowanie tras rowerowych w Cieszynie r\u00f3\u017cni si\u0119 po polskiej i czeskiej stronie, jednak oba rozwi\u0105zania maj\u0105 wady. Ciekawy pomys\u0142 proponuj\u0105 Holendrzy.","og_url":"https:\/\/rowerowycieszyn.pl\/index.php\/2020\/07\/16\/znakowanie-tras-rowerowych-ktory-system-lepszy\/","og_site_name":"Rowerowy Cieszyn","article_publisher":"https:\/\/www.facebook.com\/RowerowyCieszyn","article_published_time":"2020-07-16T09:17:20+00:00","article_modified_time":"2020-07-29T14:22:36+00:00","og_image":[{"width":1920,"height":1080,"url":"http:\/\/rowerowycieszyn.pl\/wp-content\/uploads\/2020\/07\/P1170282_cr_tn.jpg","type":"image\/jpeg"}],"author":"Rowerowy Cieszyn","twitter_card":"summary_large_image","twitter_misc":{"Napisane przez":"Rowerowy Cieszyn","Szacowany czas czytania":"4 minuty"},"schema":{"@context":"https:\/\/schema.org","@graph":[{"@type":"Article","@id":"https:\/\/rowerowycieszyn.pl\/index.php\/2020\/07\/16\/znakowanie-tras-rowerowych-ktory-system-lepszy\/#article","isPartOf":{"@id":"https:\/\/rowerowycieszyn.pl\/index.php\/2020\/07\/16\/znakowanie-tras-rowerowych-ktory-system-lepszy\/"},"author":{"name":"Rowerowy Cieszyn","@id":"https:\/\/rowerowycieszyn.pl\/#\/schema\/person\/b698cee63b7405acd7e70007d7cc8b2a"},"headline":"Znakowanie tras rowerowych \u2013 kt\u00f3ry system lepszy?","datePublished":"2020-07-16T09:17:20+00:00","dateModified":"2020-07-29T14:22:36+00:00","mainEntityOfPage":{"@id":"https:\/\/rowerowycieszyn.pl\/index.php\/2020\/07\/16\/znakowanie-tras-rowerowych-ktory-system-lepszy\/"},"wordCount":874,"commentCount":0,"publisher":{"@id":"https:\/\/rowerowycieszyn.pl\/#organization"},"image":{"@id":"https:\/\/rowerowycieszyn.pl\/index.php\/2020\/07\/16\/znakowanie-tras-rowerowych-ktory-system-lepszy\/#primaryimage"},"thumbnailUrl":"https:\/\/rowerowycieszyn.pl\/wp-content\/uploads\/2020\/07\/P1170282_cr_tn.jpg","articleSection":{"0":"Artyku\u0142y","2":"U innych"},"inLanguage":"pl-PL","potentialAction":[{"@type":"CommentAction","name":"Comment","target":["https:\/\/rowerowycieszyn.pl\/index.php\/2020\/07\/16\/znakowanie-tras-rowerowych-ktory-system-lepszy\/#respond"]}]},{"@type":"WebPage","@id":"https:\/\/rowerowycieszyn.pl\/index.php\/2020\/07\/16\/znakowanie-tras-rowerowych-ktory-system-lepszy\/","url":"https:\/\/rowerowycieszyn.pl\/index.php\/2020\/07\/16\/znakowanie-tras-rowerowych-ktory-system-lepszy\/","name":"Znakowanie tras rowerowych \u2013 kt\u00f3ry system lepszy? - Rowerowy Cieszyn","isPartOf":{"@id":"https:\/\/rowerowycieszyn.pl\/#website"},"primaryImageOfPage":{"@id":"https:\/\/rowerowycieszyn.pl\/index.php\/2020\/07\/16\/znakowanie-tras-rowerowych-ktory-system-lepszy\/#primaryimage"},"image":{"@id":"https:\/\/rowerowycieszyn.pl\/index.php\/2020\/07\/16\/znakowanie-tras-rowerowych-ktory-system-lepszy\/#primaryimage"},"thumbnailUrl":"https:\/\/rowerowycieszyn.pl\/wp-content\/uploads\/2020\/07\/P1170282_cr_tn.jpg","datePublished":"2020-07-16T09:17:20+00:00","dateModified":"2020-07-29T14:22:36+00:00","description":"Znakowanie tras rowerowych w Cieszynie r\u00f3\u017cni si\u0119 po polskiej i czeskiej stronie, jednak oba rozwi\u0105zania maj\u0105 wady. Ciekawy pomys\u0142 proponuj\u0105 Holendrzy.","breadcrumb":{"@id":"https:\/\/rowerowycieszyn.pl\/index.php\/2020\/07\/16\/znakowanie-tras-rowerowych-ktory-system-lepszy\/#breadcrumb"},"inLanguage":"pl-PL","potentialAction":[{"@type":"ReadAction","target":["https:\/\/rowerowycieszyn.pl\/index.php\/2020\/07\/16\/znakowanie-tras-rowerowych-ktory-system-lepszy\/"]}]},{"@type":"ImageObject","inLanguage":"pl-PL","@id":"https:\/\/rowerowycieszyn.pl\/index.php\/2020\/07\/16\/znakowanie-tras-rowerowych-ktory-system-lepszy\/#primaryimage","url":"https:\/\/rowerowycieszyn.pl\/wp-content\/uploads\/2020\/07\/P1170282_cr_tn.jpg","contentUrl":"https:\/\/rowerowycieszyn.pl\/wp-content\/uploads\/2020\/07\/P1170282_cr_tn.jpg","width":1920,"height":1080,"caption":"Przyk\u0142ad sieciowego oznakowania szlak\u00f3w rowerowych w okolicach Wittenberge nad \u0141ab\u0105, Niemcy"},{"@type":"BreadcrumbList","@id":"https:\/\/rowerowycieszyn.pl\/index.php\/2020\/07\/16\/znakowanie-tras-rowerowych-ktory-system-lepszy\/#breadcrumb","itemListElement":[{"@type":"ListItem","position":1,"name":"Home","item":"https:\/\/rowerowycieszyn.pl\/"},{"@type":"ListItem","position":2,"name":"Znakowanie tras rowerowych \u2013 kt\u00f3ry system lepszy?"}]},{"@type":"WebSite","@id":"https:\/\/rowerowycieszyn.pl\/#website","url":"https:\/\/rowerowycieszyn.pl\/","name":"Rowerowy Cieszyn","description":"Strona promuj\u0105ca komunikacj\u0119 oraz turystyk\u0119 rowerow\u0105 na terenie Cieszyna i okolic.","publisher":{"@id":"https:\/\/rowerowycieszyn.pl\/#organization"},"potentialAction":[{"@type":"SearchAction","target":{"@type":"EntryPoint","urlTemplate":"https:\/\/rowerowycieszyn.pl\/?s={search_term_string}"},"query-input":{"@type":"PropertyValueSpecification","valueRequired":true,"valueName":"search_term_string"}}],"inLanguage":"pl-PL"},{"@type":"Organization","@id":"https:\/\/rowerowycieszyn.pl\/#organization","name":"Rowerowy Cieszyn","url":"https:\/\/rowerowycieszyn.pl\/","logo":{"@type":"ImageObject","inLanguage":"pl-PL","@id":"https:\/\/rowerowycieszyn.pl\/#\/schema\/logo\/image\/","url":"https:\/\/rowerowycieszyn.pl\/wp-content\/uploads\/2020\/07\/cropped-rower1_cr_tn-1.jpg","contentUrl":"https:\/\/rowerowycieszyn.pl\/wp-content\/uploads\/2020\/07\/cropped-rower1_cr_tn-1.jpg","width":250,"height":100,"caption":"Rowerowy Cieszyn"},"image":{"@id":"https:\/\/rowerowycieszyn.pl\/#\/schema\/logo\/image\/"},"sameAs":["https:\/\/www.facebook.com\/RowerowyCieszyn"]},{"@type":"Person","@id":"https:\/\/rowerowycieszyn.pl\/#\/schema\/person\/b698cee63b7405acd7e70007d7cc8b2a","name":"Rowerowy Cieszyn","image":{"@type":"ImageObject","inLanguage":"pl-PL","@id":"https:\/\/secure.gravatar.com\/avatar\/1aef2c80bb06ccee0d820e4116589968d6d5c57310499f9271d42a4f7c5ffb3a?s=96&d=mm&r=g","url":"https:\/\/secure.gravatar.com\/avatar\/1aef2c80bb06ccee0d820e4116589968d6d5c57310499f9271d42a4f7c5ffb3a?s=96&d=mm&r=g","contentUrl":"https:\/\/secure.gravatar.com\/avatar\/1aef2c80bb06ccee0d820e4116589968d6d5c57310499f9271d42a4f7c5ffb3a?s=96&d=mm&r=g","caption":"Rowerowy Cieszyn"},"sameAs":["http:\/\/rowerowycieszyn.pl"],"url":"https:\/\/rowerowycieszyn.pl\/index.php\/author\/pstoklosa\/"}]}},"_links":{"self":[{"href":"https:\/\/rowerowycieszyn.pl\/index.php\/wp-json\/wp\/v2\/posts\/218","targetHints":{"allow":["GET"]}}],"collection":[{"href":"https:\/\/rowerowycieszyn.pl\/index.php\/wp-json\/wp\/v2\/posts"}],"about":[{"href":"https:\/\/rowerowycieszyn.pl\/index.php\/wp-json\/wp\/v2\/types\/post"}],"author":[{"embeddable":true,"href":"https:\/\/rowerowycieszyn.pl\/index.php\/wp-json\/wp\/v2\/users\/1"}],"replies":[{"embeddable":true,"href":"https:\/\/rowerowycieszyn.pl\/index.php\/wp-json\/wp\/v2\/comments?post=218"}],"version-history":[{"count":19,"href":"https:\/\/rowerowycieszyn.pl\/index.php\/wp-json\/wp\/v2\/posts\/218\/revisions"}],"predecessor-version":[{"id":265,"href":"https:\/\/rowerowycieszyn.pl\/index.php\/wp-json\/wp\/v2\/posts\/218\/revisions\/265"}],"wp:featuredmedia":[{"embeddable":true,"href":"https:\/\/rowerowycieszyn.pl\/index.php\/wp-json\/wp\/v2\/media\/224"}],"wp:attachment":[{"href":"https:\/\/rowerowycieszyn.pl\/index.php\/wp-json\/wp\/v2\/media?parent=218"}],"wp:term":[{"taxonomy":"category","embeddable":true,"href":"https:\/\/rowerowycieszyn.pl\/index.php\/wp-json\/wp\/v2\/categories?post=218"},{"taxonomy":"post_tag","embeddable":true,"href":"https:\/\/rowerowycieszyn.pl\/index.php\/wp-json\/wp\/v2\/tags?post=218"}],"curies":[{"name":"wp","href":"https:\/\/api.w.org\/{rel}","templated":true}]}}