{"id":2288,"date":"2024-04-11T09:23:00","date_gmt":"2024-04-11T07:23:00","guid":{"rendered":"https:\/\/rowerowycieszyn.pl\/?p=2288"},"modified":"2024-05-21T15:34:42","modified_gmt":"2024-05-21T13:34:42","slug":"kontrowersje-wokol-drogi-dla-rowerow-na-ul-mickiewicza","status":"publish","type":"post","link":"https:\/\/rowerowycieszyn.pl\/index.php\/2024\/04\/11\/kontrowersje-wokol-drogi-dla-rowerow-na-ul-mickiewicza\/","title":{"rendered":"Kontrowersje wok\u00f3\u0142 drogi dla rower\u00f3w na ul. Mickiewicza"},"content":{"rendered":"<p>Od kilku dni mo\u017cna ju\u017c je\u017adzi\u0107 przebudowan\u0105 ulic\u0105 Mickiewicza. Ta inwestycja od pocz\u0105tku budzi\u0142a wiele w\u0105tpliwo\u015bci. Dotyczy\u0142y one mi\u0119dzy innymi zaprojektowanej \u015bcie\u017cki rowerowej przy jednoczesnym braku chodnika. Pytania w tej sprawie kierowano r\u00f3wnie\u017c do Rowerowy Cieszyn. Dlatego postanowili\u015bmy przedstawi\u0107 nasze stanowisko w tej sprawie.<\/p>\n<p>Trudno ocenia\u0107 nam przydatno\u015b\u0107 tej inwestycji z punktu widzenia korzy\u015bci dla ruchu samochodowego, poniewa\u017c nie dysponujemy analizami (o ile takie istniej\u0105), kt\u00f3re wskazywa\u0142yby na potrzeb\u0119 wybudowania w tym miejscu dwukierunkowej ulicy dla samochod\u00f3w. Mo\u017cemy jednak wypowiedzie\u0107 si\u0119 z perspektywy rowerzysty.<\/p>\n<p>Po pierwsze, powsta\u0142y DDR jest kolejnym przyk\u0142adem braku sp\u00f3jno\u015bci sieci rowerowej w Cieszynie \u2013 \u015bcie\u017cka nie \u0142\u0105czy istniej\u0105cej ju\u017c infrastruktury a tym samym w bardzo niewielkim stopniu wp\u0142ywa na popraw\u0119 bezpiecze\u0144stwa komunikacji rowerowej w naszym mie\u015bcie.<\/p>\n<p>Po drugie, ten odcinek jest prawdopodobnie rekordem wojew\u00f3dztwa pod wzgl\u0119dem stopnia nachylenia drogi dla rower\u00f3w \u2013 na ca\u0142ym 580 metrowym odcinku \u015brednie nachylenie wynosi 11% a w niekt\u00f3rych miejscach zbli\u017ca si\u0119 do 16%. Oznacza to, \u017ce pokonuj\u0105c t\u0119 tras\u0119 jednocze\u015bnie wspinamy si\u0119 na wysoko\u015b\u0107 65 metr\u00f3w wzgl\u0119dem punktu startowego, czyli al. \u0141yska. Jak na parametry miejskiej \u015bcie\u017cki rowerowej to bardzo du\u017co.<\/p>\n<p>Po trzecie, \u015bcie\u017cka na ul. Mickiewicza ma niewielki potencja\u0142 generowania ruchu rowerowego. Nawet gdyby w przysz\u0142o\u015bci (na co si\u0119 obecnie nie zanosi) powsta\u0142a infrastruktura, kt\u00f3ra zintegruje ten odcinek z innymi drogami rowerowymi, to nie b\u0119dzie on \u0142\u0105czy\u0142 z sob\u0105 wa\u017cnych punkt\u00f3w naszego miasta. Z za\u0142o\u017cenia tego typu trasy powinny komunikowa\u0107 dzielnice o du\u017cym zaludnieniu z wa\u017cnymi obiektami u\u017cyteczno\u015bci publicznej, takimi jak urz\u0119dy, miejsca pracy czy szko\u0142y. DDR na ul. Mickiewicza nie spe\u0142nia tych kryteri\u00f3w, co oznacza, \u017ce z tej trasy b\u0119dzie korzysta\u0107 niewielka liczba rowerzyst\u00f3w. Stanie si\u0119 ona u\u0142atwieniem co najwy\u017cej dla os\u00f3b chc\u0105cych dotrze\u0107 z osiedla Podg\u00f3rze w okolice teren\u00f3w rekreacyjnych nad Olz\u0105.<\/p>\n<p>Po czwarte, nie skorzystaj\u0105 z niej r\u00f3wnie\u017c rowerzy\u015bci tranzytowi przemieszczaj\u0105cy si\u0119 mi\u0119dzy Pu\u0144cowem a centrum Cieszyna. Tu kluczowym argumentem jest opisany powy\u017cej problem trzeci, czyli przewy\u017cszenia. Tylko posiadacze rower\u00f3w elektrycznych i wielbiciele stromizn jad\u0105cy na przyk\u0142ad z Dzi\u0119gielowa na cieszy\u0144ski rynek b\u0119d\u0105 zainteresowani wspinaniem si\u0119 na jedno z najwy\u017cszych wzniesie\u0144 Cieszyna, by ju\u017c za chwil\u0119 w\u015br\u00f3d licznych samochod\u00f3w grza\u0107 hamulce zje\u017cd\u017caj\u0105c ulic\u0105 Pu\u0144cowsk\u0105 i G\u00f3rn\u0105. Wi\u0119kszo\u015b\u0107 wybierze wygodniejszy dojazd wzd\u0142u\u017c alei \u0141yska.<\/p>\n<p>Dlaczego drogi dla rower\u00f3w powstaj\u0105 nie tam, gdzie s\u0105 najbardziej potrzebne? Pisali\u015bmy o tym w naszym <a href=\"https:\/\/rowerowycieszyn.pl\/index.php\/2024\/03\/25\/co-tam-panie-w-polityce-rowerowej-podsumowanie-mijajacej-kadencji-cieszynskiego-samorzadu\/\">raporcie z podsumowania ostatniej kadencji samorz\u0105du<\/a>. Je\u017celi natomiast mowa o ul. Mickiewicza, to rozs\u0105dnym rozwi\u0105zaniem obecnego problemu wydaje si\u0119 przekszta\u0142cenie powsta\u0142ego tam DDRu w CPR a jeszcze lepiej w zwyk\u0142y chodnik z dopuszczeniem ruchu rowerowego. Dzi\u0119ki temu nieliczni rowerzy\u015bci, kt\u00f3ry pojawi\u0105 si\u0119 na tej ulicy, b\u0119d\u0105 mogli, ale nie b\u0119d\u0105 musieli porusza\u0107 si\u0119 chodnikiem. Skorzystaj\u0105 wszyscy.<\/p>\n<p style=\"text-align: right;\">Piotr Stok\u0142osa<\/p>\n","protected":false},"excerpt":{"rendered":"<p>Od kilku dni mo\u017cna ju\u017c je\u017adzi\u0107 przebudowan\u0105 ulic\u0105 Mickiewicza. Ta inwestycja od pocz\u0105tku budzi\u0142a wiele w\u0105tpliwo\u015bci. Dotyczy\u0142y one mi\u0119dzy innymi zaprojektowanej \u015bcie\u017cki rowerowej przy jednoczesnym braku chodnika. Pytania w tej&hellip; <\/p>\n","protected":false},"author":1,"featured_media":2269,"comment_status":"open","ping_status":"open","sticky":false,"template":"","format":"standard","meta":{"footnotes":""},"categories":[9,5],"tags":[16,38],"class_list":["post-2288","post","type-post","status-publish","format-standard","has-post-thumbnail","hentry","category-aktualnosci","category-artykuly","tag-droga-dla-rowerow","tag-mickiewicza"],"yoast_head":"<!-- This site is optimized with the Yoast SEO plugin v27.3 - https:\/\/yoast.com\/product\/yoast-seo-wordpress\/ -->\n<title>Kontrowersje wok\u00f3\u0142 drogi dla rower\u00f3w na ul. Mickiewicza - Rowerowy Cieszyn<\/title>\n<meta name=\"description\" content=\"Kontrowersje wok\u00f3\u0142 drogi dla rower\u00f3w na ul. Mickiewicza. Dlaczego w tym miejscu nie ma chodnika i jak poprawi\u0107 t\u0119 sytuacj\u0119.\" \/>\n<meta name=\"robots\" content=\"index, follow, max-snippet:-1, max-image-preview:large, max-video-preview:-1\" \/>\n<link rel=\"canonical\" href=\"https:\/\/rowerowycieszyn.pl\/index.php\/2024\/04\/11\/kontrowersje-wokol-drogi-dla-rowerow-na-ul-mickiewicza\/\" \/>\n<meta property=\"og:locale\" content=\"pl_PL\" \/>\n<meta property=\"og:type\" content=\"article\" \/>\n<meta property=\"og:title\" content=\"Kontrowersje wok\u00f3\u0142 drogi dla rower\u00f3w na ul. Mickiewicza - Rowerowy Cieszyn\" \/>\n<meta property=\"og:description\" content=\"Kontrowersje wok\u00f3\u0142 drogi dla rower\u00f3w na ul. Mickiewicza. Dlaczego w tym miejscu nie ma chodnika i jak poprawi\u0107 t\u0119 sytuacj\u0119.\" \/>\n<meta property=\"og:url\" content=\"https:\/\/rowerowycieszyn.pl\/index.php\/2024\/04\/11\/kontrowersje-wokol-drogi-dla-rowerow-na-ul-mickiewicza\/\" \/>\n<meta property=\"og:site_name\" content=\"Rowerowy Cieszyn\" \/>\n<meta property=\"article:publisher\" content=\"https:\/\/www.facebook.com\/RowerowyCieszyn\" \/>\n<meta property=\"article:published_time\" content=\"2024-04-11T07:23:00+00:00\" \/>\n<meta property=\"article:modified_time\" content=\"2024-05-21T13:34:42+00:00\" \/>\n<meta property=\"og:image\" content=\"http:\/\/rowerowycieszyn.pl\/wp-content\/uploads\/2024\/03\/P1390466_tn.jpg\" \/>\n\t<meta property=\"og:image:width\" content=\"1920\" \/>\n\t<meta property=\"og:image:height\" content=\"1280\" \/>\n\t<meta property=\"og:image:type\" content=\"image\/jpeg\" \/>\n<meta name=\"author\" content=\"Rowerowy Cieszyn\" \/>\n<meta name=\"twitter:card\" content=\"summary_large_image\" \/>\n<meta name=\"twitter:label1\" content=\"Napisane przez\" \/>\n\t<meta name=\"twitter:data1\" content=\"Rowerowy Cieszyn\" \/>\n\t<meta name=\"twitter:label2\" content=\"Szacowany czas czytania\" \/>\n\t<meta name=\"twitter:data2\" content=\"3 minuty\" \/>\n<script type=\"application\/ld+json\" class=\"yoast-schema-graph\">{\"@context\":\"https:\\\/\\\/schema.org\",\"@graph\":[{\"@type\":\"Article\",\"@id\":\"https:\\\/\\\/rowerowycieszyn.pl\\\/index.php\\\/2024\\\/04\\\/11\\\/kontrowersje-wokol-drogi-dla-rowerow-na-ul-mickiewicza\\\/#article\",\"isPartOf\":{\"@id\":\"https:\\\/\\\/rowerowycieszyn.pl\\\/index.php\\\/2024\\\/04\\\/11\\\/kontrowersje-wokol-drogi-dla-rowerow-na-ul-mickiewicza\\\/\"},\"author\":{\"name\":\"Rowerowy Cieszyn\",\"@id\":\"https:\\\/\\\/rowerowycieszyn.pl\\\/#\\\/schema\\\/person\\\/b698cee63b7405acd7e70007d7cc8b2a\"},\"headline\":\"Kontrowersje wok\u00f3\u0142 drogi dla rower\u00f3w na ul. Mickiewicza\",\"datePublished\":\"2024-04-11T07:23:00+00:00\",\"dateModified\":\"2024-05-21T13:34:42+00:00\",\"mainEntityOfPage\":{\"@id\":\"https:\\\/\\\/rowerowycieszyn.pl\\\/index.php\\\/2024\\\/04\\\/11\\\/kontrowersje-wokol-drogi-dla-rowerow-na-ul-mickiewicza\\\/\"},\"wordCount\":536,\"commentCount\":1,\"publisher\":{\"@id\":\"https:\\\/\\\/rowerowycieszyn.pl\\\/#organization\"},\"image\":{\"@id\":\"https:\\\/\\\/rowerowycieszyn.pl\\\/index.php\\\/2024\\\/04\\\/11\\\/kontrowersje-wokol-drogi-dla-rowerow-na-ul-mickiewicza\\\/#primaryimage\"},\"thumbnailUrl\":\"https:\\\/\\\/rowerowycieszyn.pl\\\/wp-content\\\/uploads\\\/2024\\\/03\\\/P1390466_tn.jpg\",\"keywords\":[\"droga dla rower\u00f3w\",\"Mickiewicza\"],\"articleSection\":[\"Aktualno\u015bci\",\"Artyku\u0142y\"],\"inLanguage\":\"pl-PL\",\"potentialAction\":[{\"@type\":\"CommentAction\",\"name\":\"Comment\",\"target\":[\"https:\\\/\\\/rowerowycieszyn.pl\\\/index.php\\\/2024\\\/04\\\/11\\\/kontrowersje-wokol-drogi-dla-rowerow-na-ul-mickiewicza\\\/#respond\"]}]},{\"@type\":\"WebPage\",\"@id\":\"https:\\\/\\\/rowerowycieszyn.pl\\\/index.php\\\/2024\\\/04\\\/11\\\/kontrowersje-wokol-drogi-dla-rowerow-na-ul-mickiewicza\\\/\",\"url\":\"https:\\\/\\\/rowerowycieszyn.pl\\\/index.php\\\/2024\\\/04\\\/11\\\/kontrowersje-wokol-drogi-dla-rowerow-na-ul-mickiewicza\\\/\",\"name\":\"Kontrowersje wok\u00f3\u0142 drogi dla rower\u00f3w na ul. Mickiewicza - Rowerowy Cieszyn\",\"isPartOf\":{\"@id\":\"https:\\\/\\\/rowerowycieszyn.pl\\\/#website\"},\"primaryImageOfPage\":{\"@id\":\"https:\\\/\\\/rowerowycieszyn.pl\\\/index.php\\\/2024\\\/04\\\/11\\\/kontrowersje-wokol-drogi-dla-rowerow-na-ul-mickiewicza\\\/#primaryimage\"},\"image\":{\"@id\":\"https:\\\/\\\/rowerowycieszyn.pl\\\/index.php\\\/2024\\\/04\\\/11\\\/kontrowersje-wokol-drogi-dla-rowerow-na-ul-mickiewicza\\\/#primaryimage\"},\"thumbnailUrl\":\"https:\\\/\\\/rowerowycieszyn.pl\\\/wp-content\\\/uploads\\\/2024\\\/03\\\/P1390466_tn.jpg\",\"datePublished\":\"2024-04-11T07:23:00+00:00\",\"dateModified\":\"2024-05-21T13:34:42+00:00\",\"description\":\"Kontrowersje wok\u00f3\u0142 drogi dla rower\u00f3w na ul. Mickiewicza. Dlaczego w tym miejscu nie ma chodnika i jak poprawi\u0107 t\u0119 sytuacj\u0119.\",\"breadcrumb\":{\"@id\":\"https:\\\/\\\/rowerowycieszyn.pl\\\/index.php\\\/2024\\\/04\\\/11\\\/kontrowersje-wokol-drogi-dla-rowerow-na-ul-mickiewicza\\\/#breadcrumb\"},\"inLanguage\":\"pl-PL\",\"potentialAction\":[{\"@type\":\"ReadAction\",\"target\":[\"https:\\\/\\\/rowerowycieszyn.pl\\\/index.php\\\/2024\\\/04\\\/11\\\/kontrowersje-wokol-drogi-dla-rowerow-na-ul-mickiewicza\\\/\"]}]},{\"@type\":\"ImageObject\",\"inLanguage\":\"pl-PL\",\"@id\":\"https:\\\/\\\/rowerowycieszyn.pl\\\/index.php\\\/2024\\\/04\\\/11\\\/kontrowersje-wokol-drogi-dla-rowerow-na-ul-mickiewicza\\\/#primaryimage\",\"url\":\"https:\\\/\\\/rowerowycieszyn.pl\\\/wp-content\\\/uploads\\\/2024\\\/03\\\/P1390466_tn.jpg\",\"contentUrl\":\"https:\\\/\\\/rowerowycieszyn.pl\\\/wp-content\\\/uploads\\\/2024\\\/03\\\/P1390466_tn.jpg\",\"width\":1920,\"height\":1280,\"caption\":\"\u015awie\u017co wykonana droga dla rower\u00f3w na ul. Mickiewicza. Miejscami nachylenie przekracza 12%, co sprawia, \u017ce to prawdopodobnie najstromszy DDR w wojew\u00f3dztwie.\"},{\"@type\":\"BreadcrumbList\",\"@id\":\"https:\\\/\\\/rowerowycieszyn.pl\\\/index.php\\\/2024\\\/04\\\/11\\\/kontrowersje-wokol-drogi-dla-rowerow-na-ul-mickiewicza\\\/#breadcrumb\",\"itemListElement\":[{\"@type\":\"ListItem\",\"position\":1,\"name\":\"Home\",\"item\":\"https:\\\/\\\/rowerowycieszyn.pl\\\/\"},{\"@type\":\"ListItem\",\"position\":2,\"name\":\"Kontrowersje wok\u00f3\u0142 drogi dla rower\u00f3w na ul. Mickiewicza\"}]},{\"@type\":\"WebSite\",\"@id\":\"https:\\\/\\\/rowerowycieszyn.pl\\\/#website\",\"url\":\"https:\\\/\\\/rowerowycieszyn.pl\\\/\",\"name\":\"Rowerowy Cieszyn\",\"description\":\"Strona promuj\u0105ca komunikacj\u0119 oraz turystyk\u0119 rowerow\u0105 na terenie Cieszyna i okolic.\",\"publisher\":{\"@id\":\"https:\\\/\\\/rowerowycieszyn.pl\\\/#organization\"},\"potentialAction\":[{\"@type\":\"SearchAction\",\"target\":{\"@type\":\"EntryPoint\",\"urlTemplate\":\"https:\\\/\\\/rowerowycieszyn.pl\\\/?s={search_term_string}\"},\"query-input\":{\"@type\":\"PropertyValueSpecification\",\"valueRequired\":true,\"valueName\":\"search_term_string\"}}],\"inLanguage\":\"pl-PL\"},{\"@type\":\"Organization\",\"@id\":\"https:\\\/\\\/rowerowycieszyn.pl\\\/#organization\",\"name\":\"Rowerowy Cieszyn\",\"url\":\"https:\\\/\\\/rowerowycieszyn.pl\\\/\",\"logo\":{\"@type\":\"ImageObject\",\"inLanguage\":\"pl-PL\",\"@id\":\"https:\\\/\\\/rowerowycieszyn.pl\\\/#\\\/schema\\\/logo\\\/image\\\/\",\"url\":\"https:\\\/\\\/rowerowycieszyn.pl\\\/wp-content\\\/uploads\\\/2020\\\/07\\\/cropped-rower1_cr_tn-1.jpg\",\"contentUrl\":\"https:\\\/\\\/rowerowycieszyn.pl\\\/wp-content\\\/uploads\\\/2020\\\/07\\\/cropped-rower1_cr_tn-1.jpg\",\"width\":250,\"height\":100,\"caption\":\"Rowerowy Cieszyn\"},\"image\":{\"@id\":\"https:\\\/\\\/rowerowycieszyn.pl\\\/#\\\/schema\\\/logo\\\/image\\\/\"},\"sameAs\":[\"https:\\\/\\\/www.facebook.com\\\/RowerowyCieszyn\"]},{\"@type\":\"Person\",\"@id\":\"https:\\\/\\\/rowerowycieszyn.pl\\\/#\\\/schema\\\/person\\\/b698cee63b7405acd7e70007d7cc8b2a\",\"name\":\"Rowerowy Cieszyn\",\"image\":{\"@type\":\"ImageObject\",\"inLanguage\":\"pl-PL\",\"@id\":\"https:\\\/\\\/secure.gravatar.com\\\/avatar\\\/1aef2c80bb06ccee0d820e4116589968d6d5c57310499f9271d42a4f7c5ffb3a?s=96&d=mm&r=g\",\"url\":\"https:\\\/\\\/secure.gravatar.com\\\/avatar\\\/1aef2c80bb06ccee0d820e4116589968d6d5c57310499f9271d42a4f7c5ffb3a?s=96&d=mm&r=g\",\"contentUrl\":\"https:\\\/\\\/secure.gravatar.com\\\/avatar\\\/1aef2c80bb06ccee0d820e4116589968d6d5c57310499f9271d42a4f7c5ffb3a?s=96&d=mm&r=g\",\"caption\":\"Rowerowy Cieszyn\"},\"sameAs\":[\"http:\\\/\\\/rowerowycieszyn.pl\"],\"url\":\"https:\\\/\\\/rowerowycieszyn.pl\\\/index.php\\\/author\\\/pstoklosa\\\/\"}]}<\/script>\n<!-- \/ Yoast SEO plugin. -->","yoast_head_json":{"title":"Kontrowersje wok\u00f3\u0142 drogi dla rower\u00f3w na ul. Mickiewicza - Rowerowy Cieszyn","description":"Kontrowersje wok\u00f3\u0142 drogi dla rower\u00f3w na ul. Mickiewicza. Dlaczego w tym miejscu nie ma chodnika i jak poprawi\u0107 t\u0119 sytuacj\u0119.","robots":{"index":"index","follow":"follow","max-snippet":"max-snippet:-1","max-image-preview":"max-image-preview:large","max-video-preview":"max-video-preview:-1"},"canonical":"https:\/\/rowerowycieszyn.pl\/index.php\/2024\/04\/11\/kontrowersje-wokol-drogi-dla-rowerow-na-ul-mickiewicza\/","og_locale":"pl_PL","og_type":"article","og_title":"Kontrowersje wok\u00f3\u0142 drogi dla rower\u00f3w na ul. Mickiewicza - Rowerowy Cieszyn","og_description":"Kontrowersje wok\u00f3\u0142 drogi dla rower\u00f3w na ul. Mickiewicza. Dlaczego w tym miejscu nie ma chodnika i jak poprawi\u0107 t\u0119 sytuacj\u0119.","og_url":"https:\/\/rowerowycieszyn.pl\/index.php\/2024\/04\/11\/kontrowersje-wokol-drogi-dla-rowerow-na-ul-mickiewicza\/","og_site_name":"Rowerowy Cieszyn","article_publisher":"https:\/\/www.facebook.com\/RowerowyCieszyn","article_published_time":"2024-04-11T07:23:00+00:00","article_modified_time":"2024-05-21T13:34:42+00:00","og_image":[{"width":1920,"height":1280,"url":"http:\/\/rowerowycieszyn.pl\/wp-content\/uploads\/2024\/03\/P1390466_tn.jpg","type":"image\/jpeg"}],"author":"Rowerowy Cieszyn","twitter_card":"summary_large_image","twitter_misc":{"Napisane przez":"Rowerowy Cieszyn","Szacowany czas czytania":"3 minuty"},"schema":{"@context":"https:\/\/schema.org","@graph":[{"@type":"Article","@id":"https:\/\/rowerowycieszyn.pl\/index.php\/2024\/04\/11\/kontrowersje-wokol-drogi-dla-rowerow-na-ul-mickiewicza\/#article","isPartOf":{"@id":"https:\/\/rowerowycieszyn.pl\/index.php\/2024\/04\/11\/kontrowersje-wokol-drogi-dla-rowerow-na-ul-mickiewicza\/"},"author":{"name":"Rowerowy Cieszyn","@id":"https:\/\/rowerowycieszyn.pl\/#\/schema\/person\/b698cee63b7405acd7e70007d7cc8b2a"},"headline":"Kontrowersje wok\u00f3\u0142 drogi dla rower\u00f3w na ul. Mickiewicza","datePublished":"2024-04-11T07:23:00+00:00","dateModified":"2024-05-21T13:34:42+00:00","mainEntityOfPage":{"@id":"https:\/\/rowerowycieszyn.pl\/index.php\/2024\/04\/11\/kontrowersje-wokol-drogi-dla-rowerow-na-ul-mickiewicza\/"},"wordCount":536,"commentCount":1,"publisher":{"@id":"https:\/\/rowerowycieszyn.pl\/#organization"},"image":{"@id":"https:\/\/rowerowycieszyn.pl\/index.php\/2024\/04\/11\/kontrowersje-wokol-drogi-dla-rowerow-na-ul-mickiewicza\/#primaryimage"},"thumbnailUrl":"https:\/\/rowerowycieszyn.pl\/wp-content\/uploads\/2024\/03\/P1390466_tn.jpg","keywords":["droga dla rower\u00f3w","Mickiewicza"],"articleSection":["Aktualno\u015bci","Artyku\u0142y"],"inLanguage":"pl-PL","potentialAction":[{"@type":"CommentAction","name":"Comment","target":["https:\/\/rowerowycieszyn.pl\/index.php\/2024\/04\/11\/kontrowersje-wokol-drogi-dla-rowerow-na-ul-mickiewicza\/#respond"]}]},{"@type":"WebPage","@id":"https:\/\/rowerowycieszyn.pl\/index.php\/2024\/04\/11\/kontrowersje-wokol-drogi-dla-rowerow-na-ul-mickiewicza\/","url":"https:\/\/rowerowycieszyn.pl\/index.php\/2024\/04\/11\/kontrowersje-wokol-drogi-dla-rowerow-na-ul-mickiewicza\/","name":"Kontrowersje wok\u00f3\u0142 drogi dla rower\u00f3w na ul. Mickiewicza - Rowerowy Cieszyn","isPartOf":{"@id":"https:\/\/rowerowycieszyn.pl\/#website"},"primaryImageOfPage":{"@id":"https:\/\/rowerowycieszyn.pl\/index.php\/2024\/04\/11\/kontrowersje-wokol-drogi-dla-rowerow-na-ul-mickiewicza\/#primaryimage"},"image":{"@id":"https:\/\/rowerowycieszyn.pl\/index.php\/2024\/04\/11\/kontrowersje-wokol-drogi-dla-rowerow-na-ul-mickiewicza\/#primaryimage"},"thumbnailUrl":"https:\/\/rowerowycieszyn.pl\/wp-content\/uploads\/2024\/03\/P1390466_tn.jpg","datePublished":"2024-04-11T07:23:00+00:00","dateModified":"2024-05-21T13:34:42+00:00","description":"Kontrowersje wok\u00f3\u0142 drogi dla rower\u00f3w na ul. Mickiewicza. Dlaczego w tym miejscu nie ma chodnika i jak poprawi\u0107 t\u0119 sytuacj\u0119.","breadcrumb":{"@id":"https:\/\/rowerowycieszyn.pl\/index.php\/2024\/04\/11\/kontrowersje-wokol-drogi-dla-rowerow-na-ul-mickiewicza\/#breadcrumb"},"inLanguage":"pl-PL","potentialAction":[{"@type":"ReadAction","target":["https:\/\/rowerowycieszyn.pl\/index.php\/2024\/04\/11\/kontrowersje-wokol-drogi-dla-rowerow-na-ul-mickiewicza\/"]}]},{"@type":"ImageObject","inLanguage":"pl-PL","@id":"https:\/\/rowerowycieszyn.pl\/index.php\/2024\/04\/11\/kontrowersje-wokol-drogi-dla-rowerow-na-ul-mickiewicza\/#primaryimage","url":"https:\/\/rowerowycieszyn.pl\/wp-content\/uploads\/2024\/03\/P1390466_tn.jpg","contentUrl":"https:\/\/rowerowycieszyn.pl\/wp-content\/uploads\/2024\/03\/P1390466_tn.jpg","width":1920,"height":1280,"caption":"\u015awie\u017co wykonana droga dla rower\u00f3w na ul. Mickiewicza. Miejscami nachylenie przekracza 12%, co sprawia, \u017ce to prawdopodobnie najstromszy DDR w wojew\u00f3dztwie."},{"@type":"BreadcrumbList","@id":"https:\/\/rowerowycieszyn.pl\/index.php\/2024\/04\/11\/kontrowersje-wokol-drogi-dla-rowerow-na-ul-mickiewicza\/#breadcrumb","itemListElement":[{"@type":"ListItem","position":1,"name":"Home","item":"https:\/\/rowerowycieszyn.pl\/"},{"@type":"ListItem","position":2,"name":"Kontrowersje wok\u00f3\u0142 drogi dla rower\u00f3w na ul. Mickiewicza"}]},{"@type":"WebSite","@id":"https:\/\/rowerowycieszyn.pl\/#website","url":"https:\/\/rowerowycieszyn.pl\/","name":"Rowerowy Cieszyn","description":"Strona promuj\u0105ca komunikacj\u0119 oraz turystyk\u0119 rowerow\u0105 na terenie Cieszyna i okolic.","publisher":{"@id":"https:\/\/rowerowycieszyn.pl\/#organization"},"potentialAction":[{"@type":"SearchAction","target":{"@type":"EntryPoint","urlTemplate":"https:\/\/rowerowycieszyn.pl\/?s={search_term_string}"},"query-input":{"@type":"PropertyValueSpecification","valueRequired":true,"valueName":"search_term_string"}}],"inLanguage":"pl-PL"},{"@type":"Organization","@id":"https:\/\/rowerowycieszyn.pl\/#organization","name":"Rowerowy Cieszyn","url":"https:\/\/rowerowycieszyn.pl\/","logo":{"@type":"ImageObject","inLanguage":"pl-PL","@id":"https:\/\/rowerowycieszyn.pl\/#\/schema\/logo\/image\/","url":"https:\/\/rowerowycieszyn.pl\/wp-content\/uploads\/2020\/07\/cropped-rower1_cr_tn-1.jpg","contentUrl":"https:\/\/rowerowycieszyn.pl\/wp-content\/uploads\/2020\/07\/cropped-rower1_cr_tn-1.jpg","width":250,"height":100,"caption":"Rowerowy Cieszyn"},"image":{"@id":"https:\/\/rowerowycieszyn.pl\/#\/schema\/logo\/image\/"},"sameAs":["https:\/\/www.facebook.com\/RowerowyCieszyn"]},{"@type":"Person","@id":"https:\/\/rowerowycieszyn.pl\/#\/schema\/person\/b698cee63b7405acd7e70007d7cc8b2a","name":"Rowerowy Cieszyn","image":{"@type":"ImageObject","inLanguage":"pl-PL","@id":"https:\/\/secure.gravatar.com\/avatar\/1aef2c80bb06ccee0d820e4116589968d6d5c57310499f9271d42a4f7c5ffb3a?s=96&d=mm&r=g","url":"https:\/\/secure.gravatar.com\/avatar\/1aef2c80bb06ccee0d820e4116589968d6d5c57310499f9271d42a4f7c5ffb3a?s=96&d=mm&r=g","contentUrl":"https:\/\/secure.gravatar.com\/avatar\/1aef2c80bb06ccee0d820e4116589968d6d5c57310499f9271d42a4f7c5ffb3a?s=96&d=mm&r=g","caption":"Rowerowy Cieszyn"},"sameAs":["http:\/\/rowerowycieszyn.pl"],"url":"https:\/\/rowerowycieszyn.pl\/index.php\/author\/pstoklosa\/"}]}},"_links":{"self":[{"href":"https:\/\/rowerowycieszyn.pl\/index.php\/wp-json\/wp\/v2\/posts\/2288","targetHints":{"allow":["GET"]}}],"collection":[{"href":"https:\/\/rowerowycieszyn.pl\/index.php\/wp-json\/wp\/v2\/posts"}],"about":[{"href":"https:\/\/rowerowycieszyn.pl\/index.php\/wp-json\/wp\/v2\/types\/post"}],"author":[{"embeddable":true,"href":"https:\/\/rowerowycieszyn.pl\/index.php\/wp-json\/wp\/v2\/users\/1"}],"replies":[{"embeddable":true,"href":"https:\/\/rowerowycieszyn.pl\/index.php\/wp-json\/wp\/v2\/comments?post=2288"}],"version-history":[{"count":3,"href":"https:\/\/rowerowycieszyn.pl\/index.php\/wp-json\/wp\/v2\/posts\/2288\/revisions"}],"predecessor-version":[{"id":2291,"href":"https:\/\/rowerowycieszyn.pl\/index.php\/wp-json\/wp\/v2\/posts\/2288\/revisions\/2291"}],"wp:featuredmedia":[{"embeddable":true,"href":"https:\/\/rowerowycieszyn.pl\/index.php\/wp-json\/wp\/v2\/media\/2269"}],"wp:attachment":[{"href":"https:\/\/rowerowycieszyn.pl\/index.php\/wp-json\/wp\/v2\/media?parent=2288"}],"wp:term":[{"taxonomy":"category","embeddable":true,"href":"https:\/\/rowerowycieszyn.pl\/index.php\/wp-json\/wp\/v2\/categories?post=2288"},{"taxonomy":"post_tag","embeddable":true,"href":"https:\/\/rowerowycieszyn.pl\/index.php\/wp-json\/wp\/v2\/tags?post=2288"}],"curies":[{"name":"wp","href":"https:\/\/api.w.org\/{rel}","templated":true}]}}