{"id":2310,"date":"2024-05-08T21:25:45","date_gmt":"2024-05-08T19:25:45","guid":{"rendered":"https:\/\/rowerowycieszyn.pl\/?p=2310"},"modified":"2024-05-21T15:33:50","modified_gmt":"2024-05-21T13:33:50","slug":"strategia-rozwoju-miasta-cieszyna-do-roku-2030-z-rowerowa-poprawka","status":"publish","type":"post","link":"https:\/\/rowerowycieszyn.pl\/index.php\/2024\/05\/08\/strategia-rozwoju-miasta-cieszyna-do-roku-2030-z-rowerowa-poprawka\/","title":{"rendered":"Strategia Rozwoju Miasta Cieszyna do roku 2030 z &#8222;rowerow\u0105&#8221; poprawk\u0105"},"content":{"rendered":"<p>Zwykle nie przywi\u0105zujemy wagi do takich og\u00f3lnych dokument\u00f3w jak strategie rozwoju, bo zdaniem wielu z nas maj\u0105 niewielki wp\u0142yw na rzeczywisto\u015b\u0107. W praktyce okazuje si\u0119 jednak, \u017ce ich d\u0142ugoterminowe oddzia\u0142ywanie jest bardzo silne a efekty, cho\u0107 nie bezpo\u015brednie, to jednak g\u0142\u0119bokie.<\/p>\n<p>Dlatego pewnie wielu z nas odnotowa\u0142o, \u017ce na posiedzeniu Rady Miasta w dniu 25 kwietnia 2024 poddano pod g\u0142osowanie <a href=\"https:\/\/bip.um.cieszyn.pl\/uchwala\/36762\/uchwala-nr-lxiii-756-24\">Strategi\u0119 Rozwoju Miasta Cieszyna do roku 2030<\/a>. Prace nad tym dokumentem trwa\u0142y od d\u0142u\u017cszego czasu i, co nale\u017cy podkre\u015bli\u0107, w znacznym stopniu dotyczy on r\u00f3wnie\u017c tematyki rozwoju infrastruktury rowerowej.<\/p>\n<p>Analizuj\u0105c finaln\u0105 propozycj\u0119 Strategii zwr\u00f3cili\u015bmy uwag\u0119 na naszym zdaniem wadliwe sformu\u0142owanie zawarte w rozdziale 7.6 \u201eKierunki rozwoju system\u00f3w komunikacji, infrastruktury technicznej i spo\u0142ecznej\u201d. Ot\u00f3\u017c w punkcie po\u015bwi\u0119conym infrastrukturze rowerowej zapisano:<\/p>\n<blockquote><p>Zapewnienie sp\u00f3jno\u015bci systemu transportu rowerowego w mie\u015bcie, poprzez budow\u0119 dr\u00f3g rowerowych, przede wszystkim poprzez wydzielanie z jezdni pas\u00f3w ruchu dla rower\u00f3w i odej\u015bcie od budowy \u015bcie\u017cek rowerowych, oddzielonych konstrukcyjnie od ulic kraw\u0119\u017cnikami, barierami (cz\u0119sto kosztem teren\u00f3w zieleni).<\/p><\/blockquote>\n<p>Uznali\u015bmy, \u017ce taki zapis jest bardzo niekorzystny, poniewa\u017c wydzielanie pas\u00f3w ruchu dla rower\u00f3w na jezdniach co prawda mo\u017ce by\u0107 stosowane, ale jest to jedno z najgorszych, bo najmniej bezpiecznych rozwi\u0105za\u0144, i powinno by\u0107 wprowadzane tylko tam, gdzie nie ma mo\u017cliwo\u015bci utworzenia odseparowanych \u015bcie\u017cek rowerowych. Co wi\u0119cej, taki zapis by\u0142by sprzeczny z za\u0142o\u017ceniami <a href=\"https:\/\/rowery.slaskie.pl\/content\/przyjecie-regionalnej-polityki-rowerowej-wojewodztwa-slaskiego\">Regionalnej Polityki Rowerowej Wojew\u00f3dztwa \u015al\u0105skiego<\/a>, do kt\u00f3rej Strategia si\u0119 odwo\u0142uje.<\/p>\n<p>Bior\u0105c pod uwag\u0119 powy\u017csze uwagi zaproponowali\u015bmy zmian\u0119 zapisu. Ostatecznie przyj\u0105\u0142 on form\u0119:<\/p>\n<blockquote><p>Zapewnienie sp\u00f3jno\u015bci systemu transportu rowerowego w mie\u015bcie poprzez budow\u0119 dr\u00f3g rowerowych, z preferencj\u0105 stosowania rozwi\u0105za\u0144 technicznych zapewniaj\u0105cych trwa\u0142e odseparowanie ruchu rowerowego od pozosta\u0142ych uczestnik\u00f3w ruchu drogowego.<\/p><\/blockquote>\n<p>Nie jest to wersja zaproponowana przez Rowerowy Cieszyn, ale uznajemy, \u017ce wystarczaj\u0105co dobrze wskazuje w\u0142a\u015bciwy kierunek rozwoju. Zmiana zosta\u0142a zg\u0142oszona w formie autopoprawki i przyj\u0119ta na wspomnianym posiedzeniu Rady Miasta. Dzi\u0119kujemy w tym miejscu w\u0142adzom miasta i radnym za rozpatrzenie i przyj\u0119cie naszej propozycji. Jednocze\u015bnie dodajemy, \u017ce przy kolejnych inwestycjach rowerowych b\u0119dziemy konsekwentnie monitorowali jej wdra\u017canie.<\/p>\n<p style=\"text-align: right;\">Piotr Stok\u0142osa<\/p>\n","protected":false},"excerpt":{"rendered":"<p>Zwykle nie przywi\u0105zujemy wagi do takich og\u00f3lnych dokument\u00f3w jak strategie rozwoju, bo zdaniem wielu z nas maj\u0105 niewielki wp\u0142yw na rzeczywisto\u015b\u0107. W praktyce okazuje si\u0119 jednak, \u017ce ich d\u0142ugoterminowe oddzia\u0142ywanie&hellip; <\/p>\n","protected":false},"author":1,"featured_media":2311,"comment_status":"open","ping_status":"open","sticky":false,"template":"","format":"standard","meta":{"footnotes":""},"categories":[9,5,1],"tags":[36,34,35],"class_list":["post-2310","post","type-post","status-publish","format-standard","has-post-thumbnail","hentry","category-aktualnosci","category-artykuly","category-bez-kategorii","tag-drogi-dla-rowerow","tag-miasto-cieszyn","tag-strategia"],"yoast_head":"<!-- This site is optimized with the Yoast SEO plugin v27.3 - https:\/\/yoast.com\/product\/yoast-seo-wordpress\/ -->\n<title>Strategia Rozwoju Miasta Cieszyna do roku 2030 z &quot;rowerow\u0105&quot; poprawk\u0105 - Rowerowy Cieszyn<\/title>\n<meta name=\"description\" content=\"Zwykle nie przywi\u0105zujemy wagi do takich dokument\u00f3w jak strategie rozwoju, bo zdaniem wielu z nas maj\u0105 niewielki wp\u0142yw na rzeczywisto\u015b\u0107.\" \/>\n<meta name=\"robots\" content=\"index, follow, max-snippet:-1, max-image-preview:large, max-video-preview:-1\" \/>\n<link rel=\"canonical\" href=\"https:\/\/rowerowycieszyn.pl\/index.php\/2024\/05\/08\/strategia-rozwoju-miasta-cieszyna-do-roku-2030-z-rowerowa-poprawka\/\" \/>\n<meta property=\"og:locale\" content=\"pl_PL\" \/>\n<meta property=\"og:type\" content=\"article\" \/>\n<meta property=\"og:title\" content=\"Strategia Rozwoju Miasta Cieszyna do roku 2030 z &quot;rowerow\u0105&quot; poprawk\u0105 - Rowerowy Cieszyn\" \/>\n<meta property=\"og:description\" content=\"Zwykle nie przywi\u0105zujemy wagi do takich dokument\u00f3w jak strategie rozwoju, bo zdaniem wielu z nas maj\u0105 niewielki wp\u0142yw na rzeczywisto\u015b\u0107.\" \/>\n<meta property=\"og:url\" content=\"https:\/\/rowerowycieszyn.pl\/index.php\/2024\/05\/08\/strategia-rozwoju-miasta-cieszyna-do-roku-2030-z-rowerowa-poprawka\/\" \/>\n<meta property=\"og:site_name\" content=\"Rowerowy Cieszyn\" \/>\n<meta property=\"article:publisher\" content=\"https:\/\/www.facebook.com\/RowerowyCieszyn\" \/>\n<meta property=\"article:published_time\" content=\"2024-05-08T19:25:45+00:00\" \/>\n<meta property=\"article:modified_time\" content=\"2024-05-21T13:33:50+00:00\" \/>\n<meta property=\"og:image\" content=\"http:\/\/rowerowycieszyn.pl\/wp-content\/uploads\/2024\/05\/P1390720_cr_tn.jpg\" \/>\n\t<meta property=\"og:image:width\" content=\"1920\" \/>\n\t<meta property=\"og:image:height\" content=\"1280\" \/>\n\t<meta property=\"og:image:type\" content=\"image\/jpeg\" \/>\n<meta name=\"author\" content=\"Rowerowy Cieszyn\" \/>\n<meta name=\"twitter:card\" content=\"summary_large_image\" \/>\n<meta name=\"twitter:label1\" content=\"Napisane przez\" \/>\n\t<meta name=\"twitter:data1\" content=\"Rowerowy Cieszyn\" \/>\n\t<meta name=\"twitter:label2\" content=\"Szacowany czas czytania\" \/>\n\t<meta name=\"twitter:data2\" content=\"2 minuty\" \/>\n<script type=\"application\/ld+json\" class=\"yoast-schema-graph\">{\"@context\":\"https:\\\/\\\/schema.org\",\"@graph\":[{\"@type\":\"Article\",\"@id\":\"https:\\\/\\\/rowerowycieszyn.pl\\\/index.php\\\/2024\\\/05\\\/08\\\/strategia-rozwoju-miasta-cieszyna-do-roku-2030-z-rowerowa-poprawka\\\/#article\",\"isPartOf\":{\"@id\":\"https:\\\/\\\/rowerowycieszyn.pl\\\/index.php\\\/2024\\\/05\\\/08\\\/strategia-rozwoju-miasta-cieszyna-do-roku-2030-z-rowerowa-poprawka\\\/\"},\"author\":{\"name\":\"Rowerowy Cieszyn\",\"@id\":\"https:\\\/\\\/rowerowycieszyn.pl\\\/#\\\/schema\\\/person\\\/b698cee63b7405acd7e70007d7cc8b2a\"},\"headline\":\"Strategia Rozwoju Miasta Cieszyna do roku 2030 z &#8222;rowerow\u0105&#8221; poprawk\u0105\",\"datePublished\":\"2024-05-08T19:25:45+00:00\",\"dateModified\":\"2024-05-21T13:33:50+00:00\",\"mainEntityOfPage\":{\"@id\":\"https:\\\/\\\/rowerowycieszyn.pl\\\/index.php\\\/2024\\\/05\\\/08\\\/strategia-rozwoju-miasta-cieszyna-do-roku-2030-z-rowerowa-poprawka\\\/\"},\"wordCount\":395,\"commentCount\":0,\"publisher\":{\"@id\":\"https:\\\/\\\/rowerowycieszyn.pl\\\/#organization\"},\"image\":{\"@id\":\"https:\\\/\\\/rowerowycieszyn.pl\\\/index.php\\\/2024\\\/05\\\/08\\\/strategia-rozwoju-miasta-cieszyna-do-roku-2030-z-rowerowa-poprawka\\\/#primaryimage\"},\"thumbnailUrl\":\"https:\\\/\\\/rowerowycieszyn.pl\\\/wp-content\\\/uploads\\\/2024\\\/05\\\/P1390720_cr_tn.jpg\",\"keywords\":[\"drogi dla rower\u00f3w\",\"miasto Cieszyn\",\"strategia\"],\"articleSection\":[\"Aktualno\u015bci\",\"Artyku\u0142y\"],\"inLanguage\":\"pl-PL\",\"potentialAction\":[{\"@type\":\"CommentAction\",\"name\":\"Comment\",\"target\":[\"https:\\\/\\\/rowerowycieszyn.pl\\\/index.php\\\/2024\\\/05\\\/08\\\/strategia-rozwoju-miasta-cieszyna-do-roku-2030-z-rowerowa-poprawka\\\/#respond\"]}]},{\"@type\":\"WebPage\",\"@id\":\"https:\\\/\\\/rowerowycieszyn.pl\\\/index.php\\\/2024\\\/05\\\/08\\\/strategia-rozwoju-miasta-cieszyna-do-roku-2030-z-rowerowa-poprawka\\\/\",\"url\":\"https:\\\/\\\/rowerowycieszyn.pl\\\/index.php\\\/2024\\\/05\\\/08\\\/strategia-rozwoju-miasta-cieszyna-do-roku-2030-z-rowerowa-poprawka\\\/\",\"name\":\"Strategia Rozwoju Miasta Cieszyna do roku 2030 z \\\"rowerow\u0105\\\" poprawk\u0105 - Rowerowy Cieszyn\",\"isPartOf\":{\"@id\":\"https:\\\/\\\/rowerowycieszyn.pl\\\/#website\"},\"primaryImageOfPage\":{\"@id\":\"https:\\\/\\\/rowerowycieszyn.pl\\\/index.php\\\/2024\\\/05\\\/08\\\/strategia-rozwoju-miasta-cieszyna-do-roku-2030-z-rowerowa-poprawka\\\/#primaryimage\"},\"image\":{\"@id\":\"https:\\\/\\\/rowerowycieszyn.pl\\\/index.php\\\/2024\\\/05\\\/08\\\/strategia-rozwoju-miasta-cieszyna-do-roku-2030-z-rowerowa-poprawka\\\/#primaryimage\"},\"thumbnailUrl\":\"https:\\\/\\\/rowerowycieszyn.pl\\\/wp-content\\\/uploads\\\/2024\\\/05\\\/P1390720_cr_tn.jpg\",\"datePublished\":\"2024-05-08T19:25:45+00:00\",\"dateModified\":\"2024-05-21T13:33:50+00:00\",\"description\":\"Zwykle nie przywi\u0105zujemy wagi do takich dokument\u00f3w jak strategie rozwoju, bo zdaniem wielu z nas maj\u0105 niewielki wp\u0142yw na rzeczywisto\u015b\u0107.\",\"breadcrumb\":{\"@id\":\"https:\\\/\\\/rowerowycieszyn.pl\\\/index.php\\\/2024\\\/05\\\/08\\\/strategia-rozwoju-miasta-cieszyna-do-roku-2030-z-rowerowa-poprawka\\\/#breadcrumb\"},\"inLanguage\":\"pl-PL\",\"potentialAction\":[{\"@type\":\"ReadAction\",\"target\":[\"https:\\\/\\\/rowerowycieszyn.pl\\\/index.php\\\/2024\\\/05\\\/08\\\/strategia-rozwoju-miasta-cieszyna-do-roku-2030-z-rowerowa-poprawka\\\/\"]}]},{\"@type\":\"ImageObject\",\"inLanguage\":\"pl-PL\",\"@id\":\"https:\\\/\\\/rowerowycieszyn.pl\\\/index.php\\\/2024\\\/05\\\/08\\\/strategia-rozwoju-miasta-cieszyna-do-roku-2030-z-rowerowa-poprawka\\\/#primaryimage\",\"url\":\"https:\\\/\\\/rowerowycieszyn.pl\\\/wp-content\\\/uploads\\\/2024\\\/05\\\/P1390720_cr_tn.jpg\",\"contentUrl\":\"https:\\\/\\\/rowerowycieszyn.pl\\\/wp-content\\\/uploads\\\/2024\\\/05\\\/P1390720_cr_tn.jpg\",\"width\":1920,\"height\":1280,\"caption\":\"Strategia Rozwoju Miasta Cieszyn do roku 2030 rowerowa poprawka\"},{\"@type\":\"BreadcrumbList\",\"@id\":\"https:\\\/\\\/rowerowycieszyn.pl\\\/index.php\\\/2024\\\/05\\\/08\\\/strategia-rozwoju-miasta-cieszyna-do-roku-2030-z-rowerowa-poprawka\\\/#breadcrumb\",\"itemListElement\":[{\"@type\":\"ListItem\",\"position\":1,\"name\":\"Home\",\"item\":\"https:\\\/\\\/rowerowycieszyn.pl\\\/\"},{\"@type\":\"ListItem\",\"position\":2,\"name\":\"Strategia Rozwoju Miasta Cieszyna do roku 2030 z &#8220;rowerow\u0105&#8221; poprawk\u0105\"}]},{\"@type\":\"WebSite\",\"@id\":\"https:\\\/\\\/rowerowycieszyn.pl\\\/#website\",\"url\":\"https:\\\/\\\/rowerowycieszyn.pl\\\/\",\"name\":\"Rowerowy Cieszyn\",\"description\":\"Strona promuj\u0105ca komunikacj\u0119 oraz turystyk\u0119 rowerow\u0105 na terenie Cieszyna i okolic.\",\"publisher\":{\"@id\":\"https:\\\/\\\/rowerowycieszyn.pl\\\/#organization\"},\"potentialAction\":[{\"@type\":\"SearchAction\",\"target\":{\"@type\":\"EntryPoint\",\"urlTemplate\":\"https:\\\/\\\/rowerowycieszyn.pl\\\/?s={search_term_string}\"},\"query-input\":{\"@type\":\"PropertyValueSpecification\",\"valueRequired\":true,\"valueName\":\"search_term_string\"}}],\"inLanguage\":\"pl-PL\"},{\"@type\":\"Organization\",\"@id\":\"https:\\\/\\\/rowerowycieszyn.pl\\\/#organization\",\"name\":\"Rowerowy Cieszyn\",\"url\":\"https:\\\/\\\/rowerowycieszyn.pl\\\/\",\"logo\":{\"@type\":\"ImageObject\",\"inLanguage\":\"pl-PL\",\"@id\":\"https:\\\/\\\/rowerowycieszyn.pl\\\/#\\\/schema\\\/logo\\\/image\\\/\",\"url\":\"https:\\\/\\\/rowerowycieszyn.pl\\\/wp-content\\\/uploads\\\/2020\\\/07\\\/cropped-rower1_cr_tn-1.jpg\",\"contentUrl\":\"https:\\\/\\\/rowerowycieszyn.pl\\\/wp-content\\\/uploads\\\/2020\\\/07\\\/cropped-rower1_cr_tn-1.jpg\",\"width\":250,\"height\":100,\"caption\":\"Rowerowy Cieszyn\"},\"image\":{\"@id\":\"https:\\\/\\\/rowerowycieszyn.pl\\\/#\\\/schema\\\/logo\\\/image\\\/\"},\"sameAs\":[\"https:\\\/\\\/www.facebook.com\\\/RowerowyCieszyn\"]},{\"@type\":\"Person\",\"@id\":\"https:\\\/\\\/rowerowycieszyn.pl\\\/#\\\/schema\\\/person\\\/b698cee63b7405acd7e70007d7cc8b2a\",\"name\":\"Rowerowy Cieszyn\",\"image\":{\"@type\":\"ImageObject\",\"inLanguage\":\"pl-PL\",\"@id\":\"https:\\\/\\\/secure.gravatar.com\\\/avatar\\\/1aef2c80bb06ccee0d820e4116589968d6d5c57310499f9271d42a4f7c5ffb3a?s=96&d=mm&r=g\",\"url\":\"https:\\\/\\\/secure.gravatar.com\\\/avatar\\\/1aef2c80bb06ccee0d820e4116589968d6d5c57310499f9271d42a4f7c5ffb3a?s=96&d=mm&r=g\",\"contentUrl\":\"https:\\\/\\\/secure.gravatar.com\\\/avatar\\\/1aef2c80bb06ccee0d820e4116589968d6d5c57310499f9271d42a4f7c5ffb3a?s=96&d=mm&r=g\",\"caption\":\"Rowerowy Cieszyn\"},\"sameAs\":[\"http:\\\/\\\/rowerowycieszyn.pl\"],\"url\":\"https:\\\/\\\/rowerowycieszyn.pl\\\/index.php\\\/author\\\/pstoklosa\\\/\"}]}<\/script>\n<!-- \/ Yoast SEO plugin. -->","yoast_head_json":{"title":"Strategia Rozwoju Miasta Cieszyna do roku 2030 z \"rowerow\u0105\" poprawk\u0105 - Rowerowy Cieszyn","description":"Zwykle nie przywi\u0105zujemy wagi do takich dokument\u00f3w jak strategie rozwoju, bo zdaniem wielu z nas maj\u0105 niewielki wp\u0142yw na rzeczywisto\u015b\u0107.","robots":{"index":"index","follow":"follow","max-snippet":"max-snippet:-1","max-image-preview":"max-image-preview:large","max-video-preview":"max-video-preview:-1"},"canonical":"https:\/\/rowerowycieszyn.pl\/index.php\/2024\/05\/08\/strategia-rozwoju-miasta-cieszyna-do-roku-2030-z-rowerowa-poprawka\/","og_locale":"pl_PL","og_type":"article","og_title":"Strategia Rozwoju Miasta Cieszyna do roku 2030 z \"rowerow\u0105\" poprawk\u0105 - Rowerowy Cieszyn","og_description":"Zwykle nie przywi\u0105zujemy wagi do takich dokument\u00f3w jak strategie rozwoju, bo zdaniem wielu z nas maj\u0105 niewielki wp\u0142yw na rzeczywisto\u015b\u0107.","og_url":"https:\/\/rowerowycieszyn.pl\/index.php\/2024\/05\/08\/strategia-rozwoju-miasta-cieszyna-do-roku-2030-z-rowerowa-poprawka\/","og_site_name":"Rowerowy Cieszyn","article_publisher":"https:\/\/www.facebook.com\/RowerowyCieszyn","article_published_time":"2024-05-08T19:25:45+00:00","article_modified_time":"2024-05-21T13:33:50+00:00","og_image":[{"width":1920,"height":1280,"url":"http:\/\/rowerowycieszyn.pl\/wp-content\/uploads\/2024\/05\/P1390720_cr_tn.jpg","type":"image\/jpeg"}],"author":"Rowerowy Cieszyn","twitter_card":"summary_large_image","twitter_misc":{"Napisane przez":"Rowerowy Cieszyn","Szacowany czas czytania":"2 minuty"},"schema":{"@context":"https:\/\/schema.org","@graph":[{"@type":"Article","@id":"https:\/\/rowerowycieszyn.pl\/index.php\/2024\/05\/08\/strategia-rozwoju-miasta-cieszyna-do-roku-2030-z-rowerowa-poprawka\/#article","isPartOf":{"@id":"https:\/\/rowerowycieszyn.pl\/index.php\/2024\/05\/08\/strategia-rozwoju-miasta-cieszyna-do-roku-2030-z-rowerowa-poprawka\/"},"author":{"name":"Rowerowy Cieszyn","@id":"https:\/\/rowerowycieszyn.pl\/#\/schema\/person\/b698cee63b7405acd7e70007d7cc8b2a"},"headline":"Strategia Rozwoju Miasta Cieszyna do roku 2030 z &#8222;rowerow\u0105&#8221; poprawk\u0105","datePublished":"2024-05-08T19:25:45+00:00","dateModified":"2024-05-21T13:33:50+00:00","mainEntityOfPage":{"@id":"https:\/\/rowerowycieszyn.pl\/index.php\/2024\/05\/08\/strategia-rozwoju-miasta-cieszyna-do-roku-2030-z-rowerowa-poprawka\/"},"wordCount":395,"commentCount":0,"publisher":{"@id":"https:\/\/rowerowycieszyn.pl\/#organization"},"image":{"@id":"https:\/\/rowerowycieszyn.pl\/index.php\/2024\/05\/08\/strategia-rozwoju-miasta-cieszyna-do-roku-2030-z-rowerowa-poprawka\/#primaryimage"},"thumbnailUrl":"https:\/\/rowerowycieszyn.pl\/wp-content\/uploads\/2024\/05\/P1390720_cr_tn.jpg","keywords":["drogi dla rower\u00f3w","miasto Cieszyn","strategia"],"articleSection":["Aktualno\u015bci","Artyku\u0142y"],"inLanguage":"pl-PL","potentialAction":[{"@type":"CommentAction","name":"Comment","target":["https:\/\/rowerowycieszyn.pl\/index.php\/2024\/05\/08\/strategia-rozwoju-miasta-cieszyna-do-roku-2030-z-rowerowa-poprawka\/#respond"]}]},{"@type":"WebPage","@id":"https:\/\/rowerowycieszyn.pl\/index.php\/2024\/05\/08\/strategia-rozwoju-miasta-cieszyna-do-roku-2030-z-rowerowa-poprawka\/","url":"https:\/\/rowerowycieszyn.pl\/index.php\/2024\/05\/08\/strategia-rozwoju-miasta-cieszyna-do-roku-2030-z-rowerowa-poprawka\/","name":"Strategia Rozwoju Miasta Cieszyna do roku 2030 z \"rowerow\u0105\" poprawk\u0105 - Rowerowy Cieszyn","isPartOf":{"@id":"https:\/\/rowerowycieszyn.pl\/#website"},"primaryImageOfPage":{"@id":"https:\/\/rowerowycieszyn.pl\/index.php\/2024\/05\/08\/strategia-rozwoju-miasta-cieszyna-do-roku-2030-z-rowerowa-poprawka\/#primaryimage"},"image":{"@id":"https:\/\/rowerowycieszyn.pl\/index.php\/2024\/05\/08\/strategia-rozwoju-miasta-cieszyna-do-roku-2030-z-rowerowa-poprawka\/#primaryimage"},"thumbnailUrl":"https:\/\/rowerowycieszyn.pl\/wp-content\/uploads\/2024\/05\/P1390720_cr_tn.jpg","datePublished":"2024-05-08T19:25:45+00:00","dateModified":"2024-05-21T13:33:50+00:00","description":"Zwykle nie przywi\u0105zujemy wagi do takich dokument\u00f3w jak strategie rozwoju, bo zdaniem wielu z nas maj\u0105 niewielki wp\u0142yw na rzeczywisto\u015b\u0107.","breadcrumb":{"@id":"https:\/\/rowerowycieszyn.pl\/index.php\/2024\/05\/08\/strategia-rozwoju-miasta-cieszyna-do-roku-2030-z-rowerowa-poprawka\/#breadcrumb"},"inLanguage":"pl-PL","potentialAction":[{"@type":"ReadAction","target":["https:\/\/rowerowycieszyn.pl\/index.php\/2024\/05\/08\/strategia-rozwoju-miasta-cieszyna-do-roku-2030-z-rowerowa-poprawka\/"]}]},{"@type":"ImageObject","inLanguage":"pl-PL","@id":"https:\/\/rowerowycieszyn.pl\/index.php\/2024\/05\/08\/strategia-rozwoju-miasta-cieszyna-do-roku-2030-z-rowerowa-poprawka\/#primaryimage","url":"https:\/\/rowerowycieszyn.pl\/wp-content\/uploads\/2024\/05\/P1390720_cr_tn.jpg","contentUrl":"https:\/\/rowerowycieszyn.pl\/wp-content\/uploads\/2024\/05\/P1390720_cr_tn.jpg","width":1920,"height":1280,"caption":"Strategia Rozwoju Miasta Cieszyn do roku 2030 rowerowa poprawka"},{"@type":"BreadcrumbList","@id":"https:\/\/rowerowycieszyn.pl\/index.php\/2024\/05\/08\/strategia-rozwoju-miasta-cieszyna-do-roku-2030-z-rowerowa-poprawka\/#breadcrumb","itemListElement":[{"@type":"ListItem","position":1,"name":"Home","item":"https:\/\/rowerowycieszyn.pl\/"},{"@type":"ListItem","position":2,"name":"Strategia Rozwoju Miasta Cieszyna do roku 2030 z &#8220;rowerow\u0105&#8221; poprawk\u0105"}]},{"@type":"WebSite","@id":"https:\/\/rowerowycieszyn.pl\/#website","url":"https:\/\/rowerowycieszyn.pl\/","name":"Rowerowy Cieszyn","description":"Strona promuj\u0105ca komunikacj\u0119 oraz turystyk\u0119 rowerow\u0105 na terenie Cieszyna i okolic.","publisher":{"@id":"https:\/\/rowerowycieszyn.pl\/#organization"},"potentialAction":[{"@type":"SearchAction","target":{"@type":"EntryPoint","urlTemplate":"https:\/\/rowerowycieszyn.pl\/?s={search_term_string}"},"query-input":{"@type":"PropertyValueSpecification","valueRequired":true,"valueName":"search_term_string"}}],"inLanguage":"pl-PL"},{"@type":"Organization","@id":"https:\/\/rowerowycieszyn.pl\/#organization","name":"Rowerowy Cieszyn","url":"https:\/\/rowerowycieszyn.pl\/","logo":{"@type":"ImageObject","inLanguage":"pl-PL","@id":"https:\/\/rowerowycieszyn.pl\/#\/schema\/logo\/image\/","url":"https:\/\/rowerowycieszyn.pl\/wp-content\/uploads\/2020\/07\/cropped-rower1_cr_tn-1.jpg","contentUrl":"https:\/\/rowerowycieszyn.pl\/wp-content\/uploads\/2020\/07\/cropped-rower1_cr_tn-1.jpg","width":250,"height":100,"caption":"Rowerowy Cieszyn"},"image":{"@id":"https:\/\/rowerowycieszyn.pl\/#\/schema\/logo\/image\/"},"sameAs":["https:\/\/www.facebook.com\/RowerowyCieszyn"]},{"@type":"Person","@id":"https:\/\/rowerowycieszyn.pl\/#\/schema\/person\/b698cee63b7405acd7e70007d7cc8b2a","name":"Rowerowy Cieszyn","image":{"@type":"ImageObject","inLanguage":"pl-PL","@id":"https:\/\/secure.gravatar.com\/avatar\/1aef2c80bb06ccee0d820e4116589968d6d5c57310499f9271d42a4f7c5ffb3a?s=96&d=mm&r=g","url":"https:\/\/secure.gravatar.com\/avatar\/1aef2c80bb06ccee0d820e4116589968d6d5c57310499f9271d42a4f7c5ffb3a?s=96&d=mm&r=g","contentUrl":"https:\/\/secure.gravatar.com\/avatar\/1aef2c80bb06ccee0d820e4116589968d6d5c57310499f9271d42a4f7c5ffb3a?s=96&d=mm&r=g","caption":"Rowerowy Cieszyn"},"sameAs":["http:\/\/rowerowycieszyn.pl"],"url":"https:\/\/rowerowycieszyn.pl\/index.php\/author\/pstoklosa\/"}]}},"_links":{"self":[{"href":"https:\/\/rowerowycieszyn.pl\/index.php\/wp-json\/wp\/v2\/posts\/2310","targetHints":{"allow":["GET"]}}],"collection":[{"href":"https:\/\/rowerowycieszyn.pl\/index.php\/wp-json\/wp\/v2\/posts"}],"about":[{"href":"https:\/\/rowerowycieszyn.pl\/index.php\/wp-json\/wp\/v2\/types\/post"}],"author":[{"embeddable":true,"href":"https:\/\/rowerowycieszyn.pl\/index.php\/wp-json\/wp\/v2\/users\/1"}],"replies":[{"embeddable":true,"href":"https:\/\/rowerowycieszyn.pl\/index.php\/wp-json\/wp\/v2\/comments?post=2310"}],"version-history":[{"count":5,"href":"https:\/\/rowerowycieszyn.pl\/index.php\/wp-json\/wp\/v2\/posts\/2310\/revisions"}],"predecessor-version":[{"id":2316,"href":"https:\/\/rowerowycieszyn.pl\/index.php\/wp-json\/wp\/v2\/posts\/2310\/revisions\/2316"}],"wp:featuredmedia":[{"embeddable":true,"href":"https:\/\/rowerowycieszyn.pl\/index.php\/wp-json\/wp\/v2\/media\/2311"}],"wp:attachment":[{"href":"https:\/\/rowerowycieszyn.pl\/index.php\/wp-json\/wp\/v2\/media?parent=2310"}],"wp:term":[{"taxonomy":"category","embeddable":true,"href":"https:\/\/rowerowycieszyn.pl\/index.php\/wp-json\/wp\/v2\/categories?post=2310"},{"taxonomy":"post_tag","embeddable":true,"href":"https:\/\/rowerowycieszyn.pl\/index.php\/wp-json\/wp\/v2\/tags?post=2310"}],"curies":[{"name":"wp","href":"https:\/\/api.w.org\/{rel}","templated":true}]}}