{"id":2495,"date":"2025-02-03T15:05:42","date_gmt":"2025-02-03T14:05:42","guid":{"rendered":"https:\/\/rowerowycieszyn.pl\/?p=2495"},"modified":"2025-02-03T15:29:57","modified_gmt":"2025-02-03T14:29:57","slug":"sciezka-za-urzedem-celnym-jest-projekt-nie-ma-pieniedzy","status":"publish","type":"post","link":"https:\/\/rowerowycieszyn.pl\/index.php\/2025\/02\/03\/sciezka-za-urzedem-celnym-jest-projekt-nie-ma-pieniedzy\/","title":{"rendered":"\u015acie\u017cka za Urz\u0119dem Celnym &#8211; jest projekt, nie ma pieni\u0119dzy"},"content":{"rendered":"\r\n<p>Nied\u0142ugo minie 4 lata od momentu, gdy na spotkaniach zespo\u0142u ds. polityki rowerowej Miasto Cieszyn zacz\u0119li\u015bmy postulowa\u0107 doprowadzenie do cywilizowanych standard\u00f3w \u015bcie\u017cki za Urz\u0119dem Celnym w Cieszynie. Przypominamy, \u017ce \u0142\u0105czy ona ul. Rady Narodowej Ksi\u0119stwa Cieszy\u0144skiego z ul. Czarny Chodnik i dalej ul. Brodzi\u0144skiego. Po latach pr\u00f3\u015bb i nacisk\u00f3w ze strony Rowerowego Cieszyna w minionym roku przyst\u0105piono do projektowania tej inwestycji. Obecnie dokumentacja jest praktycznie gotowa i mo\u017cna by przyst\u0105pi\u0107 do budowy, ale\u2026 w bud\u017cecie miasta na rok 2025 nie przewidziano na ten cel \u015brodk\u00f3w.<\/p>\r\n\r\n\r\n\r\n<p>Co to oznacza? \u017be w tym roku nie rozpocznie si\u0119 nawet wy\u0142anianie wykonawcy, co z kolei oznacza, \u017ce przy dobrych wiatrach budowa zacznie si\u0119 najszybciej w roku 2026 a wtedy wspomniany odcinek m\u00f3g\u0142by by\u0107 gotowy w roku 2027. Oczywi\u015bcie wszystko przy za\u0142o\u017ceniu, \u017ce w przysz\u0142orocznym bud\u017cecie znajd\u0105 si\u0119 pieni\u0105dze lub zostan\u0105 pozyskane \u015brodki zewn\u0119trzne (dofinansowanie). Obecnie szacuje si\u0119, \u017ce na budow\u0119 potrzeba oko\u0142o 300 tys. z\u0142otych.<\/p>\r\n\r\n\r\n\r\n<p>Wychodzi, \u017ce na wybudowanie bardzo wa\u017cnego dla komunikacji pieszej i rowerowej CPR-u o d\u0142ugo\u015bci ok. 200 metr\u00f3w trzeba w Cieszynie czeka\u0107 co najmniej 6 lat (wariant optymistyczny). P\u00f3ki co przez kolejny rok a najpewniej dwa dalej b\u0119dziemy si\u0119 tapla\u0107 w b\u0142ocie i je\u017adzi\u0107 po wertepach.<\/p>\r\n\r\n\r\n\r\n<p>Wi\u0119cej informacji o perypetiach zwi\u0105zanych z CPR-em za Urz\u0119dem Celnym <a href=\"https:\/\/rowerowycieszyn.pl\/index.php\/2023\/03\/17\/co-dalej-ze-sciezka-za-urzedem-celnym\/\">w tek\u015bcie z roku 2023<\/a>.<\/p>\r\n\r\n\r\n\r\n<p class=\"has-text-align-right\" style=\"text-align: right;\">Piotr Stok\u0142osa<\/p>\r\n","protected":false},"excerpt":{"rendered":"<p>Nie ma pieni\u0119dzy na realizacj\u0119 drogi pieszo rowerowej za Urz\u0119dem Celnym w Cieszynie. Dalej b\u0119dziemy chodzi\u0107 i je\u017adzi\u0107 w b\u0142ocie.<\/p>\n","protected":false},"author":1,"featured_media":2499,"comment_status":"open","ping_status":"open","sticky":false,"template":"","format":"standard","meta":{"footnotes":""},"categories":[9,5,1],"tags":[15,34,19],"class_list":["post-2495","post","type-post","status-publish","format-standard","has-post-thumbnail","hentry","category-aktualnosci","category-artykuly","category-bez-kategorii","tag-czarny-chodnik","tag-miasto-cieszyn","tag-trasa-607"],"yoast_head":"<!-- This site is optimized with the Yoast SEO plugin v27.3 - https:\/\/yoast.com\/product\/yoast-seo-wordpress\/ -->\n<title>\u015acie\u017cka za Urz\u0119dem Celnym - jest projekt, nie ma pieni\u0119dzy - Rowerowy Cieszyn<\/title>\n<meta name=\"description\" content=\"Nie ma pieni\u0119dzy na realizacj\u0119 drogi pieszo rowerowej za Urz\u0119dem Celnym w Cieszynie. Dalej b\u0119dziemy chodzi\u0107 i je\u017adzi\u0107 w b\u0142ocie.\" \/>\n<meta name=\"robots\" content=\"index, follow, max-snippet:-1, max-image-preview:large, max-video-preview:-1\" \/>\n<link rel=\"canonical\" href=\"https:\/\/rowerowycieszyn.pl\/index.php\/2025\/02\/03\/sciezka-za-urzedem-celnym-jest-projekt-nie-ma-pieniedzy\/\" \/>\n<meta property=\"og:locale\" content=\"pl_PL\" \/>\n<meta property=\"og:type\" content=\"article\" \/>\n<meta property=\"og:title\" content=\"\u015acie\u017cka za Urz\u0119dem Celnym - jest projekt, nie ma pieni\u0119dzy - Rowerowy Cieszyn\" \/>\n<meta property=\"og:description\" content=\"Nie ma pieni\u0119dzy na realizacj\u0119 drogi pieszo rowerowej za Urz\u0119dem Celnym w Cieszynie. Dalej b\u0119dziemy chodzi\u0107 i je\u017adzi\u0107 w b\u0142ocie.\" \/>\n<meta property=\"og:url\" content=\"https:\/\/rowerowycieszyn.pl\/index.php\/2025\/02\/03\/sciezka-za-urzedem-celnym-jest-projekt-nie-ma-pieniedzy\/\" \/>\n<meta property=\"og:site_name\" content=\"Rowerowy Cieszyn\" \/>\n<meta property=\"article:publisher\" content=\"https:\/\/www.facebook.com\/RowerowyCieszyn\" \/>\n<meta property=\"article:published_time\" content=\"2025-02-03T14:05:42+00:00\" \/>\n<meta property=\"article:modified_time\" content=\"2025-02-03T14:29:57+00:00\" \/>\n<meta property=\"og:image\" content=\"http:\/\/rowerowycieszyn.pl\/wp-content\/uploads\/2025\/02\/P1270238_tn.jpg\" \/>\n\t<meta property=\"og:image:width\" content=\"1920\" \/>\n\t<meta property=\"og:image:height\" content=\"1280\" \/>\n\t<meta property=\"og:image:type\" content=\"image\/jpeg\" \/>\n<meta name=\"author\" content=\"Rowerowy Cieszyn\" \/>\n<meta name=\"twitter:card\" content=\"summary_large_image\" \/>\n<meta name=\"twitter:label1\" content=\"Napisane przez\" \/>\n\t<meta name=\"twitter:data1\" content=\"Rowerowy Cieszyn\" \/>\n\t<meta name=\"twitter:label2\" content=\"Szacowany czas czytania\" \/>\n\t<meta name=\"twitter:data2\" content=\"2 minuty\" \/>\n<script type=\"application\/ld+json\" class=\"yoast-schema-graph\">{\"@context\":\"https:\\\/\\\/schema.org\",\"@graph\":[{\"@type\":\"Article\",\"@id\":\"https:\\\/\\\/rowerowycieszyn.pl\\\/index.php\\\/2025\\\/02\\\/03\\\/sciezka-za-urzedem-celnym-jest-projekt-nie-ma-pieniedzy\\\/#article\",\"isPartOf\":{\"@id\":\"https:\\\/\\\/rowerowycieszyn.pl\\\/index.php\\\/2025\\\/02\\\/03\\\/sciezka-za-urzedem-celnym-jest-projekt-nie-ma-pieniedzy\\\/\"},\"author\":{\"name\":\"Rowerowy Cieszyn\",\"@id\":\"https:\\\/\\\/rowerowycieszyn.pl\\\/#\\\/schema\\\/person\\\/b698cee63b7405acd7e70007d7cc8b2a\"},\"headline\":\"\u015acie\u017cka za Urz\u0119dem Celnym &#8211; jest projekt, nie ma pieni\u0119dzy\",\"datePublished\":\"2025-02-03T14:05:42+00:00\",\"dateModified\":\"2025-02-03T14:29:57+00:00\",\"mainEntityOfPage\":{\"@id\":\"https:\\\/\\\/rowerowycieszyn.pl\\\/index.php\\\/2025\\\/02\\\/03\\\/sciezka-za-urzedem-celnym-jest-projekt-nie-ma-pieniedzy\\\/\"},\"wordCount\":260,\"commentCount\":0,\"publisher\":{\"@id\":\"https:\\\/\\\/rowerowycieszyn.pl\\\/#organization\"},\"image\":{\"@id\":\"https:\\\/\\\/rowerowycieszyn.pl\\\/index.php\\\/2025\\\/02\\\/03\\\/sciezka-za-urzedem-celnym-jest-projekt-nie-ma-pieniedzy\\\/#primaryimage\"},\"thumbnailUrl\":\"https:\\\/\\\/rowerowycieszyn.pl\\\/wp-content\\\/uploads\\\/2025\\\/02\\\/P1270238_tn.jpg\",\"keywords\":[\"czarny chodnik\",\"miasto Cieszyn\",\"trasa 607\"],\"articleSection\":[\"Aktualno\u015bci\",\"Artyku\u0142y\"],\"inLanguage\":\"pl-PL\",\"potentialAction\":[{\"@type\":\"CommentAction\",\"name\":\"Comment\",\"target\":[\"https:\\\/\\\/rowerowycieszyn.pl\\\/index.php\\\/2025\\\/02\\\/03\\\/sciezka-za-urzedem-celnym-jest-projekt-nie-ma-pieniedzy\\\/#respond\"]}]},{\"@type\":\"WebPage\",\"@id\":\"https:\\\/\\\/rowerowycieszyn.pl\\\/index.php\\\/2025\\\/02\\\/03\\\/sciezka-za-urzedem-celnym-jest-projekt-nie-ma-pieniedzy\\\/\",\"url\":\"https:\\\/\\\/rowerowycieszyn.pl\\\/index.php\\\/2025\\\/02\\\/03\\\/sciezka-za-urzedem-celnym-jest-projekt-nie-ma-pieniedzy\\\/\",\"name\":\"\u015acie\u017cka za Urz\u0119dem Celnym - jest projekt, nie ma pieni\u0119dzy - Rowerowy Cieszyn\",\"isPartOf\":{\"@id\":\"https:\\\/\\\/rowerowycieszyn.pl\\\/#website\"},\"primaryImageOfPage\":{\"@id\":\"https:\\\/\\\/rowerowycieszyn.pl\\\/index.php\\\/2025\\\/02\\\/03\\\/sciezka-za-urzedem-celnym-jest-projekt-nie-ma-pieniedzy\\\/#primaryimage\"},\"image\":{\"@id\":\"https:\\\/\\\/rowerowycieszyn.pl\\\/index.php\\\/2025\\\/02\\\/03\\\/sciezka-za-urzedem-celnym-jest-projekt-nie-ma-pieniedzy\\\/#primaryimage\"},\"thumbnailUrl\":\"https:\\\/\\\/rowerowycieszyn.pl\\\/wp-content\\\/uploads\\\/2025\\\/02\\\/P1270238_tn.jpg\",\"datePublished\":\"2025-02-03T14:05:42+00:00\",\"dateModified\":\"2025-02-03T14:29:57+00:00\",\"description\":\"Nie ma pieni\u0119dzy na realizacj\u0119 drogi pieszo rowerowej za Urz\u0119dem Celnym w Cieszynie. Dalej b\u0119dziemy chodzi\u0107 i je\u017adzi\u0107 w b\u0142ocie.\",\"breadcrumb\":{\"@id\":\"https:\\\/\\\/rowerowycieszyn.pl\\\/index.php\\\/2025\\\/02\\\/03\\\/sciezka-za-urzedem-celnym-jest-projekt-nie-ma-pieniedzy\\\/#breadcrumb\"},\"inLanguage\":\"pl-PL\",\"potentialAction\":[{\"@type\":\"ReadAction\",\"target\":[\"https:\\\/\\\/rowerowycieszyn.pl\\\/index.php\\\/2025\\\/02\\\/03\\\/sciezka-za-urzedem-celnym-jest-projekt-nie-ma-pieniedzy\\\/\"]}]},{\"@type\":\"ImageObject\",\"inLanguage\":\"pl-PL\",\"@id\":\"https:\\\/\\\/rowerowycieszyn.pl\\\/index.php\\\/2025\\\/02\\\/03\\\/sciezka-za-urzedem-celnym-jest-projekt-nie-ma-pieniedzy\\\/#primaryimage\",\"url\":\"https:\\\/\\\/rowerowycieszyn.pl\\\/wp-content\\\/uploads\\\/2025\\\/02\\\/P1270238_tn.jpg\",\"contentUrl\":\"https:\\\/\\\/rowerowycieszyn.pl\\\/wp-content\\\/uploads\\\/2025\\\/02\\\/P1270238_tn.jpg\",\"width\":1920,\"height\":1280,\"caption\":\"Czarny Chodnik za Urz\u0119dem Celnym w Cieszynie - wa\u017cny szlak komunikacyjny dla pieszych i rowerzyst\u00f3w, kt\u00f3ry od lat jest b\u0142otnist\u0105 i za\u015bmiecon\u0105 \u015bcie\u017ck\u0105.\"},{\"@type\":\"BreadcrumbList\",\"@id\":\"https:\\\/\\\/rowerowycieszyn.pl\\\/index.php\\\/2025\\\/02\\\/03\\\/sciezka-za-urzedem-celnym-jest-projekt-nie-ma-pieniedzy\\\/#breadcrumb\",\"itemListElement\":[{\"@type\":\"ListItem\",\"position\":1,\"name\":\"Home\",\"item\":\"https:\\\/\\\/rowerowycieszyn.pl\\\/\"},{\"@type\":\"ListItem\",\"position\":2,\"name\":\"\u015acie\u017cka za Urz\u0119dem Celnym &#8211; jest projekt, nie ma pieni\u0119dzy\"}]},{\"@type\":\"WebSite\",\"@id\":\"https:\\\/\\\/rowerowycieszyn.pl\\\/#website\",\"url\":\"https:\\\/\\\/rowerowycieszyn.pl\\\/\",\"name\":\"Rowerowy Cieszyn\",\"description\":\"Strona promuj\u0105ca komunikacj\u0119 oraz turystyk\u0119 rowerow\u0105 na terenie Cieszyna i okolic.\",\"publisher\":{\"@id\":\"https:\\\/\\\/rowerowycieszyn.pl\\\/#organization\"},\"potentialAction\":[{\"@type\":\"SearchAction\",\"target\":{\"@type\":\"EntryPoint\",\"urlTemplate\":\"https:\\\/\\\/rowerowycieszyn.pl\\\/?s={search_term_string}\"},\"query-input\":{\"@type\":\"PropertyValueSpecification\",\"valueRequired\":true,\"valueName\":\"search_term_string\"}}],\"inLanguage\":\"pl-PL\"},{\"@type\":\"Organization\",\"@id\":\"https:\\\/\\\/rowerowycieszyn.pl\\\/#organization\",\"name\":\"Rowerowy Cieszyn\",\"url\":\"https:\\\/\\\/rowerowycieszyn.pl\\\/\",\"logo\":{\"@type\":\"ImageObject\",\"inLanguage\":\"pl-PL\",\"@id\":\"https:\\\/\\\/rowerowycieszyn.pl\\\/#\\\/schema\\\/logo\\\/image\\\/\",\"url\":\"https:\\\/\\\/rowerowycieszyn.pl\\\/wp-content\\\/uploads\\\/2020\\\/07\\\/cropped-rower1_cr_tn-1.jpg\",\"contentUrl\":\"https:\\\/\\\/rowerowycieszyn.pl\\\/wp-content\\\/uploads\\\/2020\\\/07\\\/cropped-rower1_cr_tn-1.jpg\",\"width\":250,\"height\":100,\"caption\":\"Rowerowy Cieszyn\"},\"image\":{\"@id\":\"https:\\\/\\\/rowerowycieszyn.pl\\\/#\\\/schema\\\/logo\\\/image\\\/\"},\"sameAs\":[\"https:\\\/\\\/www.facebook.com\\\/RowerowyCieszyn\"]},{\"@type\":\"Person\",\"@id\":\"https:\\\/\\\/rowerowycieszyn.pl\\\/#\\\/schema\\\/person\\\/b698cee63b7405acd7e70007d7cc8b2a\",\"name\":\"Rowerowy Cieszyn\",\"image\":{\"@type\":\"ImageObject\",\"inLanguage\":\"pl-PL\",\"@id\":\"https:\\\/\\\/secure.gravatar.com\\\/avatar\\\/1aef2c80bb06ccee0d820e4116589968d6d5c57310499f9271d42a4f7c5ffb3a?s=96&d=mm&r=g\",\"url\":\"https:\\\/\\\/secure.gravatar.com\\\/avatar\\\/1aef2c80bb06ccee0d820e4116589968d6d5c57310499f9271d42a4f7c5ffb3a?s=96&d=mm&r=g\",\"contentUrl\":\"https:\\\/\\\/secure.gravatar.com\\\/avatar\\\/1aef2c80bb06ccee0d820e4116589968d6d5c57310499f9271d42a4f7c5ffb3a?s=96&d=mm&r=g\",\"caption\":\"Rowerowy Cieszyn\"},\"sameAs\":[\"http:\\\/\\\/rowerowycieszyn.pl\"],\"url\":\"https:\\\/\\\/rowerowycieszyn.pl\\\/index.php\\\/author\\\/pstoklosa\\\/\"}]}<\/script>\n<!-- \/ Yoast SEO plugin. -->","yoast_head_json":{"title":"\u015acie\u017cka za Urz\u0119dem Celnym - jest projekt, nie ma pieni\u0119dzy - Rowerowy Cieszyn","description":"Nie ma pieni\u0119dzy na realizacj\u0119 drogi pieszo rowerowej za Urz\u0119dem Celnym w Cieszynie. Dalej b\u0119dziemy chodzi\u0107 i je\u017adzi\u0107 w b\u0142ocie.","robots":{"index":"index","follow":"follow","max-snippet":"max-snippet:-1","max-image-preview":"max-image-preview:large","max-video-preview":"max-video-preview:-1"},"canonical":"https:\/\/rowerowycieszyn.pl\/index.php\/2025\/02\/03\/sciezka-za-urzedem-celnym-jest-projekt-nie-ma-pieniedzy\/","og_locale":"pl_PL","og_type":"article","og_title":"\u015acie\u017cka za Urz\u0119dem Celnym - jest projekt, nie ma pieni\u0119dzy - Rowerowy Cieszyn","og_description":"Nie ma pieni\u0119dzy na realizacj\u0119 drogi pieszo rowerowej za Urz\u0119dem Celnym w Cieszynie. Dalej b\u0119dziemy chodzi\u0107 i je\u017adzi\u0107 w b\u0142ocie.","og_url":"https:\/\/rowerowycieszyn.pl\/index.php\/2025\/02\/03\/sciezka-za-urzedem-celnym-jest-projekt-nie-ma-pieniedzy\/","og_site_name":"Rowerowy Cieszyn","article_publisher":"https:\/\/www.facebook.com\/RowerowyCieszyn","article_published_time":"2025-02-03T14:05:42+00:00","article_modified_time":"2025-02-03T14:29:57+00:00","og_image":[{"width":1920,"height":1280,"url":"http:\/\/rowerowycieszyn.pl\/wp-content\/uploads\/2025\/02\/P1270238_tn.jpg","type":"image\/jpeg"}],"author":"Rowerowy Cieszyn","twitter_card":"summary_large_image","twitter_misc":{"Napisane przez":"Rowerowy Cieszyn","Szacowany czas czytania":"2 minuty"},"schema":{"@context":"https:\/\/schema.org","@graph":[{"@type":"Article","@id":"https:\/\/rowerowycieszyn.pl\/index.php\/2025\/02\/03\/sciezka-za-urzedem-celnym-jest-projekt-nie-ma-pieniedzy\/#article","isPartOf":{"@id":"https:\/\/rowerowycieszyn.pl\/index.php\/2025\/02\/03\/sciezka-za-urzedem-celnym-jest-projekt-nie-ma-pieniedzy\/"},"author":{"name":"Rowerowy Cieszyn","@id":"https:\/\/rowerowycieszyn.pl\/#\/schema\/person\/b698cee63b7405acd7e70007d7cc8b2a"},"headline":"\u015acie\u017cka za Urz\u0119dem Celnym &#8211; jest projekt, nie ma pieni\u0119dzy","datePublished":"2025-02-03T14:05:42+00:00","dateModified":"2025-02-03T14:29:57+00:00","mainEntityOfPage":{"@id":"https:\/\/rowerowycieszyn.pl\/index.php\/2025\/02\/03\/sciezka-za-urzedem-celnym-jest-projekt-nie-ma-pieniedzy\/"},"wordCount":260,"commentCount":0,"publisher":{"@id":"https:\/\/rowerowycieszyn.pl\/#organization"},"image":{"@id":"https:\/\/rowerowycieszyn.pl\/index.php\/2025\/02\/03\/sciezka-za-urzedem-celnym-jest-projekt-nie-ma-pieniedzy\/#primaryimage"},"thumbnailUrl":"https:\/\/rowerowycieszyn.pl\/wp-content\/uploads\/2025\/02\/P1270238_tn.jpg","keywords":["czarny chodnik","miasto Cieszyn","trasa 607"],"articleSection":["Aktualno\u015bci","Artyku\u0142y"],"inLanguage":"pl-PL","potentialAction":[{"@type":"CommentAction","name":"Comment","target":["https:\/\/rowerowycieszyn.pl\/index.php\/2025\/02\/03\/sciezka-za-urzedem-celnym-jest-projekt-nie-ma-pieniedzy\/#respond"]}]},{"@type":"WebPage","@id":"https:\/\/rowerowycieszyn.pl\/index.php\/2025\/02\/03\/sciezka-za-urzedem-celnym-jest-projekt-nie-ma-pieniedzy\/","url":"https:\/\/rowerowycieszyn.pl\/index.php\/2025\/02\/03\/sciezka-za-urzedem-celnym-jest-projekt-nie-ma-pieniedzy\/","name":"\u015acie\u017cka za Urz\u0119dem Celnym - jest projekt, nie ma pieni\u0119dzy - Rowerowy Cieszyn","isPartOf":{"@id":"https:\/\/rowerowycieszyn.pl\/#website"},"primaryImageOfPage":{"@id":"https:\/\/rowerowycieszyn.pl\/index.php\/2025\/02\/03\/sciezka-za-urzedem-celnym-jest-projekt-nie-ma-pieniedzy\/#primaryimage"},"image":{"@id":"https:\/\/rowerowycieszyn.pl\/index.php\/2025\/02\/03\/sciezka-za-urzedem-celnym-jest-projekt-nie-ma-pieniedzy\/#primaryimage"},"thumbnailUrl":"https:\/\/rowerowycieszyn.pl\/wp-content\/uploads\/2025\/02\/P1270238_tn.jpg","datePublished":"2025-02-03T14:05:42+00:00","dateModified":"2025-02-03T14:29:57+00:00","description":"Nie ma pieni\u0119dzy na realizacj\u0119 drogi pieszo rowerowej za Urz\u0119dem Celnym w Cieszynie. Dalej b\u0119dziemy chodzi\u0107 i je\u017adzi\u0107 w b\u0142ocie.","breadcrumb":{"@id":"https:\/\/rowerowycieszyn.pl\/index.php\/2025\/02\/03\/sciezka-za-urzedem-celnym-jest-projekt-nie-ma-pieniedzy\/#breadcrumb"},"inLanguage":"pl-PL","potentialAction":[{"@type":"ReadAction","target":["https:\/\/rowerowycieszyn.pl\/index.php\/2025\/02\/03\/sciezka-za-urzedem-celnym-jest-projekt-nie-ma-pieniedzy\/"]}]},{"@type":"ImageObject","inLanguage":"pl-PL","@id":"https:\/\/rowerowycieszyn.pl\/index.php\/2025\/02\/03\/sciezka-za-urzedem-celnym-jest-projekt-nie-ma-pieniedzy\/#primaryimage","url":"https:\/\/rowerowycieszyn.pl\/wp-content\/uploads\/2025\/02\/P1270238_tn.jpg","contentUrl":"https:\/\/rowerowycieszyn.pl\/wp-content\/uploads\/2025\/02\/P1270238_tn.jpg","width":1920,"height":1280,"caption":"Czarny Chodnik za Urz\u0119dem Celnym w Cieszynie - wa\u017cny szlak komunikacyjny dla pieszych i rowerzyst\u00f3w, kt\u00f3ry od lat jest b\u0142otnist\u0105 i za\u015bmiecon\u0105 \u015bcie\u017ck\u0105."},{"@type":"BreadcrumbList","@id":"https:\/\/rowerowycieszyn.pl\/index.php\/2025\/02\/03\/sciezka-za-urzedem-celnym-jest-projekt-nie-ma-pieniedzy\/#breadcrumb","itemListElement":[{"@type":"ListItem","position":1,"name":"Home","item":"https:\/\/rowerowycieszyn.pl\/"},{"@type":"ListItem","position":2,"name":"\u015acie\u017cka za Urz\u0119dem Celnym &#8211; jest projekt, nie ma pieni\u0119dzy"}]},{"@type":"WebSite","@id":"https:\/\/rowerowycieszyn.pl\/#website","url":"https:\/\/rowerowycieszyn.pl\/","name":"Rowerowy Cieszyn","description":"Strona promuj\u0105ca komunikacj\u0119 oraz turystyk\u0119 rowerow\u0105 na terenie Cieszyna i okolic.","publisher":{"@id":"https:\/\/rowerowycieszyn.pl\/#organization"},"potentialAction":[{"@type":"SearchAction","target":{"@type":"EntryPoint","urlTemplate":"https:\/\/rowerowycieszyn.pl\/?s={search_term_string}"},"query-input":{"@type":"PropertyValueSpecification","valueRequired":true,"valueName":"search_term_string"}}],"inLanguage":"pl-PL"},{"@type":"Organization","@id":"https:\/\/rowerowycieszyn.pl\/#organization","name":"Rowerowy Cieszyn","url":"https:\/\/rowerowycieszyn.pl\/","logo":{"@type":"ImageObject","inLanguage":"pl-PL","@id":"https:\/\/rowerowycieszyn.pl\/#\/schema\/logo\/image\/","url":"https:\/\/rowerowycieszyn.pl\/wp-content\/uploads\/2020\/07\/cropped-rower1_cr_tn-1.jpg","contentUrl":"https:\/\/rowerowycieszyn.pl\/wp-content\/uploads\/2020\/07\/cropped-rower1_cr_tn-1.jpg","width":250,"height":100,"caption":"Rowerowy Cieszyn"},"image":{"@id":"https:\/\/rowerowycieszyn.pl\/#\/schema\/logo\/image\/"},"sameAs":["https:\/\/www.facebook.com\/RowerowyCieszyn"]},{"@type":"Person","@id":"https:\/\/rowerowycieszyn.pl\/#\/schema\/person\/b698cee63b7405acd7e70007d7cc8b2a","name":"Rowerowy Cieszyn","image":{"@type":"ImageObject","inLanguage":"pl-PL","@id":"https:\/\/secure.gravatar.com\/avatar\/1aef2c80bb06ccee0d820e4116589968d6d5c57310499f9271d42a4f7c5ffb3a?s=96&d=mm&r=g","url":"https:\/\/secure.gravatar.com\/avatar\/1aef2c80bb06ccee0d820e4116589968d6d5c57310499f9271d42a4f7c5ffb3a?s=96&d=mm&r=g","contentUrl":"https:\/\/secure.gravatar.com\/avatar\/1aef2c80bb06ccee0d820e4116589968d6d5c57310499f9271d42a4f7c5ffb3a?s=96&d=mm&r=g","caption":"Rowerowy Cieszyn"},"sameAs":["http:\/\/rowerowycieszyn.pl"],"url":"https:\/\/rowerowycieszyn.pl\/index.php\/author\/pstoklosa\/"}]}},"_links":{"self":[{"href":"https:\/\/rowerowycieszyn.pl\/index.php\/wp-json\/wp\/v2\/posts\/2495","targetHints":{"allow":["GET"]}}],"collection":[{"href":"https:\/\/rowerowycieszyn.pl\/index.php\/wp-json\/wp\/v2\/posts"}],"about":[{"href":"https:\/\/rowerowycieszyn.pl\/index.php\/wp-json\/wp\/v2\/types\/post"}],"author":[{"embeddable":true,"href":"https:\/\/rowerowycieszyn.pl\/index.php\/wp-json\/wp\/v2\/users\/1"}],"replies":[{"embeddable":true,"href":"https:\/\/rowerowycieszyn.pl\/index.php\/wp-json\/wp\/v2\/comments?post=2495"}],"version-history":[{"count":8,"href":"https:\/\/rowerowycieszyn.pl\/index.php\/wp-json\/wp\/v2\/posts\/2495\/revisions"}],"predecessor-version":[{"id":2504,"href":"https:\/\/rowerowycieszyn.pl\/index.php\/wp-json\/wp\/v2\/posts\/2495\/revisions\/2504"}],"wp:featuredmedia":[{"embeddable":true,"href":"https:\/\/rowerowycieszyn.pl\/index.php\/wp-json\/wp\/v2\/media\/2499"}],"wp:attachment":[{"href":"https:\/\/rowerowycieszyn.pl\/index.php\/wp-json\/wp\/v2\/media?parent=2495"}],"wp:term":[{"taxonomy":"category","embeddable":true,"href":"https:\/\/rowerowycieszyn.pl\/index.php\/wp-json\/wp\/v2\/categories?post=2495"},{"taxonomy":"post_tag","embeddable":true,"href":"https:\/\/rowerowycieszyn.pl\/index.php\/wp-json\/wp\/v2\/tags?post=2495"}],"curies":[{"name":"wp","href":"https:\/\/api.w.org\/{rel}","templated":true}]}}