{"id":2567,"date":"2025-03-29T15:59:45","date_gmt":"2025-03-29T14:59:45","guid":{"rendered":"https:\/\/rowerowycieszyn.pl\/?p=2567"},"modified":"2025-03-29T19:57:54","modified_gmt":"2025-03-29T18:57:54","slug":"rozwoj-infrastruktury-rowerowej-w-cieszynie-w-porownaniu-z-innymi-miastami-powiatowymi-regionu","status":"publish","type":"post","link":"https:\/\/rowerowycieszyn.pl\/index.php\/2025\/03\/29\/rozwoj-infrastruktury-rowerowej-w-cieszynie-w-porownaniu-z-innymi-miastami-powiatowymi-regionu\/","title":{"rendered":"Rozw\u00f3j infrastruktury rowerowej w Cieszynie w por\u00f3wnaniu z innymi miastami powiatowymi regionu"},"content":{"rendered":"\r\n<p>Czy w Cieszynie powstaje du\u017co, czy ma\u0142o infrastruktury rowerowej? \u017beby unikn\u0105\u0107 pos\u0105dzenia o subiektywizm, postanowili\u015bmy zwr\u00f3ci\u0107 si\u0119 do miast powiatowych za naszego regionu o dane statystyczne. Odpowiedzi otrzymali\u015bmy z Rybnika, Jastrz\u0119bia Zdroju i Pszczyny. Analiz\u0105 obj\u0119li\u015bmy okres od 2019 do 2024 roku, a wi\u0119c czas urz\u0119dowania poprzedniej i pocz\u0105tek obecnej kadencji w\u0142adz lokalnych. Uwaga \u2013 analizowali\u015bmy tylko miasta powiatowe a nie ca\u0142e powiaty.<\/p>\r\n\r\n\r\n\r\n<p>Niestety w ka\u017cdym uj\u0119ciu miasto Cieszyn wypada najgorzej \u2013 zar\u00f3wno gdy spojrzymy na dane w spos\u00f3b bezwzgl\u0119dny (liczba oddanych do u\u017cytku kilometr\u00f3w DDR\u00f3w i CPR\u00f3w) jak i odnosz\u0105c je do liczby mieszka\u0144c\u00f3w danego miasta czy jego powierzchni. Kolejne \u201eniestety\u201d jest takie, \u017ce w najbli\u017cszych latach sytuacja niewiele si\u0119 poprawi. Co prawda wkr\u00f3tce zostanie oddany do u\u017cytku CPR przy ul. S\u0142owiczej (ok. 800 m) i rozpocz\u0105\u0142 si\u0119 ju\u017c remont ul. Ha\u017claskiej (powstanie tam CPR o d\u0142ugo\u015bci oko\u0142o 960 m), lecz realizowane inwestycje wci\u0105\u017c nie tworz\u0105 sp\u00f3jnej infrastruktury, kt\u00f3rej szczeg\u00f3lnie brakuje w centrum miasta. Sytuacj\u0119 m\u00f3g\u0142by poprawi\u0107 cieszy\u0144ski odcinek trasy 604 (wzd\u0142u\u017c Bobr\u00f3wki od centrum przesiadkowego do skrzy\u017cowania ul. Bielska \/ Ustro\u0144ska), ale p\u00f3ki co nie ma nawet zatwierdzonego przebiegu, nie wspominaj\u0105c o projekcie i finansowaniu.<\/p>\r\n\r\n\r\n\r\n<p>Szczeg\u00f3lnie nieciekawie wygl\u0105da \u015brodowy wykres, z kt\u00f3rego wynika, \u017ce w ci\u0105gu ostatnich 5-ciu lat w przeliczeniu na 1000 mieszka\u0144c\u00f3w Cieszyna wybudowano nieca\u0142e 57 metr\u00f3w dr\u00f3g rowerowych. W por\u00f3wnaniu z Pszczyn\u0105, kt\u00f3ra ze wzgl\u0119du na powierzchni\u0119, liczb\u0119 mieszka\u0144c\u00f3w i struktur\u0119 urbanistyczn\u0105, jest najlepszych odniesieniem do Cieszyna z ca\u0142ej przyr\u00f3wnywanej tr\u00f3jki, osi\u0105gn\u0119li\u015bmy prawie 13-krotnie gorszy wynik. Je\u017celi takie tempo zostanie utrzymane, Cieszyn coraz bardziej b\u0119dzie zostawa\u0142 w tyle za peletonem miast naszego regionu i stanie si\u0119 skansenem (w z\u0142ym tego s\u0142owa znaczeniu) pod wzgl\u0119dem rozwoju infrastruktury rowerowej.<\/p>\r\n<p>\r\n\r\n<\/p>\r\n<h2>Dane do oblicze\u0144<\/h2>\r\n<p>\r\n\r\n<\/p>\r\n<figure class=\"wp-block-table\">\r\n<table class=\"has-fixed-layout\">\r\n<tbody>\r\n<tr>\r\n<td><strong>Miasto<\/strong><\/td>\r\n<td class=\"has-text-align-right\" data-align=\"right\"><strong>Jastrz\u0119bie Zdr\u00f3j<\/strong><\/td>\r\n<td class=\"has-text-align-right\" data-align=\"right\"><strong>Rybnik<\/strong><\/td>\r\n<td class=\"has-text-align-right\" data-align=\"right\"><strong>Pszczyna<\/strong><\/td>\r\n<td class=\"has-text-align-right\" data-align=\"right\"><strong>Cieszyn<\/strong><\/td>\r\n<\/tr>\r\n<tr>\r\n<td>Liczba oddanych kilometr\u00f3w w latach 2019-2024<\/td>\r\n<td class=\"has-text-align-right\" data-align=\"right\">20,19**<\/td>\r\n<td class=\"has-text-align-right\" data-align=\"right\">12,76<\/td>\r\n<td class=\"has-text-align-right\" data-align=\"right\">17,32<\/td>\r\n<td class=\"has-text-align-right\" data-align=\"right\">1,92***<\/td>\r\n<\/tr>\r\n<tr>\r\n<td>Liczba mieszka\u0144c\u00f3w*<\/td>\r\n<td class=\"has-text-align-right\" data-align=\"right\">86 632<\/td>\r\n<td class=\"has-text-align-right\" data-align=\"right\">130 655<\/td>\r\n<td class=\"has-text-align-right\" data-align=\"right\">23 720<\/td>\r\n<td class=\"has-text-align-right\" data-align=\"right\">33 500<\/td>\r\n<\/tr>\r\n<tr>\r\n<td>metry bie\u017c\u0105ce w przeliczeniu na 1000 mieszka\u0144c\u00f3w<\/td>\r\n<td class=\"has-text-align-right\" data-align=\"right\">233<\/td>\r\n<td class=\"has-text-align-right\" data-align=\"right\">98<\/td>\r\n<td class=\"has-text-align-right\" data-align=\"right\">730<\/td>\r\n<td class=\"has-text-align-right\" data-align=\"right\">57<\/td>\r\n<\/tr>\r\n<tr>\r\n<td>Powierzchnia miejscowo\u015bci w km2<\/td>\r\n<td class=\"has-text-align-right\" data-align=\"right\">85,34<\/td>\r\n<td class=\"has-text-align-right\" data-align=\"right\">148,27<\/td>\r\n<td class=\"has-text-align-right\" data-align=\"right\">22,49<\/td>\r\n<td class=\"has-text-align-right\" data-align=\"right\">28,6<\/td>\r\n<\/tr>\r\n<tr>\r\n<td>metry bie\u017c\u0105ce na km2 miejscowo\u015bci<\/td>\r\n<td class=\"has-text-align-right\" data-align=\"right\">237<\/td>\r\n<td class=\"has-text-align-right\" data-align=\"right\">86<\/td>\r\n<td class=\"has-text-align-right\" data-align=\"right\">770<\/td>\r\n<td class=\"has-text-align-right\" data-align=\"right\">67<\/td>\r\n<\/tr>\r\n<\/tbody>\r\n<\/table>\r\n<\/figure>\r\n<p>\r\n\r\n<\/p>\r\n<p>* Stan na 31.12.2023 za Wikipedia.<\/p>\r\n<p>** Istotny wp\u0142yw na dobry wynik Jastrz\u0119bia Zdroju ma 9,5-kilometrowy odcinek \u017belaznego Szlaku oddany do eksploatacji w 2020 roku i zlokalizowany w granicach tego miasta.<\/p>\r\n<p>*** Obejmuje ul. Brodzi\u0144skiego (190m), Kossak-Szatkowskiej (1150m, liczone jako jedna dwujezdniowa DDR), Mickiewicza (575m). D\u0142ugo\u015bci przybli\u017cone na podstawie odczyt\u00f3w z Google Maps.<\/p>\r\n<p>\r\n\r\n<\/p>\r\n<p style=\"text-align: right;\">Zebra\u0142 i opracowa\u0142<br \/>Piotr Stok\u0142osa<\/p>\r\n<p>\r\n\r\n<\/p>\r\n<p><\/p>","protected":false},"excerpt":{"rendered":"<p>Rozw\u00f3j infrastruktury rowerowej w Cieszynie w por\u00f3wnaniu z innymi miastami powiatowymi regionu nie przedstawia si\u0119 najlepiej. Najlepiej dowodz\u0105 tego statystyki por\u00f3wnawcze z innymi miastami naszego regionu.<\/p>\n","protected":false},"author":1,"featured_media":2585,"comment_status":"open","ping_status":"open","sticky":false,"template":"","format":"standard","meta":{"footnotes":""},"categories":[9,5,1,10],"tags":[],"class_list":["post-2567","post","type-post","status-publish","format-standard","has-post-thumbnail","hentry","category-aktualnosci","category-artykuly","category-bez-kategorii","category-u-innych"],"yoast_head":"<!-- This site is optimized with the Yoast SEO plugin v27.3 - https:\/\/yoast.com\/product\/yoast-seo-wordpress\/ -->\n<title>Rozw\u00f3j infrastruktury rowerowej w Cieszynie w por\u00f3wnaniu z innymi miastami powiatowymi regionu - Rowerowy Cieszyn<\/title>\n<meta name=\"description\" content=\"Rozw\u00f3j infrastruktury rowerowej w Cieszynie w por\u00f3wnaniu z innymi miastami powiatowymi regionu nie przedstawia si\u0119 najlepiej.\" \/>\n<meta name=\"robots\" content=\"index, follow, max-snippet:-1, max-image-preview:large, max-video-preview:-1\" \/>\n<link rel=\"canonical\" href=\"https:\/\/rowerowycieszyn.pl\/index.php\/2025\/03\/29\/rozwoj-infrastruktury-rowerowej-w-cieszynie-w-porownaniu-z-innymi-miastami-powiatowymi-regionu\/\" \/>\n<meta property=\"og:locale\" content=\"pl_PL\" \/>\n<meta property=\"og:type\" content=\"article\" \/>\n<meta property=\"og:title\" content=\"Rozw\u00f3j infrastruktury rowerowej w Cieszynie w por\u00f3wnaniu z innymi miastami powiatowymi regionu - Rowerowy Cieszyn\" \/>\n<meta property=\"og:description\" content=\"Rozw\u00f3j infrastruktury rowerowej w Cieszynie w por\u00f3wnaniu z innymi miastami powiatowymi regionu nie przedstawia si\u0119 najlepiej.\" \/>\n<meta property=\"og:url\" content=\"https:\/\/rowerowycieszyn.pl\/index.php\/2025\/03\/29\/rozwoj-infrastruktury-rowerowej-w-cieszynie-w-porownaniu-z-innymi-miastami-powiatowymi-regionu\/\" \/>\n<meta property=\"og:site_name\" content=\"Rowerowy Cieszyn\" \/>\n<meta property=\"article:publisher\" content=\"https:\/\/www.facebook.com\/RowerowyCieszyn\" \/>\n<meta property=\"article:published_time\" content=\"2025-03-29T14:59:45+00:00\" \/>\n<meta property=\"article:modified_time\" content=\"2025-03-29T18:57:54+00:00\" \/>\n<meta property=\"og:image\" content=\"http:\/\/rowerowycieszyn.pl\/wp-content\/uploads\/2025\/03\/Rowery-statystyka-1920-na-1080.jpg\" \/>\n\t<meta property=\"og:image:width\" content=\"1920\" \/>\n\t<meta property=\"og:image:height\" content=\"1080\" \/>\n\t<meta property=\"og:image:type\" content=\"image\/jpeg\" \/>\n<meta name=\"author\" content=\"Rowerowy Cieszyn\" \/>\n<meta name=\"twitter:card\" content=\"summary_large_image\" \/>\n<meta name=\"twitter:label1\" content=\"Napisane przez\" \/>\n\t<meta name=\"twitter:data1\" content=\"Rowerowy Cieszyn\" \/>\n\t<meta name=\"twitter:label2\" content=\"Szacowany czas czytania\" \/>\n\t<meta name=\"twitter:data2\" content=\"3 minuty\" \/>\n<script type=\"application\/ld+json\" class=\"yoast-schema-graph\">{\"@context\":\"https:\\\/\\\/schema.org\",\"@graph\":[{\"@type\":\"Article\",\"@id\":\"https:\\\/\\\/rowerowycieszyn.pl\\\/index.php\\\/2025\\\/03\\\/29\\\/rozwoj-infrastruktury-rowerowej-w-cieszynie-w-porownaniu-z-innymi-miastami-powiatowymi-regionu\\\/#article\",\"isPartOf\":{\"@id\":\"https:\\\/\\\/rowerowycieszyn.pl\\\/index.php\\\/2025\\\/03\\\/29\\\/rozwoj-infrastruktury-rowerowej-w-cieszynie-w-porownaniu-z-innymi-miastami-powiatowymi-regionu\\\/\"},\"author\":{\"name\":\"Rowerowy Cieszyn\",\"@id\":\"https:\\\/\\\/rowerowycieszyn.pl\\\/#\\\/schema\\\/person\\\/b698cee63b7405acd7e70007d7cc8b2a\"},\"headline\":\"Rozw\u00f3j infrastruktury rowerowej w Cieszynie w por\u00f3wnaniu z innymi miastami powiatowymi regionu\",\"datePublished\":\"2025-03-29T14:59:45+00:00\",\"dateModified\":\"2025-03-29T18:57:54+00:00\",\"mainEntityOfPage\":{\"@id\":\"https:\\\/\\\/rowerowycieszyn.pl\\\/index.php\\\/2025\\\/03\\\/29\\\/rozwoj-infrastruktury-rowerowej-w-cieszynie-w-porownaniu-z-innymi-miastami-powiatowymi-regionu\\\/\"},\"wordCount\":452,\"commentCount\":0,\"publisher\":{\"@id\":\"https:\\\/\\\/rowerowycieszyn.pl\\\/#organization\"},\"image\":{\"@id\":\"https:\\\/\\\/rowerowycieszyn.pl\\\/index.php\\\/2025\\\/03\\\/29\\\/rozwoj-infrastruktury-rowerowej-w-cieszynie-w-porownaniu-z-innymi-miastami-powiatowymi-regionu\\\/#primaryimage\"},\"thumbnailUrl\":\"https:\\\/\\\/rowerowycieszyn.pl\\\/wp-content\\\/uploads\\\/2025\\\/03\\\/Rowery-statystyka-1920-na-1080.jpg\",\"articleSection\":{\"0\":\"Aktualno\u015bci\",\"1\":\"Artyku\u0142y\",\"3\":\"U innych\"},\"inLanguage\":\"pl-PL\",\"potentialAction\":[{\"@type\":\"CommentAction\",\"name\":\"Comment\",\"target\":[\"https:\\\/\\\/rowerowycieszyn.pl\\\/index.php\\\/2025\\\/03\\\/29\\\/rozwoj-infrastruktury-rowerowej-w-cieszynie-w-porownaniu-z-innymi-miastami-powiatowymi-regionu\\\/#respond\"]}]},{\"@type\":\"WebPage\",\"@id\":\"https:\\\/\\\/rowerowycieszyn.pl\\\/index.php\\\/2025\\\/03\\\/29\\\/rozwoj-infrastruktury-rowerowej-w-cieszynie-w-porownaniu-z-innymi-miastami-powiatowymi-regionu\\\/\",\"url\":\"https:\\\/\\\/rowerowycieszyn.pl\\\/index.php\\\/2025\\\/03\\\/29\\\/rozwoj-infrastruktury-rowerowej-w-cieszynie-w-porownaniu-z-innymi-miastami-powiatowymi-regionu\\\/\",\"name\":\"Rozw\u00f3j infrastruktury rowerowej w Cieszynie w por\u00f3wnaniu z innymi miastami powiatowymi regionu - Rowerowy Cieszyn\",\"isPartOf\":{\"@id\":\"https:\\\/\\\/rowerowycieszyn.pl\\\/#website\"},\"primaryImageOfPage\":{\"@id\":\"https:\\\/\\\/rowerowycieszyn.pl\\\/index.php\\\/2025\\\/03\\\/29\\\/rozwoj-infrastruktury-rowerowej-w-cieszynie-w-porownaniu-z-innymi-miastami-powiatowymi-regionu\\\/#primaryimage\"},\"image\":{\"@id\":\"https:\\\/\\\/rowerowycieszyn.pl\\\/index.php\\\/2025\\\/03\\\/29\\\/rozwoj-infrastruktury-rowerowej-w-cieszynie-w-porownaniu-z-innymi-miastami-powiatowymi-regionu\\\/#primaryimage\"},\"thumbnailUrl\":\"https:\\\/\\\/rowerowycieszyn.pl\\\/wp-content\\\/uploads\\\/2025\\\/03\\\/Rowery-statystyka-1920-na-1080.jpg\",\"datePublished\":\"2025-03-29T14:59:45+00:00\",\"dateModified\":\"2025-03-29T18:57:54+00:00\",\"description\":\"Rozw\u00f3j infrastruktury rowerowej w Cieszynie w por\u00f3wnaniu z innymi miastami powiatowymi regionu nie przedstawia si\u0119 najlepiej.\",\"breadcrumb\":{\"@id\":\"https:\\\/\\\/rowerowycieszyn.pl\\\/index.php\\\/2025\\\/03\\\/29\\\/rozwoj-infrastruktury-rowerowej-w-cieszynie-w-porownaniu-z-innymi-miastami-powiatowymi-regionu\\\/#breadcrumb\"},\"inLanguage\":\"pl-PL\",\"potentialAction\":[{\"@type\":\"ReadAction\",\"target\":[\"https:\\\/\\\/rowerowycieszyn.pl\\\/index.php\\\/2025\\\/03\\\/29\\\/rozwoj-infrastruktury-rowerowej-w-cieszynie-w-porownaniu-z-innymi-miastami-powiatowymi-regionu\\\/\"]}]},{\"@type\":\"ImageObject\",\"inLanguage\":\"pl-PL\",\"@id\":\"https:\\\/\\\/rowerowycieszyn.pl\\\/index.php\\\/2025\\\/03\\\/29\\\/rozwoj-infrastruktury-rowerowej-w-cieszynie-w-porownaniu-z-innymi-miastami-powiatowymi-regionu\\\/#primaryimage\",\"url\":\"https:\\\/\\\/rowerowycieszyn.pl\\\/wp-content\\\/uploads\\\/2025\\\/03\\\/Rowery-statystyka-1920-na-1080.jpg\",\"contentUrl\":\"https:\\\/\\\/rowerowycieszyn.pl\\\/wp-content\\\/uploads\\\/2025\\\/03\\\/Rowery-statystyka-1920-na-1080.jpg\",\"width\":1920,\"height\":1080,\"caption\":\"Rozw\u00f3j infrastruktury rowerowej w latach 2019-2024 w wybranych miastach powiatowych\"},{\"@type\":\"BreadcrumbList\",\"@id\":\"https:\\\/\\\/rowerowycieszyn.pl\\\/index.php\\\/2025\\\/03\\\/29\\\/rozwoj-infrastruktury-rowerowej-w-cieszynie-w-porownaniu-z-innymi-miastami-powiatowymi-regionu\\\/#breadcrumb\",\"itemListElement\":[{\"@type\":\"ListItem\",\"position\":1,\"name\":\"Home\",\"item\":\"https:\\\/\\\/rowerowycieszyn.pl\\\/\"},{\"@type\":\"ListItem\",\"position\":2,\"name\":\"Rozw\u00f3j infrastruktury rowerowej w Cieszynie w por\u00f3wnaniu z innymi miastami powiatowymi regionu\"}]},{\"@type\":\"WebSite\",\"@id\":\"https:\\\/\\\/rowerowycieszyn.pl\\\/#website\",\"url\":\"https:\\\/\\\/rowerowycieszyn.pl\\\/\",\"name\":\"Rowerowy Cieszyn\",\"description\":\"Strona promuj\u0105ca komunikacj\u0119 oraz turystyk\u0119 rowerow\u0105 na terenie Cieszyna i okolic.\",\"publisher\":{\"@id\":\"https:\\\/\\\/rowerowycieszyn.pl\\\/#organization\"},\"potentialAction\":[{\"@type\":\"SearchAction\",\"target\":{\"@type\":\"EntryPoint\",\"urlTemplate\":\"https:\\\/\\\/rowerowycieszyn.pl\\\/?s={search_term_string}\"},\"query-input\":{\"@type\":\"PropertyValueSpecification\",\"valueRequired\":true,\"valueName\":\"search_term_string\"}}],\"inLanguage\":\"pl-PL\"},{\"@type\":\"Organization\",\"@id\":\"https:\\\/\\\/rowerowycieszyn.pl\\\/#organization\",\"name\":\"Rowerowy Cieszyn\",\"url\":\"https:\\\/\\\/rowerowycieszyn.pl\\\/\",\"logo\":{\"@type\":\"ImageObject\",\"inLanguage\":\"pl-PL\",\"@id\":\"https:\\\/\\\/rowerowycieszyn.pl\\\/#\\\/schema\\\/logo\\\/image\\\/\",\"url\":\"https:\\\/\\\/rowerowycieszyn.pl\\\/wp-content\\\/uploads\\\/2020\\\/07\\\/cropped-rower1_cr_tn-1.jpg\",\"contentUrl\":\"https:\\\/\\\/rowerowycieszyn.pl\\\/wp-content\\\/uploads\\\/2020\\\/07\\\/cropped-rower1_cr_tn-1.jpg\",\"width\":250,\"height\":100,\"caption\":\"Rowerowy Cieszyn\"},\"image\":{\"@id\":\"https:\\\/\\\/rowerowycieszyn.pl\\\/#\\\/schema\\\/logo\\\/image\\\/\"},\"sameAs\":[\"https:\\\/\\\/www.facebook.com\\\/RowerowyCieszyn\"]},{\"@type\":\"Person\",\"@id\":\"https:\\\/\\\/rowerowycieszyn.pl\\\/#\\\/schema\\\/person\\\/b698cee63b7405acd7e70007d7cc8b2a\",\"name\":\"Rowerowy Cieszyn\",\"image\":{\"@type\":\"ImageObject\",\"inLanguage\":\"pl-PL\",\"@id\":\"https:\\\/\\\/secure.gravatar.com\\\/avatar\\\/1aef2c80bb06ccee0d820e4116589968d6d5c57310499f9271d42a4f7c5ffb3a?s=96&d=mm&r=g\",\"url\":\"https:\\\/\\\/secure.gravatar.com\\\/avatar\\\/1aef2c80bb06ccee0d820e4116589968d6d5c57310499f9271d42a4f7c5ffb3a?s=96&d=mm&r=g\",\"contentUrl\":\"https:\\\/\\\/secure.gravatar.com\\\/avatar\\\/1aef2c80bb06ccee0d820e4116589968d6d5c57310499f9271d42a4f7c5ffb3a?s=96&d=mm&r=g\",\"caption\":\"Rowerowy Cieszyn\"},\"sameAs\":[\"http:\\\/\\\/rowerowycieszyn.pl\"],\"url\":\"https:\\\/\\\/rowerowycieszyn.pl\\\/index.php\\\/author\\\/pstoklosa\\\/\"}]}<\/script>\n<!-- \/ Yoast SEO plugin. -->","yoast_head_json":{"title":"Rozw\u00f3j infrastruktury rowerowej w Cieszynie w por\u00f3wnaniu z innymi miastami powiatowymi regionu - Rowerowy Cieszyn","description":"Rozw\u00f3j infrastruktury rowerowej w Cieszynie w por\u00f3wnaniu z innymi miastami powiatowymi regionu nie przedstawia si\u0119 najlepiej.","robots":{"index":"index","follow":"follow","max-snippet":"max-snippet:-1","max-image-preview":"max-image-preview:large","max-video-preview":"max-video-preview:-1"},"canonical":"https:\/\/rowerowycieszyn.pl\/index.php\/2025\/03\/29\/rozwoj-infrastruktury-rowerowej-w-cieszynie-w-porownaniu-z-innymi-miastami-powiatowymi-regionu\/","og_locale":"pl_PL","og_type":"article","og_title":"Rozw\u00f3j infrastruktury rowerowej w Cieszynie w por\u00f3wnaniu z innymi miastami powiatowymi regionu - Rowerowy Cieszyn","og_description":"Rozw\u00f3j infrastruktury rowerowej w Cieszynie w por\u00f3wnaniu z innymi miastami powiatowymi regionu nie przedstawia si\u0119 najlepiej.","og_url":"https:\/\/rowerowycieszyn.pl\/index.php\/2025\/03\/29\/rozwoj-infrastruktury-rowerowej-w-cieszynie-w-porownaniu-z-innymi-miastami-powiatowymi-regionu\/","og_site_name":"Rowerowy Cieszyn","article_publisher":"https:\/\/www.facebook.com\/RowerowyCieszyn","article_published_time":"2025-03-29T14:59:45+00:00","article_modified_time":"2025-03-29T18:57:54+00:00","og_image":[{"width":1920,"height":1080,"url":"http:\/\/rowerowycieszyn.pl\/wp-content\/uploads\/2025\/03\/Rowery-statystyka-1920-na-1080.jpg","type":"image\/jpeg"}],"author":"Rowerowy Cieszyn","twitter_card":"summary_large_image","twitter_misc":{"Napisane przez":"Rowerowy Cieszyn","Szacowany czas czytania":"3 minuty"},"schema":{"@context":"https:\/\/schema.org","@graph":[{"@type":"Article","@id":"https:\/\/rowerowycieszyn.pl\/index.php\/2025\/03\/29\/rozwoj-infrastruktury-rowerowej-w-cieszynie-w-porownaniu-z-innymi-miastami-powiatowymi-regionu\/#article","isPartOf":{"@id":"https:\/\/rowerowycieszyn.pl\/index.php\/2025\/03\/29\/rozwoj-infrastruktury-rowerowej-w-cieszynie-w-porownaniu-z-innymi-miastami-powiatowymi-regionu\/"},"author":{"name":"Rowerowy Cieszyn","@id":"https:\/\/rowerowycieszyn.pl\/#\/schema\/person\/b698cee63b7405acd7e70007d7cc8b2a"},"headline":"Rozw\u00f3j infrastruktury rowerowej w Cieszynie w por\u00f3wnaniu z innymi miastami powiatowymi regionu","datePublished":"2025-03-29T14:59:45+00:00","dateModified":"2025-03-29T18:57:54+00:00","mainEntityOfPage":{"@id":"https:\/\/rowerowycieszyn.pl\/index.php\/2025\/03\/29\/rozwoj-infrastruktury-rowerowej-w-cieszynie-w-porownaniu-z-innymi-miastami-powiatowymi-regionu\/"},"wordCount":452,"commentCount":0,"publisher":{"@id":"https:\/\/rowerowycieszyn.pl\/#organization"},"image":{"@id":"https:\/\/rowerowycieszyn.pl\/index.php\/2025\/03\/29\/rozwoj-infrastruktury-rowerowej-w-cieszynie-w-porownaniu-z-innymi-miastami-powiatowymi-regionu\/#primaryimage"},"thumbnailUrl":"https:\/\/rowerowycieszyn.pl\/wp-content\/uploads\/2025\/03\/Rowery-statystyka-1920-na-1080.jpg","articleSection":{"0":"Aktualno\u015bci","1":"Artyku\u0142y","3":"U innych"},"inLanguage":"pl-PL","potentialAction":[{"@type":"CommentAction","name":"Comment","target":["https:\/\/rowerowycieszyn.pl\/index.php\/2025\/03\/29\/rozwoj-infrastruktury-rowerowej-w-cieszynie-w-porownaniu-z-innymi-miastami-powiatowymi-regionu\/#respond"]}]},{"@type":"WebPage","@id":"https:\/\/rowerowycieszyn.pl\/index.php\/2025\/03\/29\/rozwoj-infrastruktury-rowerowej-w-cieszynie-w-porownaniu-z-innymi-miastami-powiatowymi-regionu\/","url":"https:\/\/rowerowycieszyn.pl\/index.php\/2025\/03\/29\/rozwoj-infrastruktury-rowerowej-w-cieszynie-w-porownaniu-z-innymi-miastami-powiatowymi-regionu\/","name":"Rozw\u00f3j infrastruktury rowerowej w Cieszynie w por\u00f3wnaniu z innymi miastami powiatowymi regionu - Rowerowy Cieszyn","isPartOf":{"@id":"https:\/\/rowerowycieszyn.pl\/#website"},"primaryImageOfPage":{"@id":"https:\/\/rowerowycieszyn.pl\/index.php\/2025\/03\/29\/rozwoj-infrastruktury-rowerowej-w-cieszynie-w-porownaniu-z-innymi-miastami-powiatowymi-regionu\/#primaryimage"},"image":{"@id":"https:\/\/rowerowycieszyn.pl\/index.php\/2025\/03\/29\/rozwoj-infrastruktury-rowerowej-w-cieszynie-w-porownaniu-z-innymi-miastami-powiatowymi-regionu\/#primaryimage"},"thumbnailUrl":"https:\/\/rowerowycieszyn.pl\/wp-content\/uploads\/2025\/03\/Rowery-statystyka-1920-na-1080.jpg","datePublished":"2025-03-29T14:59:45+00:00","dateModified":"2025-03-29T18:57:54+00:00","description":"Rozw\u00f3j infrastruktury rowerowej w Cieszynie w por\u00f3wnaniu z innymi miastami powiatowymi regionu nie przedstawia si\u0119 najlepiej.","breadcrumb":{"@id":"https:\/\/rowerowycieszyn.pl\/index.php\/2025\/03\/29\/rozwoj-infrastruktury-rowerowej-w-cieszynie-w-porownaniu-z-innymi-miastami-powiatowymi-regionu\/#breadcrumb"},"inLanguage":"pl-PL","potentialAction":[{"@type":"ReadAction","target":["https:\/\/rowerowycieszyn.pl\/index.php\/2025\/03\/29\/rozwoj-infrastruktury-rowerowej-w-cieszynie-w-porownaniu-z-innymi-miastami-powiatowymi-regionu\/"]}]},{"@type":"ImageObject","inLanguage":"pl-PL","@id":"https:\/\/rowerowycieszyn.pl\/index.php\/2025\/03\/29\/rozwoj-infrastruktury-rowerowej-w-cieszynie-w-porownaniu-z-innymi-miastami-powiatowymi-regionu\/#primaryimage","url":"https:\/\/rowerowycieszyn.pl\/wp-content\/uploads\/2025\/03\/Rowery-statystyka-1920-na-1080.jpg","contentUrl":"https:\/\/rowerowycieszyn.pl\/wp-content\/uploads\/2025\/03\/Rowery-statystyka-1920-na-1080.jpg","width":1920,"height":1080,"caption":"Rozw\u00f3j infrastruktury rowerowej w latach 2019-2024 w wybranych miastach powiatowych"},{"@type":"BreadcrumbList","@id":"https:\/\/rowerowycieszyn.pl\/index.php\/2025\/03\/29\/rozwoj-infrastruktury-rowerowej-w-cieszynie-w-porownaniu-z-innymi-miastami-powiatowymi-regionu\/#breadcrumb","itemListElement":[{"@type":"ListItem","position":1,"name":"Home","item":"https:\/\/rowerowycieszyn.pl\/"},{"@type":"ListItem","position":2,"name":"Rozw\u00f3j infrastruktury rowerowej w Cieszynie w por\u00f3wnaniu z innymi miastami powiatowymi regionu"}]},{"@type":"WebSite","@id":"https:\/\/rowerowycieszyn.pl\/#website","url":"https:\/\/rowerowycieszyn.pl\/","name":"Rowerowy Cieszyn","description":"Strona promuj\u0105ca komunikacj\u0119 oraz turystyk\u0119 rowerow\u0105 na terenie Cieszyna i okolic.","publisher":{"@id":"https:\/\/rowerowycieszyn.pl\/#organization"},"potentialAction":[{"@type":"SearchAction","target":{"@type":"EntryPoint","urlTemplate":"https:\/\/rowerowycieszyn.pl\/?s={search_term_string}"},"query-input":{"@type":"PropertyValueSpecification","valueRequired":true,"valueName":"search_term_string"}}],"inLanguage":"pl-PL"},{"@type":"Organization","@id":"https:\/\/rowerowycieszyn.pl\/#organization","name":"Rowerowy Cieszyn","url":"https:\/\/rowerowycieszyn.pl\/","logo":{"@type":"ImageObject","inLanguage":"pl-PL","@id":"https:\/\/rowerowycieszyn.pl\/#\/schema\/logo\/image\/","url":"https:\/\/rowerowycieszyn.pl\/wp-content\/uploads\/2020\/07\/cropped-rower1_cr_tn-1.jpg","contentUrl":"https:\/\/rowerowycieszyn.pl\/wp-content\/uploads\/2020\/07\/cropped-rower1_cr_tn-1.jpg","width":250,"height":100,"caption":"Rowerowy Cieszyn"},"image":{"@id":"https:\/\/rowerowycieszyn.pl\/#\/schema\/logo\/image\/"},"sameAs":["https:\/\/www.facebook.com\/RowerowyCieszyn"]},{"@type":"Person","@id":"https:\/\/rowerowycieszyn.pl\/#\/schema\/person\/b698cee63b7405acd7e70007d7cc8b2a","name":"Rowerowy Cieszyn","image":{"@type":"ImageObject","inLanguage":"pl-PL","@id":"https:\/\/secure.gravatar.com\/avatar\/1aef2c80bb06ccee0d820e4116589968d6d5c57310499f9271d42a4f7c5ffb3a?s=96&d=mm&r=g","url":"https:\/\/secure.gravatar.com\/avatar\/1aef2c80bb06ccee0d820e4116589968d6d5c57310499f9271d42a4f7c5ffb3a?s=96&d=mm&r=g","contentUrl":"https:\/\/secure.gravatar.com\/avatar\/1aef2c80bb06ccee0d820e4116589968d6d5c57310499f9271d42a4f7c5ffb3a?s=96&d=mm&r=g","caption":"Rowerowy Cieszyn"},"sameAs":["http:\/\/rowerowycieszyn.pl"],"url":"https:\/\/rowerowycieszyn.pl\/index.php\/author\/pstoklosa\/"}]}},"_links":{"self":[{"href":"https:\/\/rowerowycieszyn.pl\/index.php\/wp-json\/wp\/v2\/posts\/2567","targetHints":{"allow":["GET"]}}],"collection":[{"href":"https:\/\/rowerowycieszyn.pl\/index.php\/wp-json\/wp\/v2\/posts"}],"about":[{"href":"https:\/\/rowerowycieszyn.pl\/index.php\/wp-json\/wp\/v2\/types\/post"}],"author":[{"embeddable":true,"href":"https:\/\/rowerowycieszyn.pl\/index.php\/wp-json\/wp\/v2\/users\/1"}],"replies":[{"embeddable":true,"href":"https:\/\/rowerowycieszyn.pl\/index.php\/wp-json\/wp\/v2\/comments?post=2567"}],"version-history":[{"count":16,"href":"https:\/\/rowerowycieszyn.pl\/index.php\/wp-json\/wp\/v2\/posts\/2567\/revisions"}],"predecessor-version":[{"id":2590,"href":"https:\/\/rowerowycieszyn.pl\/index.php\/wp-json\/wp\/v2\/posts\/2567\/revisions\/2590"}],"wp:featuredmedia":[{"embeddable":true,"href":"https:\/\/rowerowycieszyn.pl\/index.php\/wp-json\/wp\/v2\/media\/2585"}],"wp:attachment":[{"href":"https:\/\/rowerowycieszyn.pl\/index.php\/wp-json\/wp\/v2\/media?parent=2567"}],"wp:term":[{"taxonomy":"category","embeddable":true,"href":"https:\/\/rowerowycieszyn.pl\/index.php\/wp-json\/wp\/v2\/categories?post=2567"},{"taxonomy":"post_tag","embeddable":true,"href":"https:\/\/rowerowycieszyn.pl\/index.php\/wp-json\/wp\/v2\/tags?post=2567"}],"curies":[{"name":"wp","href":"https:\/\/api.w.org\/{rel}","templated":true}]}}