{"id":2668,"date":"2025-06-18T13:16:00","date_gmt":"2025-06-18T11:16:00","guid":{"rendered":"https:\/\/rowerowycieszyn.pl\/?p=2668"},"modified":"2025-06-23T13:28:54","modified_gmt":"2025-06-23T11:28:54","slug":"przedluzenie-pasa-rowerowego-3maja-cieszyn","status":"publish","type":"post","link":"https:\/\/rowerowycieszyn.pl\/index.php\/2025\/06\/18\/przedluzenie-pasa-rowerowego-3maja-cieszyn\/","title":{"rendered":"Przed\u0142u\u017cenie pasa rowerowego na mo\u015bcie Wolno\u015bci"},"content":{"rendered":"\n<p>Jaki\u015b czas temu w ramach prac zespo\u0142u ds. polityki rowerowej <a href=\"https:\/\/www.facebook.com\/RowerowyCieszyn?__cft__[0]=AZVEVH1Riw4Yi8AXaHyxlRazRR6D8XQNdIktu8ExXlryvQhpo2ueyVto5PzZf7rlIkNZEffYdCgd1arPxQjDQTstXqSh2poWUNVkh96SC8wucaOe8ahKr1WngZsdlS0QtOru7j4HWCt5lgCaIpp9PI7n0j9TNIcdbvwoZZ2JkWJHsD5VIvIRmMl2rsjnxExAnNMHwzBsVC4sAdlE2FSrwwQ9&amp;__tn__=-]K-R\">Rowerowy Cieszyn<\/a> przedstawi\u0142 pomys\u0142 wykorzystania nieu\u017cywanego fragmentu jezdni na mo\u015bcie Wolno\u015bci i <a><\/a>przekszta\u0142cenia go w pas ruchu dla rower\u00f3w, aby doprowadzi\u0107 do po\u0142\u0105czenia z powsta\u0142ym w zesz\u0142ym roku pasem rowerowym wzd\u0142u\u017c ul. 3 Maja. Dzisiaj pomys\u0142 ostatecznie doczeka\u0142 si\u0119 realizacji w postaci naniesienia oznakowania poziomego w tym miejscu.<\/p>\n\n\n\n<p>Dzi\u0119ki temu rowerzy\u015bci przeje\u017cd\u017caj\u0105cy przez most i kontynuuj\u0105cy jazd\u0119 w stron\u0119 centrum b\u0119d\u0105 si\u0119 czuli bezpieczniej. To wydarzenie ma r\u00f3wnie\u017c symboliczny charakter, bo dosz\u0142o do chyba pierwszego w Cieszynie po\u0142\u0105czenia dw\u00f3ch istniej\u0105cych element\u00f3w infrastruktury rowerowej, a wi\u0119c ci\u0105gu pieszo-rowerowego po czeskiej stronie z pasem ruchu dla rower\u00f3w na ul. 3 Maja. Mamy wi\u0119c do czynienia z popraw\u0105 sp\u00f3jno\u015bci infrastruktury na poziomie mi\u0119dzynarodowym <img loading=\"lazy\" decoding=\"async\" height=\"16\" width=\"16\" src=\"https:\/\/static.xx.fbcdn.net\/images\/emoji.php\/v9\/tfb\/1\/16\/263a.png\" alt=\"\u263a\ufe0f\">.<\/p>\n\n\n\n<p>Przy okazji zaproponowali\u015bmy zbli\u017cenie do skrzy\u017cowania przej\u015bcia dla pieszych na al. \u0141yska, kt\u00f3re od lat by\u0142o odmalowywane w miejscu, gdzie kiedy\u015b, jeszcze w \u201eprzedunijnych\u201d czasach, prowadzi\u0142y drzwi z kontroli celnej. Piesi id\u0105cy z mostu w kierunku ul. 3 Maja musieli nadrabia\u0107 w sumie kilkadziesi\u0105t metr\u00f3w, wi\u0119c cz\u0119sto ignorowali to przej\u015bcie i skracali sobie drog\u0119 id\u0105c prosto wzd\u0142u\u017c chodnika, co nie by\u0142o zbyt bezpieczne. Dzi\u0119kujemy w\u0142adzom <a href=\"https:\/\/www.facebook.com\/UMCieszyn?__cft__[0]=AZVEVH1Riw4Yi8AXaHyxlRazRR6D8XQNdIktu8ExXlryvQhpo2ueyVto5PzZf7rlIkNZEffYdCgd1arPxQjDQTstXqSh2poWUNVkh96SC8wucaOe8ahKr1WngZsdlS0QtOru7j4HWCt5lgCaIpp9PI7n0j9TNIcdbvwoZZ2JkWJHsD5VIvIRmMl2rsjnxExAnNMHwzBsVC4sAdlE2FSrwwQ9&amp;__tn__=-]K-R\">Miasto Cieszyn<\/a> za przychylenie si\u0119 do tej propozycji a <a href=\"https:\/\/www.facebook.com\/mzdcieszyn?__cft__[0]=AZVEVH1Riw4Yi8AXaHyxlRazRR6D8XQNdIktu8ExXlryvQhpo2ueyVto5PzZf7rlIkNZEffYdCgd1arPxQjDQTstXqSh2poWUNVkh96SC8wucaOe8ahKr1WngZsdlS0QtOru7j4HWCt5lgCaIpp9PI7n0j9TNIcdbvwoZZ2JkWJHsD5VIvIRmMl2rsjnxExAnNMHwzBsVC4sAdlE2FSrwwQ9&amp;__tn__=-]K-R\">Miejski Zarz\u0105d Dr\u00f3g w Cieszynie<\/a> za opracowanie projektu i realizacj\u0119 <img loading=\"lazy\" decoding=\"async\" height=\"16\" width=\"16\" alt=\"\ud83d\udc4d\" src=\"https:\/\/static.xx.fbcdn.net\/images\/emoji.php\/v9\/tfc\/1\/16\/1f44d.png\"><\/p>\n\n\n\n<p>Uwaga! Powsta\u0142y pas ruchu jest jednokierunkowy i mog\u0105 z niego korzysta\u0107 osoby jad\u0105ce z Czech do Polski.<\/p>\n\n\n\n<p class=\"has-text-align-right\">Piotr Stok\u0142osa<\/p>\n\n\n\n<p><\/p>\n","protected":false},"excerpt":{"rendered":"<p>Jaki\u015b czas temu w ramach prac zespo\u0142u ds. polityki rowerowej Rowerowy Cieszyn przedstawi\u0142 pomys\u0142 wykorzystania nieu\u017cywanego fragmentu jezdni na mo\u015bcie Wolno\u015bci i przekszta\u0142cenia go w pas ruchu dla rower\u00f3w, aby&hellip; <\/p>\n","protected":false},"author":1,"featured_media":2669,"comment_status":"open","ping_status":"open","sticky":false,"template":"","format":"standard","meta":{"footnotes":""},"categories":[9,5,1],"tags":[],"class_list":["post-2668","post","type-post","status-publish","format-standard","has-post-thumbnail","hentry","category-aktualnosci","category-artykuly","category-bez-kategorii"],"yoast_head":"<!-- This site is optimized with the Yoast SEO plugin v27.3 - https:\/\/yoast.com\/product\/yoast-seo-wordpress\/ -->\n<title>Przed\u0142u\u017cenie pasa rowerowego na mo\u015bcie Wolno\u015bci - Rowerowy Cieszyn<\/title>\n<meta name=\"description\" content=\"Przed\u0142u\u017cenie pasa rowerowego na skrzy\u017cowaniu alei \u0141yska z ul. 3 Maja. Kontynuacja pasa na ul. 3 Maja w Cieszynie.\" \/>\n<meta name=\"robots\" content=\"index, follow, max-snippet:-1, max-image-preview:large, max-video-preview:-1\" \/>\n<link rel=\"canonical\" href=\"https:\/\/rowerowycieszyn.pl\/index.php\/2025\/06\/18\/przedluzenie-pasa-rowerowego-3maja-cieszyn\/\" \/>\n<meta property=\"og:locale\" content=\"pl_PL\" \/>\n<meta property=\"og:type\" content=\"article\" \/>\n<meta property=\"og:title\" content=\"Przed\u0142u\u017cenie pasa rowerowego na mo\u015bcie Wolno\u015bci - Rowerowy Cieszyn\" \/>\n<meta property=\"og:description\" content=\"Przed\u0142u\u017cenie pasa rowerowego na skrzy\u017cowaniu alei \u0141yska z ul. 3 Maja. Kontynuacja pasa na ul. 3 Maja w Cieszynie.\" \/>\n<meta property=\"og:url\" content=\"https:\/\/rowerowycieszyn.pl\/index.php\/2025\/06\/18\/przedluzenie-pasa-rowerowego-3maja-cieszyn\/\" \/>\n<meta property=\"og:site_name\" content=\"Rowerowy Cieszyn\" \/>\n<meta property=\"article:publisher\" content=\"https:\/\/www.facebook.com\/RowerowyCieszyn\" \/>\n<meta property=\"article:published_time\" content=\"2025-06-18T11:16:00+00:00\" \/>\n<meta property=\"article:modified_time\" content=\"2025-06-23T11:28:54+00:00\" \/>\n<meta property=\"og:image\" content=\"http:\/\/rowerowycieszyn.pl\/wp-content\/uploads\/2025\/06\/3-Maja-2-16_9.jpg\" \/>\n\t<meta property=\"og:image:width\" content=\"1530\" \/>\n\t<meta property=\"og:image:height\" content=\"861\" \/>\n\t<meta property=\"og:image:type\" content=\"image\/jpeg\" \/>\n<meta name=\"author\" content=\"Rowerowy Cieszyn\" \/>\n<meta name=\"twitter:card\" content=\"summary_large_image\" \/>\n<meta name=\"twitter:label1\" content=\"Napisane przez\" \/>\n\t<meta name=\"twitter:data1\" content=\"Rowerowy Cieszyn\" \/>\n\t<meta name=\"twitter:label2\" content=\"Szacowany czas czytania\" \/>\n\t<meta name=\"twitter:data2\" content=\"2 minuty\" \/>\n<script type=\"application\/ld+json\" class=\"yoast-schema-graph\">{\"@context\":\"https:\\\/\\\/schema.org\",\"@graph\":[{\"@type\":\"Article\",\"@id\":\"https:\\\/\\\/rowerowycieszyn.pl\\\/index.php\\\/2025\\\/06\\\/18\\\/przedluzenie-pasa-rowerowego-3maja-cieszyn\\\/#article\",\"isPartOf\":{\"@id\":\"https:\\\/\\\/rowerowycieszyn.pl\\\/index.php\\\/2025\\\/06\\\/18\\\/przedluzenie-pasa-rowerowego-3maja-cieszyn\\\/\"},\"author\":{\"name\":\"Rowerowy Cieszyn\",\"@id\":\"https:\\\/\\\/rowerowycieszyn.pl\\\/#\\\/schema\\\/person\\\/b698cee63b7405acd7e70007d7cc8b2a\"},\"headline\":\"Przed\u0142u\u017cenie pasa rowerowego na mo\u015bcie Wolno\u015bci\",\"datePublished\":\"2025-06-18T11:16:00+00:00\",\"dateModified\":\"2025-06-23T11:28:54+00:00\",\"mainEntityOfPage\":{\"@id\":\"https:\\\/\\\/rowerowycieszyn.pl\\\/index.php\\\/2025\\\/06\\\/18\\\/przedluzenie-pasa-rowerowego-3maja-cieszyn\\\/\"},\"wordCount\":283,\"commentCount\":0,\"publisher\":{\"@id\":\"https:\\\/\\\/rowerowycieszyn.pl\\\/#organization\"},\"image\":{\"@id\":\"https:\\\/\\\/rowerowycieszyn.pl\\\/index.php\\\/2025\\\/06\\\/18\\\/przedluzenie-pasa-rowerowego-3maja-cieszyn\\\/#primaryimage\"},\"thumbnailUrl\":\"https:\\\/\\\/rowerowycieszyn.pl\\\/wp-content\\\/uploads\\\/2025\\\/06\\\/3-Maja-2-16_9.jpg\",\"articleSection\":[\"Aktualno\u015bci\",\"Artyku\u0142y\"],\"inLanguage\":\"pl-PL\",\"potentialAction\":[{\"@type\":\"CommentAction\",\"name\":\"Comment\",\"target\":[\"https:\\\/\\\/rowerowycieszyn.pl\\\/index.php\\\/2025\\\/06\\\/18\\\/przedluzenie-pasa-rowerowego-3maja-cieszyn\\\/#respond\"]}]},{\"@type\":\"WebPage\",\"@id\":\"https:\\\/\\\/rowerowycieszyn.pl\\\/index.php\\\/2025\\\/06\\\/18\\\/przedluzenie-pasa-rowerowego-3maja-cieszyn\\\/\",\"url\":\"https:\\\/\\\/rowerowycieszyn.pl\\\/index.php\\\/2025\\\/06\\\/18\\\/przedluzenie-pasa-rowerowego-3maja-cieszyn\\\/\",\"name\":\"Przed\u0142u\u017cenie pasa rowerowego na mo\u015bcie Wolno\u015bci - Rowerowy Cieszyn\",\"isPartOf\":{\"@id\":\"https:\\\/\\\/rowerowycieszyn.pl\\\/#website\"},\"primaryImageOfPage\":{\"@id\":\"https:\\\/\\\/rowerowycieszyn.pl\\\/index.php\\\/2025\\\/06\\\/18\\\/przedluzenie-pasa-rowerowego-3maja-cieszyn\\\/#primaryimage\"},\"image\":{\"@id\":\"https:\\\/\\\/rowerowycieszyn.pl\\\/index.php\\\/2025\\\/06\\\/18\\\/przedluzenie-pasa-rowerowego-3maja-cieszyn\\\/#primaryimage\"},\"thumbnailUrl\":\"https:\\\/\\\/rowerowycieszyn.pl\\\/wp-content\\\/uploads\\\/2025\\\/06\\\/3-Maja-2-16_9.jpg\",\"datePublished\":\"2025-06-18T11:16:00+00:00\",\"dateModified\":\"2025-06-23T11:28:54+00:00\",\"description\":\"Przed\u0142u\u017cenie pasa rowerowego na skrzy\u017cowaniu alei \u0141yska z ul. 3 Maja. Kontynuacja pasa na ul. 3 Maja w Cieszynie.\",\"breadcrumb\":{\"@id\":\"https:\\\/\\\/rowerowycieszyn.pl\\\/index.php\\\/2025\\\/06\\\/18\\\/przedluzenie-pasa-rowerowego-3maja-cieszyn\\\/#breadcrumb\"},\"inLanguage\":\"pl-PL\",\"potentialAction\":[{\"@type\":\"ReadAction\",\"target\":[\"https:\\\/\\\/rowerowycieszyn.pl\\\/index.php\\\/2025\\\/06\\\/18\\\/przedluzenie-pasa-rowerowego-3maja-cieszyn\\\/\"]}]},{\"@type\":\"ImageObject\",\"inLanguage\":\"pl-PL\",\"@id\":\"https:\\\/\\\/rowerowycieszyn.pl\\\/index.php\\\/2025\\\/06\\\/18\\\/przedluzenie-pasa-rowerowego-3maja-cieszyn\\\/#primaryimage\",\"url\":\"https:\\\/\\\/rowerowycieszyn.pl\\\/wp-content\\\/uploads\\\/2025\\\/06\\\/3-Maja-2-16_9.jpg\",\"contentUrl\":\"https:\\\/\\\/rowerowycieszyn.pl\\\/wp-content\\\/uploads\\\/2025\\\/06\\\/3-Maja-2-16_9.jpg\",\"width\":1530,\"height\":861,\"caption\":\"Przejazd przez skrzy\u017cowanie z al. 3 Maja\"},{\"@type\":\"BreadcrumbList\",\"@id\":\"https:\\\/\\\/rowerowycieszyn.pl\\\/index.php\\\/2025\\\/06\\\/18\\\/przedluzenie-pasa-rowerowego-3maja-cieszyn\\\/#breadcrumb\",\"itemListElement\":[{\"@type\":\"ListItem\",\"position\":1,\"name\":\"Home\",\"item\":\"https:\\\/\\\/rowerowycieszyn.pl\\\/\"},{\"@type\":\"ListItem\",\"position\":2,\"name\":\"Przed\u0142u\u017cenie pasa rowerowego na mo\u015bcie Wolno\u015bci\"}]},{\"@type\":\"WebSite\",\"@id\":\"https:\\\/\\\/rowerowycieszyn.pl\\\/#website\",\"url\":\"https:\\\/\\\/rowerowycieszyn.pl\\\/\",\"name\":\"Rowerowy Cieszyn\",\"description\":\"Strona promuj\u0105ca komunikacj\u0119 oraz turystyk\u0119 rowerow\u0105 na terenie Cieszyna i okolic.\",\"publisher\":{\"@id\":\"https:\\\/\\\/rowerowycieszyn.pl\\\/#organization\"},\"potentialAction\":[{\"@type\":\"SearchAction\",\"target\":{\"@type\":\"EntryPoint\",\"urlTemplate\":\"https:\\\/\\\/rowerowycieszyn.pl\\\/?s={search_term_string}\"},\"query-input\":{\"@type\":\"PropertyValueSpecification\",\"valueRequired\":true,\"valueName\":\"search_term_string\"}}],\"inLanguage\":\"pl-PL\"},{\"@type\":\"Organization\",\"@id\":\"https:\\\/\\\/rowerowycieszyn.pl\\\/#organization\",\"name\":\"Rowerowy Cieszyn\",\"url\":\"https:\\\/\\\/rowerowycieszyn.pl\\\/\",\"logo\":{\"@type\":\"ImageObject\",\"inLanguage\":\"pl-PL\",\"@id\":\"https:\\\/\\\/rowerowycieszyn.pl\\\/#\\\/schema\\\/logo\\\/image\\\/\",\"url\":\"https:\\\/\\\/rowerowycieszyn.pl\\\/wp-content\\\/uploads\\\/2020\\\/07\\\/cropped-rower1_cr_tn-1.jpg\",\"contentUrl\":\"https:\\\/\\\/rowerowycieszyn.pl\\\/wp-content\\\/uploads\\\/2020\\\/07\\\/cropped-rower1_cr_tn-1.jpg\",\"width\":250,\"height\":100,\"caption\":\"Rowerowy Cieszyn\"},\"image\":{\"@id\":\"https:\\\/\\\/rowerowycieszyn.pl\\\/#\\\/schema\\\/logo\\\/image\\\/\"},\"sameAs\":[\"https:\\\/\\\/www.facebook.com\\\/RowerowyCieszyn\"]},{\"@type\":\"Person\",\"@id\":\"https:\\\/\\\/rowerowycieszyn.pl\\\/#\\\/schema\\\/person\\\/b698cee63b7405acd7e70007d7cc8b2a\",\"name\":\"Rowerowy Cieszyn\",\"image\":{\"@type\":\"ImageObject\",\"inLanguage\":\"pl-PL\",\"@id\":\"https:\\\/\\\/secure.gravatar.com\\\/avatar\\\/1aef2c80bb06ccee0d820e4116589968d6d5c57310499f9271d42a4f7c5ffb3a?s=96&d=mm&r=g\",\"url\":\"https:\\\/\\\/secure.gravatar.com\\\/avatar\\\/1aef2c80bb06ccee0d820e4116589968d6d5c57310499f9271d42a4f7c5ffb3a?s=96&d=mm&r=g\",\"contentUrl\":\"https:\\\/\\\/secure.gravatar.com\\\/avatar\\\/1aef2c80bb06ccee0d820e4116589968d6d5c57310499f9271d42a4f7c5ffb3a?s=96&d=mm&r=g\",\"caption\":\"Rowerowy Cieszyn\"},\"sameAs\":[\"http:\\\/\\\/rowerowycieszyn.pl\"],\"url\":\"https:\\\/\\\/rowerowycieszyn.pl\\\/index.php\\\/author\\\/pstoklosa\\\/\"}]}<\/script>\n<!-- \/ Yoast SEO plugin. -->","yoast_head_json":{"title":"Przed\u0142u\u017cenie pasa rowerowego na mo\u015bcie Wolno\u015bci - Rowerowy Cieszyn","description":"Przed\u0142u\u017cenie pasa rowerowego na skrzy\u017cowaniu alei \u0141yska z ul. 3 Maja. Kontynuacja pasa na ul. 3 Maja w Cieszynie.","robots":{"index":"index","follow":"follow","max-snippet":"max-snippet:-1","max-image-preview":"max-image-preview:large","max-video-preview":"max-video-preview:-1"},"canonical":"https:\/\/rowerowycieszyn.pl\/index.php\/2025\/06\/18\/przedluzenie-pasa-rowerowego-3maja-cieszyn\/","og_locale":"pl_PL","og_type":"article","og_title":"Przed\u0142u\u017cenie pasa rowerowego na mo\u015bcie Wolno\u015bci - Rowerowy Cieszyn","og_description":"Przed\u0142u\u017cenie pasa rowerowego na skrzy\u017cowaniu alei \u0141yska z ul. 3 Maja. Kontynuacja pasa na ul. 3 Maja w Cieszynie.","og_url":"https:\/\/rowerowycieszyn.pl\/index.php\/2025\/06\/18\/przedluzenie-pasa-rowerowego-3maja-cieszyn\/","og_site_name":"Rowerowy Cieszyn","article_publisher":"https:\/\/www.facebook.com\/RowerowyCieszyn","article_published_time":"2025-06-18T11:16:00+00:00","article_modified_time":"2025-06-23T11:28:54+00:00","og_image":[{"width":1530,"height":861,"url":"http:\/\/rowerowycieszyn.pl\/wp-content\/uploads\/2025\/06\/3-Maja-2-16_9.jpg","type":"image\/jpeg"}],"author":"Rowerowy Cieszyn","twitter_card":"summary_large_image","twitter_misc":{"Napisane przez":"Rowerowy Cieszyn","Szacowany czas czytania":"2 minuty"},"schema":{"@context":"https:\/\/schema.org","@graph":[{"@type":"Article","@id":"https:\/\/rowerowycieszyn.pl\/index.php\/2025\/06\/18\/przedluzenie-pasa-rowerowego-3maja-cieszyn\/#article","isPartOf":{"@id":"https:\/\/rowerowycieszyn.pl\/index.php\/2025\/06\/18\/przedluzenie-pasa-rowerowego-3maja-cieszyn\/"},"author":{"name":"Rowerowy Cieszyn","@id":"https:\/\/rowerowycieszyn.pl\/#\/schema\/person\/b698cee63b7405acd7e70007d7cc8b2a"},"headline":"Przed\u0142u\u017cenie pasa rowerowego na mo\u015bcie Wolno\u015bci","datePublished":"2025-06-18T11:16:00+00:00","dateModified":"2025-06-23T11:28:54+00:00","mainEntityOfPage":{"@id":"https:\/\/rowerowycieszyn.pl\/index.php\/2025\/06\/18\/przedluzenie-pasa-rowerowego-3maja-cieszyn\/"},"wordCount":283,"commentCount":0,"publisher":{"@id":"https:\/\/rowerowycieszyn.pl\/#organization"},"image":{"@id":"https:\/\/rowerowycieszyn.pl\/index.php\/2025\/06\/18\/przedluzenie-pasa-rowerowego-3maja-cieszyn\/#primaryimage"},"thumbnailUrl":"https:\/\/rowerowycieszyn.pl\/wp-content\/uploads\/2025\/06\/3-Maja-2-16_9.jpg","articleSection":["Aktualno\u015bci","Artyku\u0142y"],"inLanguage":"pl-PL","potentialAction":[{"@type":"CommentAction","name":"Comment","target":["https:\/\/rowerowycieszyn.pl\/index.php\/2025\/06\/18\/przedluzenie-pasa-rowerowego-3maja-cieszyn\/#respond"]}]},{"@type":"WebPage","@id":"https:\/\/rowerowycieszyn.pl\/index.php\/2025\/06\/18\/przedluzenie-pasa-rowerowego-3maja-cieszyn\/","url":"https:\/\/rowerowycieszyn.pl\/index.php\/2025\/06\/18\/przedluzenie-pasa-rowerowego-3maja-cieszyn\/","name":"Przed\u0142u\u017cenie pasa rowerowego na mo\u015bcie Wolno\u015bci - Rowerowy Cieszyn","isPartOf":{"@id":"https:\/\/rowerowycieszyn.pl\/#website"},"primaryImageOfPage":{"@id":"https:\/\/rowerowycieszyn.pl\/index.php\/2025\/06\/18\/przedluzenie-pasa-rowerowego-3maja-cieszyn\/#primaryimage"},"image":{"@id":"https:\/\/rowerowycieszyn.pl\/index.php\/2025\/06\/18\/przedluzenie-pasa-rowerowego-3maja-cieszyn\/#primaryimage"},"thumbnailUrl":"https:\/\/rowerowycieszyn.pl\/wp-content\/uploads\/2025\/06\/3-Maja-2-16_9.jpg","datePublished":"2025-06-18T11:16:00+00:00","dateModified":"2025-06-23T11:28:54+00:00","description":"Przed\u0142u\u017cenie pasa rowerowego na skrzy\u017cowaniu alei \u0141yska z ul. 3 Maja. Kontynuacja pasa na ul. 3 Maja w Cieszynie.","breadcrumb":{"@id":"https:\/\/rowerowycieszyn.pl\/index.php\/2025\/06\/18\/przedluzenie-pasa-rowerowego-3maja-cieszyn\/#breadcrumb"},"inLanguage":"pl-PL","potentialAction":[{"@type":"ReadAction","target":["https:\/\/rowerowycieszyn.pl\/index.php\/2025\/06\/18\/przedluzenie-pasa-rowerowego-3maja-cieszyn\/"]}]},{"@type":"ImageObject","inLanguage":"pl-PL","@id":"https:\/\/rowerowycieszyn.pl\/index.php\/2025\/06\/18\/przedluzenie-pasa-rowerowego-3maja-cieszyn\/#primaryimage","url":"https:\/\/rowerowycieszyn.pl\/wp-content\/uploads\/2025\/06\/3-Maja-2-16_9.jpg","contentUrl":"https:\/\/rowerowycieszyn.pl\/wp-content\/uploads\/2025\/06\/3-Maja-2-16_9.jpg","width":1530,"height":861,"caption":"Przejazd przez skrzy\u017cowanie z al. 3 Maja"},{"@type":"BreadcrumbList","@id":"https:\/\/rowerowycieszyn.pl\/index.php\/2025\/06\/18\/przedluzenie-pasa-rowerowego-3maja-cieszyn\/#breadcrumb","itemListElement":[{"@type":"ListItem","position":1,"name":"Home","item":"https:\/\/rowerowycieszyn.pl\/"},{"@type":"ListItem","position":2,"name":"Przed\u0142u\u017cenie pasa rowerowego na mo\u015bcie Wolno\u015bci"}]},{"@type":"WebSite","@id":"https:\/\/rowerowycieszyn.pl\/#website","url":"https:\/\/rowerowycieszyn.pl\/","name":"Rowerowy Cieszyn","description":"Strona promuj\u0105ca komunikacj\u0119 oraz turystyk\u0119 rowerow\u0105 na terenie Cieszyna i okolic.","publisher":{"@id":"https:\/\/rowerowycieszyn.pl\/#organization"},"potentialAction":[{"@type":"SearchAction","target":{"@type":"EntryPoint","urlTemplate":"https:\/\/rowerowycieszyn.pl\/?s={search_term_string}"},"query-input":{"@type":"PropertyValueSpecification","valueRequired":true,"valueName":"search_term_string"}}],"inLanguage":"pl-PL"},{"@type":"Organization","@id":"https:\/\/rowerowycieszyn.pl\/#organization","name":"Rowerowy Cieszyn","url":"https:\/\/rowerowycieszyn.pl\/","logo":{"@type":"ImageObject","inLanguage":"pl-PL","@id":"https:\/\/rowerowycieszyn.pl\/#\/schema\/logo\/image\/","url":"https:\/\/rowerowycieszyn.pl\/wp-content\/uploads\/2020\/07\/cropped-rower1_cr_tn-1.jpg","contentUrl":"https:\/\/rowerowycieszyn.pl\/wp-content\/uploads\/2020\/07\/cropped-rower1_cr_tn-1.jpg","width":250,"height":100,"caption":"Rowerowy Cieszyn"},"image":{"@id":"https:\/\/rowerowycieszyn.pl\/#\/schema\/logo\/image\/"},"sameAs":["https:\/\/www.facebook.com\/RowerowyCieszyn"]},{"@type":"Person","@id":"https:\/\/rowerowycieszyn.pl\/#\/schema\/person\/b698cee63b7405acd7e70007d7cc8b2a","name":"Rowerowy Cieszyn","image":{"@type":"ImageObject","inLanguage":"pl-PL","@id":"https:\/\/secure.gravatar.com\/avatar\/1aef2c80bb06ccee0d820e4116589968d6d5c57310499f9271d42a4f7c5ffb3a?s=96&d=mm&r=g","url":"https:\/\/secure.gravatar.com\/avatar\/1aef2c80bb06ccee0d820e4116589968d6d5c57310499f9271d42a4f7c5ffb3a?s=96&d=mm&r=g","contentUrl":"https:\/\/secure.gravatar.com\/avatar\/1aef2c80bb06ccee0d820e4116589968d6d5c57310499f9271d42a4f7c5ffb3a?s=96&d=mm&r=g","caption":"Rowerowy Cieszyn"},"sameAs":["http:\/\/rowerowycieszyn.pl"],"url":"https:\/\/rowerowycieszyn.pl\/index.php\/author\/pstoklosa\/"}]}},"_links":{"self":[{"href":"https:\/\/rowerowycieszyn.pl\/index.php\/wp-json\/wp\/v2\/posts\/2668","targetHints":{"allow":["GET"]}}],"collection":[{"href":"https:\/\/rowerowycieszyn.pl\/index.php\/wp-json\/wp\/v2\/posts"}],"about":[{"href":"https:\/\/rowerowycieszyn.pl\/index.php\/wp-json\/wp\/v2\/types\/post"}],"author":[{"embeddable":true,"href":"https:\/\/rowerowycieszyn.pl\/index.php\/wp-json\/wp\/v2\/users\/1"}],"replies":[{"embeddable":true,"href":"https:\/\/rowerowycieszyn.pl\/index.php\/wp-json\/wp\/v2\/comments?post=2668"}],"version-history":[{"count":2,"href":"https:\/\/rowerowycieszyn.pl\/index.php\/wp-json\/wp\/v2\/posts\/2668\/revisions"}],"predecessor-version":[{"id":2671,"href":"https:\/\/rowerowycieszyn.pl\/index.php\/wp-json\/wp\/v2\/posts\/2668\/revisions\/2671"}],"wp:featuredmedia":[{"embeddable":true,"href":"https:\/\/rowerowycieszyn.pl\/index.php\/wp-json\/wp\/v2\/media\/2669"}],"wp:attachment":[{"href":"https:\/\/rowerowycieszyn.pl\/index.php\/wp-json\/wp\/v2\/media?parent=2668"}],"wp:term":[{"taxonomy":"category","embeddable":true,"href":"https:\/\/rowerowycieszyn.pl\/index.php\/wp-json\/wp\/v2\/categories?post=2668"},{"taxonomy":"post_tag","embeddable":true,"href":"https:\/\/rowerowycieszyn.pl\/index.php\/wp-json\/wp\/v2\/tags?post=2668"}],"curies":[{"name":"wp","href":"https:\/\/api.w.org\/{rel}","templated":true}]}}