{"id":2672,"date":"2025-06-10T13:37:47","date_gmt":"2025-06-10T11:37:47","guid":{"rendered":"https:\/\/rowerowycieszyn.pl\/?p=2672"},"modified":"2025-06-23T13:47:04","modified_gmt":"2025-06-23T11:47:04","slug":"rowerem-po-lasach-pszczynskich","status":"publish","type":"post","link":"https:\/\/rowerowycieszyn.pl\/index.php\/2025\/06\/10\/rowerem-po-lasach-pszczynskich\/","title":{"rendered":"Rowerem po Lasach Pszczy\u0144skich w okolicach Tych"},"content":{"rendered":"\n<p>Nieoczywista destynacja dla wielbicieli relaksuj\u0105cej jazdy po szutrowych drogach le\u015bnych, z dala od samochodowego zgie\u0142ku. Nawierzchnia jest dobrze utrzymana, co umo\u017cliwia p\u0142ynn\u0105 jazd\u0119, bez zwalniania i kombinowania jak tu przecisn\u0105\u0107 si\u0119 mi\u0119dzy bajorami wyrytymi przez sprz\u0119t le\u015bny. P\u0142aski teren, brak ruchu samochodowego i r\u00f3wne szutrowe pod\u0142o\u017ce sprawiaj\u0105, \u017ce jest to te\u017c bardzo przyjemne miejsce dla rowerowych rodzin. A wszystko nieca\u0142\u0105 godzin\u0119 jazdy samochodem z Cieszyna, bo mowa o Lasach Pszczy\u0144skich mi\u0119dzy Studzienicami a Tychami. Te miejsca s\u0105 znacznie mniej ucz\u0119szczane ni\u017c lasy w okolicach Kobi\u00f3ru i Jeziora Paproca\u0144skiego a zapewniaj\u0105 \u015bwietne warunki do jazdy. Poni\u017cej \u015blad przetestowanej trasy, ale oczywi\u015bcie jest znacznie wi\u0119cej alternatyw. Zdj\u0119cia zrobione mi\u0119dzy punktami 2 i 5.<\/p>\n\n\n\n<figure class=\"wp-block-gallery has-nested-images columns-default is-cropped wp-block-gallery-1 is-layout-flex wp-block-gallery-is-layout-flex\">\n<figure class=\"wp-block-image size-large\"><img loading=\"lazy\" decoding=\"async\" width=\"1024\" height=\"683\" data-id=\"2678\" src=\"https:\/\/rowerowycieszyn.pl\/wp-content\/uploads\/2025\/06\/P1470943_tn-1024x683.jpg\" alt=\"Cz\u0119\u015b\u0107 dr\u00f3g le\u015bnych jest asfaltowa. Na wi\u0119kszo\u015bci pozosta\u0142ych znajdziemy dobrze utrzymany szuter, umo\u017cliwiaj\u0105cy p\u0142ynn\u0105 jazd\u0119.\" class=\"wp-image-2678\" srcset=\"https:\/\/rowerowycieszyn.pl\/wp-content\/uploads\/2025\/06\/P1470943_tn-1024x683.jpg 1024w, https:\/\/rowerowycieszyn.pl\/wp-content\/uploads\/2025\/06\/P1470943_tn-300x200.jpg 300w, https:\/\/rowerowycieszyn.pl\/wp-content\/uploads\/2025\/06\/P1470943_tn-768x512.jpg 768w, https:\/\/rowerowycieszyn.pl\/wp-content\/uploads\/2025\/06\/P1470943_tn-1536x1024.jpg 1536w, https:\/\/rowerowycieszyn.pl\/wp-content\/uploads\/2025\/06\/P1470943_tn.jpg 1920w\" sizes=\"auto, (max-width: 1024px) 100vw, 1024px\" \/><figcaption class=\"wp-element-caption\">Cz\u0119\u015b\u0107 dr\u00f3g le\u015bnych jest asfaltowa. Na wi\u0119kszo\u015bci pozosta\u0142ych znajdziemy dobrze utrzymany szuter, umo\u017cliwiaj\u0105cy p\u0142ynn\u0105 jazd\u0119.<\/figcaption><\/figure>\n\n\n\n<figure class=\"wp-block-image size-large\"><img loading=\"lazy\" decoding=\"async\" width=\"1024\" height=\"683\" data-id=\"2677\" src=\"https:\/\/rowerowycieszyn.pl\/wp-content\/uploads\/2025\/06\/P1470946_tn-1024x683.jpg\" alt=\"\" class=\"wp-image-2677\" srcset=\"https:\/\/rowerowycieszyn.pl\/wp-content\/uploads\/2025\/06\/P1470946_tn-1024x683.jpg 1024w, https:\/\/rowerowycieszyn.pl\/wp-content\/uploads\/2025\/06\/P1470946_tn-300x200.jpg 300w, https:\/\/rowerowycieszyn.pl\/wp-content\/uploads\/2025\/06\/P1470946_tn-768x512.jpg 768w, https:\/\/rowerowycieszyn.pl\/wp-content\/uploads\/2025\/06\/P1470946_tn-1536x1024.jpg 1536w, https:\/\/rowerowycieszyn.pl\/wp-content\/uploads\/2025\/06\/P1470946_tn.jpg 1920w\" sizes=\"auto, (max-width: 1024px) 100vw, 1024px\" \/><\/figure>\n\n\n\n<figure class=\"wp-block-image size-large\"><img loading=\"lazy\" decoding=\"async\" width=\"1024\" height=\"683\" data-id=\"2676\" src=\"https:\/\/rowerowycieszyn.pl\/wp-content\/uploads\/2025\/06\/P1470951_tn-1024x683.jpg\" alt=\"\" class=\"wp-image-2676\" srcset=\"https:\/\/rowerowycieszyn.pl\/wp-content\/uploads\/2025\/06\/P1470951_tn-1024x683.jpg 1024w, https:\/\/rowerowycieszyn.pl\/wp-content\/uploads\/2025\/06\/P1470951_tn-300x200.jpg 300w, https:\/\/rowerowycieszyn.pl\/wp-content\/uploads\/2025\/06\/P1470951_tn-768x512.jpg 768w, https:\/\/rowerowycieszyn.pl\/wp-content\/uploads\/2025\/06\/P1470951_tn-1536x1024.jpg 1536w, https:\/\/rowerowycieszyn.pl\/wp-content\/uploads\/2025\/06\/P1470951_tn.jpg 1920w\" sizes=\"auto, (max-width: 1024px) 100vw, 1024px\" \/><\/figure>\n\n\n\n<figure class=\"wp-block-image size-large\"><img loading=\"lazy\" decoding=\"async\" width=\"1024\" height=\"683\" data-id=\"2675\" src=\"https:\/\/rowerowycieszyn.pl\/wp-content\/uploads\/2025\/06\/P1470952_tn-1024x683.jpg\" alt=\"Jak ma si\u0119 szcz\u0119\u015bcie, to mo\u017cna i \u017cubra przez p\u0142ot zobaczy\u0107.\" class=\"wp-image-2675\" srcset=\"https:\/\/rowerowycieszyn.pl\/wp-content\/uploads\/2025\/06\/P1470952_tn-1024x683.jpg 1024w, https:\/\/rowerowycieszyn.pl\/wp-content\/uploads\/2025\/06\/P1470952_tn-300x200.jpg 300w, https:\/\/rowerowycieszyn.pl\/wp-content\/uploads\/2025\/06\/P1470952_tn-768x512.jpg 768w, https:\/\/rowerowycieszyn.pl\/wp-content\/uploads\/2025\/06\/P1470952_tn-1536x1024.jpg 1536w, https:\/\/rowerowycieszyn.pl\/wp-content\/uploads\/2025\/06\/P1470952_tn.jpg 1920w\" sizes=\"auto, (max-width: 1024px) 100vw, 1024px\" \/><figcaption class=\"wp-element-caption\">Jak ma si\u0119 szcz\u0119\u015bcie, to mo\u017cna i \u017cubra przez p\u0142ot zobaczy\u0107.<\/figcaption><\/figure>\n\n\n\n<figure class=\"wp-block-image size-large\"><img loading=\"lazy\" decoding=\"async\" width=\"1024\" height=\"683\" data-id=\"2674\" src=\"https:\/\/rowerowycieszyn.pl\/wp-content\/uploads\/2025\/06\/P1470954_tn-1024x683.jpg\" alt=\"Lasy Pszczy\u0144skie w okolicach Tych\" class=\"wp-image-2674\" srcset=\"https:\/\/rowerowycieszyn.pl\/wp-content\/uploads\/2025\/06\/P1470954_tn-1024x683.jpg 1024w, https:\/\/rowerowycieszyn.pl\/wp-content\/uploads\/2025\/06\/P1470954_tn-300x200.jpg 300w, https:\/\/rowerowycieszyn.pl\/wp-content\/uploads\/2025\/06\/P1470954_tn-768x512.jpg 768w, https:\/\/rowerowycieszyn.pl\/wp-content\/uploads\/2025\/06\/P1470954_tn-1536x1024.jpg 1536w, https:\/\/rowerowycieszyn.pl\/wp-content\/uploads\/2025\/06\/P1470954_tn.jpg 1920w\" sizes=\"auto, (max-width: 1024px) 100vw, 1024px\" \/><figcaption class=\"wp-element-caption\">Lasy Pszczy\u0144skie w okolicach Tych<\/figcaption><\/figure>\n<\/figure>\n\n\n\n<h2 class=\"wp-block-heading\">Proponowany wariant wycieczki.<\/h2>\n\n\n\n<p>\u015alad trasy ca\u0142ej wycieczki. Obejmuje r\u00f3wnie\u017c tereny miejskie i wiejskie, ale na wi\u0119kszo\u015bci odcink\u00f3w ruch by\u0142 niewielki a przez ca\u0142e Bojszowy mo\u017cna oficjalnie jecha\u0107 chodnikiem (dopuszczenie ruchu rowerowego).<\/p>\n\n\n\n<p>UWAGA 1: ze wzgl\u0119du na budow\u0119 S1 niekt\u00f3re szlaki s\u0105 przerwane i trzeba szuka\u0107 objazd\u00f3w.<\/p>\n\n\n\n<p>UWAGA 2: dla doje\u017cd\u017caj\u0105cych z Cieszyna optymalnym pocz\u0105tkiem trasy wydaj\u0105 si\u0119 Studzienice.<\/p>\n\n\n\n<iframe loading=\"lazy\" style=\"border:none\" src=\"https:\/\/mapy.com\/s\/hafofanemu\" width=\"800\" height=\"600\" frameborder=\"0\"><\/iframe>\n\n\n\n<p class=\"has-text-align-right\">Piotr Stok\u0142osa<\/p>\n","protected":false},"excerpt":{"rendered":"<p>Nieoczywista destynacja dla wielbicieli relaksuj\u0105cej jazdy po szutrowych drogach le\u015bnych, z dala od samochodowego zgie\u0142ku. Nawierzchnia jest dobrze utrzymana, co umo\u017cliwia p\u0142ynn\u0105 jazd\u0119, bez zwalniania i kombinowania jak tu przecisn\u0105\u0107&hellip; <\/p>\n","protected":false},"author":1,"featured_media":2674,"comment_status":"open","ping_status":"open","sticky":false,"template":"","format":"standard","meta":{"footnotes":""},"categories":[5,10],"tags":[],"class_list":["post-2672","post","type-post","status-publish","format-standard","has-post-thumbnail","hentry","category-artykuly","category-u-innych"],"yoast_head":"<!-- This site is optimized with the Yoast SEO plugin v27.3 - https:\/\/yoast.com\/product\/yoast-seo-wordpress\/ -->\n<title>Rowerem po Lasach Pszczy\u0144skich w okolicach Tych - Rowerowy Cieszyn<\/title>\n<meta name=\"description\" content=\"Rowerem po szutrowych drogach Las\u00f3w Pszczy\u0144skich w okolicach Tych.\" \/>\n<meta name=\"robots\" content=\"index, follow, max-snippet:-1, max-image-preview:large, max-video-preview:-1\" \/>\n<link rel=\"canonical\" href=\"https:\/\/rowerowycieszyn.pl\/index.php\/2025\/06\/10\/rowerem-po-lasach-pszczynskich\/\" \/>\n<meta property=\"og:locale\" content=\"pl_PL\" \/>\n<meta property=\"og:type\" content=\"article\" \/>\n<meta property=\"og:title\" content=\"Rowerem po Lasach Pszczy\u0144skich w okolicach Tych - Rowerowy Cieszyn\" \/>\n<meta property=\"og:description\" content=\"Rowerem po szutrowych drogach Las\u00f3w Pszczy\u0144skich w okolicach Tych.\" \/>\n<meta property=\"og:url\" content=\"https:\/\/rowerowycieszyn.pl\/index.php\/2025\/06\/10\/rowerem-po-lasach-pszczynskich\/\" \/>\n<meta property=\"og:site_name\" content=\"Rowerowy Cieszyn\" \/>\n<meta property=\"article:publisher\" content=\"https:\/\/www.facebook.com\/RowerowyCieszyn\" \/>\n<meta property=\"article:published_time\" content=\"2025-06-10T11:37:47+00:00\" \/>\n<meta property=\"article:modified_time\" content=\"2025-06-23T11:47:04+00:00\" \/>\n<meta property=\"og:image\" content=\"http:\/\/rowerowycieszyn.pl\/wp-content\/uploads\/2025\/06\/P1470954_tn.jpg\" \/>\n\t<meta property=\"og:image:width\" content=\"1920\" \/>\n\t<meta property=\"og:image:height\" content=\"1280\" \/>\n\t<meta property=\"og:image:type\" content=\"image\/jpeg\" \/>\n<meta name=\"author\" content=\"Rowerowy Cieszyn\" \/>\n<meta name=\"twitter:card\" content=\"summary_large_image\" \/>\n<meta name=\"twitter:label1\" content=\"Napisane przez\" \/>\n\t<meta name=\"twitter:data1\" content=\"Rowerowy Cieszyn\" \/>\n\t<meta name=\"twitter:label2\" content=\"Szacowany czas czytania\" \/>\n\t<meta name=\"twitter:data2\" content=\"3 minuty\" \/>\n<script type=\"application\/ld+json\" class=\"yoast-schema-graph\">{\"@context\":\"https:\\\/\\\/schema.org\",\"@graph\":[{\"@type\":\"Article\",\"@id\":\"https:\\\/\\\/rowerowycieszyn.pl\\\/index.php\\\/2025\\\/06\\\/10\\\/rowerem-po-lasach-pszczynskich\\\/#article\",\"isPartOf\":{\"@id\":\"https:\\\/\\\/rowerowycieszyn.pl\\\/index.php\\\/2025\\\/06\\\/10\\\/rowerem-po-lasach-pszczynskich\\\/\"},\"author\":{\"name\":\"Rowerowy Cieszyn\",\"@id\":\"https:\\\/\\\/rowerowycieszyn.pl\\\/#\\\/schema\\\/person\\\/b698cee63b7405acd7e70007d7cc8b2a\"},\"headline\":\"Rowerem po Lasach Pszczy\u0144skich w okolicach Tych\",\"datePublished\":\"2025-06-10T11:37:47+00:00\",\"dateModified\":\"2025-06-23T11:47:04+00:00\",\"mainEntityOfPage\":{\"@id\":\"https:\\\/\\\/rowerowycieszyn.pl\\\/index.php\\\/2025\\\/06\\\/10\\\/rowerem-po-lasach-pszczynskich\\\/\"},\"wordCount\":255,\"commentCount\":0,\"publisher\":{\"@id\":\"https:\\\/\\\/rowerowycieszyn.pl\\\/#organization\"},\"image\":{\"@id\":\"https:\\\/\\\/rowerowycieszyn.pl\\\/index.php\\\/2025\\\/06\\\/10\\\/rowerem-po-lasach-pszczynskich\\\/#primaryimage\"},\"thumbnailUrl\":\"https:\\\/\\\/rowerowycieszyn.pl\\\/wp-content\\\/uploads\\\/2025\\\/06\\\/P1470954_tn.jpg\",\"articleSection\":[\"Artyku\u0142y\",\"U innych\"],\"inLanguage\":\"pl-PL\",\"potentialAction\":[{\"@type\":\"CommentAction\",\"name\":\"Comment\",\"target\":[\"https:\\\/\\\/rowerowycieszyn.pl\\\/index.php\\\/2025\\\/06\\\/10\\\/rowerem-po-lasach-pszczynskich\\\/#respond\"]}]},{\"@type\":\"WebPage\",\"@id\":\"https:\\\/\\\/rowerowycieszyn.pl\\\/index.php\\\/2025\\\/06\\\/10\\\/rowerem-po-lasach-pszczynskich\\\/\",\"url\":\"https:\\\/\\\/rowerowycieszyn.pl\\\/index.php\\\/2025\\\/06\\\/10\\\/rowerem-po-lasach-pszczynskich\\\/\",\"name\":\"Rowerem po Lasach Pszczy\u0144skich w okolicach Tych - Rowerowy Cieszyn\",\"isPartOf\":{\"@id\":\"https:\\\/\\\/rowerowycieszyn.pl\\\/#website\"},\"primaryImageOfPage\":{\"@id\":\"https:\\\/\\\/rowerowycieszyn.pl\\\/index.php\\\/2025\\\/06\\\/10\\\/rowerem-po-lasach-pszczynskich\\\/#primaryimage\"},\"image\":{\"@id\":\"https:\\\/\\\/rowerowycieszyn.pl\\\/index.php\\\/2025\\\/06\\\/10\\\/rowerem-po-lasach-pszczynskich\\\/#primaryimage\"},\"thumbnailUrl\":\"https:\\\/\\\/rowerowycieszyn.pl\\\/wp-content\\\/uploads\\\/2025\\\/06\\\/P1470954_tn.jpg\",\"datePublished\":\"2025-06-10T11:37:47+00:00\",\"dateModified\":\"2025-06-23T11:47:04+00:00\",\"description\":\"Rowerem po szutrowych drogach Las\u00f3w Pszczy\u0144skich w okolicach Tych.\",\"breadcrumb\":{\"@id\":\"https:\\\/\\\/rowerowycieszyn.pl\\\/index.php\\\/2025\\\/06\\\/10\\\/rowerem-po-lasach-pszczynskich\\\/#breadcrumb\"},\"inLanguage\":\"pl-PL\",\"potentialAction\":[{\"@type\":\"ReadAction\",\"target\":[\"https:\\\/\\\/rowerowycieszyn.pl\\\/index.php\\\/2025\\\/06\\\/10\\\/rowerem-po-lasach-pszczynskich\\\/\"]}]},{\"@type\":\"ImageObject\",\"inLanguage\":\"pl-PL\",\"@id\":\"https:\\\/\\\/rowerowycieszyn.pl\\\/index.php\\\/2025\\\/06\\\/10\\\/rowerem-po-lasach-pszczynskich\\\/#primaryimage\",\"url\":\"https:\\\/\\\/rowerowycieszyn.pl\\\/wp-content\\\/uploads\\\/2025\\\/06\\\/P1470954_tn.jpg\",\"contentUrl\":\"https:\\\/\\\/rowerowycieszyn.pl\\\/wp-content\\\/uploads\\\/2025\\\/06\\\/P1470954_tn.jpg\",\"width\":1920,\"height\":1280,\"caption\":\"Lasy Pszczy\u0144skie w okolicach Tych\"},{\"@type\":\"BreadcrumbList\",\"@id\":\"https:\\\/\\\/rowerowycieszyn.pl\\\/index.php\\\/2025\\\/06\\\/10\\\/rowerem-po-lasach-pszczynskich\\\/#breadcrumb\",\"itemListElement\":[{\"@type\":\"ListItem\",\"position\":1,\"name\":\"Home\",\"item\":\"https:\\\/\\\/rowerowycieszyn.pl\\\/\"},{\"@type\":\"ListItem\",\"position\":2,\"name\":\"Rowerem po Lasach Pszczy\u0144skich w okolicach Tych\"}]},{\"@type\":\"WebSite\",\"@id\":\"https:\\\/\\\/rowerowycieszyn.pl\\\/#website\",\"url\":\"https:\\\/\\\/rowerowycieszyn.pl\\\/\",\"name\":\"Rowerowy Cieszyn\",\"description\":\"Strona promuj\u0105ca komunikacj\u0119 oraz turystyk\u0119 rowerow\u0105 na terenie Cieszyna i okolic.\",\"publisher\":{\"@id\":\"https:\\\/\\\/rowerowycieszyn.pl\\\/#organization\"},\"potentialAction\":[{\"@type\":\"SearchAction\",\"target\":{\"@type\":\"EntryPoint\",\"urlTemplate\":\"https:\\\/\\\/rowerowycieszyn.pl\\\/?s={search_term_string}\"},\"query-input\":{\"@type\":\"PropertyValueSpecification\",\"valueRequired\":true,\"valueName\":\"search_term_string\"}}],\"inLanguage\":\"pl-PL\"},{\"@type\":\"Organization\",\"@id\":\"https:\\\/\\\/rowerowycieszyn.pl\\\/#organization\",\"name\":\"Rowerowy Cieszyn\",\"url\":\"https:\\\/\\\/rowerowycieszyn.pl\\\/\",\"logo\":{\"@type\":\"ImageObject\",\"inLanguage\":\"pl-PL\",\"@id\":\"https:\\\/\\\/rowerowycieszyn.pl\\\/#\\\/schema\\\/logo\\\/image\\\/\",\"url\":\"https:\\\/\\\/rowerowycieszyn.pl\\\/wp-content\\\/uploads\\\/2020\\\/07\\\/cropped-rower1_cr_tn-1.jpg\",\"contentUrl\":\"https:\\\/\\\/rowerowycieszyn.pl\\\/wp-content\\\/uploads\\\/2020\\\/07\\\/cropped-rower1_cr_tn-1.jpg\",\"width\":250,\"height\":100,\"caption\":\"Rowerowy Cieszyn\"},\"image\":{\"@id\":\"https:\\\/\\\/rowerowycieszyn.pl\\\/#\\\/schema\\\/logo\\\/image\\\/\"},\"sameAs\":[\"https:\\\/\\\/www.facebook.com\\\/RowerowyCieszyn\"]},{\"@type\":\"Person\",\"@id\":\"https:\\\/\\\/rowerowycieszyn.pl\\\/#\\\/schema\\\/person\\\/b698cee63b7405acd7e70007d7cc8b2a\",\"name\":\"Rowerowy Cieszyn\",\"image\":{\"@type\":\"ImageObject\",\"inLanguage\":\"pl-PL\",\"@id\":\"https:\\\/\\\/secure.gravatar.com\\\/avatar\\\/1aef2c80bb06ccee0d820e4116589968d6d5c57310499f9271d42a4f7c5ffb3a?s=96&d=mm&r=g\",\"url\":\"https:\\\/\\\/secure.gravatar.com\\\/avatar\\\/1aef2c80bb06ccee0d820e4116589968d6d5c57310499f9271d42a4f7c5ffb3a?s=96&d=mm&r=g\",\"contentUrl\":\"https:\\\/\\\/secure.gravatar.com\\\/avatar\\\/1aef2c80bb06ccee0d820e4116589968d6d5c57310499f9271d42a4f7c5ffb3a?s=96&d=mm&r=g\",\"caption\":\"Rowerowy Cieszyn\"},\"sameAs\":[\"http:\\\/\\\/rowerowycieszyn.pl\"],\"url\":\"https:\\\/\\\/rowerowycieszyn.pl\\\/index.php\\\/author\\\/pstoklosa\\\/\"}]}<\/script>\n<!-- \/ Yoast SEO plugin. -->","yoast_head_json":{"title":"Rowerem po Lasach Pszczy\u0144skich w okolicach Tych - Rowerowy Cieszyn","description":"Rowerem po szutrowych drogach Las\u00f3w Pszczy\u0144skich w okolicach Tych.","robots":{"index":"index","follow":"follow","max-snippet":"max-snippet:-1","max-image-preview":"max-image-preview:large","max-video-preview":"max-video-preview:-1"},"canonical":"https:\/\/rowerowycieszyn.pl\/index.php\/2025\/06\/10\/rowerem-po-lasach-pszczynskich\/","og_locale":"pl_PL","og_type":"article","og_title":"Rowerem po Lasach Pszczy\u0144skich w okolicach Tych - Rowerowy Cieszyn","og_description":"Rowerem po szutrowych drogach Las\u00f3w Pszczy\u0144skich w okolicach Tych.","og_url":"https:\/\/rowerowycieszyn.pl\/index.php\/2025\/06\/10\/rowerem-po-lasach-pszczynskich\/","og_site_name":"Rowerowy Cieszyn","article_publisher":"https:\/\/www.facebook.com\/RowerowyCieszyn","article_published_time":"2025-06-10T11:37:47+00:00","article_modified_time":"2025-06-23T11:47:04+00:00","og_image":[{"width":1920,"height":1280,"url":"http:\/\/rowerowycieszyn.pl\/wp-content\/uploads\/2025\/06\/P1470954_tn.jpg","type":"image\/jpeg"}],"author":"Rowerowy Cieszyn","twitter_card":"summary_large_image","twitter_misc":{"Napisane przez":"Rowerowy Cieszyn","Szacowany czas czytania":"3 minuty"},"schema":{"@context":"https:\/\/schema.org","@graph":[{"@type":"Article","@id":"https:\/\/rowerowycieszyn.pl\/index.php\/2025\/06\/10\/rowerem-po-lasach-pszczynskich\/#article","isPartOf":{"@id":"https:\/\/rowerowycieszyn.pl\/index.php\/2025\/06\/10\/rowerem-po-lasach-pszczynskich\/"},"author":{"name":"Rowerowy Cieszyn","@id":"https:\/\/rowerowycieszyn.pl\/#\/schema\/person\/b698cee63b7405acd7e70007d7cc8b2a"},"headline":"Rowerem po Lasach Pszczy\u0144skich w okolicach Tych","datePublished":"2025-06-10T11:37:47+00:00","dateModified":"2025-06-23T11:47:04+00:00","mainEntityOfPage":{"@id":"https:\/\/rowerowycieszyn.pl\/index.php\/2025\/06\/10\/rowerem-po-lasach-pszczynskich\/"},"wordCount":255,"commentCount":0,"publisher":{"@id":"https:\/\/rowerowycieszyn.pl\/#organization"},"image":{"@id":"https:\/\/rowerowycieszyn.pl\/index.php\/2025\/06\/10\/rowerem-po-lasach-pszczynskich\/#primaryimage"},"thumbnailUrl":"https:\/\/rowerowycieszyn.pl\/wp-content\/uploads\/2025\/06\/P1470954_tn.jpg","articleSection":["Artyku\u0142y","U innych"],"inLanguage":"pl-PL","potentialAction":[{"@type":"CommentAction","name":"Comment","target":["https:\/\/rowerowycieszyn.pl\/index.php\/2025\/06\/10\/rowerem-po-lasach-pszczynskich\/#respond"]}]},{"@type":"WebPage","@id":"https:\/\/rowerowycieszyn.pl\/index.php\/2025\/06\/10\/rowerem-po-lasach-pszczynskich\/","url":"https:\/\/rowerowycieszyn.pl\/index.php\/2025\/06\/10\/rowerem-po-lasach-pszczynskich\/","name":"Rowerem po Lasach Pszczy\u0144skich w okolicach Tych - Rowerowy Cieszyn","isPartOf":{"@id":"https:\/\/rowerowycieszyn.pl\/#website"},"primaryImageOfPage":{"@id":"https:\/\/rowerowycieszyn.pl\/index.php\/2025\/06\/10\/rowerem-po-lasach-pszczynskich\/#primaryimage"},"image":{"@id":"https:\/\/rowerowycieszyn.pl\/index.php\/2025\/06\/10\/rowerem-po-lasach-pszczynskich\/#primaryimage"},"thumbnailUrl":"https:\/\/rowerowycieszyn.pl\/wp-content\/uploads\/2025\/06\/P1470954_tn.jpg","datePublished":"2025-06-10T11:37:47+00:00","dateModified":"2025-06-23T11:47:04+00:00","description":"Rowerem po szutrowych drogach Las\u00f3w Pszczy\u0144skich w okolicach Tych.","breadcrumb":{"@id":"https:\/\/rowerowycieszyn.pl\/index.php\/2025\/06\/10\/rowerem-po-lasach-pszczynskich\/#breadcrumb"},"inLanguage":"pl-PL","potentialAction":[{"@type":"ReadAction","target":["https:\/\/rowerowycieszyn.pl\/index.php\/2025\/06\/10\/rowerem-po-lasach-pszczynskich\/"]}]},{"@type":"ImageObject","inLanguage":"pl-PL","@id":"https:\/\/rowerowycieszyn.pl\/index.php\/2025\/06\/10\/rowerem-po-lasach-pszczynskich\/#primaryimage","url":"https:\/\/rowerowycieszyn.pl\/wp-content\/uploads\/2025\/06\/P1470954_tn.jpg","contentUrl":"https:\/\/rowerowycieszyn.pl\/wp-content\/uploads\/2025\/06\/P1470954_tn.jpg","width":1920,"height":1280,"caption":"Lasy Pszczy\u0144skie w okolicach Tych"},{"@type":"BreadcrumbList","@id":"https:\/\/rowerowycieszyn.pl\/index.php\/2025\/06\/10\/rowerem-po-lasach-pszczynskich\/#breadcrumb","itemListElement":[{"@type":"ListItem","position":1,"name":"Home","item":"https:\/\/rowerowycieszyn.pl\/"},{"@type":"ListItem","position":2,"name":"Rowerem po Lasach Pszczy\u0144skich w okolicach Tych"}]},{"@type":"WebSite","@id":"https:\/\/rowerowycieszyn.pl\/#website","url":"https:\/\/rowerowycieszyn.pl\/","name":"Rowerowy Cieszyn","description":"Strona promuj\u0105ca komunikacj\u0119 oraz turystyk\u0119 rowerow\u0105 na terenie Cieszyna i okolic.","publisher":{"@id":"https:\/\/rowerowycieszyn.pl\/#organization"},"potentialAction":[{"@type":"SearchAction","target":{"@type":"EntryPoint","urlTemplate":"https:\/\/rowerowycieszyn.pl\/?s={search_term_string}"},"query-input":{"@type":"PropertyValueSpecification","valueRequired":true,"valueName":"search_term_string"}}],"inLanguage":"pl-PL"},{"@type":"Organization","@id":"https:\/\/rowerowycieszyn.pl\/#organization","name":"Rowerowy Cieszyn","url":"https:\/\/rowerowycieszyn.pl\/","logo":{"@type":"ImageObject","inLanguage":"pl-PL","@id":"https:\/\/rowerowycieszyn.pl\/#\/schema\/logo\/image\/","url":"https:\/\/rowerowycieszyn.pl\/wp-content\/uploads\/2020\/07\/cropped-rower1_cr_tn-1.jpg","contentUrl":"https:\/\/rowerowycieszyn.pl\/wp-content\/uploads\/2020\/07\/cropped-rower1_cr_tn-1.jpg","width":250,"height":100,"caption":"Rowerowy Cieszyn"},"image":{"@id":"https:\/\/rowerowycieszyn.pl\/#\/schema\/logo\/image\/"},"sameAs":["https:\/\/www.facebook.com\/RowerowyCieszyn"]},{"@type":"Person","@id":"https:\/\/rowerowycieszyn.pl\/#\/schema\/person\/b698cee63b7405acd7e70007d7cc8b2a","name":"Rowerowy Cieszyn","image":{"@type":"ImageObject","inLanguage":"pl-PL","@id":"https:\/\/secure.gravatar.com\/avatar\/1aef2c80bb06ccee0d820e4116589968d6d5c57310499f9271d42a4f7c5ffb3a?s=96&d=mm&r=g","url":"https:\/\/secure.gravatar.com\/avatar\/1aef2c80bb06ccee0d820e4116589968d6d5c57310499f9271d42a4f7c5ffb3a?s=96&d=mm&r=g","contentUrl":"https:\/\/secure.gravatar.com\/avatar\/1aef2c80bb06ccee0d820e4116589968d6d5c57310499f9271d42a4f7c5ffb3a?s=96&d=mm&r=g","caption":"Rowerowy Cieszyn"},"sameAs":["http:\/\/rowerowycieszyn.pl"],"url":"https:\/\/rowerowycieszyn.pl\/index.php\/author\/pstoklosa\/"}]}},"_links":{"self":[{"href":"https:\/\/rowerowycieszyn.pl\/index.php\/wp-json\/wp\/v2\/posts\/2672","targetHints":{"allow":["GET"]}}],"collection":[{"href":"https:\/\/rowerowycieszyn.pl\/index.php\/wp-json\/wp\/v2\/posts"}],"about":[{"href":"https:\/\/rowerowycieszyn.pl\/index.php\/wp-json\/wp\/v2\/types\/post"}],"author":[{"embeddable":true,"href":"https:\/\/rowerowycieszyn.pl\/index.php\/wp-json\/wp\/v2\/users\/1"}],"replies":[{"embeddable":true,"href":"https:\/\/rowerowycieszyn.pl\/index.php\/wp-json\/wp\/v2\/comments?post=2672"}],"version-history":[{"count":4,"href":"https:\/\/rowerowycieszyn.pl\/index.php\/wp-json\/wp\/v2\/posts\/2672\/revisions"}],"predecessor-version":[{"id":2683,"href":"https:\/\/rowerowycieszyn.pl\/index.php\/wp-json\/wp\/v2\/posts\/2672\/revisions\/2683"}],"wp:featuredmedia":[{"embeddable":true,"href":"https:\/\/rowerowycieszyn.pl\/index.php\/wp-json\/wp\/v2\/media\/2674"}],"wp:attachment":[{"href":"https:\/\/rowerowycieszyn.pl\/index.php\/wp-json\/wp\/v2\/media?parent=2672"}],"wp:term":[{"taxonomy":"category","embeddable":true,"href":"https:\/\/rowerowycieszyn.pl\/index.php\/wp-json\/wp\/v2\/categories?post=2672"},{"taxonomy":"post_tag","embeddable":true,"href":"https:\/\/rowerowycieszyn.pl\/index.php\/wp-json\/wp\/v2\/tags?post=2672"}],"curies":[{"name":"wp","href":"https:\/\/api.w.org\/{rel}","templated":true}]}}