{"id":2685,"date":"2025-06-23T13:57:04","date_gmt":"2025-06-23T11:57:04","guid":{"rendered":"https:\/\/rowerowycieszyn.pl\/?p=2685"},"modified":"2025-06-23T13:58:57","modified_gmt":"2025-06-23T11:58:57","slug":"rowerowe-powitanie-lata-cieszyn-darkow","status":"publish","type":"post","link":"https:\/\/rowerowycieszyn.pl\/index.php\/2025\/06\/23\/rowerowe-powitanie-lata-cieszyn-darkow\/","title":{"rendered":"Rowerowe powitanie lata"},"content":{"rendered":"\n<p>Ostatni\u0105 wsp\u00f3ln\u0105 jazd\u0119 realizowali\u015bmy pod has\u0142em Rowerowe Powitanie Wiosny, czas wi\u0119c na Rowerowe Powitanie Lata, zw\u0142aszcza, \u017ce to ostatnie na dobre zago\u015bci\u0142o i w kalendarzu, i w przyrodzie. Wyruszamy z cieszy\u0144skiego Rynku w niedziel\u0119 <strong>29 czerwca o godzinie 10:00<\/strong> w kierunku Karwiny a dok\u0142adniej Karwi\u0144skiego Morza. Przewidywany powr\u00f3t oko\u0142o godziny 14:00.<\/p>\n\n\n\n<p>Po dojechaniu nad Karwi\u0144skie Morze planujemy oko\u0142o 0,5 \u2013 1 godzinny piknik. Tym razem aprowizacja we w\u0142asnym zakresie, wi\u0119c ka\u017cdy zabiera to, na co ma ochot\u0119 i czym by\u0107 mo\u017ce chcia\u0142by pocz\u0119stowa\u0107 innych uczestnik\u00f3w. Je\u017celi b\u0119dzie odpowiednia pogoda, zach\u0119camy do zabrania stroj\u00f3w k\u0105pielowych, bo zatrzymamy si\u0119 w pobli\u017cu oficjalnego (cho\u0107 niestrze\u017conego) k\u0105pieliska. W tym czasie osoby niezainteresowane pla\u017cowaniem b\u0119d\u0105 mog\u0142y zrobi\u0107 sobie rundk\u0119 lub dwie wok\u00f3\u0142 jeziora, zwiedzi\u0107 park w pobli\u017cu sanatorium w Darkowie, czy nabi\u0107 dodatkowe kilometry na trasie wa\u0142ami Olzy w stron\u0119 Dzie\u0107morowic. Po pikniku wracamy do Cieszyna i ko\u0144czymy w miejscu startu, czyli na Rynku.<\/p>\n\n\n\n<p>Do przejechania jest ok. 37 kilometr\u00f3w, trasa o \u015brednim stopniu trudno\u015bci. W wi\u0119kszo\u015bci przebiega przez p\u0142askie tereny, ale pod koniec b\u0119d\u0105 dwa niezbyt d\u0142ugie cho\u0107 wymagaj\u0105ce podjazdy. Poni\u017cej szczeg\u00f3\u0142owa mapka planowanej trasy.<\/p>\n\n\n\n<p>Wycieczka nie ma charakteru zorganizowanego i ka\u017cdy jedzie na w\u0142asn\u0105 odpowiedzialno\u015b\u0107. Jednocze\u015bnie zapewniamy przewodnictwo dla uczestnik\u00f3w. Je\u017celi zbierze si\u0119 wi\u0119ksza grupa, podzielimy si\u0119 na mniejsze podzespo\u0142y, aby bezpiecznie i zgodnie z przepisami pokona\u0107 ca\u0142\u0105 tras\u0119.<\/p>\n\n\n\n<p>Uwaga! Poniewa\u017c jest to impreza plenerowa i nie mo\u017cemy jednoznacznie przewidzie\u0107 pogody, zak\u0142adamy, \u017ce w przypadku niekorzystnych warunk\u00f3w atmosferycznych impreza zostanie przeniesiona na inny termin. Prosimy \u015bledzi\u0107 nasze konto na Facebooku oraz stron\u0119 internetow\u0105. W przypadku zmian pojawi\u0105 si\u0119 tam stosowane informacje.<\/p>\n\n\n\n<iframe loading=\"lazy\" style=\"border:none\" src=\"https:\/\/mapy.com\/s\/cahabuzoko\" width=\"800\" height=\"600\" frameborder=\"0\"><\/iframe>\n\n\n\n<p class=\"has-text-align-right\">Piotr Stok\u0142osa<\/p>\n","protected":false},"excerpt":{"rendered":"<p>Ostatni\u0105 wsp\u00f3ln\u0105 jazd\u0119 realizowali\u015bmy pod has\u0142em Rowerowe Powitanie Wiosny, czas wi\u0119c na Rowerowe Powitanie Lata, zw\u0142aszcza, \u017ce to ostatnie na dobre zago\u015bci\u0142o i w kalendarzu, i w przyrodzie. Wyruszamy z&hellip; <\/p>\n","protected":false},"author":1,"featured_media":2686,"comment_status":"open","ping_status":"open","sticky":false,"template":"","format":"standard","meta":{"footnotes":""},"categories":[9,5,1],"tags":[45],"class_list":["post-2685","post","type-post","status-publish","format-standard","has-post-thumbnail","hentry","category-aktualnosci","category-artykuly","category-bez-kategorii","tag-trasa-wzdluz-olzy"],"yoast_head":"<!-- This site is optimized with the Yoast SEO plugin v27.3 - https:\/\/yoast.com\/product\/yoast-seo-wordpress\/ -->\n<title>Rowerowe powitanie lata - Rowerowy Cieszyn<\/title>\n<meta name=\"description\" content=\"Rowerowe Powitanie Lata Cieszyn Dark\u00f3w\" \/>\n<meta name=\"robots\" content=\"index, follow, max-snippet:-1, max-image-preview:large, max-video-preview:-1\" \/>\n<link rel=\"canonical\" href=\"https:\/\/rowerowycieszyn.pl\/index.php\/2025\/06\/23\/rowerowe-powitanie-lata-cieszyn-darkow\/\" \/>\n<meta property=\"og:locale\" content=\"pl_PL\" \/>\n<meta property=\"og:type\" content=\"article\" \/>\n<meta property=\"og:title\" content=\"Rowerowe powitanie lata - Rowerowy Cieszyn\" \/>\n<meta property=\"og:description\" content=\"Rowerowe Powitanie Lata Cieszyn Dark\u00f3w\" \/>\n<meta property=\"og:url\" content=\"https:\/\/rowerowycieszyn.pl\/index.php\/2025\/06\/23\/rowerowe-powitanie-lata-cieszyn-darkow\/\" \/>\n<meta property=\"og:site_name\" content=\"Rowerowy Cieszyn\" \/>\n<meta property=\"article:publisher\" content=\"https:\/\/www.facebook.com\/RowerowyCieszyn\" \/>\n<meta property=\"article:published_time\" content=\"2025-06-23T11:57:04+00:00\" \/>\n<meta property=\"article:modified_time\" content=\"2025-06-23T11:58:57+00:00\" \/>\n<meta property=\"og:image\" content=\"http:\/\/rowerowycieszyn.pl\/wp-content\/uploads\/2025\/06\/Rowerowe-powitanie-lata-zaproszenie.jpg\" \/>\n\t<meta property=\"og:image:width\" content=\"1920\" \/>\n\t<meta property=\"og:image:height\" content=\"1080\" \/>\n\t<meta property=\"og:image:type\" content=\"image\/jpeg\" \/>\n<meta name=\"author\" content=\"Rowerowy Cieszyn\" \/>\n<meta name=\"twitter:card\" content=\"summary_large_image\" \/>\n<meta name=\"twitter:label1\" content=\"Napisane przez\" \/>\n\t<meta name=\"twitter:data1\" content=\"Rowerowy Cieszyn\" \/>\n\t<meta name=\"twitter:label2\" content=\"Szacowany czas czytania\" \/>\n\t<meta name=\"twitter:data2\" content=\"2 minuty\" \/>\n<script type=\"application\/ld+json\" class=\"yoast-schema-graph\">{\"@context\":\"https:\\\/\\\/schema.org\",\"@graph\":[{\"@type\":\"Article\",\"@id\":\"https:\\\/\\\/rowerowycieszyn.pl\\\/index.php\\\/2025\\\/06\\\/23\\\/rowerowe-powitanie-lata-cieszyn-darkow\\\/#article\",\"isPartOf\":{\"@id\":\"https:\\\/\\\/rowerowycieszyn.pl\\\/index.php\\\/2025\\\/06\\\/23\\\/rowerowe-powitanie-lata-cieszyn-darkow\\\/\"},\"author\":{\"name\":\"Rowerowy Cieszyn\",\"@id\":\"https:\\\/\\\/rowerowycieszyn.pl\\\/#\\\/schema\\\/person\\\/b698cee63b7405acd7e70007d7cc8b2a\"},\"headline\":\"Rowerowe powitanie lata\",\"datePublished\":\"2025-06-23T11:57:04+00:00\",\"dateModified\":\"2025-06-23T11:58:57+00:00\",\"mainEntityOfPage\":{\"@id\":\"https:\\\/\\\/rowerowycieszyn.pl\\\/index.php\\\/2025\\\/06\\\/23\\\/rowerowe-powitanie-lata-cieszyn-darkow\\\/\"},\"wordCount\":313,\"commentCount\":0,\"publisher\":{\"@id\":\"https:\\\/\\\/rowerowycieszyn.pl\\\/#organization\"},\"image\":{\"@id\":\"https:\\\/\\\/rowerowycieszyn.pl\\\/index.php\\\/2025\\\/06\\\/23\\\/rowerowe-powitanie-lata-cieszyn-darkow\\\/#primaryimage\"},\"thumbnailUrl\":\"https:\\\/\\\/rowerowycieszyn.pl\\\/wp-content\\\/uploads\\\/2025\\\/06\\\/Rowerowe-powitanie-lata-zaproszenie.jpg\",\"keywords\":[\"trasa wzd\u0142u\u017c Olzy\"],\"articleSection\":[\"Aktualno\u015bci\",\"Artyku\u0142y\"],\"inLanguage\":\"pl-PL\",\"potentialAction\":[{\"@type\":\"CommentAction\",\"name\":\"Comment\",\"target\":[\"https:\\\/\\\/rowerowycieszyn.pl\\\/index.php\\\/2025\\\/06\\\/23\\\/rowerowe-powitanie-lata-cieszyn-darkow\\\/#respond\"]}]},{\"@type\":\"WebPage\",\"@id\":\"https:\\\/\\\/rowerowycieszyn.pl\\\/index.php\\\/2025\\\/06\\\/23\\\/rowerowe-powitanie-lata-cieszyn-darkow\\\/\",\"url\":\"https:\\\/\\\/rowerowycieszyn.pl\\\/index.php\\\/2025\\\/06\\\/23\\\/rowerowe-powitanie-lata-cieszyn-darkow\\\/\",\"name\":\"Rowerowe powitanie lata - Rowerowy Cieszyn\",\"isPartOf\":{\"@id\":\"https:\\\/\\\/rowerowycieszyn.pl\\\/#website\"},\"primaryImageOfPage\":{\"@id\":\"https:\\\/\\\/rowerowycieszyn.pl\\\/index.php\\\/2025\\\/06\\\/23\\\/rowerowe-powitanie-lata-cieszyn-darkow\\\/#primaryimage\"},\"image\":{\"@id\":\"https:\\\/\\\/rowerowycieszyn.pl\\\/index.php\\\/2025\\\/06\\\/23\\\/rowerowe-powitanie-lata-cieszyn-darkow\\\/#primaryimage\"},\"thumbnailUrl\":\"https:\\\/\\\/rowerowycieszyn.pl\\\/wp-content\\\/uploads\\\/2025\\\/06\\\/Rowerowe-powitanie-lata-zaproszenie.jpg\",\"datePublished\":\"2025-06-23T11:57:04+00:00\",\"dateModified\":\"2025-06-23T11:58:57+00:00\",\"description\":\"Rowerowe Powitanie Lata Cieszyn Dark\u00f3w\",\"breadcrumb\":{\"@id\":\"https:\\\/\\\/rowerowycieszyn.pl\\\/index.php\\\/2025\\\/06\\\/23\\\/rowerowe-powitanie-lata-cieszyn-darkow\\\/#breadcrumb\"},\"inLanguage\":\"pl-PL\",\"potentialAction\":[{\"@type\":\"ReadAction\",\"target\":[\"https:\\\/\\\/rowerowycieszyn.pl\\\/index.php\\\/2025\\\/06\\\/23\\\/rowerowe-powitanie-lata-cieszyn-darkow\\\/\"]}]},{\"@type\":\"ImageObject\",\"inLanguage\":\"pl-PL\",\"@id\":\"https:\\\/\\\/rowerowycieszyn.pl\\\/index.php\\\/2025\\\/06\\\/23\\\/rowerowe-powitanie-lata-cieszyn-darkow\\\/#primaryimage\",\"url\":\"https:\\\/\\\/rowerowycieszyn.pl\\\/wp-content\\\/uploads\\\/2025\\\/06\\\/Rowerowe-powitanie-lata-zaproszenie.jpg\",\"contentUrl\":\"https:\\\/\\\/rowerowycieszyn.pl\\\/wp-content\\\/uploads\\\/2025\\\/06\\\/Rowerowe-powitanie-lata-zaproszenie.jpg\",\"width\":1920,\"height\":1080,\"caption\":\"Rowerowe Powitanie Lata - wsp\u00f3lna jazda na trasie Cieszyn - Dark\u00f3w - Cieszyn\"},{\"@type\":\"BreadcrumbList\",\"@id\":\"https:\\\/\\\/rowerowycieszyn.pl\\\/index.php\\\/2025\\\/06\\\/23\\\/rowerowe-powitanie-lata-cieszyn-darkow\\\/#breadcrumb\",\"itemListElement\":[{\"@type\":\"ListItem\",\"position\":1,\"name\":\"Home\",\"item\":\"https:\\\/\\\/rowerowycieszyn.pl\\\/\"},{\"@type\":\"ListItem\",\"position\":2,\"name\":\"Rowerowe powitanie lata\"}]},{\"@type\":\"WebSite\",\"@id\":\"https:\\\/\\\/rowerowycieszyn.pl\\\/#website\",\"url\":\"https:\\\/\\\/rowerowycieszyn.pl\\\/\",\"name\":\"Rowerowy Cieszyn\",\"description\":\"Strona promuj\u0105ca komunikacj\u0119 oraz turystyk\u0119 rowerow\u0105 na terenie Cieszyna i okolic.\",\"publisher\":{\"@id\":\"https:\\\/\\\/rowerowycieszyn.pl\\\/#organization\"},\"potentialAction\":[{\"@type\":\"SearchAction\",\"target\":{\"@type\":\"EntryPoint\",\"urlTemplate\":\"https:\\\/\\\/rowerowycieszyn.pl\\\/?s={search_term_string}\"},\"query-input\":{\"@type\":\"PropertyValueSpecification\",\"valueRequired\":true,\"valueName\":\"search_term_string\"}}],\"inLanguage\":\"pl-PL\"},{\"@type\":\"Organization\",\"@id\":\"https:\\\/\\\/rowerowycieszyn.pl\\\/#organization\",\"name\":\"Rowerowy Cieszyn\",\"url\":\"https:\\\/\\\/rowerowycieszyn.pl\\\/\",\"logo\":{\"@type\":\"ImageObject\",\"inLanguage\":\"pl-PL\",\"@id\":\"https:\\\/\\\/rowerowycieszyn.pl\\\/#\\\/schema\\\/logo\\\/image\\\/\",\"url\":\"https:\\\/\\\/rowerowycieszyn.pl\\\/wp-content\\\/uploads\\\/2020\\\/07\\\/cropped-rower1_cr_tn-1.jpg\",\"contentUrl\":\"https:\\\/\\\/rowerowycieszyn.pl\\\/wp-content\\\/uploads\\\/2020\\\/07\\\/cropped-rower1_cr_tn-1.jpg\",\"width\":250,\"height\":100,\"caption\":\"Rowerowy Cieszyn\"},\"image\":{\"@id\":\"https:\\\/\\\/rowerowycieszyn.pl\\\/#\\\/schema\\\/logo\\\/image\\\/\"},\"sameAs\":[\"https:\\\/\\\/www.facebook.com\\\/RowerowyCieszyn\"]},{\"@type\":\"Person\",\"@id\":\"https:\\\/\\\/rowerowycieszyn.pl\\\/#\\\/schema\\\/person\\\/b698cee63b7405acd7e70007d7cc8b2a\",\"name\":\"Rowerowy Cieszyn\",\"image\":{\"@type\":\"ImageObject\",\"inLanguage\":\"pl-PL\",\"@id\":\"https:\\\/\\\/secure.gravatar.com\\\/avatar\\\/1aef2c80bb06ccee0d820e4116589968d6d5c57310499f9271d42a4f7c5ffb3a?s=96&d=mm&r=g\",\"url\":\"https:\\\/\\\/secure.gravatar.com\\\/avatar\\\/1aef2c80bb06ccee0d820e4116589968d6d5c57310499f9271d42a4f7c5ffb3a?s=96&d=mm&r=g\",\"contentUrl\":\"https:\\\/\\\/secure.gravatar.com\\\/avatar\\\/1aef2c80bb06ccee0d820e4116589968d6d5c57310499f9271d42a4f7c5ffb3a?s=96&d=mm&r=g\",\"caption\":\"Rowerowy Cieszyn\"},\"sameAs\":[\"http:\\\/\\\/rowerowycieszyn.pl\"],\"url\":\"https:\\\/\\\/rowerowycieszyn.pl\\\/index.php\\\/author\\\/pstoklosa\\\/\"}]}<\/script>\n<!-- \/ Yoast SEO plugin. -->","yoast_head_json":{"title":"Rowerowe powitanie lata - Rowerowy Cieszyn","description":"Rowerowe Powitanie Lata Cieszyn Dark\u00f3w","robots":{"index":"index","follow":"follow","max-snippet":"max-snippet:-1","max-image-preview":"max-image-preview:large","max-video-preview":"max-video-preview:-1"},"canonical":"https:\/\/rowerowycieszyn.pl\/index.php\/2025\/06\/23\/rowerowe-powitanie-lata-cieszyn-darkow\/","og_locale":"pl_PL","og_type":"article","og_title":"Rowerowe powitanie lata - Rowerowy Cieszyn","og_description":"Rowerowe Powitanie Lata Cieszyn Dark\u00f3w","og_url":"https:\/\/rowerowycieszyn.pl\/index.php\/2025\/06\/23\/rowerowe-powitanie-lata-cieszyn-darkow\/","og_site_name":"Rowerowy Cieszyn","article_publisher":"https:\/\/www.facebook.com\/RowerowyCieszyn","article_published_time":"2025-06-23T11:57:04+00:00","article_modified_time":"2025-06-23T11:58:57+00:00","og_image":[{"width":1920,"height":1080,"url":"http:\/\/rowerowycieszyn.pl\/wp-content\/uploads\/2025\/06\/Rowerowe-powitanie-lata-zaproszenie.jpg","type":"image\/jpeg"}],"author":"Rowerowy Cieszyn","twitter_card":"summary_large_image","twitter_misc":{"Napisane przez":"Rowerowy Cieszyn","Szacowany czas czytania":"2 minuty"},"schema":{"@context":"https:\/\/schema.org","@graph":[{"@type":"Article","@id":"https:\/\/rowerowycieszyn.pl\/index.php\/2025\/06\/23\/rowerowe-powitanie-lata-cieszyn-darkow\/#article","isPartOf":{"@id":"https:\/\/rowerowycieszyn.pl\/index.php\/2025\/06\/23\/rowerowe-powitanie-lata-cieszyn-darkow\/"},"author":{"name":"Rowerowy Cieszyn","@id":"https:\/\/rowerowycieszyn.pl\/#\/schema\/person\/b698cee63b7405acd7e70007d7cc8b2a"},"headline":"Rowerowe powitanie lata","datePublished":"2025-06-23T11:57:04+00:00","dateModified":"2025-06-23T11:58:57+00:00","mainEntityOfPage":{"@id":"https:\/\/rowerowycieszyn.pl\/index.php\/2025\/06\/23\/rowerowe-powitanie-lata-cieszyn-darkow\/"},"wordCount":313,"commentCount":0,"publisher":{"@id":"https:\/\/rowerowycieszyn.pl\/#organization"},"image":{"@id":"https:\/\/rowerowycieszyn.pl\/index.php\/2025\/06\/23\/rowerowe-powitanie-lata-cieszyn-darkow\/#primaryimage"},"thumbnailUrl":"https:\/\/rowerowycieszyn.pl\/wp-content\/uploads\/2025\/06\/Rowerowe-powitanie-lata-zaproszenie.jpg","keywords":["trasa wzd\u0142u\u017c Olzy"],"articleSection":["Aktualno\u015bci","Artyku\u0142y"],"inLanguage":"pl-PL","potentialAction":[{"@type":"CommentAction","name":"Comment","target":["https:\/\/rowerowycieszyn.pl\/index.php\/2025\/06\/23\/rowerowe-powitanie-lata-cieszyn-darkow\/#respond"]}]},{"@type":"WebPage","@id":"https:\/\/rowerowycieszyn.pl\/index.php\/2025\/06\/23\/rowerowe-powitanie-lata-cieszyn-darkow\/","url":"https:\/\/rowerowycieszyn.pl\/index.php\/2025\/06\/23\/rowerowe-powitanie-lata-cieszyn-darkow\/","name":"Rowerowe powitanie lata - Rowerowy Cieszyn","isPartOf":{"@id":"https:\/\/rowerowycieszyn.pl\/#website"},"primaryImageOfPage":{"@id":"https:\/\/rowerowycieszyn.pl\/index.php\/2025\/06\/23\/rowerowe-powitanie-lata-cieszyn-darkow\/#primaryimage"},"image":{"@id":"https:\/\/rowerowycieszyn.pl\/index.php\/2025\/06\/23\/rowerowe-powitanie-lata-cieszyn-darkow\/#primaryimage"},"thumbnailUrl":"https:\/\/rowerowycieszyn.pl\/wp-content\/uploads\/2025\/06\/Rowerowe-powitanie-lata-zaproszenie.jpg","datePublished":"2025-06-23T11:57:04+00:00","dateModified":"2025-06-23T11:58:57+00:00","description":"Rowerowe Powitanie Lata Cieszyn Dark\u00f3w","breadcrumb":{"@id":"https:\/\/rowerowycieszyn.pl\/index.php\/2025\/06\/23\/rowerowe-powitanie-lata-cieszyn-darkow\/#breadcrumb"},"inLanguage":"pl-PL","potentialAction":[{"@type":"ReadAction","target":["https:\/\/rowerowycieszyn.pl\/index.php\/2025\/06\/23\/rowerowe-powitanie-lata-cieszyn-darkow\/"]}]},{"@type":"ImageObject","inLanguage":"pl-PL","@id":"https:\/\/rowerowycieszyn.pl\/index.php\/2025\/06\/23\/rowerowe-powitanie-lata-cieszyn-darkow\/#primaryimage","url":"https:\/\/rowerowycieszyn.pl\/wp-content\/uploads\/2025\/06\/Rowerowe-powitanie-lata-zaproszenie.jpg","contentUrl":"https:\/\/rowerowycieszyn.pl\/wp-content\/uploads\/2025\/06\/Rowerowe-powitanie-lata-zaproszenie.jpg","width":1920,"height":1080,"caption":"Rowerowe Powitanie Lata - wsp\u00f3lna jazda na trasie Cieszyn - Dark\u00f3w - Cieszyn"},{"@type":"BreadcrumbList","@id":"https:\/\/rowerowycieszyn.pl\/index.php\/2025\/06\/23\/rowerowe-powitanie-lata-cieszyn-darkow\/#breadcrumb","itemListElement":[{"@type":"ListItem","position":1,"name":"Home","item":"https:\/\/rowerowycieszyn.pl\/"},{"@type":"ListItem","position":2,"name":"Rowerowe powitanie lata"}]},{"@type":"WebSite","@id":"https:\/\/rowerowycieszyn.pl\/#website","url":"https:\/\/rowerowycieszyn.pl\/","name":"Rowerowy Cieszyn","description":"Strona promuj\u0105ca komunikacj\u0119 oraz turystyk\u0119 rowerow\u0105 na terenie Cieszyna i okolic.","publisher":{"@id":"https:\/\/rowerowycieszyn.pl\/#organization"},"potentialAction":[{"@type":"SearchAction","target":{"@type":"EntryPoint","urlTemplate":"https:\/\/rowerowycieszyn.pl\/?s={search_term_string}"},"query-input":{"@type":"PropertyValueSpecification","valueRequired":true,"valueName":"search_term_string"}}],"inLanguage":"pl-PL"},{"@type":"Organization","@id":"https:\/\/rowerowycieszyn.pl\/#organization","name":"Rowerowy Cieszyn","url":"https:\/\/rowerowycieszyn.pl\/","logo":{"@type":"ImageObject","inLanguage":"pl-PL","@id":"https:\/\/rowerowycieszyn.pl\/#\/schema\/logo\/image\/","url":"https:\/\/rowerowycieszyn.pl\/wp-content\/uploads\/2020\/07\/cropped-rower1_cr_tn-1.jpg","contentUrl":"https:\/\/rowerowycieszyn.pl\/wp-content\/uploads\/2020\/07\/cropped-rower1_cr_tn-1.jpg","width":250,"height":100,"caption":"Rowerowy Cieszyn"},"image":{"@id":"https:\/\/rowerowycieszyn.pl\/#\/schema\/logo\/image\/"},"sameAs":["https:\/\/www.facebook.com\/RowerowyCieszyn"]},{"@type":"Person","@id":"https:\/\/rowerowycieszyn.pl\/#\/schema\/person\/b698cee63b7405acd7e70007d7cc8b2a","name":"Rowerowy Cieszyn","image":{"@type":"ImageObject","inLanguage":"pl-PL","@id":"https:\/\/secure.gravatar.com\/avatar\/1aef2c80bb06ccee0d820e4116589968d6d5c57310499f9271d42a4f7c5ffb3a?s=96&d=mm&r=g","url":"https:\/\/secure.gravatar.com\/avatar\/1aef2c80bb06ccee0d820e4116589968d6d5c57310499f9271d42a4f7c5ffb3a?s=96&d=mm&r=g","contentUrl":"https:\/\/secure.gravatar.com\/avatar\/1aef2c80bb06ccee0d820e4116589968d6d5c57310499f9271d42a4f7c5ffb3a?s=96&d=mm&r=g","caption":"Rowerowy Cieszyn"},"sameAs":["http:\/\/rowerowycieszyn.pl"],"url":"https:\/\/rowerowycieszyn.pl\/index.php\/author\/pstoklosa\/"}]}},"_links":{"self":[{"href":"https:\/\/rowerowycieszyn.pl\/index.php\/wp-json\/wp\/v2\/posts\/2685","targetHints":{"allow":["GET"]}}],"collection":[{"href":"https:\/\/rowerowycieszyn.pl\/index.php\/wp-json\/wp\/v2\/posts"}],"about":[{"href":"https:\/\/rowerowycieszyn.pl\/index.php\/wp-json\/wp\/v2\/types\/post"}],"author":[{"embeddable":true,"href":"https:\/\/rowerowycieszyn.pl\/index.php\/wp-json\/wp\/v2\/users\/1"}],"replies":[{"embeddable":true,"href":"https:\/\/rowerowycieszyn.pl\/index.php\/wp-json\/wp\/v2\/comments?post=2685"}],"version-history":[{"count":2,"href":"https:\/\/rowerowycieszyn.pl\/index.php\/wp-json\/wp\/v2\/posts\/2685\/revisions"}],"predecessor-version":[{"id":2688,"href":"https:\/\/rowerowycieszyn.pl\/index.php\/wp-json\/wp\/v2\/posts\/2685\/revisions\/2688"}],"wp:featuredmedia":[{"embeddable":true,"href":"https:\/\/rowerowycieszyn.pl\/index.php\/wp-json\/wp\/v2\/media\/2686"}],"wp:attachment":[{"href":"https:\/\/rowerowycieszyn.pl\/index.php\/wp-json\/wp\/v2\/media?parent=2685"}],"wp:term":[{"taxonomy":"category","embeddable":true,"href":"https:\/\/rowerowycieszyn.pl\/index.php\/wp-json\/wp\/v2\/categories?post=2685"},{"taxonomy":"post_tag","embeddable":true,"href":"https:\/\/rowerowycieszyn.pl\/index.php\/wp-json\/wp\/v2\/tags?post=2685"}],"curies":[{"name":"wp","href":"https:\/\/api.w.org\/{rel}","templated":true}]}}