{"id":2774,"date":"2025-10-30T14:40:35","date_gmt":"2025-10-30T13:40:35","guid":{"rendered":"https:\/\/rowerowycieszyn.pl\/?p=2774"},"modified":"2025-10-30T17:37:23","modified_gmt":"2025-10-30T16:37:23","slug":"czy-ktos-pomyslal-fatalne-rozwiazania-przy-centrum-handlowym-viva-park","status":"publish","type":"post","link":"https:\/\/rowerowycieszyn.pl\/index.php\/2025\/10\/30\/czy-ktos-pomyslal-fatalne-rozwiazania-przy-centrum-handlowym-viva-park\/","title":{"rendered":"Kto to wymy\u015bli\u0142? Fatalne rozwi\u0105zania przy centrum handlowym Viva Park."},"content":{"rendered":"\r\n<p>Jak ca\u0142y Cieszyn wie, dzisiaj mia\u0142o miejsce wielkie otwarcie centrum handlowego Viva Park przy ulicy Stawowej. Postanowili\u015bmy wybra\u0107 si\u0119 tam na dw\u00f3ch k\u00f3\u0142kach i oceni\u0107, jak nowa inwestycja odpowiada na potrzeby rowerzyst\u00f3w. Wnioski s\u0105 druzgoc\u0105ce <img loading=\"lazy\" decoding=\"async\" src=\"https:\/\/static.xx.fbcdn.net\/images\/emoji.php\/v9\/t2c\/1\/16\/1f631.png\" alt=\"\ud83d\ude31\" width=\"16\" height=\"16\" \/><\/p>\r\n\r\n\r\n\r\n<p>Zastosowano fatalne, nieprzemy\u015blane rozwi\u0105zania, zmarnowano du\u017cy potencja\u0142 i dodatkowo wyrzucono mn\u00f3stwo pieni\u0119dzy w b\u0142oto (dos\u0142ownie i w przeno\u015bni). S\u0142owem kompletna katastrofa i jednocze\u015bnie kwintesencja stosunku cieszy\u0144skich urz\u0119dnik\u00f3w do rozwoju infrastruktury rowerowej w naszym mie\u015bcie. A m\u00f3wi\u0105c wprost, mamy tu kliniczny przyk\u0142ad pokazuj\u0105cy, do czego prowadzi brak ca\u0142o\u015bciowej koncepcji, czego efektem s\u0105 chaotyczne, przypadkowe i nieefektywne dzia\u0142ania. Wi\u0119cej komentarzy pod zdj\u0119ciami i w tek\u015bcie na stronie.<\/p>\r\n\r\n\r\n\r\n<p>Niestety tak b\u0119dzie wygl\u0105da\u0142a sytuacja infrastruktury rowerowej w Cieszynie, dop\u00f3ki do w\u0142adz miasta nie dotrze, \u017ce jest to wa\u017cny i pal\u0105cy problem dla du\u017cej liczby mieszka\u0144c\u00f3w. Dlatego prosimy o udost\u0119pnianie tego posta. Niech nas w ko\u0144cu us\u0142ysz\u0105!<\/p>\r\n\r\n\r\n\r\n<figure class=\"wp-block-image\"><img loading=\"lazy\" decoding=\"async\" width=\"1920\" height=\"1280\" class=\"wp-image-2780\" src=\"https:\/\/rowerowycieszyn.pl\/wp-content\/uploads\/2025\/10\/P1520585_tn.jpg\" alt=\"Rowerzy\u015bci i piesi - uwaga b\u0142oto!\" srcset=\"https:\/\/rowerowycieszyn.pl\/wp-content\/uploads\/2025\/10\/P1520585_tn.jpg 1920w, https:\/\/rowerowycieszyn.pl\/wp-content\/uploads\/2025\/10\/P1520585_tn-300x200.jpg 300w, https:\/\/rowerowycieszyn.pl\/wp-content\/uploads\/2025\/10\/P1520585_tn-1024x683.jpg 1024w, https:\/\/rowerowycieszyn.pl\/wp-content\/uploads\/2025\/10\/P1520585_tn-768x512.jpg 768w, https:\/\/rowerowycieszyn.pl\/wp-content\/uploads\/2025\/10\/P1520585_tn-1536x1024.jpg 1536w\" sizes=\"auto, (max-width: 1920px) 100vw, 1920px\" \/>\r\n<figcaption class=\"wp-element-caption\">Zniszczona \u015bcie\u017cka wzd\u0142u\u017c Bobr\u00f3wki.<\/figcaption>\r\n<\/figure>\r\n\r\n\r\n\r\n<p>W tym miejscu przebiega, a w zasadzie przebiega\u0142a popularna \u015bcie\u017cka wzd\u0142u\u017c Bobr\u00f3wki. Inwestor wykona\u0142 tutaj Richard Przekop, kt\u00f3rym kanalizacja deszczowa uchodzi do Bobr\u00f3wki. Niestety zapomnia\u0142 ju\u017c o odtworzeniu \u015bcie\u017cki. Rowerzy\u015bci i piesi radz\u0105 sobie, jak mog\u0105, ale such\u0105 stop\u0105 i opon\u0105 trudno si\u0119 przedrze\u0107.<\/p>\r\n\r\n\r\n\r\n<figure class=\"wp-block-image\">\r\n<figure id=\"attachment_2787\" aria-describedby=\"caption-attachment-2787\" style=\"width: 1920px\" class=\"wp-caption alignnone\"><img loading=\"lazy\" decoding=\"async\" class=\"wp-image-2787\" src=\"https:\/\/rowerowycieszyn.pl\/wp-content\/uploads\/2025\/10\/P1520603_tn.jpg\" alt=\"Fragment chodnika przechodz\u0105cy w \u015bcie\u017ck\u0119. Tu jest planowana trasa 604.\" width=\"1920\" height=\"1280\" srcset=\"https:\/\/rowerowycieszyn.pl\/wp-content\/uploads\/2025\/10\/P1520603_tn.jpg 1920w, https:\/\/rowerowycieszyn.pl\/wp-content\/uploads\/2025\/10\/P1520603_tn-300x200.jpg 300w, https:\/\/rowerowycieszyn.pl\/wp-content\/uploads\/2025\/10\/P1520603_tn-1024x683.jpg 1024w, https:\/\/rowerowycieszyn.pl\/wp-content\/uploads\/2025\/10\/P1520603_tn-768x512.jpg 768w, https:\/\/rowerowycieszyn.pl\/wp-content\/uploads\/2025\/10\/P1520603_tn-1536x1024.jpg 1536w\" sizes=\"auto, (max-width: 1920px) 100vw, 1920px\" \/><figcaption id=\"caption-attachment-2787\" class=\"wp-caption-text\">Fragment chodnika przechodz\u0105cy w \u015bcie\u017ck\u0119. Tu jest planowana trasa 604.<\/figcaption><\/figure>\r\n<figcaption class=\"wp-element-caption\"><\/figcaption>\r\nTu mia\u0142a biec droga dla rower\u00f3w, element trasy 604. Jest metrowej szeroko\u015bci chodnik z kostki przeprowadzony przez 1,5-metrow\u0105 dziur\u0119 w p\u0142ocie. Zanim kto\u015b wybudowa\u0142 ten p\u0142ot, musia\u0142 by\u0107 projekt, musia\u0142o by\u0107 zezwolenie na budow\u0119 itp. Ale czy osoby zatwierdzaj\u0105ce to rozwi\u0105zanie mia\u0142y w og\u00f3le \u015bwiadomo\u015b\u0107, \u017ce w tym miejscu ma by\u0107 droga dla rower\u00f3w? Nale\u017cy przypuszcza\u0107, \u017ce raczej nie. Oto s\u0105 konsekwencje braku polityki rowerowej i nie uwzgl\u0119dnianiu jej podczas planowania.<\/figure>\r\n\r\n\r\n\r\n\r\n\r\n<figure id=\"attachment_2778\" aria-describedby=\"caption-attachment-2778\" style=\"width: 1920px\" class=\"wp-caption aligncenter\"><a href=\"http:\/\/rowerowycieszyn.pl\/wp-content\/uploads\/2025\/10\/P1520578_tn.jpg\"><img loading=\"lazy\" decoding=\"async\" class=\"wp-image-2778 size-full\" src=\"http:\/\/rowerowycieszyn.pl\/wp-content\/uploads\/2025\/10\/P1520578_tn.jpg\" alt=\"Ty\u0142y centrum handlowego i &quot;dojazd&quot; do miejsca obs\u0142ugi rowerzyst\u00f3w. Chodnik z kostki brukowej o szeroko\u015bci 1m, kt\u00f3rym z mostku na Boguni\u00f3wk\u0105 mo\u017cna dotrze\u0107 do Miejsca Obs\u0142ugi Rowerzyst\u00f3w (MOR). W zasadzie jedyna opcja, \u017ceby dosta\u0107 si\u0119 tam bez zsiadania z roweru.\" width=\"1920\" height=\"1280\" srcset=\"https:\/\/rowerowycieszyn.pl\/wp-content\/uploads\/2025\/10\/P1520578_tn.jpg 1920w, https:\/\/rowerowycieszyn.pl\/wp-content\/uploads\/2025\/10\/P1520578_tn-300x200.jpg 300w, https:\/\/rowerowycieszyn.pl\/wp-content\/uploads\/2025\/10\/P1520578_tn-1024x683.jpg 1024w, https:\/\/rowerowycieszyn.pl\/wp-content\/uploads\/2025\/10\/P1520578_tn-768x512.jpg 768w, https:\/\/rowerowycieszyn.pl\/wp-content\/uploads\/2025\/10\/P1520578_tn-1536x1024.jpg 1536w\" sizes=\"auto, (max-width: 1920px) 100vw, 1920px\" \/><\/a><figcaption id=\"caption-attachment-2778\" class=\"wp-caption-text\">Ty\u0142y centrum handlowego i &#8222;dojazd&#8221; do miejsca obs\u0142ugi rowerzyst\u00f3w. Chodnik z kostki brukowej o szeroko\u015bci 1m, kt\u00f3rym z mostku na Boguni\u00f3wk\u0105 mo\u017cna dotrze\u0107 do Miejsca Obs\u0142ugi Rowerzyst\u00f3w (MOR). W zasadzie jedyna opcja, \u017ceby dosta\u0107 si\u0119 tam bez zsiadania z roweru.<\/figcaption><\/figure>\r\n\r\n\r\n\r\n<figure id=\"attachment_2776\" aria-describedby=\"caption-attachment-2776\" style=\"width: 1920px\" class=\"wp-caption aligncenter\"><a href=\"http:\/\/rowerowycieszyn.pl\/wp-content\/uploads\/2025\/10\/P1520575_tn.jpg\"><img loading=\"lazy\" decoding=\"async\" class=\"wp-image-2776 size-full\" src=\"http:\/\/rowerowycieszyn.pl\/wp-content\/uploads\/2025\/10\/P1520575_tn.jpg\" alt=\"Czekaj\u0105cy na nowe \u017cycie mostek nad Boguni\u00f3wk\u0105. T\u0119dy w przysz\u0142o\u015bci prawdopodobnie pobiegnie trasa 604, kt\u00f3ra po\u0142\u0105czy Cieszyn z Ustroniem. Z braku sensownych alternatyw obecnie jest to najbezpieczniejszy i najwygodniejszych dojazd rowerowy do centrum handlowego Viva Park.\u00a0\" width=\"1920\" height=\"1280\" srcset=\"https:\/\/rowerowycieszyn.pl\/wp-content\/uploads\/2025\/10\/P1520575_tn.jpg 1920w, https:\/\/rowerowycieszyn.pl\/wp-content\/uploads\/2025\/10\/P1520575_tn-300x200.jpg 300w, https:\/\/rowerowycieszyn.pl\/wp-content\/uploads\/2025\/10\/P1520575_tn-1024x683.jpg 1024w, https:\/\/rowerowycieszyn.pl\/wp-content\/uploads\/2025\/10\/P1520575_tn-768x512.jpg 768w, https:\/\/rowerowycieszyn.pl\/wp-content\/uploads\/2025\/10\/P1520575_tn-1536x1024.jpg 1536w\" sizes=\"auto, (max-width: 1920px) 100vw, 1920px\" \/><\/a><figcaption id=\"caption-attachment-2776\" class=\"wp-caption-text\">Czekaj\u0105cy na nowe \u017cycie mostek nad Boguni\u00f3wk\u0105. T\u0119dy w przysz\u0142o\u015bci prawdopodobnie pobiegnie trasa 604, kt\u00f3ra po\u0142\u0105czy Cieszyn z Ustroniem. Z braku sensownych alternatyw obecnie jest to najbezpieczniejszy i najwygodniejszych dojazd rowerowy do centrum handlowego Viva Park.<\/figcaption><\/figure>\r\n\r\n\r\n\r\n<figure id=\"attachment_2781\" aria-describedby=\"caption-attachment-2781\" style=\"width: 1920px\" class=\"wp-caption alignnone\"><a style=\"font-weight: bold; font-size: 1rem;\" href=\"http:\/\/rowerowycieszyn.pl\/wp-content\/uploads\/2025\/10\/P1520587_tn.jpg\"><img loading=\"lazy\" decoding=\"async\" class=\"wp-image-2781 size-full\" src=\"http:\/\/rowerowycieszyn.pl\/wp-content\/uploads\/2025\/10\/P1520587_tn.jpg\" alt=\"A mo\u017ce ten chodniczek jest tylko tymczasowy? Bo cho\u0107 dopiero dzisiaj zosta\u0142 oddany do u\u017cytku, ju\u017c pojawiaj\u0105 si\u0119 zapadliska.\u00a0\" width=\"1920\" height=\"1280\" srcset=\"https:\/\/rowerowycieszyn.pl\/wp-content\/uploads\/2025\/10\/P1520587_tn.jpg 1920w, https:\/\/rowerowycieszyn.pl\/wp-content\/uploads\/2025\/10\/P1520587_tn-300x200.jpg 300w, https:\/\/rowerowycieszyn.pl\/wp-content\/uploads\/2025\/10\/P1520587_tn-1024x683.jpg 1024w, https:\/\/rowerowycieszyn.pl\/wp-content\/uploads\/2025\/10\/P1520587_tn-768x512.jpg 768w, https:\/\/rowerowycieszyn.pl\/wp-content\/uploads\/2025\/10\/P1520587_tn-1536x1024.jpg 1536w\" sizes=\"auto, (max-width: 1920px) 100vw, 1920px\" \/><\/a><figcaption id=\"caption-attachment-2781\" class=\"wp-caption-text\">A mo\u017ce ten chodniczek jest tylko tymczasowy? Bo cho\u0107 dopiero dzisiaj zosta\u0142 oddany do u\u017cytku, ju\u017c pojawiaj\u0105 si\u0119 zapadliska.<\/figcaption><\/figure>\r\n<figure id=\"attachment_2782\" aria-describedby=\"caption-attachment-2782\" style=\"width: 1920px\" class=\"wp-caption aligncenter\"><a href=\"http:\/\/rowerowycieszyn.pl\/wp-content\/uploads\/2025\/10\/P1520589_tn.jpg\"><img loading=\"lazy\" decoding=\"async\" class=\"size-full wp-image-2782\" src=\"http:\/\/rowerowycieszyn.pl\/wp-content\/uploads\/2025\/10\/P1520589_tn.jpg\" alt=\"Miejsce Obs\u0142ugi Rowerzyst\u00f3w (MOR) i ma\u0142y plac zabaw z ty\u0142u.\" width=\"1920\" height=\"1280\" srcset=\"https:\/\/rowerowycieszyn.pl\/wp-content\/uploads\/2025\/10\/P1520589_tn.jpg 1920w, https:\/\/rowerowycieszyn.pl\/wp-content\/uploads\/2025\/10\/P1520589_tn-300x200.jpg 300w, https:\/\/rowerowycieszyn.pl\/wp-content\/uploads\/2025\/10\/P1520589_tn-1024x683.jpg 1024w, https:\/\/rowerowycieszyn.pl\/wp-content\/uploads\/2025\/10\/P1520589_tn-768x512.jpg 768w, https:\/\/rowerowycieszyn.pl\/wp-content\/uploads\/2025\/10\/P1520589_tn-1536x1024.jpg 1536w\" sizes=\"auto, (max-width: 1920px) 100vw, 1920px\" \/><\/a><figcaption id=\"caption-attachment-2782\" class=\"wp-caption-text\">Miejsce Obs\u0142ugi Rowerzyst\u00f3w (MOR) i ma\u0142y plac zabaw z ty\u0142u.<\/figcaption><\/figure>\r\n<p><span style=\"font-size: 1rem;\">Za z pewno\u015bci\u0105 niema\u0142e pieni\u0105dze wybudowano pi\u0119kn\u0105 wiatk\u0119 z \u0142aweczk\u0105 i stojakami dla rower\u00f3w. Jest nawet stanowisko napraw. C\u00f3\u017c z tego, skoro trudno tu dojecha\u0107. A je\u017celi nawet kto\u015b wybierze si\u0119 do Viva Park rowerem na zakupy, to raczej przypnie rower tu\u017c przy sklepie a nie na uboczu. A wi\u0119c mo\u017ce ta wiatka powsta\u0142a z my\u015bl\u0105 o przysz\u0142ych u\u017cytkownikach trasy 604? Tylko jak do niej dotrze\u0107?\u00a0<\/span><\/p>\r\n<figure id=\"attachment_2783\" aria-describedby=\"caption-attachment-2783\" style=\"width: 1920px\" class=\"wp-caption aligncenter\"><a href=\"http:\/\/rowerowycieszyn.pl\/wp-content\/uploads\/2025\/10\/P1520591_tn.jpg\"><img loading=\"lazy\" decoding=\"async\" class=\"wp-image-2783 size-full\" src=\"http:\/\/rowerowycieszyn.pl\/wp-content\/uploads\/2025\/10\/P1520591_tn.jpg\" alt=\"Parking przy centrum handlowym Viva Park.\" width=\"1920\" height=\"1280\" srcset=\"https:\/\/rowerowycieszyn.pl\/wp-content\/uploads\/2025\/10\/P1520591_tn.jpg 1920w, https:\/\/rowerowycieszyn.pl\/wp-content\/uploads\/2025\/10\/P1520591_tn-300x200.jpg 300w, https:\/\/rowerowycieszyn.pl\/wp-content\/uploads\/2025\/10\/P1520591_tn-1024x683.jpg 1024w, https:\/\/rowerowycieszyn.pl\/wp-content\/uploads\/2025\/10\/P1520591_tn-768x512.jpg 768w, https:\/\/rowerowycieszyn.pl\/wp-content\/uploads\/2025\/10\/P1520591_tn-1536x1024.jpg 1536w\" sizes=\"auto, (max-width: 1920px) 100vw, 1920px\" \/><\/a><figcaption id=\"caption-attachment-2783\" class=\"wp-caption-text\">Parking przy centrum handlowym Viva Park.<\/figcaption><\/figure>\r\n\r\n\r\n\r\n<p>Temat z innej beczki &#8211; parking wydaje si\u0119 troch\u0119 ma\u0142y jak na tak\u0105 liczb\u0119 sklep\u00f3w. Dzisiaj, prawdopodobnie ze wzgl\u0119du na otwarcie, tworzy\u0142y si\u0119 korki przy wje\u017adzie i praktycznie nigdzie nie da\u0142o si\u0119 stan\u0105\u0107. Wiele os\u00f3b parkowa\u0142o przy Chi\u0144skim Markecie i nieprzepisowo przebiega\u0142o przez drog\u0119 w okolicach wjazdu do centrum. Zobaczymy, co si\u0119 b\u0119dzie dzia\u0142o w nast\u0119pnych dniach.\u00a0<\/p>\r\n<figure id=\"attachment_2784\" aria-describedby=\"caption-attachment-2784\" style=\"width: 1920px\" class=\"wp-caption aligncenter\"><a href=\"http:\/\/rowerowycieszyn.pl\/wp-content\/uploads\/2025\/10\/P1520596_tn.jpg\"><img loading=\"lazy\" decoding=\"async\" class=\"size-full wp-image-2784\" src=\"http:\/\/rowerowycieszyn.pl\/wp-content\/uploads\/2025\/10\/P1520596_tn.jpg\" alt=\"Podjazd dla niepe\u0142nosprawnych oraz w\u00f3zk\u00f3w do MOR i placu zabaw.\" width=\"1920\" height=\"1280\" srcset=\"https:\/\/rowerowycieszyn.pl\/wp-content\/uploads\/2025\/10\/P1520596_tn.jpg 1920w, https:\/\/rowerowycieszyn.pl\/wp-content\/uploads\/2025\/10\/P1520596_tn-300x200.jpg 300w, https:\/\/rowerowycieszyn.pl\/wp-content\/uploads\/2025\/10\/P1520596_tn-1024x683.jpg 1024w, https:\/\/rowerowycieszyn.pl\/wp-content\/uploads\/2025\/10\/P1520596_tn-768x512.jpg 768w, https:\/\/rowerowycieszyn.pl\/wp-content\/uploads\/2025\/10\/P1520596_tn-1536x1024.jpg 1536w\" sizes=\"auto, (max-width: 1920px) 100vw, 1920px\" \/><\/a><figcaption id=\"caption-attachment-2784\" class=\"wp-caption-text\">Podjazd dla niepe\u0142nosprawnych oraz w\u00f3zk\u00f3w do MOR i placu zabaw.<\/figcaption><\/figure>\r\n\r\n\r\n\r\n<p>Podjazd dla niepe\u0142nosprawnych, bo ze wzgl\u0119du na w\u0105sko\u015b\u0107 i ostre \u0142uki trudno go pokona\u0107 bez zsiadania z roweru, do ma\u0142ego placu zabaw i wiatki&#8230; dla rowerzyst\u00f3w. Absurdalne rozwi\u0105zanie, kt\u00f3re te\u017c pewnie kosztowa\u0142o setki tysi\u0119cy z\u0142otych a jego przydatno\u015b\u0107 spo\u0142eczna b\u0119dzie znikoma. A wystarczy\u0142o poprowadzi\u0107 kawa\u0142ek chodnika od strony ul. Sadowej, gdzie wysoko\u015b\u0107 terenu jest prawie taka sama, jak przy placu zabaw i wiatce.\u00a0<\/p>\r\n\r\n\r\n\r\n<figure id=\"attachment_2785\" aria-describedby=\"caption-attachment-2785\" style=\"width: 1920px\" class=\"wp-caption aligncenter\"><a href=\"http:\/\/rowerowycieszyn.pl\/wp-content\/uploads\/2025\/10\/P1520600_tn.jpg\"><img loading=\"lazy\" decoding=\"async\" class=\"wp-image-2785 size-full\" src=\"http:\/\/rowerowycieszyn.pl\/wp-content\/uploads\/2025\/10\/P1520600_tn.jpg\" alt=\"Wn\u0119trzne wiaty. Gdy ju\u017c uda ci si\u0119 tu dotrze\u0107, mo\u017cesz wytchn\u0105\u0107 na \u0142aweczce i podziwia\u0107 sw\u00f3j rower przypi\u0119ty do bezpiecznego stojaka. Wygl\u0105da to bardzo \u0142adnie, tylko po co i dla kogo, skoro trudno tu dojecha\u0107?\u00a0\" width=\"1920\" height=\"1280\" srcset=\"https:\/\/rowerowycieszyn.pl\/wp-content\/uploads\/2025\/10\/P1520600_tn.jpg 1920w, https:\/\/rowerowycieszyn.pl\/wp-content\/uploads\/2025\/10\/P1520600_tn-300x200.jpg 300w, https:\/\/rowerowycieszyn.pl\/wp-content\/uploads\/2025\/10\/P1520600_tn-1024x683.jpg 1024w, https:\/\/rowerowycieszyn.pl\/wp-content\/uploads\/2025\/10\/P1520600_tn-768x512.jpg 768w, https:\/\/rowerowycieszyn.pl\/wp-content\/uploads\/2025\/10\/P1520600_tn-1536x1024.jpg 1536w\" sizes=\"auto, (max-width: 1920px) 100vw, 1920px\" \/><\/a><figcaption id=\"caption-attachment-2785\" class=\"wp-caption-text\">Gdy ju\u017c uda ci si\u0119 tu dotrze\u0107, mo\u017cesz wytchn\u0105\u0107 na \u0142aweczce i podziwia\u0107 sw\u00f3j rower przypi\u0119ty do bezpiecznego stojaka. Wygl\u0105da to bardzo \u0142adnie, tylko po co i dla kogo, skoro trudno tu dojecha\u0107?<\/figcaption><\/figure>\r\n\r\n\r\n\r\n<figure id=\"attachment_2786\" aria-describedby=\"caption-attachment-2786\" style=\"width: 1920px\" class=\"wp-caption aligncenter\"><a href=\"http:\/\/rowerowycieszyn.pl\/wp-content\/uploads\/2025\/10\/P1520601_tn.jpg\"><img loading=\"lazy\" decoding=\"async\" class=\"size-full wp-image-2786\" src=\"http:\/\/rowerowycieszyn.pl\/wp-content\/uploads\/2025\/10\/P1520601_tn.jpg\" alt=\"Ogrodzenie przebiegaj\u0105ce wzd\u0142u\u017c potoku Boguni\u00f3wka.\" width=\"1920\" height=\"1280\" srcset=\"https:\/\/rowerowycieszyn.pl\/wp-content\/uploads\/2025\/10\/P1520601_tn.jpg 1920w, https:\/\/rowerowycieszyn.pl\/wp-content\/uploads\/2025\/10\/P1520601_tn-300x200.jpg 300w, https:\/\/rowerowycieszyn.pl\/wp-content\/uploads\/2025\/10\/P1520601_tn-1024x683.jpg 1024w, https:\/\/rowerowycieszyn.pl\/wp-content\/uploads\/2025\/10\/P1520601_tn-768x512.jpg 768w, https:\/\/rowerowycieszyn.pl\/wp-content\/uploads\/2025\/10\/P1520601_tn-1536x1024.jpg 1536w\" sizes=\"auto, (max-width: 1920px) 100vw, 1920px\" \/><\/a><figcaption id=\"caption-attachment-2786\" class=\"wp-caption-text\">Ogrodzenie przebiegaj\u0105ce wzd\u0142u\u017c potoku Boguni\u00f3wka.<\/figcaption><\/figure>\r\n<p>P\u0142ot wzd\u0142u\u017c potoku Boguni\u00f3wka dochodzi do samego brzegu, co uniemo\u017cliwia poprowadzenie tam \u015bcie\u017cki rowerowej, kt\u00f3ra by\u0142aby bardzo wygodnym po\u0142\u0105czeniem z ul. Stawow\u0105 a w przysz\u0142o\u015bci z DDR, kt\u00f3ra ma pobiec wzd\u0142u\u017c przeznaczonego do przebudowy odcinak ul. Bielskiej i Stawowej a\u017c do Krasnej. Taki \u0142\u0105cznik pozwoli\u0142by te\u017c znacznie efektywniej wykorzysta\u0107 utworzony tu MOR. Pomys\u0142 \u0142\u0105cznika wzd\u0142u\u017c Boguni\u00f3wki wielokrotnie zg\u0142aszali\u015bmy na etapie projektowania przebudowy Bielskiej\/Stawowej. Niestety bez echa, bo to by\u0142o \u201epoza zakresem inwestycji\u201d. Jednak DDR tu nie powstanie, bo zaplanowano trawnik i dokonano nasadze\u0144.\u00a0<\/p>\r\n<figure id=\"attachment_2788\" aria-describedby=\"caption-attachment-2788\" style=\"width: 1920px\" class=\"wp-caption aligncenter\"><a href=\"http:\/\/rowerowycieszyn.pl\/wp-content\/uploads\/2025\/10\/P1520605_tn.jpg\"><img loading=\"lazy\" decoding=\"async\" class=\"size-full wp-image-2788\" src=\"http:\/\/rowerowycieszyn.pl\/wp-content\/uploads\/2025\/10\/P1520605_tn.jpg\" alt=\"Wjazd do nowego centrum handlowego.\" width=\"1920\" height=\"1280\" srcset=\"https:\/\/rowerowycieszyn.pl\/wp-content\/uploads\/2025\/10\/P1520605_tn.jpg 1920w, https:\/\/rowerowycieszyn.pl\/wp-content\/uploads\/2025\/10\/P1520605_tn-300x200.jpg 300w, https:\/\/rowerowycieszyn.pl\/wp-content\/uploads\/2025\/10\/P1520605_tn-1024x683.jpg 1024w, https:\/\/rowerowycieszyn.pl\/wp-content\/uploads\/2025\/10\/P1520605_tn-768x512.jpg 768w, https:\/\/rowerowycieszyn.pl\/wp-content\/uploads\/2025\/10\/P1520605_tn-1536x1024.jpg 1536w\" sizes=\"auto, (max-width: 1920px) 100vw, 1920px\" \/><\/a><figcaption id=\"caption-attachment-2788\" class=\"wp-caption-text\">Wjazd do nowego centrum handlowego.<\/figcaption><\/figure>\r\n\r\n\r\n\r\n<p>Na budow\u0119 zjazdu do Viva Park wydano prawdopodobnie miliony. Nikt jednak nie pomy\u015bla\u0142, \u017ce za o wiele mniejsze pieni\u0105dze mo\u017cna by r\u00f3wnie\u017c zadba\u0107 o infrastruktur\u0119 rowerow\u0105. I tu najwi\u0119ksze pretensje nale\u017cy mie\u0107 do lokalnego samorz\u0105du. Bo inwestor zwykle dostosowuje si\u0119 do oczekiwa\u0144 przedstawianych przez urz\u0119dnik\u00f3w. Problem polega na tym, \u017ce w tym przypadku prawdopodobnie nikomu nie przysz\u0142o do g\u0142owy, \u017ce przy okazji przebudowy mo\u017cna te\u017c pomy\u015ble\u0107 o rowerzystach. Niestety nie zrobiono nawet ci\u0105gu pieszo rowerowego, mimo \u017ce kiedy\u015b przy ul. Stawowej pewnie powstanie taka infrastruktura.<\/p>\r\n\r\n\r\n\r\n<p>W rezultacie w tym miejscu pojawi\u0105 si\u0119 tylko naprawd\u0119 zdesperowani rowerzy\u015bci, bo nie ka\u017cdy ma odwag\u0119 jecha\u0107 ruchliw\u0105 i w\u0105sk\u0105 ulic\u0105.\u00a0<\/p>\r\n<p>Piotr Stok\u0142osa<\/p>\r\n","protected":false},"excerpt":{"rendered":"<p>Kliniczny przypadek wyja\u015bniaj\u0105cy, dlaczego konieczne jest strategiczne planowanie infrastruktury rowerowej w mie\u015bcie, czyli co powsta\u0142o przy centrum handlowym Viva Park w Cieszynie.<\/p>\n","protected":false},"author":1,"featured_media":2778,"comment_status":"open","ping_status":"open","sticky":false,"template":"","format":"standard","meta":{"footnotes":""},"categories":[9,5,1],"tags":[31,86,32],"class_list":["post-2774","post","type-post","status-publish","format-standard","has-post-thumbnail","hentry","category-aktualnosci","category-artykuly","category-bez-kategorii","tag-31","tag-polityka-rowerowa","tag-trasa-604"],"yoast_head":"<!-- This site is optimized with the Yoast SEO plugin v27.3 - https:\/\/yoast.com\/product\/yoast-seo-wordpress\/ -->\n<title>Kto to wymy\u015bli\u0142? Fatalne rozwi\u0105zania przy centrum handlowym Viva Park. - Rowerowy Cieszyn<\/title>\n<meta name=\"description\" content=\"Kliniczny przypadek wyja\u015bniaj\u0105cy, dlaczego konieczne jest planowanie infrastruktury rowerowej w mie\u015bcie, czyli co powsta\u0142o przy centrum handlowym Viva Park w Cieszynie\" \/>\n<meta name=\"robots\" content=\"index, follow, max-snippet:-1, max-image-preview:large, max-video-preview:-1\" \/>\n<link rel=\"canonical\" href=\"https:\/\/rowerowycieszyn.pl\/index.php\/2025\/10\/30\/czy-ktos-pomyslal-fatalne-rozwiazania-przy-centrum-handlowym-viva-park\/\" \/>\n<meta property=\"og:locale\" content=\"pl_PL\" \/>\n<meta property=\"og:type\" content=\"article\" \/>\n<meta property=\"og:title\" content=\"Kto to wymy\u015bli\u0142? Fatalne rozwi\u0105zania przy centrum handlowym Viva Park. - Rowerowy Cieszyn\" \/>\n<meta property=\"og:description\" content=\"Kliniczny przypadek wyja\u015bniaj\u0105cy, dlaczego konieczne jest planowanie infrastruktury rowerowej w mie\u015bcie, czyli co powsta\u0142o przy centrum handlowym Viva Park w Cieszynie\" \/>\n<meta property=\"og:url\" content=\"https:\/\/rowerowycieszyn.pl\/index.php\/2025\/10\/30\/czy-ktos-pomyslal-fatalne-rozwiazania-przy-centrum-handlowym-viva-park\/\" \/>\n<meta property=\"og:site_name\" content=\"Rowerowy Cieszyn\" \/>\n<meta property=\"article:publisher\" content=\"https:\/\/www.facebook.com\/RowerowyCieszyn\" \/>\n<meta property=\"article:published_time\" content=\"2025-10-30T13:40:35+00:00\" \/>\n<meta property=\"article:modified_time\" content=\"2025-10-30T16:37:23+00:00\" \/>\n<meta property=\"og:image\" content=\"http:\/\/rowerowycieszyn.pl\/wp-content\/uploads\/2025\/10\/P1520578_tn.jpg\" \/>\n\t<meta property=\"og:image:width\" content=\"1920\" \/>\n\t<meta property=\"og:image:height\" content=\"1280\" \/>\n\t<meta property=\"og:image:type\" content=\"image\/jpeg\" \/>\n<meta name=\"author\" content=\"Rowerowy Cieszyn\" \/>\n<meta name=\"twitter:card\" content=\"summary_large_image\" \/>\n<meta name=\"twitter:label1\" content=\"Napisane przez\" \/>\n\t<meta name=\"twitter:data1\" content=\"Rowerowy Cieszyn\" \/>\n\t<meta name=\"twitter:label2\" content=\"Szacowany czas czytania\" \/>\n\t<meta name=\"twitter:data2\" content=\"8 minut\" \/>\n<script type=\"application\/ld+json\" class=\"yoast-schema-graph\">{\"@context\":\"https:\\\/\\\/schema.org\",\"@graph\":[{\"@type\":\"Article\",\"@id\":\"https:\\\/\\\/rowerowycieszyn.pl\\\/index.php\\\/2025\\\/10\\\/30\\\/czy-ktos-pomyslal-fatalne-rozwiazania-przy-centrum-handlowym-viva-park\\\/#article\",\"isPartOf\":{\"@id\":\"https:\\\/\\\/rowerowycieszyn.pl\\\/index.php\\\/2025\\\/10\\\/30\\\/czy-ktos-pomyslal-fatalne-rozwiazania-przy-centrum-handlowym-viva-park\\\/\"},\"author\":{\"name\":\"Rowerowy Cieszyn\",\"@id\":\"https:\\\/\\\/rowerowycieszyn.pl\\\/#\\\/schema\\\/person\\\/b698cee63b7405acd7e70007d7cc8b2a\"},\"headline\":\"Kto to wymy\u015bli\u0142? Fatalne rozwi\u0105zania przy centrum handlowym Viva Park.\",\"datePublished\":\"2025-10-30T13:40:35+00:00\",\"dateModified\":\"2025-10-30T16:37:23+00:00\",\"mainEntityOfPage\":{\"@id\":\"https:\\\/\\\/rowerowycieszyn.pl\\\/index.php\\\/2025\\\/10\\\/30\\\/czy-ktos-pomyslal-fatalne-rozwiazania-przy-centrum-handlowym-viva-park\\\/\"},\"wordCount\":1063,\"commentCount\":0,\"publisher\":{\"@id\":\"https:\\\/\\\/rowerowycieszyn.pl\\\/#organization\"},\"image\":{\"@id\":\"https:\\\/\\\/rowerowycieszyn.pl\\\/index.php\\\/2025\\\/10\\\/30\\\/czy-ktos-pomyslal-fatalne-rozwiazania-przy-centrum-handlowym-viva-park\\\/#primaryimage\"},\"thumbnailUrl\":\"https:\\\/\\\/rowerowycieszyn.pl\\\/wp-content\\\/uploads\\\/2025\\\/10\\\/P1520578_tn.jpg\",\"keywords\":[\"604\",\"polityka rowerowa\",\"Trasa 604\"],\"articleSection\":[\"Aktualno\u015bci\",\"Artyku\u0142y\"],\"inLanguage\":\"pl-PL\",\"potentialAction\":[{\"@type\":\"CommentAction\",\"name\":\"Comment\",\"target\":[\"https:\\\/\\\/rowerowycieszyn.pl\\\/index.php\\\/2025\\\/10\\\/30\\\/czy-ktos-pomyslal-fatalne-rozwiazania-przy-centrum-handlowym-viva-park\\\/#respond\"]}]},{\"@type\":\"WebPage\",\"@id\":\"https:\\\/\\\/rowerowycieszyn.pl\\\/index.php\\\/2025\\\/10\\\/30\\\/czy-ktos-pomyslal-fatalne-rozwiazania-przy-centrum-handlowym-viva-park\\\/\",\"url\":\"https:\\\/\\\/rowerowycieszyn.pl\\\/index.php\\\/2025\\\/10\\\/30\\\/czy-ktos-pomyslal-fatalne-rozwiazania-przy-centrum-handlowym-viva-park\\\/\",\"name\":\"Kto to wymy\u015bli\u0142? Fatalne rozwi\u0105zania przy centrum handlowym Viva Park. - Rowerowy Cieszyn\",\"isPartOf\":{\"@id\":\"https:\\\/\\\/rowerowycieszyn.pl\\\/#website\"},\"primaryImageOfPage\":{\"@id\":\"https:\\\/\\\/rowerowycieszyn.pl\\\/index.php\\\/2025\\\/10\\\/30\\\/czy-ktos-pomyslal-fatalne-rozwiazania-przy-centrum-handlowym-viva-park\\\/#primaryimage\"},\"image\":{\"@id\":\"https:\\\/\\\/rowerowycieszyn.pl\\\/index.php\\\/2025\\\/10\\\/30\\\/czy-ktos-pomyslal-fatalne-rozwiazania-przy-centrum-handlowym-viva-park\\\/#primaryimage\"},\"thumbnailUrl\":\"https:\\\/\\\/rowerowycieszyn.pl\\\/wp-content\\\/uploads\\\/2025\\\/10\\\/P1520578_tn.jpg\",\"datePublished\":\"2025-10-30T13:40:35+00:00\",\"dateModified\":\"2025-10-30T16:37:23+00:00\",\"description\":\"Kliniczny przypadek wyja\u015bniaj\u0105cy, dlaczego konieczne jest planowanie infrastruktury rowerowej w mie\u015bcie, czyli co powsta\u0142o przy centrum handlowym Viva Park w Cieszynie\",\"breadcrumb\":{\"@id\":\"https:\\\/\\\/rowerowycieszyn.pl\\\/index.php\\\/2025\\\/10\\\/30\\\/czy-ktos-pomyslal-fatalne-rozwiazania-przy-centrum-handlowym-viva-park\\\/#breadcrumb\"},\"inLanguage\":\"pl-PL\",\"potentialAction\":[{\"@type\":\"ReadAction\",\"target\":[\"https:\\\/\\\/rowerowycieszyn.pl\\\/index.php\\\/2025\\\/10\\\/30\\\/czy-ktos-pomyslal-fatalne-rozwiazania-przy-centrum-handlowym-viva-park\\\/\"]}]},{\"@type\":\"ImageObject\",\"inLanguage\":\"pl-PL\",\"@id\":\"https:\\\/\\\/rowerowycieszyn.pl\\\/index.php\\\/2025\\\/10\\\/30\\\/czy-ktos-pomyslal-fatalne-rozwiazania-przy-centrum-handlowym-viva-park\\\/#primaryimage\",\"url\":\"https:\\\/\\\/rowerowycieszyn.pl\\\/wp-content\\\/uploads\\\/2025\\\/10\\\/P1520578_tn.jpg\",\"contentUrl\":\"https:\\\/\\\/rowerowycieszyn.pl\\\/wp-content\\\/uploads\\\/2025\\\/10\\\/P1520578_tn.jpg\",\"width\":1920,\"height\":1280,\"caption\":\"K\u0142adka pieszo rowerowe nad potokiem Boguni\u00f3wka.\"},{\"@type\":\"BreadcrumbList\",\"@id\":\"https:\\\/\\\/rowerowycieszyn.pl\\\/index.php\\\/2025\\\/10\\\/30\\\/czy-ktos-pomyslal-fatalne-rozwiazania-przy-centrum-handlowym-viva-park\\\/#breadcrumb\",\"itemListElement\":[{\"@type\":\"ListItem\",\"position\":1,\"name\":\"Home\",\"item\":\"https:\\\/\\\/rowerowycieszyn.pl\\\/\"},{\"@type\":\"ListItem\",\"position\":2,\"name\":\"Kto to wymy\u015bli\u0142? Fatalne rozwi\u0105zania przy centrum handlowym Viva Park.\"}]},{\"@type\":\"WebSite\",\"@id\":\"https:\\\/\\\/rowerowycieszyn.pl\\\/#website\",\"url\":\"https:\\\/\\\/rowerowycieszyn.pl\\\/\",\"name\":\"Rowerowy Cieszyn\",\"description\":\"Strona promuj\u0105ca komunikacj\u0119 oraz turystyk\u0119 rowerow\u0105 na terenie Cieszyna i okolic.\",\"publisher\":{\"@id\":\"https:\\\/\\\/rowerowycieszyn.pl\\\/#organization\"},\"potentialAction\":[{\"@type\":\"SearchAction\",\"target\":{\"@type\":\"EntryPoint\",\"urlTemplate\":\"https:\\\/\\\/rowerowycieszyn.pl\\\/?s={search_term_string}\"},\"query-input\":{\"@type\":\"PropertyValueSpecification\",\"valueRequired\":true,\"valueName\":\"search_term_string\"}}],\"inLanguage\":\"pl-PL\"},{\"@type\":\"Organization\",\"@id\":\"https:\\\/\\\/rowerowycieszyn.pl\\\/#organization\",\"name\":\"Rowerowy Cieszyn\",\"url\":\"https:\\\/\\\/rowerowycieszyn.pl\\\/\",\"logo\":{\"@type\":\"ImageObject\",\"inLanguage\":\"pl-PL\",\"@id\":\"https:\\\/\\\/rowerowycieszyn.pl\\\/#\\\/schema\\\/logo\\\/image\\\/\",\"url\":\"https:\\\/\\\/rowerowycieszyn.pl\\\/wp-content\\\/uploads\\\/2020\\\/07\\\/cropped-rower1_cr_tn-1.jpg\",\"contentUrl\":\"https:\\\/\\\/rowerowycieszyn.pl\\\/wp-content\\\/uploads\\\/2020\\\/07\\\/cropped-rower1_cr_tn-1.jpg\",\"width\":250,\"height\":100,\"caption\":\"Rowerowy Cieszyn\"},\"image\":{\"@id\":\"https:\\\/\\\/rowerowycieszyn.pl\\\/#\\\/schema\\\/logo\\\/image\\\/\"},\"sameAs\":[\"https:\\\/\\\/www.facebook.com\\\/RowerowyCieszyn\"]},{\"@type\":\"Person\",\"@id\":\"https:\\\/\\\/rowerowycieszyn.pl\\\/#\\\/schema\\\/person\\\/b698cee63b7405acd7e70007d7cc8b2a\",\"name\":\"Rowerowy Cieszyn\",\"image\":{\"@type\":\"ImageObject\",\"inLanguage\":\"pl-PL\",\"@id\":\"https:\\\/\\\/secure.gravatar.com\\\/avatar\\\/1aef2c80bb06ccee0d820e4116589968d6d5c57310499f9271d42a4f7c5ffb3a?s=96&d=mm&r=g\",\"url\":\"https:\\\/\\\/secure.gravatar.com\\\/avatar\\\/1aef2c80bb06ccee0d820e4116589968d6d5c57310499f9271d42a4f7c5ffb3a?s=96&d=mm&r=g\",\"contentUrl\":\"https:\\\/\\\/secure.gravatar.com\\\/avatar\\\/1aef2c80bb06ccee0d820e4116589968d6d5c57310499f9271d42a4f7c5ffb3a?s=96&d=mm&r=g\",\"caption\":\"Rowerowy Cieszyn\"},\"sameAs\":[\"http:\\\/\\\/rowerowycieszyn.pl\"],\"url\":\"https:\\\/\\\/rowerowycieszyn.pl\\\/index.php\\\/author\\\/pstoklosa\\\/\"}]}<\/script>\n<!-- \/ Yoast SEO plugin. -->","yoast_head_json":{"title":"Kto to wymy\u015bli\u0142? Fatalne rozwi\u0105zania przy centrum handlowym Viva Park. - Rowerowy Cieszyn","description":"Kliniczny przypadek wyja\u015bniaj\u0105cy, dlaczego konieczne jest planowanie infrastruktury rowerowej w mie\u015bcie, czyli co powsta\u0142o przy centrum handlowym Viva Park w Cieszynie","robots":{"index":"index","follow":"follow","max-snippet":"max-snippet:-1","max-image-preview":"max-image-preview:large","max-video-preview":"max-video-preview:-1"},"canonical":"https:\/\/rowerowycieszyn.pl\/index.php\/2025\/10\/30\/czy-ktos-pomyslal-fatalne-rozwiazania-przy-centrum-handlowym-viva-park\/","og_locale":"pl_PL","og_type":"article","og_title":"Kto to wymy\u015bli\u0142? Fatalne rozwi\u0105zania przy centrum handlowym Viva Park. - Rowerowy Cieszyn","og_description":"Kliniczny przypadek wyja\u015bniaj\u0105cy, dlaczego konieczne jest planowanie infrastruktury rowerowej w mie\u015bcie, czyli co powsta\u0142o przy centrum handlowym Viva Park w Cieszynie","og_url":"https:\/\/rowerowycieszyn.pl\/index.php\/2025\/10\/30\/czy-ktos-pomyslal-fatalne-rozwiazania-przy-centrum-handlowym-viva-park\/","og_site_name":"Rowerowy Cieszyn","article_publisher":"https:\/\/www.facebook.com\/RowerowyCieszyn","article_published_time":"2025-10-30T13:40:35+00:00","article_modified_time":"2025-10-30T16:37:23+00:00","og_image":[{"width":1920,"height":1280,"url":"http:\/\/rowerowycieszyn.pl\/wp-content\/uploads\/2025\/10\/P1520578_tn.jpg","type":"image\/jpeg"}],"author":"Rowerowy Cieszyn","twitter_card":"summary_large_image","twitter_misc":{"Napisane przez":"Rowerowy Cieszyn","Szacowany czas czytania":"8 minut"},"schema":{"@context":"https:\/\/schema.org","@graph":[{"@type":"Article","@id":"https:\/\/rowerowycieszyn.pl\/index.php\/2025\/10\/30\/czy-ktos-pomyslal-fatalne-rozwiazania-przy-centrum-handlowym-viva-park\/#article","isPartOf":{"@id":"https:\/\/rowerowycieszyn.pl\/index.php\/2025\/10\/30\/czy-ktos-pomyslal-fatalne-rozwiazania-przy-centrum-handlowym-viva-park\/"},"author":{"name":"Rowerowy Cieszyn","@id":"https:\/\/rowerowycieszyn.pl\/#\/schema\/person\/b698cee63b7405acd7e70007d7cc8b2a"},"headline":"Kto to wymy\u015bli\u0142? Fatalne rozwi\u0105zania przy centrum handlowym Viva Park.","datePublished":"2025-10-30T13:40:35+00:00","dateModified":"2025-10-30T16:37:23+00:00","mainEntityOfPage":{"@id":"https:\/\/rowerowycieszyn.pl\/index.php\/2025\/10\/30\/czy-ktos-pomyslal-fatalne-rozwiazania-przy-centrum-handlowym-viva-park\/"},"wordCount":1063,"commentCount":0,"publisher":{"@id":"https:\/\/rowerowycieszyn.pl\/#organization"},"image":{"@id":"https:\/\/rowerowycieszyn.pl\/index.php\/2025\/10\/30\/czy-ktos-pomyslal-fatalne-rozwiazania-przy-centrum-handlowym-viva-park\/#primaryimage"},"thumbnailUrl":"https:\/\/rowerowycieszyn.pl\/wp-content\/uploads\/2025\/10\/P1520578_tn.jpg","keywords":["604","polityka rowerowa","Trasa 604"],"articleSection":["Aktualno\u015bci","Artyku\u0142y"],"inLanguage":"pl-PL","potentialAction":[{"@type":"CommentAction","name":"Comment","target":["https:\/\/rowerowycieszyn.pl\/index.php\/2025\/10\/30\/czy-ktos-pomyslal-fatalne-rozwiazania-przy-centrum-handlowym-viva-park\/#respond"]}]},{"@type":"WebPage","@id":"https:\/\/rowerowycieszyn.pl\/index.php\/2025\/10\/30\/czy-ktos-pomyslal-fatalne-rozwiazania-przy-centrum-handlowym-viva-park\/","url":"https:\/\/rowerowycieszyn.pl\/index.php\/2025\/10\/30\/czy-ktos-pomyslal-fatalne-rozwiazania-przy-centrum-handlowym-viva-park\/","name":"Kto to wymy\u015bli\u0142? Fatalne rozwi\u0105zania przy centrum handlowym Viva Park. - Rowerowy Cieszyn","isPartOf":{"@id":"https:\/\/rowerowycieszyn.pl\/#website"},"primaryImageOfPage":{"@id":"https:\/\/rowerowycieszyn.pl\/index.php\/2025\/10\/30\/czy-ktos-pomyslal-fatalne-rozwiazania-przy-centrum-handlowym-viva-park\/#primaryimage"},"image":{"@id":"https:\/\/rowerowycieszyn.pl\/index.php\/2025\/10\/30\/czy-ktos-pomyslal-fatalne-rozwiazania-przy-centrum-handlowym-viva-park\/#primaryimage"},"thumbnailUrl":"https:\/\/rowerowycieszyn.pl\/wp-content\/uploads\/2025\/10\/P1520578_tn.jpg","datePublished":"2025-10-30T13:40:35+00:00","dateModified":"2025-10-30T16:37:23+00:00","description":"Kliniczny przypadek wyja\u015bniaj\u0105cy, dlaczego konieczne jest planowanie infrastruktury rowerowej w mie\u015bcie, czyli co powsta\u0142o przy centrum handlowym Viva Park w Cieszynie","breadcrumb":{"@id":"https:\/\/rowerowycieszyn.pl\/index.php\/2025\/10\/30\/czy-ktos-pomyslal-fatalne-rozwiazania-przy-centrum-handlowym-viva-park\/#breadcrumb"},"inLanguage":"pl-PL","potentialAction":[{"@type":"ReadAction","target":["https:\/\/rowerowycieszyn.pl\/index.php\/2025\/10\/30\/czy-ktos-pomyslal-fatalne-rozwiazania-przy-centrum-handlowym-viva-park\/"]}]},{"@type":"ImageObject","inLanguage":"pl-PL","@id":"https:\/\/rowerowycieszyn.pl\/index.php\/2025\/10\/30\/czy-ktos-pomyslal-fatalne-rozwiazania-przy-centrum-handlowym-viva-park\/#primaryimage","url":"https:\/\/rowerowycieszyn.pl\/wp-content\/uploads\/2025\/10\/P1520578_tn.jpg","contentUrl":"https:\/\/rowerowycieszyn.pl\/wp-content\/uploads\/2025\/10\/P1520578_tn.jpg","width":1920,"height":1280,"caption":"K\u0142adka pieszo rowerowe nad potokiem Boguni\u00f3wka."},{"@type":"BreadcrumbList","@id":"https:\/\/rowerowycieszyn.pl\/index.php\/2025\/10\/30\/czy-ktos-pomyslal-fatalne-rozwiazania-przy-centrum-handlowym-viva-park\/#breadcrumb","itemListElement":[{"@type":"ListItem","position":1,"name":"Home","item":"https:\/\/rowerowycieszyn.pl\/"},{"@type":"ListItem","position":2,"name":"Kto to wymy\u015bli\u0142? Fatalne rozwi\u0105zania przy centrum handlowym Viva Park."}]},{"@type":"WebSite","@id":"https:\/\/rowerowycieszyn.pl\/#website","url":"https:\/\/rowerowycieszyn.pl\/","name":"Rowerowy Cieszyn","description":"Strona promuj\u0105ca komunikacj\u0119 oraz turystyk\u0119 rowerow\u0105 na terenie Cieszyna i okolic.","publisher":{"@id":"https:\/\/rowerowycieszyn.pl\/#organization"},"potentialAction":[{"@type":"SearchAction","target":{"@type":"EntryPoint","urlTemplate":"https:\/\/rowerowycieszyn.pl\/?s={search_term_string}"},"query-input":{"@type":"PropertyValueSpecification","valueRequired":true,"valueName":"search_term_string"}}],"inLanguage":"pl-PL"},{"@type":"Organization","@id":"https:\/\/rowerowycieszyn.pl\/#organization","name":"Rowerowy Cieszyn","url":"https:\/\/rowerowycieszyn.pl\/","logo":{"@type":"ImageObject","inLanguage":"pl-PL","@id":"https:\/\/rowerowycieszyn.pl\/#\/schema\/logo\/image\/","url":"https:\/\/rowerowycieszyn.pl\/wp-content\/uploads\/2020\/07\/cropped-rower1_cr_tn-1.jpg","contentUrl":"https:\/\/rowerowycieszyn.pl\/wp-content\/uploads\/2020\/07\/cropped-rower1_cr_tn-1.jpg","width":250,"height":100,"caption":"Rowerowy Cieszyn"},"image":{"@id":"https:\/\/rowerowycieszyn.pl\/#\/schema\/logo\/image\/"},"sameAs":["https:\/\/www.facebook.com\/RowerowyCieszyn"]},{"@type":"Person","@id":"https:\/\/rowerowycieszyn.pl\/#\/schema\/person\/b698cee63b7405acd7e70007d7cc8b2a","name":"Rowerowy Cieszyn","image":{"@type":"ImageObject","inLanguage":"pl-PL","@id":"https:\/\/secure.gravatar.com\/avatar\/1aef2c80bb06ccee0d820e4116589968d6d5c57310499f9271d42a4f7c5ffb3a?s=96&d=mm&r=g","url":"https:\/\/secure.gravatar.com\/avatar\/1aef2c80bb06ccee0d820e4116589968d6d5c57310499f9271d42a4f7c5ffb3a?s=96&d=mm&r=g","contentUrl":"https:\/\/secure.gravatar.com\/avatar\/1aef2c80bb06ccee0d820e4116589968d6d5c57310499f9271d42a4f7c5ffb3a?s=96&d=mm&r=g","caption":"Rowerowy Cieszyn"},"sameAs":["http:\/\/rowerowycieszyn.pl"],"url":"https:\/\/rowerowycieszyn.pl\/index.php\/author\/pstoklosa\/"}]}},"_links":{"self":[{"href":"https:\/\/rowerowycieszyn.pl\/index.php\/wp-json\/wp\/v2\/posts\/2774","targetHints":{"allow":["GET"]}}],"collection":[{"href":"https:\/\/rowerowycieszyn.pl\/index.php\/wp-json\/wp\/v2\/posts"}],"about":[{"href":"https:\/\/rowerowycieszyn.pl\/index.php\/wp-json\/wp\/v2\/types\/post"}],"author":[{"embeddable":true,"href":"https:\/\/rowerowycieszyn.pl\/index.php\/wp-json\/wp\/v2\/users\/1"}],"replies":[{"embeddable":true,"href":"https:\/\/rowerowycieszyn.pl\/index.php\/wp-json\/wp\/v2\/comments?post=2774"}],"version-history":[{"count":7,"href":"https:\/\/rowerowycieszyn.pl\/index.php\/wp-json\/wp\/v2\/posts\/2774\/revisions"}],"predecessor-version":[{"id":2794,"href":"https:\/\/rowerowycieszyn.pl\/index.php\/wp-json\/wp\/v2\/posts\/2774\/revisions\/2794"}],"wp:featuredmedia":[{"embeddable":true,"href":"https:\/\/rowerowycieszyn.pl\/index.php\/wp-json\/wp\/v2\/media\/2778"}],"wp:attachment":[{"href":"https:\/\/rowerowycieszyn.pl\/index.php\/wp-json\/wp\/v2\/media?parent=2774"}],"wp:term":[{"taxonomy":"category","embeddable":true,"href":"https:\/\/rowerowycieszyn.pl\/index.php\/wp-json\/wp\/v2\/categories?post=2774"},{"taxonomy":"post_tag","embeddable":true,"href":"https:\/\/rowerowycieszyn.pl\/index.php\/wp-json\/wp\/v2\/tags?post=2774"}],"curies":[{"name":"wp","href":"https:\/\/api.w.org\/{rel}","templated":true}]}}