{"id":420,"date":"2020-08-22T19:24:19","date_gmt":"2020-08-22T17:24:19","guid":{"rendered":"http:\/\/rowerowycieszyn.pl\/?p=420"},"modified":"2020-08-24T08:38:03","modified_gmt":"2020-08-24T06:38:03","slug":"rower-to-nalog-pocztowka-z-podlasia","status":"publish","type":"post","link":"https:\/\/rowerowycieszyn.pl\/index.php\/2020\/08\/22\/rower-to-nalog-pocztowka-z-podlasia\/","title":{"rendered":"Rower to na\u0142\u00f3g. Poczt\u00f3wka z Podlasia."},"content":{"rendered":"<p><strong>Wczoraj:<\/strong><br \/>\n&#8211; Ale\u015bmy si\u0119 dzisiaj umordowali.<br \/>\n&#8211; Te piachy by\u0142y okropne.<br \/>\n&#8211; Jutro odpoczywamy.<br \/>\n&#8211; Koniecznie.<br \/>\n&#8211; Rano pla\u017cing, na obiad co\u015b upichcimy a wieczorem grill.<br \/>\n&#8211; Roweru nawet nie chc\u0119 widzie\u0107 na oczy.<!--more--><\/p>\n<p><strong>Dzisiaj:<\/strong><br \/>\n&#8211; To co robimy.<br \/>\n&#8211; Trzeba zrobi\u0107 zakupy na grilla.<br \/>\n&#8211; No i jutro niedziela a chleb si\u0119 ko\u0144czy.<br \/>\n&#8211; To mo\u017ce skoczymy samochodem do sklepu do wsi?<br \/>\n&#8211; A pami\u0119tasz t\u0119 \u0142adn\u0105 \u015bcie\u017ck\u0119 rowerow\u0105 do Micha\u0142owa, kt\u00f3r\u0105 widzieli\u015bmy z samochodu?<br \/>\n&#8211; No super, ale nie b\u0119dzie ju\u017c okazji, \u017ceby ni\u0105 pojecha\u0107.<br \/>\n&#8211; To mo\u017ce skoczymy po te zakupy rowerami do miasta?<\/p>\n<p><strong>Par\u0119 godzin p\u00f3\u017aniej:<\/strong><br \/>\n&#8211; Ale upa\u0142, mam do\u015b\u0107. To ile dzisiaj wykr\u0119cili\u015bmy?<br \/>\n&#8211; 38.<\/p>\n<div id='gallery-1' class='gallery galleryid-420 gallery-columns-2 gallery-size-thumbnail'><figure class='gallery-item'>\n\t\t\t<div class='gallery-icon landscape'>\n\t\t\t\t<a href='https:\/\/rowerowycieszyn.pl\/wp-content\/uploads\/2020\/08\/P1030772_tn.jpg'><img loading=\"lazy\" decoding=\"async\" width=\"150\" height=\"150\" src=\"https:\/\/rowerowycieszyn.pl\/wp-content\/uploads\/2020\/08\/P1030772_tn-150x150.jpg\" class=\"attachment-thumbnail size-thumbnail\" alt=\"Cerkiew w Micha\u0142owie.\" aria-describedby=\"gallery-1-425\" srcset=\"https:\/\/rowerowycieszyn.pl\/wp-content\/uploads\/2020\/08\/P1030772_tn-150x150.jpg 150w, https:\/\/rowerowycieszyn.pl\/wp-content\/uploads\/2020\/08\/P1030772_tn-100x100.jpg 100w\" sizes=\"auto, (max-width: 150px) 100vw, 150px\" \/><\/a>\n\t\t\t<\/div>\n\t\t\t\t<figcaption class='wp-caption-text gallery-caption' id='gallery-1-425'>\n\t\t\t\tCerkiew w Micha\u0142owie. Jej z\u0142ocone dachy wida\u0107 ju\u017c z wielu kilometr\u00f3w.\n\t\t\t\t<\/figcaption><\/figure><figure class='gallery-item'>\n\t\t\t<div class='gallery-icon landscape'>\n\t\t\t\t<a href='https:\/\/rowerowycieszyn.pl\/wp-content\/uploads\/2020\/08\/P1030937_tn.jpg'><img loading=\"lazy\" decoding=\"async\" width=\"150\" height=\"150\" src=\"https:\/\/rowerowycieszyn.pl\/wp-content\/uploads\/2020\/08\/P1030937_tn-150x150.jpg\" class=\"attachment-thumbnail size-thumbnail\" alt=\"Urz\u0105d Gminy w Micha\u0142owicach.\" aria-describedby=\"gallery-1-432\" srcset=\"https:\/\/rowerowycieszyn.pl\/wp-content\/uploads\/2020\/08\/P1030937_tn-150x150.jpg 150w, https:\/\/rowerowycieszyn.pl\/wp-content\/uploads\/2020\/08\/P1030937_tn-100x100.jpg 100w\" sizes=\"auto, (max-width: 150px) 100vw, 150px\" \/><\/a>\n\t\t\t<\/div>\n\t\t\t\t<figcaption class='wp-caption-text gallery-caption' id='gallery-1-432'>\n\t\t\t\tUrz\u0105d Gminy w Micha\u0142owicach. Chyba pozazdro\u015bcili okolicznym cerkwiom.\n\t\t\t\t<\/figcaption><\/figure><figure class='gallery-item'>\n\t\t\t<div class='gallery-icon landscape'>\n\t\t\t\t<a href='https:\/\/rowerowycieszyn.pl\/wp-content\/uploads\/2020\/08\/P1030943_tn.jpg'><img loading=\"lazy\" decoding=\"async\" width=\"150\" height=\"150\" src=\"https:\/\/rowerowycieszyn.pl\/wp-content\/uploads\/2020\/08\/P1030943_tn-150x150.jpg\" class=\"attachment-thumbnail size-thumbnail\" alt=\"Cerkiew w Nowej Woli.\" aria-describedby=\"gallery-1-433\" srcset=\"https:\/\/rowerowycieszyn.pl\/wp-content\/uploads\/2020\/08\/P1030943_tn-150x150.jpg 150w, https:\/\/rowerowycieszyn.pl\/wp-content\/uploads\/2020\/08\/P1030943_tn-100x100.jpg 100w\" sizes=\"auto, (max-width: 150px) 100vw, 150px\" \/><\/a>\n\t\t\t<\/div>\n\t\t\t\t<figcaption class='wp-caption-text gallery-caption' id='gallery-1-433'>\n\t\t\t\tDrewniana cerkiew w Nowej Woli.\n\t\t\t\t<\/figcaption><\/figure><figure class='gallery-item'>\n\t\t\t<div class='gallery-icon landscape'>\n\t\t\t\t<a href='https:\/\/rowerowycieszyn.pl\/wp-content\/uploads\/2020\/08\/P1030932_tn.jpg'><img loading=\"lazy\" decoding=\"async\" width=\"150\" height=\"150\" src=\"https:\/\/rowerowycieszyn.pl\/wp-content\/uploads\/2020\/08\/P1030932_tn-150x150.jpg\" class=\"attachment-thumbnail size-thumbnail\" alt=\"Droga mi\u0119dzy Juszkowym Grodem a Micha\u0142owem.\" aria-describedby=\"gallery-1-431\" srcset=\"https:\/\/rowerowycieszyn.pl\/wp-content\/uploads\/2020\/08\/P1030932_tn-150x150.jpg 150w, https:\/\/rowerowycieszyn.pl\/wp-content\/uploads\/2020\/08\/P1030932_tn-100x100.jpg 100w\" sizes=\"auto, (max-width: 150px) 100vw, 150px\" \/><\/a>\n\t\t\t<\/div>\n\t\t\t\t<figcaption class='wp-caption-text gallery-caption' id='gallery-1-431'>\n\t\t\t\tNowo wyremontowana droga mi\u0119dzy Juszkowym Grodem a Micha\u0142owem z wygodn\u0105 i bezpieczn\u0105 drog\u0105 dla rower\u00f3w.\n\t\t\t\t<\/figcaption><\/figure><figure class='gallery-item'>\n\t\t\t<div class='gallery-icon landscape'>\n\t\t\t\t<a href='https:\/\/rowerowycieszyn.pl\/wp-content\/uploads\/2020\/08\/P1030845_tn.jpg'><img loading=\"lazy\" decoding=\"async\" width=\"150\" height=\"150\" src=\"https:\/\/rowerowycieszyn.pl\/wp-content\/uploads\/2020\/08\/P1030845_tn-150x150.jpg\" class=\"attachment-thumbnail size-thumbnail\" alt=\"Gdzie\u015b po\u015br\u00f3d p\u00f3l w okolicach Krynek.\" aria-describedby=\"gallery-1-429\" srcset=\"https:\/\/rowerowycieszyn.pl\/wp-content\/uploads\/2020\/08\/P1030845_tn-150x150.jpg 150w, https:\/\/rowerowycieszyn.pl\/wp-content\/uploads\/2020\/08\/P1030845_tn-100x100.jpg 100w\" sizes=\"auto, (max-width: 150px) 100vw, 150px\" \/><\/a>\n\t\t\t<\/div>\n\t\t\t\t<figcaption class='wp-caption-text gallery-caption' id='gallery-1-429'>\n\t\t\t\tGdzie\u015b po\u015br\u00f3d p\u00f3l w okolicach Krynek.\n\t\t\t\t<\/figcaption><\/figure><figure class='gallery-item'>\n\t\t\t<div class='gallery-icon landscape'>\n\t\t\t\t<a href='https:\/\/rowerowycieszyn.pl\/wp-content\/uploads\/2020\/08\/P1030836_tn.jpg'><img loading=\"lazy\" decoding=\"async\" width=\"150\" height=\"150\" src=\"https:\/\/rowerowycieszyn.pl\/wp-content\/uploads\/2020\/08\/P1030836_tn-150x150.jpg\" class=\"attachment-thumbnail size-thumbnail\" alt=\"Opuszczone domostwo.\" aria-describedby=\"gallery-1-428\" srcset=\"https:\/\/rowerowycieszyn.pl\/wp-content\/uploads\/2020\/08\/P1030836_tn-150x150.jpg 150w, https:\/\/rowerowycieszyn.pl\/wp-content\/uploads\/2020\/08\/P1030836_tn-100x100.jpg 100w\" sizes=\"auto, (max-width: 150px) 100vw, 150px\" \/><\/a>\n\t\t\t<\/div>\n\t\t\t\t<figcaption class='wp-caption-text gallery-caption' id='gallery-1-428'>\n\t\t\t\tWiele dom\u00f3w w okolicznych wsiach jest opuszczona.\n\t\t\t\t<\/figcaption><\/figure><figure class='gallery-item'>\n\t\t\t<div class='gallery-icon landscape'>\n\t\t\t\t<a href='https:\/\/rowerowycieszyn.pl\/wp-content\/uploads\/2020\/08\/P1030797_tn.jpg'><img loading=\"lazy\" decoding=\"async\" width=\"150\" height=\"150\" src=\"https:\/\/rowerowycieszyn.pl\/wp-content\/uploads\/2020\/08\/P1030797_tn-150x150.jpg\" class=\"attachment-thumbnail size-thumbnail\" alt=\"Zjazd na Wierszalin.\" aria-describedby=\"gallery-1-426\" srcset=\"https:\/\/rowerowycieszyn.pl\/wp-content\/uploads\/2020\/08\/P1030797_tn-150x150.jpg 150w, https:\/\/rowerowycieszyn.pl\/wp-content\/uploads\/2020\/08\/P1030797_tn-100x100.jpg 100w\" sizes=\"auto, (max-width: 150px) 100vw, 150px\" \/><\/a>\n\t\t\t<\/div>\n\t\t\t\t<figcaption class='wp-caption-text gallery-caption' id='gallery-1-426'>\n\t\t\t\tZjazd na Wierszalin.\n\t\t\t\t<\/figcaption><\/figure><figure class='gallery-item'>\n\t\t\t<div class='gallery-icon landscape'>\n\t\t\t\t<a href='https:\/\/rowerowycieszyn.pl\/wp-content\/uploads\/2020\/08\/P1030802_tn.jpg'><img loading=\"lazy\" decoding=\"async\" width=\"150\" height=\"150\" src=\"https:\/\/rowerowycieszyn.pl\/wp-content\/uploads\/2020\/08\/P1030802_tn-150x150.jpg\" class=\"attachment-thumbnail size-thumbnail\" alt=\"Pozosta\u0142o\u015bci osady Wierszalin.\" aria-describedby=\"gallery-1-427\" srcset=\"https:\/\/rowerowycieszyn.pl\/wp-content\/uploads\/2020\/08\/P1030802_tn-150x150.jpg 150w, https:\/\/rowerowycieszyn.pl\/wp-content\/uploads\/2020\/08\/P1030802_tn-100x100.jpg 100w\" sizes=\"auto, (max-width: 150px) 100vw, 150px\" \/><\/a>\n\t\t\t<\/div>\n\t\t\t\t<figcaption class='wp-caption-text gallery-caption' id='gallery-1-427'>\n\t\t\t\tPozosta\u0142o\u015bci osady Wierszalin. Tu mia\u0142a by\u0107 nowa stolica \u015bwiata wed\u0142ug wyznawc\u00f3w proroka Ilii.\n\t\t\t\t<\/figcaption><\/figure><figure class='gallery-item'>\n\t\t\t<div class='gallery-icon landscape'>\n\t\t\t\t<a href='https:\/\/rowerowycieszyn.pl\/wp-content\/uploads\/2020\/08\/P1030607_tn.jpg'><img loading=\"lazy\" decoding=\"async\" width=\"150\" height=\"150\" src=\"https:\/\/rowerowycieszyn.pl\/wp-content\/uploads\/2020\/08\/P1030607_tn-150x150.jpg\" class=\"attachment-thumbnail size-thumbnail\" alt=\"Micha\u0142owo s\u0142ynie z pierwszego w polsce liceum, kt\u00f3re utworzy\u0142o klas\u0119 o profilu disco-polo.\" aria-describedby=\"gallery-1-422\" srcset=\"https:\/\/rowerowycieszyn.pl\/wp-content\/uploads\/2020\/08\/P1030607_tn-150x150.jpg 150w, https:\/\/rowerowycieszyn.pl\/wp-content\/uploads\/2020\/08\/P1030607_tn-100x100.jpg 100w\" sizes=\"auto, (max-width: 150px) 100vw, 150px\" \/><\/a>\n\t\t\t<\/div>\n\t\t\t\t<figcaption class='wp-caption-text gallery-caption' id='gallery-1-422'>\n\t\t\t\tMicha\u0142owo s\u0142ynie z pierwszego w polsce liceum, kt\u00f3re utworzy\u0142o klas\u0119 o profilu disco-polo.\n\t\t\t\t<\/figcaption><\/figure><figure class='gallery-item'>\n\t\t\t<div class='gallery-icon landscape'>\n\t\t\t\t<a href='https:\/\/rowerowycieszyn.pl\/wp-content\/uploads\/2020\/08\/P1030925_tn.jpg'><img loading=\"lazy\" decoding=\"async\" width=\"150\" height=\"150\" src=\"https:\/\/rowerowycieszyn.pl\/wp-content\/uploads\/2020\/08\/P1030925_tn-150x150.jpg\" class=\"attachment-thumbnail size-thumbnail\" alt=\"Bar Disco Czar w Bondarach\" aria-describedby=\"gallery-1-430\" srcset=\"https:\/\/rowerowycieszyn.pl\/wp-content\/uploads\/2020\/08\/P1030925_tn-150x150.jpg 150w, https:\/\/rowerowycieszyn.pl\/wp-content\/uploads\/2020\/08\/P1030925_tn-100x100.jpg 100w\" sizes=\"auto, (max-width: 150px) 100vw, 150px\" \/><\/a>\n\t\t\t<\/div>\n\t\t\t\t<figcaption class='wp-caption-text gallery-caption' id='gallery-1-430'>\n\t\t\t\tSzko\u0142a w Micha\u0142owie ju\u017c kszta\u0142ci absolwent\u00f3w, kt\u00f3rzy przywr\u00f3c\u0105 dawny czar disco.\n\t\t\t\t<\/figcaption><\/figure>\n\t\t<\/div>\n\n","protected":false},"excerpt":{"rendered":"<p>Wczoraj: &#8211; Ale\u015bmy si\u0119 dzisiaj umordowali. &#8211; Te piachy by\u0142y okropne. &#8211; Jutro odpoczywamy. &#8211; Koniecznie. &#8211; Rano pla\u017cing, na obiad co\u015b upichcimy a wieczorem grill. &#8211; Roweru nawet nie&hellip; <\/p>\n","protected":false},"author":1,"featured_media":425,"comment_status":"open","ping_status":"open","sticky":false,"template":"","format":"standard","meta":{"footnotes":""},"categories":[9,5,1,10],"tags":[],"class_list":["post-420","post","type-post","status-publish","format-standard","has-post-thumbnail","hentry","category-aktualnosci","category-artykuly","category-bez-kategorii","category-u-innych"],"yoast_head":"<!-- This site is optimized with the Yoast SEO plugin v27.3 - https:\/\/yoast.com\/product\/yoast-seo-wordpress\/ -->\n<title>Rower to na\u0142\u00f3g. Poczt\u00f3wka z Podlasia. - Rowerowy Cieszyn<\/title>\n<meta name=\"description\" content=\"Rower to na\u0142\u00f3g. Poczt\u00f3wka z Podlasia. To mia\u0142 by\u0107 dzie\u0144 bez rower\u00f3w :-)\" \/>\n<meta name=\"robots\" content=\"index, follow, max-snippet:-1, max-image-preview:large, max-video-preview:-1\" \/>\n<link rel=\"canonical\" href=\"https:\/\/rowerowycieszyn.pl\/index.php\/2020\/08\/22\/rower-to-nalog-pocztowka-z-podlasia\/\" \/>\n<meta property=\"og:locale\" content=\"pl_PL\" \/>\n<meta property=\"og:type\" content=\"article\" \/>\n<meta property=\"og:title\" content=\"Rower to na\u0142\u00f3g. Poczt\u00f3wka z Podlasia. - Rowerowy Cieszyn\" \/>\n<meta property=\"og:description\" content=\"Rower to na\u0142\u00f3g. Poczt\u00f3wka z Podlasia. To mia\u0142 by\u0107 dzie\u0144 bez rower\u00f3w :-)\" \/>\n<meta property=\"og:url\" content=\"https:\/\/rowerowycieszyn.pl\/index.php\/2020\/08\/22\/rower-to-nalog-pocztowka-z-podlasia\/\" \/>\n<meta property=\"og:site_name\" content=\"Rowerowy Cieszyn\" \/>\n<meta property=\"article:publisher\" content=\"https:\/\/www.facebook.com\/RowerowyCieszyn\" \/>\n<meta property=\"article:published_time\" content=\"2020-08-22T17:24:19+00:00\" \/>\n<meta property=\"article:modified_time\" content=\"2020-08-24T06:38:03+00:00\" \/>\n<meta property=\"og:image\" content=\"https:\/\/rowerowycieszyn.pl\/wp-content\/uploads\/2020\/08\/P1030772_tn.jpg\" \/>\n\t<meta property=\"og:image:width\" content=\"2048\" \/>\n\t<meta property=\"og:image:height\" content=\"1365\" \/>\n\t<meta property=\"og:image:type\" content=\"image\/jpeg\" \/>\n<meta name=\"author\" content=\"Rowerowy Cieszyn\" \/>\n<meta name=\"twitter:card\" content=\"summary_large_image\" \/>\n<meta name=\"twitter:label1\" content=\"Napisane przez\" \/>\n\t<meta name=\"twitter:data1\" content=\"Rowerowy Cieszyn\" \/>\n\t<meta name=\"twitter:label2\" content=\"Szacowany czas czytania\" \/>\n\t<meta name=\"twitter:data2\" content=\"1 minuta\" \/>\n<script type=\"application\/ld+json\" class=\"yoast-schema-graph\">{\"@context\":\"https:\\\/\\\/schema.org\",\"@graph\":[{\"@type\":\"Article\",\"@id\":\"https:\\\/\\\/rowerowycieszyn.pl\\\/index.php\\\/2020\\\/08\\\/22\\\/rower-to-nalog-pocztowka-z-podlasia\\\/#article\",\"isPartOf\":{\"@id\":\"https:\\\/\\\/rowerowycieszyn.pl\\\/index.php\\\/2020\\\/08\\\/22\\\/rower-to-nalog-pocztowka-z-podlasia\\\/\"},\"author\":{\"name\":\"Rowerowy Cieszyn\",\"@id\":\"https:\\\/\\\/rowerowycieszyn.pl\\\/#\\\/schema\\\/person\\\/b698cee63b7405acd7e70007d7cc8b2a\"},\"headline\":\"Rower to na\u0142\u00f3g. Poczt\u00f3wka z Podlasia.\",\"datePublished\":\"2020-08-22T17:24:19+00:00\",\"dateModified\":\"2020-08-24T06:38:03+00:00\",\"mainEntityOfPage\":{\"@id\":\"https:\\\/\\\/rowerowycieszyn.pl\\\/index.php\\\/2020\\\/08\\\/22\\\/rower-to-nalog-pocztowka-z-podlasia\\\/\"},\"wordCount\":138,\"commentCount\":0,\"publisher\":{\"@id\":\"https:\\\/\\\/rowerowycieszyn.pl\\\/#organization\"},\"image\":{\"@id\":\"https:\\\/\\\/rowerowycieszyn.pl\\\/index.php\\\/2020\\\/08\\\/22\\\/rower-to-nalog-pocztowka-z-podlasia\\\/#primaryimage\"},\"thumbnailUrl\":\"https:\\\/\\\/rowerowycieszyn.pl\\\/wp-content\\\/uploads\\\/2020\\\/08\\\/P1030772_tn.jpg\",\"articleSection\":{\"0\":\"Aktualno\u015bci\",\"1\":\"Artyku\u0142y\",\"3\":\"U innych\"},\"inLanguage\":\"pl-PL\",\"potentialAction\":[{\"@type\":\"CommentAction\",\"name\":\"Comment\",\"target\":[\"https:\\\/\\\/rowerowycieszyn.pl\\\/index.php\\\/2020\\\/08\\\/22\\\/rower-to-nalog-pocztowka-z-podlasia\\\/#respond\"]}]},{\"@type\":\"WebPage\",\"@id\":\"https:\\\/\\\/rowerowycieszyn.pl\\\/index.php\\\/2020\\\/08\\\/22\\\/rower-to-nalog-pocztowka-z-podlasia\\\/\",\"url\":\"https:\\\/\\\/rowerowycieszyn.pl\\\/index.php\\\/2020\\\/08\\\/22\\\/rower-to-nalog-pocztowka-z-podlasia\\\/\",\"name\":\"Rower to na\u0142\u00f3g. Poczt\u00f3wka z Podlasia. - Rowerowy Cieszyn\",\"isPartOf\":{\"@id\":\"https:\\\/\\\/rowerowycieszyn.pl\\\/#website\"},\"primaryImageOfPage\":{\"@id\":\"https:\\\/\\\/rowerowycieszyn.pl\\\/index.php\\\/2020\\\/08\\\/22\\\/rower-to-nalog-pocztowka-z-podlasia\\\/#primaryimage\"},\"image\":{\"@id\":\"https:\\\/\\\/rowerowycieszyn.pl\\\/index.php\\\/2020\\\/08\\\/22\\\/rower-to-nalog-pocztowka-z-podlasia\\\/#primaryimage\"},\"thumbnailUrl\":\"https:\\\/\\\/rowerowycieszyn.pl\\\/wp-content\\\/uploads\\\/2020\\\/08\\\/P1030772_tn.jpg\",\"datePublished\":\"2020-08-22T17:24:19+00:00\",\"dateModified\":\"2020-08-24T06:38:03+00:00\",\"description\":\"Rower to na\u0142\u00f3g. Poczt\u00f3wka z Podlasia. To mia\u0142 by\u0107 dzie\u0144 bez rower\u00f3w :-)\",\"breadcrumb\":{\"@id\":\"https:\\\/\\\/rowerowycieszyn.pl\\\/index.php\\\/2020\\\/08\\\/22\\\/rower-to-nalog-pocztowka-z-podlasia\\\/#breadcrumb\"},\"inLanguage\":\"pl-PL\",\"potentialAction\":[{\"@type\":\"ReadAction\",\"target\":[\"https:\\\/\\\/rowerowycieszyn.pl\\\/index.php\\\/2020\\\/08\\\/22\\\/rower-to-nalog-pocztowka-z-podlasia\\\/\"]}]},{\"@type\":\"ImageObject\",\"inLanguage\":\"pl-PL\",\"@id\":\"https:\\\/\\\/rowerowycieszyn.pl\\\/index.php\\\/2020\\\/08\\\/22\\\/rower-to-nalog-pocztowka-z-podlasia\\\/#primaryimage\",\"url\":\"https:\\\/\\\/rowerowycieszyn.pl\\\/wp-content\\\/uploads\\\/2020\\\/08\\\/P1030772_tn.jpg\",\"contentUrl\":\"https:\\\/\\\/rowerowycieszyn.pl\\\/wp-content\\\/uploads\\\/2020\\\/08\\\/P1030772_tn.jpg\",\"width\":2048,\"height\":1365,\"caption\":\"Cerkiew w Micha\u0142owie. Jej z\u0142ocone dachy wida\u0107 ju\u017c z wielu kilometr\u00f3w.\"},{\"@type\":\"BreadcrumbList\",\"@id\":\"https:\\\/\\\/rowerowycieszyn.pl\\\/index.php\\\/2020\\\/08\\\/22\\\/rower-to-nalog-pocztowka-z-podlasia\\\/#breadcrumb\",\"itemListElement\":[{\"@type\":\"ListItem\",\"position\":1,\"name\":\"Home\",\"item\":\"https:\\\/\\\/rowerowycieszyn.pl\\\/\"},{\"@type\":\"ListItem\",\"position\":2,\"name\":\"Rower to na\u0142\u00f3g. Poczt\u00f3wka z Podlasia.\"}]},{\"@type\":\"WebSite\",\"@id\":\"https:\\\/\\\/rowerowycieszyn.pl\\\/#website\",\"url\":\"https:\\\/\\\/rowerowycieszyn.pl\\\/\",\"name\":\"Rowerowy Cieszyn\",\"description\":\"Strona promuj\u0105ca komunikacj\u0119 oraz turystyk\u0119 rowerow\u0105 na terenie Cieszyna i okolic.\",\"publisher\":{\"@id\":\"https:\\\/\\\/rowerowycieszyn.pl\\\/#organization\"},\"potentialAction\":[{\"@type\":\"SearchAction\",\"target\":{\"@type\":\"EntryPoint\",\"urlTemplate\":\"https:\\\/\\\/rowerowycieszyn.pl\\\/?s={search_term_string}\"},\"query-input\":{\"@type\":\"PropertyValueSpecification\",\"valueRequired\":true,\"valueName\":\"search_term_string\"}}],\"inLanguage\":\"pl-PL\"},{\"@type\":\"Organization\",\"@id\":\"https:\\\/\\\/rowerowycieszyn.pl\\\/#organization\",\"name\":\"Rowerowy Cieszyn\",\"url\":\"https:\\\/\\\/rowerowycieszyn.pl\\\/\",\"logo\":{\"@type\":\"ImageObject\",\"inLanguage\":\"pl-PL\",\"@id\":\"https:\\\/\\\/rowerowycieszyn.pl\\\/#\\\/schema\\\/logo\\\/image\\\/\",\"url\":\"https:\\\/\\\/rowerowycieszyn.pl\\\/wp-content\\\/uploads\\\/2020\\\/07\\\/cropped-rower1_cr_tn-1.jpg\",\"contentUrl\":\"https:\\\/\\\/rowerowycieszyn.pl\\\/wp-content\\\/uploads\\\/2020\\\/07\\\/cropped-rower1_cr_tn-1.jpg\",\"width\":250,\"height\":100,\"caption\":\"Rowerowy Cieszyn\"},\"image\":{\"@id\":\"https:\\\/\\\/rowerowycieszyn.pl\\\/#\\\/schema\\\/logo\\\/image\\\/\"},\"sameAs\":[\"https:\\\/\\\/www.facebook.com\\\/RowerowyCieszyn\"]},{\"@type\":\"Person\",\"@id\":\"https:\\\/\\\/rowerowycieszyn.pl\\\/#\\\/schema\\\/person\\\/b698cee63b7405acd7e70007d7cc8b2a\",\"name\":\"Rowerowy Cieszyn\",\"image\":{\"@type\":\"ImageObject\",\"inLanguage\":\"pl-PL\",\"@id\":\"https:\\\/\\\/secure.gravatar.com\\\/avatar\\\/1aef2c80bb06ccee0d820e4116589968d6d5c57310499f9271d42a4f7c5ffb3a?s=96&d=mm&r=g\",\"url\":\"https:\\\/\\\/secure.gravatar.com\\\/avatar\\\/1aef2c80bb06ccee0d820e4116589968d6d5c57310499f9271d42a4f7c5ffb3a?s=96&d=mm&r=g\",\"contentUrl\":\"https:\\\/\\\/secure.gravatar.com\\\/avatar\\\/1aef2c80bb06ccee0d820e4116589968d6d5c57310499f9271d42a4f7c5ffb3a?s=96&d=mm&r=g\",\"caption\":\"Rowerowy Cieszyn\"},\"sameAs\":[\"http:\\\/\\\/rowerowycieszyn.pl\"],\"url\":\"https:\\\/\\\/rowerowycieszyn.pl\\\/index.php\\\/author\\\/pstoklosa\\\/\"}]}<\/script>\n<!-- \/ Yoast SEO plugin. -->","yoast_head_json":{"title":"Rower to na\u0142\u00f3g. Poczt\u00f3wka z Podlasia. - Rowerowy Cieszyn","description":"Rower to na\u0142\u00f3g. Poczt\u00f3wka z Podlasia. To mia\u0142 by\u0107 dzie\u0144 bez rower\u00f3w :-)","robots":{"index":"index","follow":"follow","max-snippet":"max-snippet:-1","max-image-preview":"max-image-preview:large","max-video-preview":"max-video-preview:-1"},"canonical":"https:\/\/rowerowycieszyn.pl\/index.php\/2020\/08\/22\/rower-to-nalog-pocztowka-z-podlasia\/","og_locale":"pl_PL","og_type":"article","og_title":"Rower to na\u0142\u00f3g. Poczt\u00f3wka z Podlasia. - Rowerowy Cieszyn","og_description":"Rower to na\u0142\u00f3g. Poczt\u00f3wka z Podlasia. To mia\u0142 by\u0107 dzie\u0144 bez rower\u00f3w :-)","og_url":"https:\/\/rowerowycieszyn.pl\/index.php\/2020\/08\/22\/rower-to-nalog-pocztowka-z-podlasia\/","og_site_name":"Rowerowy Cieszyn","article_publisher":"https:\/\/www.facebook.com\/RowerowyCieszyn","article_published_time":"2020-08-22T17:24:19+00:00","article_modified_time":"2020-08-24T06:38:03+00:00","og_image":[{"width":2048,"height":1365,"url":"https:\/\/rowerowycieszyn.pl\/wp-content\/uploads\/2020\/08\/P1030772_tn.jpg","type":"image\/jpeg"}],"author":"Rowerowy Cieszyn","twitter_card":"summary_large_image","twitter_misc":{"Napisane przez":"Rowerowy Cieszyn","Szacowany czas czytania":"1 minuta"},"schema":{"@context":"https:\/\/schema.org","@graph":[{"@type":"Article","@id":"https:\/\/rowerowycieszyn.pl\/index.php\/2020\/08\/22\/rower-to-nalog-pocztowka-z-podlasia\/#article","isPartOf":{"@id":"https:\/\/rowerowycieszyn.pl\/index.php\/2020\/08\/22\/rower-to-nalog-pocztowka-z-podlasia\/"},"author":{"name":"Rowerowy Cieszyn","@id":"https:\/\/rowerowycieszyn.pl\/#\/schema\/person\/b698cee63b7405acd7e70007d7cc8b2a"},"headline":"Rower to na\u0142\u00f3g. Poczt\u00f3wka z Podlasia.","datePublished":"2020-08-22T17:24:19+00:00","dateModified":"2020-08-24T06:38:03+00:00","mainEntityOfPage":{"@id":"https:\/\/rowerowycieszyn.pl\/index.php\/2020\/08\/22\/rower-to-nalog-pocztowka-z-podlasia\/"},"wordCount":138,"commentCount":0,"publisher":{"@id":"https:\/\/rowerowycieszyn.pl\/#organization"},"image":{"@id":"https:\/\/rowerowycieszyn.pl\/index.php\/2020\/08\/22\/rower-to-nalog-pocztowka-z-podlasia\/#primaryimage"},"thumbnailUrl":"https:\/\/rowerowycieszyn.pl\/wp-content\/uploads\/2020\/08\/P1030772_tn.jpg","articleSection":{"0":"Aktualno\u015bci","1":"Artyku\u0142y","3":"U innych"},"inLanguage":"pl-PL","potentialAction":[{"@type":"CommentAction","name":"Comment","target":["https:\/\/rowerowycieszyn.pl\/index.php\/2020\/08\/22\/rower-to-nalog-pocztowka-z-podlasia\/#respond"]}]},{"@type":"WebPage","@id":"https:\/\/rowerowycieszyn.pl\/index.php\/2020\/08\/22\/rower-to-nalog-pocztowka-z-podlasia\/","url":"https:\/\/rowerowycieszyn.pl\/index.php\/2020\/08\/22\/rower-to-nalog-pocztowka-z-podlasia\/","name":"Rower to na\u0142\u00f3g. Poczt\u00f3wka z Podlasia. - Rowerowy Cieszyn","isPartOf":{"@id":"https:\/\/rowerowycieszyn.pl\/#website"},"primaryImageOfPage":{"@id":"https:\/\/rowerowycieszyn.pl\/index.php\/2020\/08\/22\/rower-to-nalog-pocztowka-z-podlasia\/#primaryimage"},"image":{"@id":"https:\/\/rowerowycieszyn.pl\/index.php\/2020\/08\/22\/rower-to-nalog-pocztowka-z-podlasia\/#primaryimage"},"thumbnailUrl":"https:\/\/rowerowycieszyn.pl\/wp-content\/uploads\/2020\/08\/P1030772_tn.jpg","datePublished":"2020-08-22T17:24:19+00:00","dateModified":"2020-08-24T06:38:03+00:00","description":"Rower to na\u0142\u00f3g. Poczt\u00f3wka z Podlasia. To mia\u0142 by\u0107 dzie\u0144 bez rower\u00f3w :-)","breadcrumb":{"@id":"https:\/\/rowerowycieszyn.pl\/index.php\/2020\/08\/22\/rower-to-nalog-pocztowka-z-podlasia\/#breadcrumb"},"inLanguage":"pl-PL","potentialAction":[{"@type":"ReadAction","target":["https:\/\/rowerowycieszyn.pl\/index.php\/2020\/08\/22\/rower-to-nalog-pocztowka-z-podlasia\/"]}]},{"@type":"ImageObject","inLanguage":"pl-PL","@id":"https:\/\/rowerowycieszyn.pl\/index.php\/2020\/08\/22\/rower-to-nalog-pocztowka-z-podlasia\/#primaryimage","url":"https:\/\/rowerowycieszyn.pl\/wp-content\/uploads\/2020\/08\/P1030772_tn.jpg","contentUrl":"https:\/\/rowerowycieszyn.pl\/wp-content\/uploads\/2020\/08\/P1030772_tn.jpg","width":2048,"height":1365,"caption":"Cerkiew w Micha\u0142owie. Jej z\u0142ocone dachy wida\u0107 ju\u017c z wielu kilometr\u00f3w."},{"@type":"BreadcrumbList","@id":"https:\/\/rowerowycieszyn.pl\/index.php\/2020\/08\/22\/rower-to-nalog-pocztowka-z-podlasia\/#breadcrumb","itemListElement":[{"@type":"ListItem","position":1,"name":"Home","item":"https:\/\/rowerowycieszyn.pl\/"},{"@type":"ListItem","position":2,"name":"Rower to na\u0142\u00f3g. Poczt\u00f3wka z Podlasia."}]},{"@type":"WebSite","@id":"https:\/\/rowerowycieszyn.pl\/#website","url":"https:\/\/rowerowycieszyn.pl\/","name":"Rowerowy Cieszyn","description":"Strona promuj\u0105ca komunikacj\u0119 oraz turystyk\u0119 rowerow\u0105 na terenie Cieszyna i okolic.","publisher":{"@id":"https:\/\/rowerowycieszyn.pl\/#organization"},"potentialAction":[{"@type":"SearchAction","target":{"@type":"EntryPoint","urlTemplate":"https:\/\/rowerowycieszyn.pl\/?s={search_term_string}"},"query-input":{"@type":"PropertyValueSpecification","valueRequired":true,"valueName":"search_term_string"}}],"inLanguage":"pl-PL"},{"@type":"Organization","@id":"https:\/\/rowerowycieszyn.pl\/#organization","name":"Rowerowy Cieszyn","url":"https:\/\/rowerowycieszyn.pl\/","logo":{"@type":"ImageObject","inLanguage":"pl-PL","@id":"https:\/\/rowerowycieszyn.pl\/#\/schema\/logo\/image\/","url":"https:\/\/rowerowycieszyn.pl\/wp-content\/uploads\/2020\/07\/cropped-rower1_cr_tn-1.jpg","contentUrl":"https:\/\/rowerowycieszyn.pl\/wp-content\/uploads\/2020\/07\/cropped-rower1_cr_tn-1.jpg","width":250,"height":100,"caption":"Rowerowy Cieszyn"},"image":{"@id":"https:\/\/rowerowycieszyn.pl\/#\/schema\/logo\/image\/"},"sameAs":["https:\/\/www.facebook.com\/RowerowyCieszyn"]},{"@type":"Person","@id":"https:\/\/rowerowycieszyn.pl\/#\/schema\/person\/b698cee63b7405acd7e70007d7cc8b2a","name":"Rowerowy Cieszyn","image":{"@type":"ImageObject","inLanguage":"pl-PL","@id":"https:\/\/secure.gravatar.com\/avatar\/1aef2c80bb06ccee0d820e4116589968d6d5c57310499f9271d42a4f7c5ffb3a?s=96&d=mm&r=g","url":"https:\/\/secure.gravatar.com\/avatar\/1aef2c80bb06ccee0d820e4116589968d6d5c57310499f9271d42a4f7c5ffb3a?s=96&d=mm&r=g","contentUrl":"https:\/\/secure.gravatar.com\/avatar\/1aef2c80bb06ccee0d820e4116589968d6d5c57310499f9271d42a4f7c5ffb3a?s=96&d=mm&r=g","caption":"Rowerowy Cieszyn"},"sameAs":["http:\/\/rowerowycieszyn.pl"],"url":"https:\/\/rowerowycieszyn.pl\/index.php\/author\/pstoklosa\/"}]}},"_links":{"self":[{"href":"https:\/\/rowerowycieszyn.pl\/index.php\/wp-json\/wp\/v2\/posts\/420","targetHints":{"allow":["GET"]}}],"collection":[{"href":"https:\/\/rowerowycieszyn.pl\/index.php\/wp-json\/wp\/v2\/posts"}],"about":[{"href":"https:\/\/rowerowycieszyn.pl\/index.php\/wp-json\/wp\/v2\/types\/post"}],"author":[{"embeddable":true,"href":"https:\/\/rowerowycieszyn.pl\/index.php\/wp-json\/wp\/v2\/users\/1"}],"replies":[{"embeddable":true,"href":"https:\/\/rowerowycieszyn.pl\/index.php\/wp-json\/wp\/v2\/comments?post=420"}],"version-history":[{"count":4,"href":"https:\/\/rowerowycieszyn.pl\/index.php\/wp-json\/wp\/v2\/posts\/420\/revisions"}],"predecessor-version":[{"id":436,"href":"https:\/\/rowerowycieszyn.pl\/index.php\/wp-json\/wp\/v2\/posts\/420\/revisions\/436"}],"wp:featuredmedia":[{"embeddable":true,"href":"https:\/\/rowerowycieszyn.pl\/index.php\/wp-json\/wp\/v2\/media\/425"}],"wp:attachment":[{"href":"https:\/\/rowerowycieszyn.pl\/index.php\/wp-json\/wp\/v2\/media?parent=420"}],"wp:term":[{"taxonomy":"category","embeddable":true,"href":"https:\/\/rowerowycieszyn.pl\/index.php\/wp-json\/wp\/v2\/categories?post=420"},{"taxonomy":"post_tag","embeddable":true,"href":"https:\/\/rowerowycieszyn.pl\/index.php\/wp-json\/wp\/v2\/tags?post=420"}],"curies":[{"name":"wp","href":"https:\/\/api.w.org\/{rel}","templated":true}]}}