{"id":58,"date":"2020-06-30T15:46:00","date_gmt":"2020-06-30T13:46:00","guid":{"rendered":"http:\/\/rowerowycieszyn.pl\/?p=58"},"modified":"2020-07-16T11:19:01","modified_gmt":"2020-07-16T09:19:01","slug":"granica-w-cieszynie-otwarta","status":"publish","type":"post","link":"https:\/\/rowerowycieszyn.pl\/index.php\/2020\/06\/30\/granica-w-cieszynie-otwarta\/","title":{"rendered":"Granica w Cieszynie otwarta"},"content":{"rendered":"\r\n<div class=\"wp-block-group\">\r\n<div class=\"wp-block-group__inner-container is-layout-flow wp-block-group-is-layout-flow\">\r\n<div class=\"wp-block-group is-layout-flow wp-block-group-is-layout-flow\">\r\n<div class=\"wp-block-group__inner-container\">\u00a0<\/div>\r\n<\/div>\r\n<\/div>\r\n<\/div>\r\n\r\n\r\n\r\n<p>Granica w Cieszynie otwarta. Wreszcie, po kilku dniach niepokoju, sprzecznych wiadomo\u015bci oraz pe\u0142nych zniecierpliwienia wizyt na granicy w ko\u0144cu mo\u017cna bez \u017cadnych ogranicze\u0144 wje\u017cd\u017ca\u0107 na teren Czech. Co prawda rano 30 czerwca k\u0142adka sportowa by\u0142a jeszcze zamkni\u0119ta, ale ju\u017c po po\u0142udniu s\u0142u\u017cby miejskie Czeskiego Cieszyna usun\u0119\u0142y stalowe barierki. Nareszcie da si\u0119 przespacerowa\u0107 dwoma brzegami, na przyk\u0142ad <a href=\"index.php\/2020\/07\/01\/trasa-01-dla-taty-mikolajka\/\">tras\u0105 #01: Dla taty Miko\u0142ajka<\/a>.<\/p>\r\n<p><!--more--><\/p>\r\n\r\n\r\n\r\n<p>Miejmy nadziej\u0119, \u017ce taka sytuacja, czyli zamkni\u0119cie nadolzia\u0144skiej granicy, nigdy si\u0119 ju\u017c nie powt\u00f3rzy. Prze\u017cycie by\u0142o to bowiem dosy\u0107 traumatyczne. Jeszcze raz potwierdzi\u0142o si\u0119, \u017ce wolno\u015b\u0107 jest jak powietrze &#8211; na co dzie\u0144 niewidoczne, dostrzega si\u0119\u00a0 dopiero jego brak. Tym, kt\u00f3rzy nie mieszkaj\u0105 w przygranicznym mie\u015bcie i nie potrafi\u0105 zrozumie\u0107 naszego uczucia klaustrofobicznego duszenia si\u0119, proponuj\u0119 eksperyment. Wyobra\u017a sobie, \u017ce mieszkasz w krakowskich D\u0119bnikach i nie mo\u017cesz wybra\u0107 si\u0119 na Kazimierz, albo mieszkasz w Tychach a nie mo\u017cesz pojecha\u0107 do Sosnowca. Albo \u017ce jedziesz przez dowolne miasto samochodem i wolno ci skr\u0119ca\u0107 w prawo, ale w lewo ju\u017c nie.<\/p>\r\n\r\n\r\n\r\n<p><strong>Oby nigdy wi\u0119cej widoczk\u00f3w jak na zdj\u0119ciu, na szcz\u0119\u015bcie ju\u017c nieaktualnym. Oby nigdy wi\u0119cej zamkni\u0119tych granic!<\/strong><\/p>\r\n","protected":false},"excerpt":{"rendered":"<p>\u00a0 Granica w Cieszynie otwarta. Wreszcie, po kilku dniach niepokoju, sprzecznych wiadomo\u015bci oraz pe\u0142nych zniecierpliwienia wizyt na granicy w ko\u0144cu mo\u017cna bez \u017cadnych ogranicze\u0144 wje\u017cd\u017ca\u0107 na teren Czech. Co prawda&hellip; <\/p>\n","protected":false},"author":1,"featured_media":61,"comment_status":"open","ping_status":"open","sticky":false,"template":"","format":"standard","meta":{"footnotes":""},"categories":[9,5,1],"tags":[6,7,8],"class_list":["post-58","post","type-post","status-publish","format-standard","has-post-thumbnail","hentry","category-aktualnosci","category-artykuly","category-bez-kategorii","tag-cieszyn","tag-granica","tag-otwarcie"],"yoast_head":"<!-- This site is optimized with the Yoast SEO plugin v27.3 - https:\/\/yoast.com\/product\/yoast-seo-wordpress\/ -->\n<title>Granica w Cieszynie otwarta - Rowerowy Cieszyn<\/title>\n<meta name=\"description\" content=\"Granica w Cieszynie otwarta. Mo\u017cna j\u0105 ju\u017c przekracza\u0107 bez ogranicze\u0144. Dotyczy to r\u00f3wnie\u017c rowerzyst\u00f3w spragnionych wycieczek po obu stronach.\" \/>\n<meta name=\"robots\" content=\"index, follow, max-snippet:-1, max-image-preview:large, max-video-preview:-1\" \/>\n<link rel=\"canonical\" href=\"https:\/\/rowerowycieszyn.pl\/index.php\/2020\/06\/30\/granica-w-cieszynie-otwarta\/\" \/>\n<meta property=\"og:locale\" content=\"pl_PL\" \/>\n<meta property=\"og:type\" content=\"article\" \/>\n<meta property=\"og:title\" content=\"Granica w Cieszynie otwarta - Rowerowy Cieszyn\" \/>\n<meta property=\"og:description\" content=\"Granica w Cieszynie otwarta. Mo\u017cna j\u0105 ju\u017c przekracza\u0107 bez ogranicze\u0144. Dotyczy to r\u00f3wnie\u017c rowerzyst\u00f3w spragnionych wycieczek po obu stronach.\" \/>\n<meta property=\"og:url\" content=\"https:\/\/rowerowycieszyn.pl\/index.php\/2020\/06\/30\/granica-w-cieszynie-otwarta\/\" \/>\n<meta property=\"og:site_name\" content=\"Rowerowy Cieszyn\" \/>\n<meta property=\"article:publisher\" content=\"https:\/\/www.facebook.com\/RowerowyCieszyn\" \/>\n<meta property=\"article:published_time\" content=\"2020-06-30T13:46:00+00:00\" \/>\n<meta property=\"article:modified_time\" content=\"2020-07-16T09:19:01+00:00\" \/>\n<meta property=\"og:image\" content=\"http:\/\/rowerowycieszyn.pl\/wp-content\/uploads\/2020\/06\/IMG_20200615_103640_cr_tn.jpg\" \/>\n\t<meta property=\"og:image:width\" content=\"1920\" \/>\n\t<meta property=\"og:image:height\" content=\"1080\" \/>\n\t<meta property=\"og:image:type\" content=\"image\/jpeg\" \/>\n<meta name=\"author\" content=\"Rowerowy Cieszyn\" \/>\n<meta name=\"twitter:card\" content=\"summary_large_image\" \/>\n<meta name=\"twitter:label1\" content=\"Napisane przez\" \/>\n\t<meta name=\"twitter:data1\" content=\"Rowerowy Cieszyn\" \/>\n\t<meta name=\"twitter:label2\" content=\"Szacowany czas czytania\" \/>\n\t<meta name=\"twitter:data2\" content=\"1 minuta\" \/>\n<script type=\"application\/ld+json\" class=\"yoast-schema-graph\">{\"@context\":\"https:\\\/\\\/schema.org\",\"@graph\":[{\"@type\":\"Article\",\"@id\":\"https:\\\/\\\/rowerowycieszyn.pl\\\/index.php\\\/2020\\\/06\\\/30\\\/granica-w-cieszynie-otwarta\\\/#article\",\"isPartOf\":{\"@id\":\"https:\\\/\\\/rowerowycieszyn.pl\\\/index.php\\\/2020\\\/06\\\/30\\\/granica-w-cieszynie-otwarta\\\/\"},\"author\":{\"name\":\"Rowerowy Cieszyn\",\"@id\":\"https:\\\/\\\/rowerowycieszyn.pl\\\/#\\\/schema\\\/person\\\/b698cee63b7405acd7e70007d7cc8b2a\"},\"headline\":\"Granica w Cieszynie otwarta\",\"datePublished\":\"2020-06-30T13:46:00+00:00\",\"dateModified\":\"2020-07-16T09:19:01+00:00\",\"mainEntityOfPage\":{\"@id\":\"https:\\\/\\\/rowerowycieszyn.pl\\\/index.php\\\/2020\\\/06\\\/30\\\/granica-w-cieszynie-otwarta\\\/\"},\"wordCount\":211,\"commentCount\":0,\"publisher\":{\"@id\":\"https:\\\/\\\/rowerowycieszyn.pl\\\/#organization\"},\"image\":{\"@id\":\"https:\\\/\\\/rowerowycieszyn.pl\\\/index.php\\\/2020\\\/06\\\/30\\\/granica-w-cieszynie-otwarta\\\/#primaryimage\"},\"thumbnailUrl\":\"https:\\\/\\\/rowerowycieszyn.pl\\\/wp-content\\\/uploads\\\/2020\\\/06\\\/IMG_20200615_103640_cr_tn.jpg\",\"keywords\":[\"Cieszyn\",\"granica\",\"otwarcie\"],\"articleSection\":[\"Aktualno\u015bci\",\"Artyku\u0142y\"],\"inLanguage\":\"pl-PL\",\"potentialAction\":[{\"@type\":\"CommentAction\",\"name\":\"Comment\",\"target\":[\"https:\\\/\\\/rowerowycieszyn.pl\\\/index.php\\\/2020\\\/06\\\/30\\\/granica-w-cieszynie-otwarta\\\/#respond\"]}]},{\"@type\":\"WebPage\",\"@id\":\"https:\\\/\\\/rowerowycieszyn.pl\\\/index.php\\\/2020\\\/06\\\/30\\\/granica-w-cieszynie-otwarta\\\/\",\"url\":\"https:\\\/\\\/rowerowycieszyn.pl\\\/index.php\\\/2020\\\/06\\\/30\\\/granica-w-cieszynie-otwarta\\\/\",\"name\":\"Granica w Cieszynie otwarta - Rowerowy Cieszyn\",\"isPartOf\":{\"@id\":\"https:\\\/\\\/rowerowycieszyn.pl\\\/#website\"},\"primaryImageOfPage\":{\"@id\":\"https:\\\/\\\/rowerowycieszyn.pl\\\/index.php\\\/2020\\\/06\\\/30\\\/granica-w-cieszynie-otwarta\\\/#primaryimage\"},\"image\":{\"@id\":\"https:\\\/\\\/rowerowycieszyn.pl\\\/index.php\\\/2020\\\/06\\\/30\\\/granica-w-cieszynie-otwarta\\\/#primaryimage\"},\"thumbnailUrl\":\"https:\\\/\\\/rowerowycieszyn.pl\\\/wp-content\\\/uploads\\\/2020\\\/06\\\/IMG_20200615_103640_cr_tn.jpg\",\"datePublished\":\"2020-06-30T13:46:00+00:00\",\"dateModified\":\"2020-07-16T09:19:01+00:00\",\"description\":\"Granica w Cieszynie otwarta. Mo\u017cna j\u0105 ju\u017c przekracza\u0107 bez ogranicze\u0144. Dotyczy to r\u00f3wnie\u017c rowerzyst\u00f3w spragnionych wycieczek po obu stronach.\",\"breadcrumb\":{\"@id\":\"https:\\\/\\\/rowerowycieszyn.pl\\\/index.php\\\/2020\\\/06\\\/30\\\/granica-w-cieszynie-otwarta\\\/#breadcrumb\"},\"inLanguage\":\"pl-PL\",\"potentialAction\":[{\"@type\":\"ReadAction\",\"target\":[\"https:\\\/\\\/rowerowycieszyn.pl\\\/index.php\\\/2020\\\/06\\\/30\\\/granica-w-cieszynie-otwarta\\\/\"]}]},{\"@type\":\"ImageObject\",\"inLanguage\":\"pl-PL\",\"@id\":\"https:\\\/\\\/rowerowycieszyn.pl\\\/index.php\\\/2020\\\/06\\\/30\\\/granica-w-cieszynie-otwarta\\\/#primaryimage\",\"url\":\"https:\\\/\\\/rowerowycieszyn.pl\\\/wp-content\\\/uploads\\\/2020\\\/06\\\/IMG_20200615_103640_cr_tn.jpg\",\"contentUrl\":\"https:\\\/\\\/rowerowycieszyn.pl\\\/wp-content\\\/uploads\\\/2020\\\/06\\\/IMG_20200615_103640_cr_tn.jpg\",\"width\":1920,\"height\":1080,\"caption\":\"Zamkni\u0119ta k\u0142adka sportowa wCieszynie\"},{\"@type\":\"BreadcrumbList\",\"@id\":\"https:\\\/\\\/rowerowycieszyn.pl\\\/index.php\\\/2020\\\/06\\\/30\\\/granica-w-cieszynie-otwarta\\\/#breadcrumb\",\"itemListElement\":[{\"@type\":\"ListItem\",\"position\":1,\"name\":\"Home\",\"item\":\"https:\\\/\\\/rowerowycieszyn.pl\\\/\"},{\"@type\":\"ListItem\",\"position\":2,\"name\":\"Granica w Cieszynie otwarta\"}]},{\"@type\":\"WebSite\",\"@id\":\"https:\\\/\\\/rowerowycieszyn.pl\\\/#website\",\"url\":\"https:\\\/\\\/rowerowycieszyn.pl\\\/\",\"name\":\"Rowerowy Cieszyn\",\"description\":\"Strona promuj\u0105ca komunikacj\u0119 oraz turystyk\u0119 rowerow\u0105 na terenie Cieszyna i okolic.\",\"publisher\":{\"@id\":\"https:\\\/\\\/rowerowycieszyn.pl\\\/#organization\"},\"potentialAction\":[{\"@type\":\"SearchAction\",\"target\":{\"@type\":\"EntryPoint\",\"urlTemplate\":\"https:\\\/\\\/rowerowycieszyn.pl\\\/?s={search_term_string}\"},\"query-input\":{\"@type\":\"PropertyValueSpecification\",\"valueRequired\":true,\"valueName\":\"search_term_string\"}}],\"inLanguage\":\"pl-PL\"},{\"@type\":\"Organization\",\"@id\":\"https:\\\/\\\/rowerowycieszyn.pl\\\/#organization\",\"name\":\"Rowerowy Cieszyn\",\"url\":\"https:\\\/\\\/rowerowycieszyn.pl\\\/\",\"logo\":{\"@type\":\"ImageObject\",\"inLanguage\":\"pl-PL\",\"@id\":\"https:\\\/\\\/rowerowycieszyn.pl\\\/#\\\/schema\\\/logo\\\/image\\\/\",\"url\":\"https:\\\/\\\/rowerowycieszyn.pl\\\/wp-content\\\/uploads\\\/2020\\\/07\\\/cropped-rower1_cr_tn-1.jpg\",\"contentUrl\":\"https:\\\/\\\/rowerowycieszyn.pl\\\/wp-content\\\/uploads\\\/2020\\\/07\\\/cropped-rower1_cr_tn-1.jpg\",\"width\":250,\"height\":100,\"caption\":\"Rowerowy Cieszyn\"},\"image\":{\"@id\":\"https:\\\/\\\/rowerowycieszyn.pl\\\/#\\\/schema\\\/logo\\\/image\\\/\"},\"sameAs\":[\"https:\\\/\\\/www.facebook.com\\\/RowerowyCieszyn\"]},{\"@type\":\"Person\",\"@id\":\"https:\\\/\\\/rowerowycieszyn.pl\\\/#\\\/schema\\\/person\\\/b698cee63b7405acd7e70007d7cc8b2a\",\"name\":\"Rowerowy Cieszyn\",\"image\":{\"@type\":\"ImageObject\",\"inLanguage\":\"pl-PL\",\"@id\":\"https:\\\/\\\/secure.gravatar.com\\\/avatar\\\/1aef2c80bb06ccee0d820e4116589968d6d5c57310499f9271d42a4f7c5ffb3a?s=96&d=mm&r=g\",\"url\":\"https:\\\/\\\/secure.gravatar.com\\\/avatar\\\/1aef2c80bb06ccee0d820e4116589968d6d5c57310499f9271d42a4f7c5ffb3a?s=96&d=mm&r=g\",\"contentUrl\":\"https:\\\/\\\/secure.gravatar.com\\\/avatar\\\/1aef2c80bb06ccee0d820e4116589968d6d5c57310499f9271d42a4f7c5ffb3a?s=96&d=mm&r=g\",\"caption\":\"Rowerowy Cieszyn\"},\"sameAs\":[\"http:\\\/\\\/rowerowycieszyn.pl\"],\"url\":\"https:\\\/\\\/rowerowycieszyn.pl\\\/index.php\\\/author\\\/pstoklosa\\\/\"}]}<\/script>\n<!-- \/ Yoast SEO plugin. -->","yoast_head_json":{"title":"Granica w Cieszynie otwarta - Rowerowy Cieszyn","description":"Granica w Cieszynie otwarta. Mo\u017cna j\u0105 ju\u017c przekracza\u0107 bez ogranicze\u0144. Dotyczy to r\u00f3wnie\u017c rowerzyst\u00f3w spragnionych wycieczek po obu stronach.","robots":{"index":"index","follow":"follow","max-snippet":"max-snippet:-1","max-image-preview":"max-image-preview:large","max-video-preview":"max-video-preview:-1"},"canonical":"https:\/\/rowerowycieszyn.pl\/index.php\/2020\/06\/30\/granica-w-cieszynie-otwarta\/","og_locale":"pl_PL","og_type":"article","og_title":"Granica w Cieszynie otwarta - Rowerowy Cieszyn","og_description":"Granica w Cieszynie otwarta. Mo\u017cna j\u0105 ju\u017c przekracza\u0107 bez ogranicze\u0144. Dotyczy to r\u00f3wnie\u017c rowerzyst\u00f3w spragnionych wycieczek po obu stronach.","og_url":"https:\/\/rowerowycieszyn.pl\/index.php\/2020\/06\/30\/granica-w-cieszynie-otwarta\/","og_site_name":"Rowerowy Cieszyn","article_publisher":"https:\/\/www.facebook.com\/RowerowyCieszyn","article_published_time":"2020-06-30T13:46:00+00:00","article_modified_time":"2020-07-16T09:19:01+00:00","og_image":[{"width":1920,"height":1080,"url":"http:\/\/rowerowycieszyn.pl\/wp-content\/uploads\/2020\/06\/IMG_20200615_103640_cr_tn.jpg","type":"image\/jpeg"}],"author":"Rowerowy Cieszyn","twitter_card":"summary_large_image","twitter_misc":{"Napisane przez":"Rowerowy Cieszyn","Szacowany czas czytania":"1 minuta"},"schema":{"@context":"https:\/\/schema.org","@graph":[{"@type":"Article","@id":"https:\/\/rowerowycieszyn.pl\/index.php\/2020\/06\/30\/granica-w-cieszynie-otwarta\/#article","isPartOf":{"@id":"https:\/\/rowerowycieszyn.pl\/index.php\/2020\/06\/30\/granica-w-cieszynie-otwarta\/"},"author":{"name":"Rowerowy Cieszyn","@id":"https:\/\/rowerowycieszyn.pl\/#\/schema\/person\/b698cee63b7405acd7e70007d7cc8b2a"},"headline":"Granica w Cieszynie otwarta","datePublished":"2020-06-30T13:46:00+00:00","dateModified":"2020-07-16T09:19:01+00:00","mainEntityOfPage":{"@id":"https:\/\/rowerowycieszyn.pl\/index.php\/2020\/06\/30\/granica-w-cieszynie-otwarta\/"},"wordCount":211,"commentCount":0,"publisher":{"@id":"https:\/\/rowerowycieszyn.pl\/#organization"},"image":{"@id":"https:\/\/rowerowycieszyn.pl\/index.php\/2020\/06\/30\/granica-w-cieszynie-otwarta\/#primaryimage"},"thumbnailUrl":"https:\/\/rowerowycieszyn.pl\/wp-content\/uploads\/2020\/06\/IMG_20200615_103640_cr_tn.jpg","keywords":["Cieszyn","granica","otwarcie"],"articleSection":["Aktualno\u015bci","Artyku\u0142y"],"inLanguage":"pl-PL","potentialAction":[{"@type":"CommentAction","name":"Comment","target":["https:\/\/rowerowycieszyn.pl\/index.php\/2020\/06\/30\/granica-w-cieszynie-otwarta\/#respond"]}]},{"@type":"WebPage","@id":"https:\/\/rowerowycieszyn.pl\/index.php\/2020\/06\/30\/granica-w-cieszynie-otwarta\/","url":"https:\/\/rowerowycieszyn.pl\/index.php\/2020\/06\/30\/granica-w-cieszynie-otwarta\/","name":"Granica w Cieszynie otwarta - Rowerowy Cieszyn","isPartOf":{"@id":"https:\/\/rowerowycieszyn.pl\/#website"},"primaryImageOfPage":{"@id":"https:\/\/rowerowycieszyn.pl\/index.php\/2020\/06\/30\/granica-w-cieszynie-otwarta\/#primaryimage"},"image":{"@id":"https:\/\/rowerowycieszyn.pl\/index.php\/2020\/06\/30\/granica-w-cieszynie-otwarta\/#primaryimage"},"thumbnailUrl":"https:\/\/rowerowycieszyn.pl\/wp-content\/uploads\/2020\/06\/IMG_20200615_103640_cr_tn.jpg","datePublished":"2020-06-30T13:46:00+00:00","dateModified":"2020-07-16T09:19:01+00:00","description":"Granica w Cieszynie otwarta. Mo\u017cna j\u0105 ju\u017c przekracza\u0107 bez ogranicze\u0144. Dotyczy to r\u00f3wnie\u017c rowerzyst\u00f3w spragnionych wycieczek po obu stronach.","breadcrumb":{"@id":"https:\/\/rowerowycieszyn.pl\/index.php\/2020\/06\/30\/granica-w-cieszynie-otwarta\/#breadcrumb"},"inLanguage":"pl-PL","potentialAction":[{"@type":"ReadAction","target":["https:\/\/rowerowycieszyn.pl\/index.php\/2020\/06\/30\/granica-w-cieszynie-otwarta\/"]}]},{"@type":"ImageObject","inLanguage":"pl-PL","@id":"https:\/\/rowerowycieszyn.pl\/index.php\/2020\/06\/30\/granica-w-cieszynie-otwarta\/#primaryimage","url":"https:\/\/rowerowycieszyn.pl\/wp-content\/uploads\/2020\/06\/IMG_20200615_103640_cr_tn.jpg","contentUrl":"https:\/\/rowerowycieszyn.pl\/wp-content\/uploads\/2020\/06\/IMG_20200615_103640_cr_tn.jpg","width":1920,"height":1080,"caption":"Zamkni\u0119ta k\u0142adka sportowa wCieszynie"},{"@type":"BreadcrumbList","@id":"https:\/\/rowerowycieszyn.pl\/index.php\/2020\/06\/30\/granica-w-cieszynie-otwarta\/#breadcrumb","itemListElement":[{"@type":"ListItem","position":1,"name":"Home","item":"https:\/\/rowerowycieszyn.pl\/"},{"@type":"ListItem","position":2,"name":"Granica w Cieszynie otwarta"}]},{"@type":"WebSite","@id":"https:\/\/rowerowycieszyn.pl\/#website","url":"https:\/\/rowerowycieszyn.pl\/","name":"Rowerowy Cieszyn","description":"Strona promuj\u0105ca komunikacj\u0119 oraz turystyk\u0119 rowerow\u0105 na terenie Cieszyna i okolic.","publisher":{"@id":"https:\/\/rowerowycieszyn.pl\/#organization"},"potentialAction":[{"@type":"SearchAction","target":{"@type":"EntryPoint","urlTemplate":"https:\/\/rowerowycieszyn.pl\/?s={search_term_string}"},"query-input":{"@type":"PropertyValueSpecification","valueRequired":true,"valueName":"search_term_string"}}],"inLanguage":"pl-PL"},{"@type":"Organization","@id":"https:\/\/rowerowycieszyn.pl\/#organization","name":"Rowerowy Cieszyn","url":"https:\/\/rowerowycieszyn.pl\/","logo":{"@type":"ImageObject","inLanguage":"pl-PL","@id":"https:\/\/rowerowycieszyn.pl\/#\/schema\/logo\/image\/","url":"https:\/\/rowerowycieszyn.pl\/wp-content\/uploads\/2020\/07\/cropped-rower1_cr_tn-1.jpg","contentUrl":"https:\/\/rowerowycieszyn.pl\/wp-content\/uploads\/2020\/07\/cropped-rower1_cr_tn-1.jpg","width":250,"height":100,"caption":"Rowerowy Cieszyn"},"image":{"@id":"https:\/\/rowerowycieszyn.pl\/#\/schema\/logo\/image\/"},"sameAs":["https:\/\/www.facebook.com\/RowerowyCieszyn"]},{"@type":"Person","@id":"https:\/\/rowerowycieszyn.pl\/#\/schema\/person\/b698cee63b7405acd7e70007d7cc8b2a","name":"Rowerowy Cieszyn","image":{"@type":"ImageObject","inLanguage":"pl-PL","@id":"https:\/\/secure.gravatar.com\/avatar\/1aef2c80bb06ccee0d820e4116589968d6d5c57310499f9271d42a4f7c5ffb3a?s=96&d=mm&r=g","url":"https:\/\/secure.gravatar.com\/avatar\/1aef2c80bb06ccee0d820e4116589968d6d5c57310499f9271d42a4f7c5ffb3a?s=96&d=mm&r=g","contentUrl":"https:\/\/secure.gravatar.com\/avatar\/1aef2c80bb06ccee0d820e4116589968d6d5c57310499f9271d42a4f7c5ffb3a?s=96&d=mm&r=g","caption":"Rowerowy Cieszyn"},"sameAs":["http:\/\/rowerowycieszyn.pl"],"url":"https:\/\/rowerowycieszyn.pl\/index.php\/author\/pstoklosa\/"}]}},"_links":{"self":[{"href":"https:\/\/rowerowycieszyn.pl\/index.php\/wp-json\/wp\/v2\/posts\/58","targetHints":{"allow":["GET"]}}],"collection":[{"href":"https:\/\/rowerowycieszyn.pl\/index.php\/wp-json\/wp\/v2\/posts"}],"about":[{"href":"https:\/\/rowerowycieszyn.pl\/index.php\/wp-json\/wp\/v2\/types\/post"}],"author":[{"embeddable":true,"href":"https:\/\/rowerowycieszyn.pl\/index.php\/wp-json\/wp\/v2\/users\/1"}],"replies":[{"embeddable":true,"href":"https:\/\/rowerowycieszyn.pl\/index.php\/wp-json\/wp\/v2\/comments?post=58"}],"version-history":[{"count":25,"href":"https:\/\/rowerowycieszyn.pl\/index.php\/wp-json\/wp\/v2\/posts\/58\/revisions"}],"predecessor-version":[{"id":217,"href":"https:\/\/rowerowycieszyn.pl\/index.php\/wp-json\/wp\/v2\/posts\/58\/revisions\/217"}],"wp:featuredmedia":[{"embeddable":true,"href":"https:\/\/rowerowycieszyn.pl\/index.php\/wp-json\/wp\/v2\/media\/61"}],"wp:attachment":[{"href":"https:\/\/rowerowycieszyn.pl\/index.php\/wp-json\/wp\/v2\/media?parent=58"}],"wp:term":[{"taxonomy":"category","embeddable":true,"href":"https:\/\/rowerowycieszyn.pl\/index.php\/wp-json\/wp\/v2\/categories?post=58"},{"taxonomy":"post_tag","embeddable":true,"href":"https:\/\/rowerowycieszyn.pl\/index.php\/wp-json\/wp\/v2\/tags?post=58"}],"curies":[{"name":"wp","href":"https:\/\/api.w.org\/{rel}","templated":true}]}}