{"id":829,"date":"2020-11-16T10:02:43","date_gmt":"2020-11-16T09:02:43","guid":{"rendered":"http:\/\/rowerowycieszyn.pl\/?p=829"},"modified":"2022-02-13T22:31:42","modified_gmt":"2022-02-13T21:31:42","slug":"zielony-wieden-pomysl-na-weekend","status":"publish","type":"post","link":"https:\/\/rowerowycieszyn.pl\/index.php\/2020\/11\/16\/zielony-wieden-pomysl-na-weekend\/","title":{"rendered":"Zielony Wiede\u0144 &#8211; pomys\u0142 na weekend"},"content":{"rendered":"\r\n<p>Chyba nie ma lepszego sposobu na zwiedzanie du\u017cych miast ni\u017c rowerem. Nie jeste\u015bmy uzale\u017cnieni od sieci po\u0142\u0105cze\u0144 (cho\u0107 te zwykle s\u0105 ca\u0142kiem przyzwoite) i stosunkowo szybko dotrzemy do rozproszonych w okolicy atrakcji. No i to, co zobaczymy po drodze, te\u017c warte jest dodatkowego wysi\u0142ku &#8211; cz\u0119sto spotykamy zaskakuj\u0105ce widoki i ciekawe miejsca, o kt\u00f3rych pisze niewiele przewodnik\u00f3w. Przyjemno\u015b\u0107 z przemieszczania si\u0119 rowerem jest jeszcze wi\u0119ksza, gdy trafiamy do miasta przyjaznego dla cyklist\u00f3w.<!--more--><\/p>\r\n\r\n\r\n\r\n<p>Jednym z takich miejsc jest Wiede\u0144, oferuj\u0105cy swoim mieszka\u0144com i turystom prawie 1300 kilometr\u00f3w dr\u00f3g rowerowych, tworz\u0105cych sp\u00f3jn\u0105 sie\u0107, pozwalaj\u0105c\u0105 znajdowa\u0107 nieko\u0144cz\u0105ce si\u0119 kombinacje atrakcyjnych tras.<\/p>\r\n<figure id=\"attachment_838\" aria-describedby=\"caption-attachment-838\" style=\"width: 2048px\" class=\"wp-caption alignnone\"><a href=\"http:\/\/rowerowycieszyn.pl\/wp-content\/uploads\/2020\/11\/P1040251_cr_tn.jpg\"><img loading=\"lazy\" decoding=\"async\" class=\"size-full wp-image-838\" src=\"http:\/\/rowerowycieszyn.pl\/wp-content\/uploads\/2020\/11\/P1040251_cr_tn.jpg\" alt=\"Katedra \u015bw. Stefana. Przy wielu parkingach samochodowych znajdziemy kilka miejsc na rowery.\" width=\"2048\" height=\"1365\" srcset=\"https:\/\/rowerowycieszyn.pl\/wp-content\/uploads\/2020\/11\/P1040251_cr_tn.jpg 2048w, https:\/\/rowerowycieszyn.pl\/wp-content\/uploads\/2020\/11\/P1040251_cr_tn-300x200.jpg 300w, https:\/\/rowerowycieszyn.pl\/wp-content\/uploads\/2020\/11\/P1040251_cr_tn-1024x683.jpg 1024w, https:\/\/rowerowycieszyn.pl\/wp-content\/uploads\/2020\/11\/P1040251_cr_tn-768x512.jpg 768w, https:\/\/rowerowycieszyn.pl\/wp-content\/uploads\/2020\/11\/P1040251_cr_tn-1536x1024.jpg 1536w\" sizes=\"auto, (max-width: 2048px) 100vw, 2048px\" \/><\/a><figcaption id=\"caption-attachment-838\" class=\"wp-caption-text\">Katedra \u015bw. Stefana. Przy parkingach samochodowych znajdziemy zwykle kilka miejsc na rowery.<\/figcaption><\/figure>\r\n\r\n\r\n\r\n<p>Wi\u0119kszo\u015bci turyst\u00f3w, kt\u00f3rzy odwiedzali Wiede\u0144, kojarzy si\u0119 on z <a href=\"https:\/\/pl.wikipedia.org\/wiki\/Katedra_%C5%9Bw._Szczepana_w_Wiedniu\">katedr\u0105 \u015awi\u0119tego Stefana<\/a> (przy okazji, w jej okolice akurat lepiej nie wybiera\u0107 si\u0119 rowerem, bo b\u0119dziemy musieli przepycha\u0107 si\u0119 przez t\u0142umy turyst\u00f3w), sprzedawcami bilet\u00f3w pod Oper\u0105, ubranymi w stroje z epoki, Gustawem Klimtem, czekoladowymi Mozartkugeln, pa\u0142acami <a href=\"https:\/\/pl.wikipedia.org\/wiki\/Pa%C5%82ac_Sch%C3%B6nbrunn\">Sch\u00f6nbrunn<\/a> i <a href=\"https:\/\/pl.wikipedia.org\/wiki\/Hofburg\">Hofburg<\/a>, szalonym Praterem czy wreszcie z obowi\u0105zkowym \u201epolskim akcentem\u201d czyli Kahlenbergiem.<\/p>\r\n<figure id=\"attachment_833\" aria-describedby=\"caption-attachment-833\" style=\"width: 2048px\" class=\"wp-caption alignnone\"><a href=\"http:\/\/rowerowycieszyn.pl\/wp-content\/uploads\/2020\/11\/P1040274_cr_tn.jpg\"><img loading=\"lazy\" decoding=\"async\" class=\"size-full wp-image-833\" src=\"http:\/\/rowerowycieszyn.pl\/wp-content\/uploads\/2020\/11\/P1040274_cr_tn.jpg\" alt=\"Pa\u0142ac Sch\u00f6nbrunn w burzowej oprawie. W pa\u0142acowym parku nie poje\u017adzimy rowerem, ale za to odpoczniemy w\u015br\u00f3d zieleni.\" width=\"2048\" height=\"1365\" srcset=\"https:\/\/rowerowycieszyn.pl\/wp-content\/uploads\/2020\/11\/P1040274_cr_tn.jpg 2048w, https:\/\/rowerowycieszyn.pl\/wp-content\/uploads\/2020\/11\/P1040274_cr_tn-300x200.jpg 300w, https:\/\/rowerowycieszyn.pl\/wp-content\/uploads\/2020\/11\/P1040274_cr_tn-1024x683.jpg 1024w, https:\/\/rowerowycieszyn.pl\/wp-content\/uploads\/2020\/11\/P1040274_cr_tn-768x512.jpg 768w, https:\/\/rowerowycieszyn.pl\/wp-content\/uploads\/2020\/11\/P1040274_cr_tn-1536x1024.jpg 1536w\" sizes=\"auto, (max-width: 2048px) 100vw, 2048px\" \/><\/a><figcaption id=\"caption-attachment-833\" class=\"wp-caption-text\">Pa\u0142ac Sch\u00f6nbrunn w burzowej oprawie. W pa\u0142acowym parku nie poje\u017adzimy rowerem, ale za to odpoczniemy w\u015br\u00f3d zieleni.<\/figcaption><\/figure>\r\n\r\n\r\n\r\n<p>Ale miasto ma o wiele, wiele wi\u0119cej do zaoferowania. Kto zboczy nieco z utartych wycieczkowych szlak\u00f3w, z zaskoczeniem odkryje, \u017ce w znacznej cz\u0119\u015bci Wiede\u0144 jest zielon\u0105 oaz\u0105 i przyjemnym miejscem na sp\u0119dzenie wiosennego lub letniego weekendu.<\/p>\r\n<figure id=\"attachment_848\" aria-describedby=\"caption-attachment-848\" style=\"width: 2048px\" class=\"wp-caption alignnone\"><a href=\"http:\/\/rowerowycieszyn.pl\/wp-content\/uploads\/2020\/11\/P1040217_cr_tn.jpg\"><img loading=\"lazy\" decoding=\"async\" class=\"size-full wp-image-848\" src=\"http:\/\/rowerowycieszyn.pl\/wp-content\/uploads\/2020\/11\/P1040217_cr_tn.jpg\" alt=\"Widok na most kolejowy Donastadtbr\u00fccke z mostu Praterbr\u00fccke.\" width=\"2048\" height=\"1365\" srcset=\"https:\/\/rowerowycieszyn.pl\/wp-content\/uploads\/2020\/11\/P1040217_cr_tn.jpg 2048w, https:\/\/rowerowycieszyn.pl\/wp-content\/uploads\/2020\/11\/P1040217_cr_tn-300x200.jpg 300w, https:\/\/rowerowycieszyn.pl\/wp-content\/uploads\/2020\/11\/P1040217_cr_tn-1024x683.jpg 1024w, https:\/\/rowerowycieszyn.pl\/wp-content\/uploads\/2020\/11\/P1040217_cr_tn-768x512.jpg 768w, https:\/\/rowerowycieszyn.pl\/wp-content\/uploads\/2020\/11\/P1040217_cr_tn-1536x1024.jpg 1536w\" sizes=\"auto, (max-width: 2048px) 100vw, 2048px\" \/><\/a><figcaption id=\"caption-attachment-848\" class=\"wp-caption-text\">Widok na most kolejowy Donaustadtbr\u00fccke z mostu Praterbr\u00fccke.<\/figcaption><\/figure>\r\n\r\n\r\n\r\n<p>Ogromn\u0105 rol\u0119 w zapewnieniu tego efektu odgrywa oczywi\u015bcie Dunaj. Nale\u017cy pami\u0119ta\u0107, \u017ce w Wiedniu ta rzeka nie p\u0142ynie pojedynczym nurtem, poniewa\u017c r\u00f3wnolegle do g\u0142\u00f3wnego koryta biegnie tzw. Neue Donau, czyli kana\u0142 wybudowany w celach przeciwpowodziowych w latach siedemdziesi\u0105tych i osiemdziesi\u0105tych dwudziestego wieku. W rezultacie tej inwestycji powsta\u0142a dwudziestokilometrowa wyspa Donauinsel, ulubione miejsce weekendowego grillowania wiede\u0144czyk\u00f3w.<\/p>\r\n<figure id=\"attachment_834\" aria-describedby=\"caption-attachment-834\" style=\"width: 2048px\" class=\"wp-caption alignnone\"><a href=\"http:\/\/rowerowycieszyn.pl\/wp-content\/uploads\/2020\/11\/P1040401_cr_tn.jpg\"><img loading=\"lazy\" decoding=\"async\" class=\"wp-image-834 size-full\" src=\"http:\/\/rowerowycieszyn.pl\/wp-content\/uploads\/2020\/11\/P1040401_cr_tn.jpg\" alt=\"Altedonau to zamkni\u0119te, czyste jezioro, dzi\u0119ki kt\u00f3remu w centrum miasta mo\u017cemy poczu\u0107 si\u0119 jak na wakacjach.\" width=\"2048\" height=\"1365\" srcset=\"https:\/\/rowerowycieszyn.pl\/wp-content\/uploads\/2020\/11\/P1040401_cr_tn.jpg 2048w, https:\/\/rowerowycieszyn.pl\/wp-content\/uploads\/2020\/11\/P1040401_cr_tn-300x200.jpg 300w, https:\/\/rowerowycieszyn.pl\/wp-content\/uploads\/2020\/11\/P1040401_cr_tn-1024x683.jpg 1024w, https:\/\/rowerowycieszyn.pl\/wp-content\/uploads\/2020\/11\/P1040401_cr_tn-768x512.jpg 768w, https:\/\/rowerowycieszyn.pl\/wp-content\/uploads\/2020\/11\/P1040401_cr_tn-1536x1024.jpg 1536w\" sizes=\"auto, (max-width: 2048px) 100vw, 2048px\" \/><\/a><figcaption id=\"caption-attachment-834\" class=\"wp-caption-text\">Altedonau to zamkni\u0119te, czyste jezioro, dzi\u0119ki kt\u00f3remu w centrum miasta mo\u017cemy poczu\u0107 si\u0119 jak na wakacjach.<\/figcaption><\/figure>\r\n\r\n\r\n\r\n<p>Jednak najciekawsz\u0105 atrakcj\u0105 sportowo-rekreacyjn\u0105 Wiednia jest moim zdaniem zamkni\u0119te starorzecze Dunaju, tworz\u0105ce pod\u0142u\u017cne, \u0142ukowate jezioro o nazwie, jak\u017ceby inaczej, Alte Donau. Znajdziemy tu spokojne ma\u0142e pla\u017cyczki, na kt\u00f3rych mo\u017cemy poopala\u0107 si\u0119 a nawet za\u017cy\u0107 k\u0105pieli, przygl\u0105daj\u0105c si\u0119 jednocze\u015bnie \u017cagl\u00f3wkom i windsurferom \u015bmigaj\u0105cym na tle nowoczesnych wysoko\u015bciowc\u00f3w UNO City, czyli <a href=\"https:\/\/pl.wikipedia.org\/wiki\/Vienna_International_Centre\">Vienna International Center<\/a> mieszcz\u0105cego agendy ONZ.<\/p>\r\n<figure id=\"attachment_858\" aria-describedby=\"caption-attachment-858\" style=\"width: 1620px\" class=\"wp-caption alignnone\"><a href=\"http:\/\/rowerowycieszyn.pl\/wp-content\/uploads\/2020\/11\/P1040173_cr_tn.jpg\"><img loading=\"lazy\" decoding=\"async\" class=\"size-full wp-image-858\" src=\"http:\/\/rowerowycieszyn.pl\/wp-content\/uploads\/2020\/11\/P1040173_cr_tn.jpg\" alt=\"Uno City, czyli w \u015brodku Vienna International Center\" width=\"1620\" height=\"1080\" srcset=\"https:\/\/rowerowycieszyn.pl\/wp-content\/uploads\/2020\/11\/P1040173_cr_tn.jpg 1620w, https:\/\/rowerowycieszyn.pl\/wp-content\/uploads\/2020\/11\/P1040173_cr_tn-300x200.jpg 300w, https:\/\/rowerowycieszyn.pl\/wp-content\/uploads\/2020\/11\/P1040173_cr_tn-1024x683.jpg 1024w, https:\/\/rowerowycieszyn.pl\/wp-content\/uploads\/2020\/11\/P1040173_cr_tn-768x512.jpg 768w, https:\/\/rowerowycieszyn.pl\/wp-content\/uploads\/2020\/11\/P1040173_cr_tn-1536x1024.jpg 1536w\" sizes=\"auto, (max-width: 1620px) 100vw, 1620px\" \/><\/a><figcaption id=\"caption-attachment-858\" class=\"wp-caption-text\">Uno City, czyli w \u015brodku Vienna International Center<\/figcaption><\/figure>\r\n<p>A\u00a0 ju\u017c kilkaset metr\u00f3w za tym nowoczesnym centrum biurowym, natrafimy na chilloutowe klimaty Zatopionego Miasta, gdzie warto wst\u0105pi\u0107 do tawerny na jednej z przycumowanych barek, by co\u015b przek\u0105si\u0107 popijaj\u0105c almdudlerem i przygl\u0105daj\u0105c si\u0119 rozta\u0144czonym amatorom salsy.<\/p>\r\n<p>Taki jest w\u0142a\u015bnie Wiede\u0144 \u2013 po\u0142\u0105czenie tradycji z nowoczesno\u015bci\u0105, techniki z czyst\u0105 przyrod\u0105, wielkiego miasta ze spokojem zatopionych w zieleni przedmie\u015b\u0107, wielkomiejskiego szyku z wakacyjnym luzem. Nic dziwnego, \u017ce stolica Austrii od lat przewodzi <a href=\"https:\/\/www.polityka.pl\/tygodnikpolityka\/ludzieistyle\/1743048,1,wieden-najlepszym-miastem-do-zycia-na-swiecie.read\">rankingowi najbardziej przyjaznych miast do \u017cycia na \u015bwiecie<\/a>.<\/p>\r\n<figure id=\"attachment_840\" aria-describedby=\"caption-attachment-840\" style=\"width: 2048px\" class=\"wp-caption alignnone\"><a href=\"http:\/\/rowerowycieszyn.pl\/wp-content\/uploads\/2020\/11\/P1040270_cr_tn.jpg\"><img loading=\"lazy\" decoding=\"async\" class=\"size-full wp-image-840\" src=\"http:\/\/rowerowycieszyn.pl\/wp-content\/uploads\/2020\/11\/P1040270_cr_tn.jpg\" alt=\"Mo\u017cliwo\u015b\u0107 jazdy rowerem drog\u0105 jednokierunkow\u0105 pod pr\u0105d to powszechnie stosowane rozwi\u0105zanie w Wiedniu.\" width=\"2048\" height=\"1365\" srcset=\"https:\/\/rowerowycieszyn.pl\/wp-content\/uploads\/2020\/11\/P1040270_cr_tn.jpg 2048w, https:\/\/rowerowycieszyn.pl\/wp-content\/uploads\/2020\/11\/P1040270_cr_tn-300x200.jpg 300w, https:\/\/rowerowycieszyn.pl\/wp-content\/uploads\/2020\/11\/P1040270_cr_tn-1024x683.jpg 1024w, https:\/\/rowerowycieszyn.pl\/wp-content\/uploads\/2020\/11\/P1040270_cr_tn-768x512.jpg 768w, https:\/\/rowerowycieszyn.pl\/wp-content\/uploads\/2020\/11\/P1040270_cr_tn-1536x1024.jpg 1536w\" sizes=\"auto, (max-width: 2048px) 100vw, 2048px\" \/><\/a><figcaption id=\"caption-attachment-840\" class=\"wp-caption-text\">Mo\u017cliwo\u015b\u0107 jazdy rowerem drog\u0105 jednokierunkow\u0105 pod pr\u0105d to powszechnie stosowane rozwi\u0105zanie we Wiedniu.<\/figcaption><\/figure>\r\n\r\n\r\n\r\n<p>Tych, kt\u00f3rzy wybior\u0105 si\u0119 tu rowerem zachwycaj\u0105 szczeg\u00f3lnie r\u00f3\u017cne rozwi\u0105zania infrastrukturalne, elegancko wplecione w tkank\u0119 miasta \u2013 drogi rowerowe ci\u0105gn\u0105ce si\u0119 wzd\u0142u\u017c wybrze\u017cy, dobrze zaplanowane miejsca postojowe a w szczeg\u00f3lno\u015bci mosty, wysoko zawieszone nad wodami Dunaju z uwagi na przep\u0142ywaj\u0105ce rzek\u0105 statki i barki. Wi\u0119kszo\u015bci\u0105 z nich rowerzy\u015bci \u0142atwo dostan\u0105 si\u0119 na drugi brzeg. Jednak nie b\u0119dziemy przemieszczali si\u0119 w s\u0105siedztwie ruchliwych i ha\u0142a\u015bliwych tras samochodowych, lecz raczej skorzystamy z specjalnie wybudowanych k\u0142adek, podwieszonych po bokach lub poni\u017cej nawierzchni.<\/p>\r\n<figure id=\"attachment_842\" aria-describedby=\"caption-attachment-842\" style=\"width: 2048px\" class=\"wp-caption alignnone\"><a href=\"http:\/\/rowerowycieszyn.pl\/wp-content\/uploads\/2020\/11\/P1040227_cr_tn.jpg\"><img loading=\"lazy\" decoding=\"async\" class=\"size-full wp-image-842\" src=\"http:\/\/rowerowycieszyn.pl\/wp-content\/uploads\/2020\/11\/P1040227_cr_tn.jpg\" alt=\"Droga rowerowa podwieszona pod mostem Praterbr\u00fccke.\" width=\"2048\" height=\"1365\" srcset=\"https:\/\/rowerowycieszyn.pl\/wp-content\/uploads\/2020\/11\/P1040227_cr_tn.jpg 2048w, https:\/\/rowerowycieszyn.pl\/wp-content\/uploads\/2020\/11\/P1040227_cr_tn-300x200.jpg 300w, https:\/\/rowerowycieszyn.pl\/wp-content\/uploads\/2020\/11\/P1040227_cr_tn-1024x683.jpg 1024w, https:\/\/rowerowycieszyn.pl\/wp-content\/uploads\/2020\/11\/P1040227_cr_tn-768x512.jpg 768w, https:\/\/rowerowycieszyn.pl\/wp-content\/uploads\/2020\/11\/P1040227_cr_tn-1536x1024.jpg 1536w\" sizes=\"auto, (max-width: 2048px) 100vw, 2048px\" \/><\/a><figcaption id=\"caption-attachment-842\" class=\"wp-caption-text\">Droga rowerowa podwieszona pod mostem Praterbr\u00fccke. Roztaczaj\u0105 si\u0119 z niej pi\u0119kne widoki na oba brzegi Dunaju.<\/figcaption><\/figure>\r\n\r\n\r\n\r\n<figure id=\"attachment_843\" aria-describedby=\"caption-attachment-843\" style=\"width: 2048px\" class=\"wp-caption alignnone\"><a href=\"http:\/\/rowerowycieszyn.pl\/wp-content\/uploads\/2020\/11\/P1040223_cr_tn.jpg\"><img loading=\"lazy\" decoding=\"async\" class=\"wp-image-843 size-full\" src=\"http:\/\/rowerowycieszyn.pl\/wp-content\/uploads\/2020\/11\/P1040223_cr_tn.jpg\" alt=\"Poniewa\u017c mosty wznosz\u0105 si\u0119 wysoko nad lustrem wody, austriaccy projektanci zaplanowali \u015blimakowe podjazdy dla rowerzyst\u00f3w. Dzi\u0119ki nim pochy\u0142o\u015b\u0107 staje si\u0119 znacznie \u0142agodniejsza i bardzo szybko mo\u017cna wspi\u0105\u0107 si\u0119 na wysoko\u015b\u0107 k\u0142adki rowerowej.\" width=\"2048\" height=\"1365\" srcset=\"https:\/\/rowerowycieszyn.pl\/wp-content\/uploads\/2020\/11\/P1040223_cr_tn.jpg 2048w, https:\/\/rowerowycieszyn.pl\/wp-content\/uploads\/2020\/11\/P1040223_cr_tn-300x200.jpg 300w, https:\/\/rowerowycieszyn.pl\/wp-content\/uploads\/2020\/11\/P1040223_cr_tn-1024x683.jpg 1024w, https:\/\/rowerowycieszyn.pl\/wp-content\/uploads\/2020\/11\/P1040223_cr_tn-768x512.jpg 768w, https:\/\/rowerowycieszyn.pl\/wp-content\/uploads\/2020\/11\/P1040223_cr_tn-1536x1024.jpg 1536w\" sizes=\"auto, (max-width: 2048px) 100vw, 2048px\" \/><\/a><figcaption id=\"caption-attachment-843\" class=\"wp-caption-text\">Poniewa\u017c mosty wznosz\u0105 si\u0119 wysoko nad lustrem wody, austriaccy projektanci zaplanowali \u015blimakowe podjazdy dla rowerzyst\u00f3w. Dzi\u0119ki nim pochy\u0142o\u015b\u0107 staje si\u0119 znacznie \u0142agodniejsza i bardzo szybko mo\u017cna wspi\u0105\u0107 si\u0119 na wysoko\u015b\u0107 k\u0142adki rowerowej.<\/figcaption><\/figure>\r\n<p>Wiede\u0144 jest te\u017c \u015bwietnym miejscem na rozpocz\u0119cie lub zako\u0144czenie d\u0142u\u017cszej rowerowej wyprawy. Na przyk\u0142ad mo\u017cna wyruszy\u0107 s\u0142ynn\u0105 <a href=\"https:\/\/www.donau-rad-weg.de\/donau-radweg\/regensburg-wien.10201.html\">Donauradweg<\/a> prowadz\u0105c\u0105 a\u017c do Regensburga. Nie musimy jednak od razu realizowa\u0107 tak ambitnych cel\u00f3w &#8211; wystarczy, je\u017celi zaplanujemy sobie jednodniow\u0105 wycieczk\u0119 wzd\u0142u\u017c &#8222;modrych fal&#8221; do <a href=\"https:\/\/pl.wikipedia.org\/wiki\/Opactwo_w_Klosterneuburgu\">Klosterenburga<\/a> lub (dla bardziej wymagaj\u0105cych) do Tulln.<\/p>\r\n<figure id=\"attachment_835\" aria-describedby=\"caption-attachment-835\" style=\"width: 2048px\" class=\"wp-caption alignnone\"><a href=\"http:\/\/rowerowycieszyn.pl\/wp-content\/uploads\/2020\/11\/P1040455_cr_tn.jpg\"><img loading=\"lazy\" decoding=\"async\" class=\"size-full wp-image-835\" src=\"http:\/\/rowerowycieszyn.pl\/wp-content\/uploads\/2020\/11\/P1040455_cr_tn.jpg\" alt=\"Pod\u0105\u017caj\u0105c wzd\u0142u\u017c Dunaju co chwila spotykamy malownicze widoki.\" width=\"2048\" height=\"1365\" srcset=\"https:\/\/rowerowycieszyn.pl\/wp-content\/uploads\/2020\/11\/P1040455_cr_tn.jpg 2048w, https:\/\/rowerowycieszyn.pl\/wp-content\/uploads\/2020\/11\/P1040455_cr_tn-300x200.jpg 300w, https:\/\/rowerowycieszyn.pl\/wp-content\/uploads\/2020\/11\/P1040455_cr_tn-1024x683.jpg 1024w, https:\/\/rowerowycieszyn.pl\/wp-content\/uploads\/2020\/11\/P1040455_cr_tn-768x512.jpg 768w, https:\/\/rowerowycieszyn.pl\/wp-content\/uploads\/2020\/11\/P1040455_cr_tn-1536x1024.jpg 1536w\" sizes=\"auto, (max-width: 2048px) 100vw, 2048px\" \/><\/a><figcaption id=\"caption-attachment-835\" class=\"wp-caption-text\">Pod\u0105\u017caj\u0105c wzd\u0142u\u017c Dunaju co chwila spotykamy malownicze widoki.<\/figcaption><\/figure>\r\n\r\n\r\n\r\n<p>A wszystko to mamy prawie pod nosem &#8211; od Wiednia dziel\u0105 nas niespe\u0142na cztery godziny jazdy samochodem. Zacznijmy wi\u0119c ju\u017c planowa\u0107. Wcale nie tak wiele czasu pozosta\u0142o do pierwszych ciep\u0142ych, wiosennych weekend\u00f3w. Bo przecie\u017c &#8222;ta zima kiedy\u015b musi min\u0105\u0107&#8221; i &#8222;jeszcze b\u0119dzie przepi\u0119knie, jeszcze b\u0119dzie normalnie&#8221;.<\/p>\r\n<p style=\"text-align: right;\">Piotr Stok\u0142osa<\/p>\r\n<p style=\"text-align: left;\"><strong>Zobacz wi\u0119cej zdj\u0119\u0107 w galerii:<br \/><\/strong><\/p>\r\n<div id='gallery-1' class='gallery galleryid-829 gallery-columns-3 gallery-size-thumbnail'><figure class='gallery-item'>\n\t\t\t<div class='gallery-icon landscape'>\n\t\t\t\t<a href='https:\/\/rowerowycieszyn.pl\/wp-content\/uploads\/2020\/11\/P1040274_cr_tn.jpg'><img loading=\"lazy\" decoding=\"async\" width=\"150\" height=\"150\" src=\"https:\/\/rowerowycieszyn.pl\/wp-content\/uploads\/2020\/11\/P1040274_cr_tn-150x150.jpg\" class=\"attachment-thumbnail size-thumbnail\" alt=\"Pa\u0142ac Sch\u00f6nbrunn w burzowej oprawie. W pa\u0142acowym parku nie poje\u017adzimy rowerem, ale za to odpoczniemy w\u015br\u00f3d zieleni.\" aria-describedby=\"gallery-1-833\" srcset=\"https:\/\/rowerowycieszyn.pl\/wp-content\/uploads\/2020\/11\/P1040274_cr_tn-150x150.jpg 150w, https:\/\/rowerowycieszyn.pl\/wp-content\/uploads\/2020\/11\/P1040274_cr_tn-100x100.jpg 100w\" sizes=\"auto, (max-width: 150px) 100vw, 150px\" \/><\/a>\n\t\t\t<\/div>\n\t\t\t\t<figcaption class='wp-caption-text gallery-caption' id='gallery-1-833'>\n\t\t\t\tPa\u0142ac Sch\u00f6nbrunn w burzowej oprawie. W pa\u0142acowym parku nie poje\u017adzimy rowerem, ale za to odpoczniemy w\u015br\u00f3d zieleni.\n\t\t\t\t<\/figcaption><\/figure><figure class='gallery-item'>\n\t\t\t<div class='gallery-icon landscape'>\n\t\t\t\t<a href='https:\/\/rowerowycieszyn.pl\/wp-content\/uploads\/2020\/11\/P1040139_cr_tn.jpg'><img loading=\"lazy\" decoding=\"async\" width=\"150\" height=\"150\" src=\"https:\/\/rowerowycieszyn.pl\/wp-content\/uploads\/2020\/11\/P1040139_cr_tn-150x150.jpg\" class=\"attachment-thumbnail size-thumbnail\" alt=\"Wiede\u0144 to miasto godz\u0105ce nowoczesno\u015b\u0107 z natur\u0105 i wypoczynkiem.\" aria-describedby=\"gallery-1-857\" srcset=\"https:\/\/rowerowycieszyn.pl\/wp-content\/uploads\/2020\/11\/P1040139_cr_tn-150x150.jpg 150w, https:\/\/rowerowycieszyn.pl\/wp-content\/uploads\/2020\/11\/P1040139_cr_tn-100x100.jpg 100w\" sizes=\"auto, (max-width: 150px) 100vw, 150px\" \/><\/a>\n\t\t\t<\/div>\n\t\t\t\t<figcaption class='wp-caption-text gallery-caption' id='gallery-1-857'>\n\t\t\t\tWiede\u0144 to miasto godz\u0105ce nowoczesno\u015b\u0107 z natur\u0105 i wypoczynkiem.\n\t\t\t\t<\/figcaption><\/figure><figure class='gallery-item'>\n\t\t\t<div class='gallery-icon landscape'>\n\t\t\t\t<a href='https:\/\/rowerowycieszyn.pl\/wp-content\/uploads\/2020\/11\/P1040401_cr_tn.jpg'><img loading=\"lazy\" decoding=\"async\" width=\"150\" height=\"150\" src=\"https:\/\/rowerowycieszyn.pl\/wp-content\/uploads\/2020\/11\/P1040401_cr_tn-150x150.jpg\" class=\"attachment-thumbnail size-thumbnail\" alt=\"Altedonau to zamkni\u0119te, czyste jezioro, dzi\u0119ki kt\u00f3remu w centrum miasta mo\u017cemy poczu\u0107 si\u0119 jak na wakacjach.\" aria-describedby=\"gallery-1-834\" srcset=\"https:\/\/rowerowycieszyn.pl\/wp-content\/uploads\/2020\/11\/P1040401_cr_tn-150x150.jpg 150w, https:\/\/rowerowycieszyn.pl\/wp-content\/uploads\/2020\/11\/P1040401_cr_tn-100x100.jpg 100w\" sizes=\"auto, (max-width: 150px) 100vw, 150px\" \/><\/a>\n\t\t\t<\/div>\n\t\t\t\t<figcaption class='wp-caption-text gallery-caption' id='gallery-1-834'>\n\t\t\t\tAltedonau to zamkni\u0119te, czyste jezioro, dzi\u0119ki kt\u00f3remu w centrum miasta mo\u017cemy poczu\u0107 si\u0119 jak na wakacjach.\n\t\t\t\t<\/figcaption><\/figure><figure class='gallery-item'>\n\t\t\t<div class='gallery-icon landscape'>\n\t\t\t\t<a href='https:\/\/rowerowycieszyn.pl\/wp-content\/uploads\/2020\/11\/P1040455_cr_tn.jpg'><img loading=\"lazy\" decoding=\"async\" width=\"150\" height=\"150\" src=\"https:\/\/rowerowycieszyn.pl\/wp-content\/uploads\/2020\/11\/P1040455_cr_tn-150x150.jpg\" class=\"attachment-thumbnail size-thumbnail\" alt=\"Pod\u0105\u017caj\u0105c wzd\u0142u\u017c Dunaju co chwila spotykamy malownicze widoki.\" aria-describedby=\"gallery-1-835\" srcset=\"https:\/\/rowerowycieszyn.pl\/wp-content\/uploads\/2020\/11\/P1040455_cr_tn-150x150.jpg 150w, https:\/\/rowerowycieszyn.pl\/wp-content\/uploads\/2020\/11\/P1040455_cr_tn-100x100.jpg 100w\" sizes=\"auto, (max-width: 150px) 100vw, 150px\" \/><\/a>\n\t\t\t<\/div>\n\t\t\t\t<figcaption class='wp-caption-text gallery-caption' id='gallery-1-835'>\n\t\t\t\tPod\u0105\u017caj\u0105c wzd\u0142u\u017c Dunaju co chwila spotykamy malownicze widoki.\n\t\t\t\t<\/figcaption><\/figure><figure class='gallery-item'>\n\t\t\t<div class='gallery-icon landscape'>\n\t\t\t\t<a href='https:\/\/rowerowycieszyn.pl\/wp-content\/uploads\/2020\/11\/P1040236_cr_tn.jpg'><img loading=\"lazy\" decoding=\"async\" width=\"150\" height=\"150\" src=\"https:\/\/rowerowycieszyn.pl\/wp-content\/uploads\/2020\/11\/P1040236_cr_tn-150x150.jpg\" class=\"attachment-thumbnail size-thumbnail\" alt=\"W centrum Wiednia na niewielkiej przestrzeni musz\u0105 si\u0119 zmie\u015bci\u0107 drogi, tory kolejowe i kana\u0142y.\" aria-describedby=\"gallery-1-836\" srcset=\"https:\/\/rowerowycieszyn.pl\/wp-content\/uploads\/2020\/11\/P1040236_cr_tn-150x150.jpg 150w, https:\/\/rowerowycieszyn.pl\/wp-content\/uploads\/2020\/11\/P1040236_cr_tn-100x100.jpg 100w\" sizes=\"auto, (max-width: 150px) 100vw, 150px\" \/><\/a>\n\t\t\t<\/div>\n\t\t\t\t<figcaption class='wp-caption-text gallery-caption' id='gallery-1-836'>\n\t\t\t\tW centrum Wiednia na niewielkiej przestrzeni musz\u0105 si\u0119 zmie\u015bci\u0107 drogi, tory kolejowe i kana\u0142y.\n\t\t\t\t<\/figcaption><\/figure><figure class='gallery-item'>\n\t\t\t<div class='gallery-icon landscape'>\n\t\t\t\t<a href='https:\/\/rowerowycieszyn.pl\/wp-content\/uploads\/2020\/11\/P1040422_cr_tn.jpg'><img loading=\"lazy\" decoding=\"async\" width=\"150\" height=\"150\" src=\"https:\/\/rowerowycieszyn.pl\/wp-content\/uploads\/2020\/11\/P1040422_cr_tn-150x150.jpg\" class=\"attachment-thumbnail size-thumbnail\" alt=\"Wzd\u0142u\u017c prawie ka\u017cdej drogi wodnej znajdziemy r\u00f3wnie\u017c drog\u0119 rowerow\u0105.\" aria-describedby=\"gallery-1-837\" srcset=\"https:\/\/rowerowycieszyn.pl\/wp-content\/uploads\/2020\/11\/P1040422_cr_tn-150x150.jpg 150w, https:\/\/rowerowycieszyn.pl\/wp-content\/uploads\/2020\/11\/P1040422_cr_tn-100x100.jpg 100w\" sizes=\"auto, (max-width: 150px) 100vw, 150px\" \/><\/a>\n\t\t\t<\/div>\n\t\t\t\t<figcaption class='wp-caption-text gallery-caption' id='gallery-1-837'>\n\t\t\t\tWzd\u0142u\u017c prawie ka\u017cdej drogi wodnej znajdziemy r\u00f3wnie\u017c drog\u0119 rowerow\u0105.\n\t\t\t\t<\/figcaption><\/figure><figure class='gallery-item'>\n\t\t\t<div class='gallery-icon landscape'>\n\t\t\t\t<a href='https:\/\/rowerowycieszyn.pl\/wp-content\/uploads\/2020\/11\/P1040227_cr_tn.jpg'><img loading=\"lazy\" decoding=\"async\" width=\"150\" height=\"150\" src=\"https:\/\/rowerowycieszyn.pl\/wp-content\/uploads\/2020\/11\/P1040227_cr_tn-150x150.jpg\" class=\"attachment-thumbnail size-thumbnail\" alt=\"Droga rowerowa podwieszona pod mostem Praterbr\u00fccke.\" aria-describedby=\"gallery-1-842\" srcset=\"https:\/\/rowerowycieszyn.pl\/wp-content\/uploads\/2020\/11\/P1040227_cr_tn-150x150.jpg 150w, https:\/\/rowerowycieszyn.pl\/wp-content\/uploads\/2020\/11\/P1040227_cr_tn-100x100.jpg 100w\" sizes=\"auto, (max-width: 150px) 100vw, 150px\" \/><\/a>\n\t\t\t<\/div>\n\t\t\t\t<figcaption class='wp-caption-text gallery-caption' id='gallery-1-842'>\n\t\t\t\tDroga rowerowa podwieszona pod mostem Praterbr\u00fccke.\n\t\t\t\t<\/figcaption><\/figure><figure class='gallery-item'>\n\t\t\t<div class='gallery-icon landscape'>\n\t\t\t\t<a href='https:\/\/rowerowycieszyn.pl\/wp-content\/uploads\/2020\/11\/P1040125_cr_tn.jpg'><img loading=\"lazy\" decoding=\"async\" width=\"150\" height=\"150\" src=\"https:\/\/rowerowycieszyn.pl\/wp-content\/uploads\/2020\/11\/P1040125_cr_tn-150x150.jpg\" class=\"attachment-thumbnail size-thumbnail\" alt=\"Chodnik i droga dla rower\u00f3w pod mostem Praterbr\u00fccke\" aria-describedby=\"gallery-1-841\" srcset=\"https:\/\/rowerowycieszyn.pl\/wp-content\/uploads\/2020\/11\/P1040125_cr_tn-150x150.jpg 150w, https:\/\/rowerowycieszyn.pl\/wp-content\/uploads\/2020\/11\/P1040125_cr_tn-100x100.jpg 100w\" sizes=\"auto, (max-width: 150px) 100vw, 150px\" \/><\/a>\n\t\t\t<\/div>\n\t\t\t\t<figcaption class='wp-caption-text gallery-caption' id='gallery-1-841'>\n\t\t\t\tChodnik i droga dla rower\u00f3w pod mostem Praterbr\u00fccke\n\t\t\t\t<\/figcaption><\/figure><figure class='gallery-item'>\n\t\t\t<div class='gallery-icon landscape'>\n\t\t\t\t<a href='https:\/\/rowerowycieszyn.pl\/wp-content\/uploads\/2020\/11\/P1040270_cr_tn.jpg'><img loading=\"lazy\" decoding=\"async\" width=\"150\" height=\"150\" src=\"https:\/\/rowerowycieszyn.pl\/wp-content\/uploads\/2020\/11\/P1040270_cr_tn-150x150.jpg\" class=\"attachment-thumbnail size-thumbnail\" alt=\"Mo\u017cliwo\u015b\u0107 jazdy rowerem drog\u0105 jednokierunkow\u0105 pod pr\u0105d to powszechnie stosowane rozwi\u0105zanie w Wiedniu.\" aria-describedby=\"gallery-1-840\" srcset=\"https:\/\/rowerowycieszyn.pl\/wp-content\/uploads\/2020\/11\/P1040270_cr_tn-150x150.jpg 150w, https:\/\/rowerowycieszyn.pl\/wp-content\/uploads\/2020\/11\/P1040270_cr_tn-100x100.jpg 100w\" sizes=\"auto, (max-width: 150px) 100vw, 150px\" \/><\/a>\n\t\t\t<\/div>\n\t\t\t\t<figcaption class='wp-caption-text gallery-caption' id='gallery-1-840'>\n\t\t\t\tMo\u017cliwo\u015b\u0107 jazdy rowerem drog\u0105 jednokierunkow\u0105 pod pr\u0105d to powszechnie stosowane rozwi\u0105zanie w Wiedniu.\n\t\t\t\t<\/figcaption><\/figure><figure class='gallery-item'>\n\t\t\t<div class='gallery-icon landscape'>\n\t\t\t\t<a href='https:\/\/rowerowycieszyn.pl\/wp-content\/uploads\/2020\/11\/P1040475_cr_tn.jpg'><img loading=\"lazy\" decoding=\"async\" width=\"150\" height=\"150\" src=\"https:\/\/rowerowycieszyn.pl\/wp-content\/uploads\/2020\/11\/P1040475_cr_tn-150x150.jpg\" class=\"attachment-thumbnail size-thumbnail\" alt=\"W Austrii ziele\u0144 zawsze pi\u0119knie komponuje si\u0119 ze star\u0105 architektur\u0105. Opactwo w Klosterenburgu.\" aria-describedby=\"gallery-1-839\" srcset=\"https:\/\/rowerowycieszyn.pl\/wp-content\/uploads\/2020\/11\/P1040475_cr_tn-150x150.jpg 150w, https:\/\/rowerowycieszyn.pl\/wp-content\/uploads\/2020\/11\/P1040475_cr_tn-100x100.jpg 100w\" sizes=\"auto, (max-width: 150px) 100vw, 150px\" \/><\/a>\n\t\t\t<\/div>\n\t\t\t\t<figcaption class='wp-caption-text gallery-caption' id='gallery-1-839'>\n\t\t\t\tW Austrii ziele\u0144 zawsze pi\u0119knie komponuje si\u0119 ze star\u0105 architektur\u0105. Opactwo w Klosterenburgu. \n\t\t\t\t<\/figcaption><\/figure><figure class='gallery-item'>\n\t\t\t<div class='gallery-icon landscape'>\n\t\t\t\t<a href='https:\/\/rowerowycieszyn.pl\/wp-content\/uploads\/2020\/11\/P1040251_cr_tn.jpg'><img loading=\"lazy\" decoding=\"async\" width=\"150\" height=\"150\" src=\"https:\/\/rowerowycieszyn.pl\/wp-content\/uploads\/2020\/11\/P1040251_cr_tn-150x150.jpg\" class=\"attachment-thumbnail size-thumbnail\" alt=\"Katedra \u015bw. Stefana. Przy wielu parkingach samochodowych znajdziemy kilka miejsc na rowery.\" aria-describedby=\"gallery-1-838\" srcset=\"https:\/\/rowerowycieszyn.pl\/wp-content\/uploads\/2020\/11\/P1040251_cr_tn-150x150.jpg 150w, https:\/\/rowerowycieszyn.pl\/wp-content\/uploads\/2020\/11\/P1040251_cr_tn-100x100.jpg 100w\" sizes=\"auto, (max-width: 150px) 100vw, 150px\" \/><\/a>\n\t\t\t<\/div>\n\t\t\t\t<figcaption class='wp-caption-text gallery-caption' id='gallery-1-838'>\n\t\t\t\tKatedra \u015bw. Stefana. Przy wielu parkingach samochodowych znajdziemy kilka miejsc na rowery.\n\t\t\t\t<\/figcaption><\/figure><figure class='gallery-item'>\n\t\t\t<div class='gallery-icon landscape'>\n\t\t\t\t<a href='https:\/\/rowerowycieszyn.pl\/wp-content\/uploads\/2020\/11\/P1040544_cr_tn.jpg'><img loading=\"lazy\" decoding=\"async\" width=\"150\" height=\"150\" src=\"https:\/\/rowerowycieszyn.pl\/wp-content\/uploads\/2020\/11\/P1040544_cr_tn-150x150.jpg\" class=\"attachment-thumbnail size-thumbnail\" alt=\"Zach\u00f3d na Wiedniem. W oddali wzg\u00f3rza Kahlenbergu.\" aria-describedby=\"gallery-1-847\" srcset=\"https:\/\/rowerowycieszyn.pl\/wp-content\/uploads\/2020\/11\/P1040544_cr_tn-150x150.jpg 150w, https:\/\/rowerowycieszyn.pl\/wp-content\/uploads\/2020\/11\/P1040544_cr_tn-100x100.jpg 100w\" sizes=\"auto, (max-width: 150px) 100vw, 150px\" \/><\/a>\n\t\t\t<\/div>\n\t\t\t\t<figcaption class='wp-caption-text gallery-caption' id='gallery-1-847'>\n\t\t\t\tZach\u00f3d na Wiedniem. W oddali wzg\u00f3rza Kahlenbergu.\n\t\t\t\t<\/figcaption><\/figure><figure class='gallery-item'>\n\t\t\t<div class='gallery-icon landscape'>\n\t\t\t\t<a href='https:\/\/rowerowycieszyn.pl\/wp-content\/uploads\/2020\/11\/P1040525_cr_tn.jpg'><img loading=\"lazy\" decoding=\"async\" width=\"150\" height=\"150\" src=\"https:\/\/rowerowycieszyn.pl\/wp-content\/uploads\/2020\/11\/P1040525_cr_tn-150x150.jpg\" class=\"attachment-thumbnail size-thumbnail\" alt=\"Droga rowerowa i chodnik pod mostem Reichsbr\u00fccke z widokiem na Donau City.\" aria-describedby=\"gallery-1-846\" srcset=\"https:\/\/rowerowycieszyn.pl\/wp-content\/uploads\/2020\/11\/P1040525_cr_tn-150x150.jpg 150w, https:\/\/rowerowycieszyn.pl\/wp-content\/uploads\/2020\/11\/P1040525_cr_tn-100x100.jpg 100w\" sizes=\"auto, (max-width: 150px) 100vw, 150px\" \/><\/a>\n\t\t\t<\/div>\n\t\t\t\t<figcaption class='wp-caption-text gallery-caption' id='gallery-1-846'>\n\t\t\t\tDroga rowerowa i chodnik pod mostem Reichsbr\u00fccke z widokiem na Donau City.\n\t\t\t\t<\/figcaption><\/figure><figure class='gallery-item'>\n\t\t\t<div class='gallery-icon landscape'>\n\t\t\t\t<a href='https:\/\/rowerowycieszyn.pl\/wp-content\/uploads\/2020\/11\/P1040441_cr_tn.jpg'><img loading=\"lazy\" decoding=\"async\" width=\"150\" height=\"150\" src=\"https:\/\/rowerowycieszyn.pl\/wp-content\/uploads\/2020\/11\/P1040441_cr_tn-150x150.jpg\" class=\"attachment-thumbnail size-thumbnail\" alt=\"Niekt\u00f3re dawne trasy samochodowe s\u0105 dzi\u015b autostradami rowerowymi.\" aria-describedby=\"gallery-1-845\" srcset=\"https:\/\/rowerowycieszyn.pl\/wp-content\/uploads\/2020\/11\/P1040441_cr_tn-150x150.jpg 150w, https:\/\/rowerowycieszyn.pl\/wp-content\/uploads\/2020\/11\/P1040441_cr_tn-100x100.jpg 100w\" sizes=\"auto, (max-width: 150px) 100vw, 150px\" \/><\/a>\n\t\t\t<\/div>\n\t\t\t\t<figcaption class='wp-caption-text gallery-caption' id='gallery-1-845'>\n\t\t\t\tNiekt\u00f3re dawne trasy samochodowe s\u0105 dzi\u015b autostradami rowerowymi.\n\t\t\t\t<\/figcaption><\/figure><figure class='gallery-item'>\n\t\t\t<div class='gallery-icon landscape'>\n\t\t\t\t<a href='https:\/\/rowerowycieszyn.pl\/wp-content\/uploads\/2020\/11\/P1040450_cr_tn.jpg'><img loading=\"lazy\" decoding=\"async\" width=\"150\" height=\"150\" src=\"https:\/\/rowerowycieszyn.pl\/wp-content\/uploads\/2020\/11\/P1040450_cr_tn-150x150.jpg\" class=\"attachment-thumbnail size-thumbnail\" alt=\"Wolne przestrzenie pod wiaduktami wzd\u0142u\u017c Dunaju zagospodarowano na drogi rowerowe.\" aria-describedby=\"gallery-1-844\" srcset=\"https:\/\/rowerowycieszyn.pl\/wp-content\/uploads\/2020\/11\/P1040450_cr_tn-150x150.jpg 150w, https:\/\/rowerowycieszyn.pl\/wp-content\/uploads\/2020\/11\/P1040450_cr_tn-100x100.jpg 100w\" sizes=\"auto, (max-width: 150px) 100vw, 150px\" \/><\/a>\n\t\t\t<\/div>\n\t\t\t\t<figcaption class='wp-caption-text gallery-caption' id='gallery-1-844'>\n\t\t\t\tWolne przestrzenie pod wiaduktami wzd\u0142u\u017c Dunaju zagospodarowano na drogi rowerowe.\n\t\t\t\t<\/figcaption><\/figure><figure class='gallery-item'>\n\t\t\t<div class='gallery-icon landscape'>\n\t\t\t\t<a href='https:\/\/rowerowycieszyn.pl\/wp-content\/uploads\/2020\/11\/P1040223_cr_tn.jpg'><img loading=\"lazy\" decoding=\"async\" width=\"150\" height=\"150\" src=\"https:\/\/rowerowycieszyn.pl\/wp-content\/uploads\/2020\/11\/P1040223_cr_tn-150x150.jpg\" class=\"attachment-thumbnail size-thumbnail\" alt=\"Dzi\u0119ki \u015blimakowemu podjazdowi \u0142atwo mo\u017cna wspi\u0105\u0107 si\u0119 na wysoko\u015b\u0107 k\u0142adki rowerowej ci\u0105gn\u0105cej si\u0119 wzd\u0142u\u017c mostu.\" aria-describedby=\"gallery-1-843\" srcset=\"https:\/\/rowerowycieszyn.pl\/wp-content\/uploads\/2020\/11\/P1040223_cr_tn-150x150.jpg 150w, https:\/\/rowerowycieszyn.pl\/wp-content\/uploads\/2020\/11\/P1040223_cr_tn-100x100.jpg 100w\" sizes=\"auto, (max-width: 150px) 100vw, 150px\" \/><\/a>\n\t\t\t<\/div>\n\t\t\t\t<figcaption class='wp-caption-text gallery-caption' id='gallery-1-843'>\n\t\t\t\tDzi\u0119ki \u015blimakowemu podjazdowi \u0142atwo mo\u017cna wspi\u0105\u0107 si\u0119 na wysoko\u015b\u0107 k\u0142adki rowerowej ci\u0105gn\u0105cej si\u0119 wzd\u0142u\u017c mostu.\n\t\t\t\t<\/figcaption><\/figure><figure class='gallery-item'>\n\t\t\t<div class='gallery-icon landscape'>\n\t\t\t\t<a href='https:\/\/rowerowycieszyn.pl\/wp-content\/uploads\/2020\/11\/P1040173_cr_tn.jpg'><img loading=\"lazy\" decoding=\"async\" width=\"150\" height=\"150\" src=\"https:\/\/rowerowycieszyn.pl\/wp-content\/uploads\/2020\/11\/P1040173_cr_tn-150x150.jpg\" class=\"attachment-thumbnail size-thumbnail\" alt=\"Uno City, czyli w \u015brodku Vienna International Center\" aria-describedby=\"gallery-1-858\" srcset=\"https:\/\/rowerowycieszyn.pl\/wp-content\/uploads\/2020\/11\/P1040173_cr_tn-150x150.jpg 150w, https:\/\/rowerowycieszyn.pl\/wp-content\/uploads\/2020\/11\/P1040173_cr_tn-100x100.jpg 100w\" sizes=\"auto, (max-width: 150px) 100vw, 150px\" \/><\/a>\n\t\t\t<\/div>\n\t\t\t\t<figcaption class='wp-caption-text gallery-caption' id='gallery-1-858'>\n\t\t\t\tUno City, czyli w \u015brodku Vienna International Center\n\t\t\t\t<\/figcaption><\/figure><figure class='gallery-item'>\n\t\t\t<div class='gallery-icon landscape'>\n\t\t\t\t<a href='https:\/\/rowerowycieszyn.pl\/wp-content\/uploads\/2020\/11\/P1040528_cr_tn.jpg'><img loading=\"lazy\" decoding=\"async\" width=\"150\" height=\"150\" src=\"https:\/\/rowerowycieszyn.pl\/wp-content\/uploads\/2020\/11\/P1040528_cr_tn-150x150.jpg\" class=\"attachment-thumbnail size-thumbnail\" alt=\"UNO City lub, jak kto woli, Donau City widziane z drogi rowerowej pod mostem Reichsbr\u00fccke.\" aria-describedby=\"gallery-1-849\" srcset=\"https:\/\/rowerowycieszyn.pl\/wp-content\/uploads\/2020\/11\/P1040528_cr_tn-150x150.jpg 150w, https:\/\/rowerowycieszyn.pl\/wp-content\/uploads\/2020\/11\/P1040528_cr_tn-100x100.jpg 100w\" sizes=\"auto, (max-width: 150px) 100vw, 150px\" \/><\/a>\n\t\t\t<\/div>\n\t\t\t\t<figcaption class='wp-caption-text gallery-caption' id='gallery-1-849'>\n\t\t\t\tUNO City lub, jak kto woli, Donau City widziane z drogi rowerowej pod mostem Reichsbr\u00fccke.\n\t\t\t\t<\/figcaption><\/figure><figure class='gallery-item'>\n\t\t\t<div class='gallery-icon landscape'>\n\t\t\t\t<a href='https:\/\/rowerowycieszyn.pl\/wp-content\/uploads\/2020\/11\/P1040217_cr_tn.jpg'><img loading=\"lazy\" decoding=\"async\" width=\"150\" height=\"150\" src=\"https:\/\/rowerowycieszyn.pl\/wp-content\/uploads\/2020\/11\/P1040217_cr_tn-150x150.jpg\" class=\"attachment-thumbnail size-thumbnail\" alt=\"Widok na most kolejowy Donaustadtbr\u00fccke z mostu Praterbr\u00fccke.\" aria-describedby=\"gallery-1-848\" srcset=\"https:\/\/rowerowycieszyn.pl\/wp-content\/uploads\/2020\/11\/P1040217_cr_tn-150x150.jpg 150w, https:\/\/rowerowycieszyn.pl\/wp-content\/uploads\/2020\/11\/P1040217_cr_tn-100x100.jpg 100w\" sizes=\"auto, (max-width: 150px) 100vw, 150px\" \/><\/a>\n\t\t\t<\/div>\n\t\t\t\t<figcaption class='wp-caption-text gallery-caption' id='gallery-1-848'>\n\t\t\t\tWidok na most kolejowy Donaustadtbr\u00fccke z mostu Praterbr\u00fccke.\n\t\t\t\t<\/figcaption><\/figure><figure class='gallery-item'>\n\t\t\t<div class='gallery-icon landscape'>\n\t\t\t\t<a href='https:\/\/rowerowycieszyn.pl\/wp-content\/uploads\/2020\/11\/P1040178_cr_tn.jpg'><img loading=\"lazy\" decoding=\"async\" width=\"150\" height=\"150\" src=\"https:\/\/rowerowycieszyn.pl\/wp-content\/uploads\/2020\/11\/P1040178_cr_tn-150x150.jpg\" class=\"attachment-thumbnail size-thumbnail\" alt=\"Futurystyczne rze\u017aby w opustosza\u0142ym przez weekend centrum mi\u0119dzynarodowym jeszcze bardziej pog\u0142\u0119biaj\u0105 wra\u017cenie niesamowito\u015bci tego miejsca.\" aria-describedby=\"gallery-1-861\" srcset=\"https:\/\/rowerowycieszyn.pl\/wp-content\/uploads\/2020\/11\/P1040178_cr_tn-150x150.jpg 150w, https:\/\/rowerowycieszyn.pl\/wp-content\/uploads\/2020\/11\/P1040178_cr_tn-100x100.jpg 100w\" sizes=\"auto, (max-width: 150px) 100vw, 150px\" \/><\/a>\n\t\t\t<\/div>\n\t\t\t\t<figcaption class='wp-caption-text gallery-caption' id='gallery-1-861'>\n\t\t\t\tFuturystyczne rze\u017aby w opustosza\u0142ym przez weekend centrum mi\u0119dzynarodowym jeszcze bardziej pog\u0142\u0119biaj\u0105 wra\u017cenie niesamowito\u015bci tego miejsca.\n\t\t\t\t<\/figcaption><\/figure><figure class='gallery-item'>\n\t\t\t<div class='gallery-icon landscape'>\n\t\t\t\t<a href='https:\/\/rowerowycieszyn.pl\/wp-content\/uploads\/2020\/11\/P1040176_cr_tn.jpg'><img loading=\"lazy\" decoding=\"async\" width=\"150\" height=\"150\" src=\"https:\/\/rowerowycieszyn.pl\/wp-content\/uploads\/2020\/11\/P1040176_cr_tn-150x150.jpg\" class=\"attachment-thumbnail size-thumbnail\" alt=\"\" aria-describedby=\"gallery-1-860\" srcset=\"https:\/\/rowerowycieszyn.pl\/wp-content\/uploads\/2020\/11\/P1040176_cr_tn-150x150.jpg 150w, https:\/\/rowerowycieszyn.pl\/wp-content\/uploads\/2020\/11\/P1040176_cr_tn-100x100.jpg 100w\" sizes=\"auto, (max-width: 150px) 100vw, 150px\" \/><\/a>\n\t\t\t<\/div>\n\t\t\t\t<figcaption class='wp-caption-text gallery-caption' id='gallery-1-860'>\n\t\t\t\tKolejna fantastyczna rze\u017aba na terenie centrum mi\u0119dzynarodowego.\n\t\t\t\t<\/figcaption><\/figure><figure class='gallery-item'>\n\t\t\t<div class='gallery-icon landscape'>\n\t\t\t\t<a href='https:\/\/rowerowycieszyn.pl\/wp-content\/uploads\/2020\/11\/P1040174_cr_tn.jpg'><img loading=\"lazy\" decoding=\"async\" width=\"150\" height=\"150\" src=\"https:\/\/rowerowycieszyn.pl\/wp-content\/uploads\/2020\/11\/P1040174_cr_tn-150x150.jpg\" class=\"attachment-thumbnail size-thumbnail\" alt=\"\" aria-describedby=\"gallery-1-859\" srcset=\"https:\/\/rowerowycieszyn.pl\/wp-content\/uploads\/2020\/11\/P1040174_cr_tn-150x150.jpg 150w, https:\/\/rowerowycieszyn.pl\/wp-content\/uploads\/2020\/11\/P1040174_cr_tn-100x100.jpg 100w\" sizes=\"auto, (max-width: 150px) 100vw, 150px\" \/><\/a>\n\t\t\t<\/div>\n\t\t\t\t<figcaption class='wp-caption-text gallery-caption' id='gallery-1-859'>\n\t\t\t\tUno City w weekendy pustoszeje i staje si\u0119 wtedy ulubionym miejscem spotka\u0144 deskorolkarzy.\n\t\t\t\t<\/figcaption><\/figure><figure class='gallery-item'>\n\t\t\t<div class='gallery-icon landscape'>\n\t\t\t\t<a href='https:\/\/rowerowycieszyn.pl\/wp-content\/uploads\/2020\/11\/P1040197_cr_tn.jpg'><img loading=\"lazy\" decoding=\"async\" width=\"150\" height=\"150\" src=\"https:\/\/rowerowycieszyn.pl\/wp-content\/uploads\/2020\/11\/P1040197_cr_tn-150x150.jpg\" class=\"attachment-thumbnail size-thumbnail\" alt=\"Je\u017celi kto\u015b potrzebuje silniejszych emocji ni\u017c te, kt\u00f3re zapewnia jazda rowerem, mo\u017ce wieczorem zaszale\u0107 na Praterze.\" aria-describedby=\"gallery-1-862\" srcset=\"https:\/\/rowerowycieszyn.pl\/wp-content\/uploads\/2020\/11\/P1040197_cr_tn-150x150.jpg 150w, https:\/\/rowerowycieszyn.pl\/wp-content\/uploads\/2020\/11\/P1040197_cr_tn-100x100.jpg 100w\" sizes=\"auto, (max-width: 150px) 100vw, 150px\" \/><\/a>\n\t\t\t<\/div>\n\t\t\t\t<figcaption class='wp-caption-text gallery-caption' id='gallery-1-862'>\n\t\t\t\tJe\u017celi kto\u015b potrzebuje silniejszych emocji ni\u017c te, kt\u00f3re zapewnia jazda rowerem, mo\u017ce wieczorem zaszale\u0107 na Praterze.\n\t\t\t\t<\/figcaption><\/figure><figure class='gallery-item'>\n\t\t\t<div class='gallery-icon landscape'>\n\t\t\t\t<a href='https:\/\/rowerowycieszyn.pl\/wp-content\/uploads\/2020\/11\/P1040417_cr_tn.jpg'><img loading=\"lazy\" decoding=\"async\" width=\"150\" height=\"150\" src=\"https:\/\/rowerowycieszyn.pl\/wp-content\/uploads\/2020\/11\/P1040417_cr_tn-150x150.jpg\" class=\"attachment-thumbnail size-thumbnail\" alt=\"Alte Donau czyli prawie jak Mazury.\" aria-describedby=\"gallery-1-863\" srcset=\"https:\/\/rowerowycieszyn.pl\/wp-content\/uploads\/2020\/11\/P1040417_cr_tn-150x150.jpg 150w, https:\/\/rowerowycieszyn.pl\/wp-content\/uploads\/2020\/11\/P1040417_cr_tn-100x100.jpg 100w\" sizes=\"auto, (max-width: 150px) 100vw, 150px\" \/><\/a>\n\t\t\t<\/div>\n\t\t\t\t<figcaption class='wp-caption-text gallery-caption' id='gallery-1-863'>\n\t\t\t\tAlte Donau czyli prawie jak Mazury.\n\t\t\t\t<\/figcaption><\/figure><figure class='gallery-item'>\n\t\t\t<div class='gallery-icon landscape'>\n\t\t\t\t<a href='https:\/\/rowerowycieszyn.pl\/wp-content\/uploads\/2020\/11\/P1040536_cr_tn.jpg'><img loading=\"lazy\" decoding=\"async\" width=\"150\" height=\"150\" src=\"https:\/\/rowerowycieszyn.pl\/wp-content\/uploads\/2020\/11\/P1040536_cr_tn-150x150.jpg\" class=\"attachment-thumbnail size-thumbnail\" alt=\"W Suinken City mo\u017cesz wypi\u0107 spritzera, co\u015b przek\u0105si\u0107 i zata\u0144czy\u0107 sals\u0119 lub mambo.\" aria-describedby=\"gallery-1-864\" srcset=\"https:\/\/rowerowycieszyn.pl\/wp-content\/uploads\/2020\/11\/P1040536_cr_tn-150x150.jpg 150w, https:\/\/rowerowycieszyn.pl\/wp-content\/uploads\/2020\/11\/P1040536_cr_tn-100x100.jpg 100w\" sizes=\"auto, (max-width: 150px) 100vw, 150px\" \/><\/a>\n\t\t\t<\/div>\n\t\t\t\t<figcaption class='wp-caption-text gallery-caption' id='gallery-1-864'>\n\t\t\t\tW Suinken City mo\u017cesz wypi\u0107 spritzera, co\u015b przek\u0105si\u0107 i zata\u0144czy\u0107 sals\u0119 lub mambo.\n\t\t\t\t<\/figcaption><\/figure>\n\t\t<\/div>\n\r\n<p><strong>\u00a0<\/strong><\/p>\r\n\r\n\r\n\r\n\r\n","protected":false},"excerpt":{"rendered":"<p>Chyba nie ma lepszego sposobu na zwiedzanie du\u017cych miast ni\u017c rowerem. Nie jeste\u015bmy uzale\u017cnieni od sieci po\u0142\u0105cze\u0144 (cho\u0107 te zwykle s\u0105 ca\u0142kiem przyzwoite) i stosunkowo szybko dotrzemy do rozproszonych w&hellip; <\/p>\n","protected":false},"author":1,"featured_media":847,"comment_status":"open","ping_status":"open","sticky":false,"template":"","format":"standard","meta":{"footnotes":""},"categories":[5,1,10],"tags":[],"class_list":["post-829","post","type-post","status-publish","format-standard","has-post-thumbnail","hentry","category-artykuly","category-bez-kategorii","category-u-innych"],"yoast_head":"<!-- This site is optimized with the Yoast SEO plugin v27.3 - https:\/\/yoast.com\/product\/yoast-seo-wordpress\/ -->\n<title>Zielony Wiede\u0144 - pomys\u0142 na weekend - Rowerowy Cieszyn<\/title>\n<meta name=\"description\" content=\"Je\u017celi szukacie pomys\u0142u na rowerowy weekend w pobli\u017cu granic Polski, polecamy gor\u0105co Wiede\u0144. Czeka tam na was prawie 1300 km dr\u00f3g rowerowych.\" \/>\n<meta name=\"robots\" content=\"index, follow, max-snippet:-1, max-image-preview:large, max-video-preview:-1\" \/>\n<link rel=\"canonical\" href=\"https:\/\/rowerowycieszyn.pl\/index.php\/2020\/11\/16\/zielony-wieden-pomysl-na-weekend\/\" \/>\n<meta property=\"og:locale\" content=\"pl_PL\" \/>\n<meta property=\"og:type\" content=\"article\" \/>\n<meta property=\"og:title\" content=\"Zielony Wiede\u0144 - pomys\u0142 na weekend - Rowerowy Cieszyn\" \/>\n<meta property=\"og:description\" content=\"Je\u017celi szukacie pomys\u0142u na rowerowy weekend w pobli\u017cu granic Polski, polecamy gor\u0105co Wiede\u0144. Czeka tam na was prawie 1300 km dr\u00f3g rowerowych.\" \/>\n<meta property=\"og:url\" content=\"https:\/\/rowerowycieszyn.pl\/index.php\/2020\/11\/16\/zielony-wieden-pomysl-na-weekend\/\" \/>\n<meta property=\"og:site_name\" content=\"Rowerowy Cieszyn\" \/>\n<meta property=\"article:publisher\" content=\"https:\/\/www.facebook.com\/RowerowyCieszyn\" \/>\n<meta property=\"article:published_time\" content=\"2020-11-16T09:02:43+00:00\" \/>\n<meta property=\"article:modified_time\" content=\"2022-02-13T21:31:42+00:00\" \/>\n<meta property=\"og:image\" content=\"https:\/\/rowerowycieszyn.pl\/wp-content\/uploads\/2020\/11\/P1040544_cr_tn.jpg\" \/>\n\t<meta property=\"og:image:width\" content=\"2048\" \/>\n\t<meta property=\"og:image:height\" content=\"1152\" \/>\n\t<meta property=\"og:image:type\" content=\"image\/jpeg\" \/>\n<meta name=\"author\" content=\"Rowerowy Cieszyn\" \/>\n<meta name=\"twitter:card\" content=\"summary_large_image\" \/>\n<meta name=\"twitter:label1\" content=\"Napisane przez\" \/>\n\t<meta name=\"twitter:data1\" content=\"Rowerowy Cieszyn\" \/>\n\t<meta name=\"twitter:label2\" content=\"Szacowany czas czytania\" \/>\n\t<meta name=\"twitter:data2\" content=\"5 minut\" \/>\n<script type=\"application\/ld+json\" class=\"yoast-schema-graph\">{\"@context\":\"https:\\\/\\\/schema.org\",\"@graph\":[{\"@type\":\"Article\",\"@id\":\"https:\\\/\\\/rowerowycieszyn.pl\\\/index.php\\\/2020\\\/11\\\/16\\\/zielony-wieden-pomysl-na-weekend\\\/#article\",\"isPartOf\":{\"@id\":\"https:\\\/\\\/rowerowycieszyn.pl\\\/index.php\\\/2020\\\/11\\\/16\\\/zielony-wieden-pomysl-na-weekend\\\/\"},\"author\":{\"name\":\"Rowerowy Cieszyn\",\"@id\":\"https:\\\/\\\/rowerowycieszyn.pl\\\/#\\\/schema\\\/person\\\/b698cee63b7405acd7e70007d7cc8b2a\"},\"headline\":\"Zielony Wiede\u0144 &#8211; pomys\u0142 na weekend\",\"datePublished\":\"2020-11-16T09:02:43+00:00\",\"dateModified\":\"2022-02-13T21:31:42+00:00\",\"mainEntityOfPage\":{\"@id\":\"https:\\\/\\\/rowerowycieszyn.pl\\\/index.php\\\/2020\\\/11\\\/16\\\/zielony-wieden-pomysl-na-weekend\\\/\"},\"wordCount\":907,\"commentCount\":0,\"publisher\":{\"@id\":\"https:\\\/\\\/rowerowycieszyn.pl\\\/#organization\"},\"image\":{\"@id\":\"https:\\\/\\\/rowerowycieszyn.pl\\\/index.php\\\/2020\\\/11\\\/16\\\/zielony-wieden-pomysl-na-weekend\\\/#primaryimage\"},\"thumbnailUrl\":\"https:\\\/\\\/rowerowycieszyn.pl\\\/wp-content\\\/uploads\\\/2020\\\/11\\\/P1040544_cr_tn.jpg\",\"articleSection\":{\"0\":\"Artyku\u0142y\",\"2\":\"U innych\"},\"inLanguage\":\"pl-PL\",\"potentialAction\":[{\"@type\":\"CommentAction\",\"name\":\"Comment\",\"target\":[\"https:\\\/\\\/rowerowycieszyn.pl\\\/index.php\\\/2020\\\/11\\\/16\\\/zielony-wieden-pomysl-na-weekend\\\/#respond\"]}]},{\"@type\":\"WebPage\",\"@id\":\"https:\\\/\\\/rowerowycieszyn.pl\\\/index.php\\\/2020\\\/11\\\/16\\\/zielony-wieden-pomysl-na-weekend\\\/\",\"url\":\"https:\\\/\\\/rowerowycieszyn.pl\\\/index.php\\\/2020\\\/11\\\/16\\\/zielony-wieden-pomysl-na-weekend\\\/\",\"name\":\"Zielony Wiede\u0144 - pomys\u0142 na weekend - Rowerowy Cieszyn\",\"isPartOf\":{\"@id\":\"https:\\\/\\\/rowerowycieszyn.pl\\\/#website\"},\"primaryImageOfPage\":{\"@id\":\"https:\\\/\\\/rowerowycieszyn.pl\\\/index.php\\\/2020\\\/11\\\/16\\\/zielony-wieden-pomysl-na-weekend\\\/#primaryimage\"},\"image\":{\"@id\":\"https:\\\/\\\/rowerowycieszyn.pl\\\/index.php\\\/2020\\\/11\\\/16\\\/zielony-wieden-pomysl-na-weekend\\\/#primaryimage\"},\"thumbnailUrl\":\"https:\\\/\\\/rowerowycieszyn.pl\\\/wp-content\\\/uploads\\\/2020\\\/11\\\/P1040544_cr_tn.jpg\",\"datePublished\":\"2020-11-16T09:02:43+00:00\",\"dateModified\":\"2022-02-13T21:31:42+00:00\",\"description\":\"Je\u017celi szukacie pomys\u0142u na rowerowy weekend w pobli\u017cu granic Polski, polecamy gor\u0105co Wiede\u0144. Czeka tam na was prawie 1300 km dr\u00f3g rowerowych.\",\"breadcrumb\":{\"@id\":\"https:\\\/\\\/rowerowycieszyn.pl\\\/index.php\\\/2020\\\/11\\\/16\\\/zielony-wieden-pomysl-na-weekend\\\/#breadcrumb\"},\"inLanguage\":\"pl-PL\",\"potentialAction\":[{\"@type\":\"ReadAction\",\"target\":[\"https:\\\/\\\/rowerowycieszyn.pl\\\/index.php\\\/2020\\\/11\\\/16\\\/zielony-wieden-pomysl-na-weekend\\\/\"]}]},{\"@type\":\"ImageObject\",\"inLanguage\":\"pl-PL\",\"@id\":\"https:\\\/\\\/rowerowycieszyn.pl\\\/index.php\\\/2020\\\/11\\\/16\\\/zielony-wieden-pomysl-na-weekend\\\/#primaryimage\",\"url\":\"https:\\\/\\\/rowerowycieszyn.pl\\\/wp-content\\\/uploads\\\/2020\\\/11\\\/P1040544_cr_tn.jpg\",\"contentUrl\":\"https:\\\/\\\/rowerowycieszyn.pl\\\/wp-content\\\/uploads\\\/2020\\\/11\\\/P1040544_cr_tn.jpg\",\"width\":2048,\"height\":1152,\"caption\":\"Zach\u00f3d na Wiedniem. W oddali wzg\u00f3rza Kahlenbergu.\"},{\"@type\":\"BreadcrumbList\",\"@id\":\"https:\\\/\\\/rowerowycieszyn.pl\\\/index.php\\\/2020\\\/11\\\/16\\\/zielony-wieden-pomysl-na-weekend\\\/#breadcrumb\",\"itemListElement\":[{\"@type\":\"ListItem\",\"position\":1,\"name\":\"Home\",\"item\":\"https:\\\/\\\/rowerowycieszyn.pl\\\/\"},{\"@type\":\"ListItem\",\"position\":2,\"name\":\"Zielony Wiede\u0144 &#8211; pomys\u0142 na weekend\"}]},{\"@type\":\"WebSite\",\"@id\":\"https:\\\/\\\/rowerowycieszyn.pl\\\/#website\",\"url\":\"https:\\\/\\\/rowerowycieszyn.pl\\\/\",\"name\":\"Rowerowy Cieszyn\",\"description\":\"Strona promuj\u0105ca komunikacj\u0119 oraz turystyk\u0119 rowerow\u0105 na terenie Cieszyna i okolic.\",\"publisher\":{\"@id\":\"https:\\\/\\\/rowerowycieszyn.pl\\\/#organization\"},\"potentialAction\":[{\"@type\":\"SearchAction\",\"target\":{\"@type\":\"EntryPoint\",\"urlTemplate\":\"https:\\\/\\\/rowerowycieszyn.pl\\\/?s={search_term_string}\"},\"query-input\":{\"@type\":\"PropertyValueSpecification\",\"valueRequired\":true,\"valueName\":\"search_term_string\"}}],\"inLanguage\":\"pl-PL\"},{\"@type\":\"Organization\",\"@id\":\"https:\\\/\\\/rowerowycieszyn.pl\\\/#organization\",\"name\":\"Rowerowy Cieszyn\",\"url\":\"https:\\\/\\\/rowerowycieszyn.pl\\\/\",\"logo\":{\"@type\":\"ImageObject\",\"inLanguage\":\"pl-PL\",\"@id\":\"https:\\\/\\\/rowerowycieszyn.pl\\\/#\\\/schema\\\/logo\\\/image\\\/\",\"url\":\"https:\\\/\\\/rowerowycieszyn.pl\\\/wp-content\\\/uploads\\\/2020\\\/07\\\/cropped-rower1_cr_tn-1.jpg\",\"contentUrl\":\"https:\\\/\\\/rowerowycieszyn.pl\\\/wp-content\\\/uploads\\\/2020\\\/07\\\/cropped-rower1_cr_tn-1.jpg\",\"width\":250,\"height\":100,\"caption\":\"Rowerowy Cieszyn\"},\"image\":{\"@id\":\"https:\\\/\\\/rowerowycieszyn.pl\\\/#\\\/schema\\\/logo\\\/image\\\/\"},\"sameAs\":[\"https:\\\/\\\/www.facebook.com\\\/RowerowyCieszyn\"]},{\"@type\":\"Person\",\"@id\":\"https:\\\/\\\/rowerowycieszyn.pl\\\/#\\\/schema\\\/person\\\/b698cee63b7405acd7e70007d7cc8b2a\",\"name\":\"Rowerowy Cieszyn\",\"image\":{\"@type\":\"ImageObject\",\"inLanguage\":\"pl-PL\",\"@id\":\"https:\\\/\\\/secure.gravatar.com\\\/avatar\\\/1aef2c80bb06ccee0d820e4116589968d6d5c57310499f9271d42a4f7c5ffb3a?s=96&d=mm&r=g\",\"url\":\"https:\\\/\\\/secure.gravatar.com\\\/avatar\\\/1aef2c80bb06ccee0d820e4116589968d6d5c57310499f9271d42a4f7c5ffb3a?s=96&d=mm&r=g\",\"contentUrl\":\"https:\\\/\\\/secure.gravatar.com\\\/avatar\\\/1aef2c80bb06ccee0d820e4116589968d6d5c57310499f9271d42a4f7c5ffb3a?s=96&d=mm&r=g\",\"caption\":\"Rowerowy Cieszyn\"},\"sameAs\":[\"http:\\\/\\\/rowerowycieszyn.pl\"],\"url\":\"https:\\\/\\\/rowerowycieszyn.pl\\\/index.php\\\/author\\\/pstoklosa\\\/\"}]}<\/script>\n<!-- \/ Yoast SEO plugin. -->","yoast_head_json":{"title":"Zielony Wiede\u0144 - pomys\u0142 na weekend - Rowerowy Cieszyn","description":"Je\u017celi szukacie pomys\u0142u na rowerowy weekend w pobli\u017cu granic Polski, polecamy gor\u0105co Wiede\u0144. Czeka tam na was prawie 1300 km dr\u00f3g rowerowych.","robots":{"index":"index","follow":"follow","max-snippet":"max-snippet:-1","max-image-preview":"max-image-preview:large","max-video-preview":"max-video-preview:-1"},"canonical":"https:\/\/rowerowycieszyn.pl\/index.php\/2020\/11\/16\/zielony-wieden-pomysl-na-weekend\/","og_locale":"pl_PL","og_type":"article","og_title":"Zielony Wiede\u0144 - pomys\u0142 na weekend - Rowerowy Cieszyn","og_description":"Je\u017celi szukacie pomys\u0142u na rowerowy weekend w pobli\u017cu granic Polski, polecamy gor\u0105co Wiede\u0144. Czeka tam na was prawie 1300 km dr\u00f3g rowerowych.","og_url":"https:\/\/rowerowycieszyn.pl\/index.php\/2020\/11\/16\/zielony-wieden-pomysl-na-weekend\/","og_site_name":"Rowerowy Cieszyn","article_publisher":"https:\/\/www.facebook.com\/RowerowyCieszyn","article_published_time":"2020-11-16T09:02:43+00:00","article_modified_time":"2022-02-13T21:31:42+00:00","og_image":[{"width":2048,"height":1152,"url":"https:\/\/rowerowycieszyn.pl\/wp-content\/uploads\/2020\/11\/P1040544_cr_tn.jpg","type":"image\/jpeg"}],"author":"Rowerowy Cieszyn","twitter_card":"summary_large_image","twitter_misc":{"Napisane przez":"Rowerowy Cieszyn","Szacowany czas czytania":"5 minut"},"schema":{"@context":"https:\/\/schema.org","@graph":[{"@type":"Article","@id":"https:\/\/rowerowycieszyn.pl\/index.php\/2020\/11\/16\/zielony-wieden-pomysl-na-weekend\/#article","isPartOf":{"@id":"https:\/\/rowerowycieszyn.pl\/index.php\/2020\/11\/16\/zielony-wieden-pomysl-na-weekend\/"},"author":{"name":"Rowerowy Cieszyn","@id":"https:\/\/rowerowycieszyn.pl\/#\/schema\/person\/b698cee63b7405acd7e70007d7cc8b2a"},"headline":"Zielony Wiede\u0144 &#8211; pomys\u0142 na weekend","datePublished":"2020-11-16T09:02:43+00:00","dateModified":"2022-02-13T21:31:42+00:00","mainEntityOfPage":{"@id":"https:\/\/rowerowycieszyn.pl\/index.php\/2020\/11\/16\/zielony-wieden-pomysl-na-weekend\/"},"wordCount":907,"commentCount":0,"publisher":{"@id":"https:\/\/rowerowycieszyn.pl\/#organization"},"image":{"@id":"https:\/\/rowerowycieszyn.pl\/index.php\/2020\/11\/16\/zielony-wieden-pomysl-na-weekend\/#primaryimage"},"thumbnailUrl":"https:\/\/rowerowycieszyn.pl\/wp-content\/uploads\/2020\/11\/P1040544_cr_tn.jpg","articleSection":{"0":"Artyku\u0142y","2":"U innych"},"inLanguage":"pl-PL","potentialAction":[{"@type":"CommentAction","name":"Comment","target":["https:\/\/rowerowycieszyn.pl\/index.php\/2020\/11\/16\/zielony-wieden-pomysl-na-weekend\/#respond"]}]},{"@type":"WebPage","@id":"https:\/\/rowerowycieszyn.pl\/index.php\/2020\/11\/16\/zielony-wieden-pomysl-na-weekend\/","url":"https:\/\/rowerowycieszyn.pl\/index.php\/2020\/11\/16\/zielony-wieden-pomysl-na-weekend\/","name":"Zielony Wiede\u0144 - pomys\u0142 na weekend - Rowerowy Cieszyn","isPartOf":{"@id":"https:\/\/rowerowycieszyn.pl\/#website"},"primaryImageOfPage":{"@id":"https:\/\/rowerowycieszyn.pl\/index.php\/2020\/11\/16\/zielony-wieden-pomysl-na-weekend\/#primaryimage"},"image":{"@id":"https:\/\/rowerowycieszyn.pl\/index.php\/2020\/11\/16\/zielony-wieden-pomysl-na-weekend\/#primaryimage"},"thumbnailUrl":"https:\/\/rowerowycieszyn.pl\/wp-content\/uploads\/2020\/11\/P1040544_cr_tn.jpg","datePublished":"2020-11-16T09:02:43+00:00","dateModified":"2022-02-13T21:31:42+00:00","description":"Je\u017celi szukacie pomys\u0142u na rowerowy weekend w pobli\u017cu granic Polski, polecamy gor\u0105co Wiede\u0144. Czeka tam na was prawie 1300 km dr\u00f3g rowerowych.","breadcrumb":{"@id":"https:\/\/rowerowycieszyn.pl\/index.php\/2020\/11\/16\/zielony-wieden-pomysl-na-weekend\/#breadcrumb"},"inLanguage":"pl-PL","potentialAction":[{"@type":"ReadAction","target":["https:\/\/rowerowycieszyn.pl\/index.php\/2020\/11\/16\/zielony-wieden-pomysl-na-weekend\/"]}]},{"@type":"ImageObject","inLanguage":"pl-PL","@id":"https:\/\/rowerowycieszyn.pl\/index.php\/2020\/11\/16\/zielony-wieden-pomysl-na-weekend\/#primaryimage","url":"https:\/\/rowerowycieszyn.pl\/wp-content\/uploads\/2020\/11\/P1040544_cr_tn.jpg","contentUrl":"https:\/\/rowerowycieszyn.pl\/wp-content\/uploads\/2020\/11\/P1040544_cr_tn.jpg","width":2048,"height":1152,"caption":"Zach\u00f3d na Wiedniem. W oddali wzg\u00f3rza Kahlenbergu."},{"@type":"BreadcrumbList","@id":"https:\/\/rowerowycieszyn.pl\/index.php\/2020\/11\/16\/zielony-wieden-pomysl-na-weekend\/#breadcrumb","itemListElement":[{"@type":"ListItem","position":1,"name":"Home","item":"https:\/\/rowerowycieszyn.pl\/"},{"@type":"ListItem","position":2,"name":"Zielony Wiede\u0144 &#8211; pomys\u0142 na weekend"}]},{"@type":"WebSite","@id":"https:\/\/rowerowycieszyn.pl\/#website","url":"https:\/\/rowerowycieszyn.pl\/","name":"Rowerowy Cieszyn","description":"Strona promuj\u0105ca komunikacj\u0119 oraz turystyk\u0119 rowerow\u0105 na terenie Cieszyna i okolic.","publisher":{"@id":"https:\/\/rowerowycieszyn.pl\/#organization"},"potentialAction":[{"@type":"SearchAction","target":{"@type":"EntryPoint","urlTemplate":"https:\/\/rowerowycieszyn.pl\/?s={search_term_string}"},"query-input":{"@type":"PropertyValueSpecification","valueRequired":true,"valueName":"search_term_string"}}],"inLanguage":"pl-PL"},{"@type":"Organization","@id":"https:\/\/rowerowycieszyn.pl\/#organization","name":"Rowerowy Cieszyn","url":"https:\/\/rowerowycieszyn.pl\/","logo":{"@type":"ImageObject","inLanguage":"pl-PL","@id":"https:\/\/rowerowycieszyn.pl\/#\/schema\/logo\/image\/","url":"https:\/\/rowerowycieszyn.pl\/wp-content\/uploads\/2020\/07\/cropped-rower1_cr_tn-1.jpg","contentUrl":"https:\/\/rowerowycieszyn.pl\/wp-content\/uploads\/2020\/07\/cropped-rower1_cr_tn-1.jpg","width":250,"height":100,"caption":"Rowerowy Cieszyn"},"image":{"@id":"https:\/\/rowerowycieszyn.pl\/#\/schema\/logo\/image\/"},"sameAs":["https:\/\/www.facebook.com\/RowerowyCieszyn"]},{"@type":"Person","@id":"https:\/\/rowerowycieszyn.pl\/#\/schema\/person\/b698cee63b7405acd7e70007d7cc8b2a","name":"Rowerowy Cieszyn","image":{"@type":"ImageObject","inLanguage":"pl-PL","@id":"https:\/\/secure.gravatar.com\/avatar\/1aef2c80bb06ccee0d820e4116589968d6d5c57310499f9271d42a4f7c5ffb3a?s=96&d=mm&r=g","url":"https:\/\/secure.gravatar.com\/avatar\/1aef2c80bb06ccee0d820e4116589968d6d5c57310499f9271d42a4f7c5ffb3a?s=96&d=mm&r=g","contentUrl":"https:\/\/secure.gravatar.com\/avatar\/1aef2c80bb06ccee0d820e4116589968d6d5c57310499f9271d42a4f7c5ffb3a?s=96&d=mm&r=g","caption":"Rowerowy Cieszyn"},"sameAs":["http:\/\/rowerowycieszyn.pl"],"url":"https:\/\/rowerowycieszyn.pl\/index.php\/author\/pstoklosa\/"}]}},"_links":{"self":[{"href":"https:\/\/rowerowycieszyn.pl\/index.php\/wp-json\/wp\/v2\/posts\/829","targetHints":{"allow":["GET"]}}],"collection":[{"href":"https:\/\/rowerowycieszyn.pl\/index.php\/wp-json\/wp\/v2\/posts"}],"about":[{"href":"https:\/\/rowerowycieszyn.pl\/index.php\/wp-json\/wp\/v2\/types\/post"}],"author":[{"embeddable":true,"href":"https:\/\/rowerowycieszyn.pl\/index.php\/wp-json\/wp\/v2\/users\/1"}],"replies":[{"embeddable":true,"href":"https:\/\/rowerowycieszyn.pl\/index.php\/wp-json\/wp\/v2\/comments?post=829"}],"version-history":[{"count":22,"href":"https:\/\/rowerowycieszyn.pl\/index.php\/wp-json\/wp\/v2\/posts\/829\/revisions"}],"predecessor-version":[{"id":876,"href":"https:\/\/rowerowycieszyn.pl\/index.php\/wp-json\/wp\/v2\/posts\/829\/revisions\/876"}],"wp:featuredmedia":[{"embeddable":true,"href":"https:\/\/rowerowycieszyn.pl\/index.php\/wp-json\/wp\/v2\/media\/847"}],"wp:attachment":[{"href":"https:\/\/rowerowycieszyn.pl\/index.php\/wp-json\/wp\/v2\/media?parent=829"}],"wp:term":[{"taxonomy":"category","embeddable":true,"href":"https:\/\/rowerowycieszyn.pl\/index.php\/wp-json\/wp\/v2\/categories?post=829"},{"taxonomy":"post_tag","embeddable":true,"href":"https:\/\/rowerowycieszyn.pl\/index.php\/wp-json\/wp\/v2\/tags?post=829"}],"curies":[{"name":"wp","href":"https:\/\/api.w.org\/{rel}","templated":true}]}}