{"id":880,"date":"2020-12-15T10:34:42","date_gmt":"2020-12-15T09:34:42","guid":{"rendered":"http:\/\/rowerowycieszyn.pl\/?p=880"},"modified":"2020-12-15T14:22:37","modified_gmt":"2020-12-15T13:22:37","slug":"spotkanie-z-wladzami-miasta-08-12-2020-aktualnosci","status":"publish","type":"post","link":"https:\/\/rowerowycieszyn.pl\/index.php\/2020\/12\/15\/spotkanie-z-wladzami-miasta-08-12-2020-aktualnosci\/","title":{"rendered":"Spotkanie z w\u0142adzami miasta 08.12.2020 &#8211; aktualno\u015bci"},"content":{"rendered":"\r\n<p>Jeste\u015bmy po kolejnym spotkaniu z w\u0142adzami miasta. By\u0142o ono dla nas szczeg\u00f3lnie interesuj\u0105ce, poniewa\u017c na wcze\u015bniejszych zg\u0142aszali\u015bmy liczne propozycje i uwagi dotycz\u0105ce cieszy\u0144skiej infrastruktury rowerowej. Nadszed\u0142 wi\u0119c czas na pierwsze odpowiedzi, decyzje i dzia\u0142ania. Poni\u017cej w kolejnych podtytu\u0142ach przedstawiamy g\u0142\u00f3wne zagadnienia i wynik\u0142e z nich konkluzje.<!--more--><\/p>\r\n\r\n\r\n\r\n<h2 class=\"wp-block-heading\">Kontrapas rowerowy na ulicy Menniczej<\/h2>\r\n\r\n\r\n\r\n<p>Zar\u00f3wno na tym forum jak i podczas wcze\u015bniejszych spotka\u0144 kilkakrotnie poruszali\u015bmy kwesti\u0119 stworzenia kontrapasa, kt\u00f3ry umo\u017cliwi rowerzystom \u0142atwe opuszczanie rynku w kierunku p\u00f3\u0142nocnym. Przypominamy, \u017ce obecnie rowerzy\u015bci chc\u0105c dojecha\u0107 na plac Londzina, ul. Michejdy czy dalej ul. Hajduka, s\u0105 zmuszeni zaliczy\u0107 p\u0119tl\u0119 ulicami Mennicz\u0105, G\u0142\u0119bok\u0105 i Zamkow\u0105 lub ulicami Regera, G\u00f3rny Rynek, Garncarsk\u0105 i Bobreck\u0105. W skrajnym przypadku, a wi\u0119c chc\u0105c przemie\u015bci\u0107 si\u0119 o oko\u0142o 200 metr\u00f3w od budynku poczty do placu Londzina, trzeba nad\u0142o\u017cy\u0107 prawie kilometr.<\/p>\r\n\r\n\r\n\r\n<p>Komisja Organizacji Ruchu Drogowego (KORD) przychyli\u0142a si\u0119 pozytywnie do naszych sugestii i w ramach kolejnej reorganizacji ruchu w centrum Cieszyna ma zosta\u0107 wprowadzona stosowna zmiana. Jest szansa, \u017ce wspomniany kontrapas pojawi si\u0119 w drugim kwartale 2021 roku. Wcze\u015bniej nie b\u0119dzie to mo\u017cliwe, poniewa\u017c w zwi\u0105zku z remontem ul. G\u0142\u0119bokiej, na ul. Matejki przewidywane jest czasowe wprowadzenie ruchu dwukierunkowego.<\/p>\r\n<figure id=\"attachment_907\" aria-describedby=\"caption-attachment-907\" style=\"width: 2048px\" class=\"wp-caption alignnone\"><a href=\"http:\/\/rowerowycieszyn.pl\/wp-content\/uploads\/2020\/12\/P1100118_tn.jpg\"><img loading=\"lazy\" decoding=\"async\" class=\"size-full wp-image-907\" src=\"http:\/\/rowerowycieszyn.pl\/wp-content\/uploads\/2020\/12\/P1100118_tn.jpg\" alt=\"W przysz\u0142ym roku wzd\u0142u\u017c ul. Matejki ma zosta\u0107 wytyczony kontrapas, umo\u017cliwiaj\u0105cy rowerzystom opuszczenie rynku w kierunku p\u00f3\u0142nocnym.\" width=\"2048\" height=\"1365\" srcset=\"https:\/\/rowerowycieszyn.pl\/wp-content\/uploads\/2020\/12\/P1100118_tn.jpg 2048w, https:\/\/rowerowycieszyn.pl\/wp-content\/uploads\/2020\/12\/P1100118_tn-300x200.jpg 300w, https:\/\/rowerowycieszyn.pl\/wp-content\/uploads\/2020\/12\/P1100118_tn-1024x683.jpg 1024w, https:\/\/rowerowycieszyn.pl\/wp-content\/uploads\/2020\/12\/P1100118_tn-768x512.jpg 768w, https:\/\/rowerowycieszyn.pl\/wp-content\/uploads\/2020\/12\/P1100118_tn-1536x1024.jpg 1536w\" sizes=\"auto, (max-width: 2048px) 100vw, 2048px\" \/><\/a><figcaption id=\"caption-attachment-907\" class=\"wp-caption-text\">W przysz\u0142ym roku wzd\u0142u\u017c ul. Matejki ma zosta\u0107 wytyczony kontrapas, umo\u017cliwiaj\u0105cy rowerzystom opuszczenie rynku w kierunku p\u00f3\u0142nocnym.<\/figcaption><\/figure>\r\n\r\n\r\n\r\n<p>Zgodnie z przepisami kontrapas rowerowy zostanie poprowadzony wzd\u0142u\u017c chodnika po stronie wschodniej (prawej, patrz\u0105c od rynku) i umo\u017cliwi rowerzystom poruszanie si\u0119 pod pr\u0105d ul. Matejki.<\/p>\r\n\r\n\r\n\r\n<p>Z pewno\u015bci\u0105 b\u0119dzie to du\u017ce udogodnienie na przyk\u0142ad dla os\u00f3b chc\u0105cych dotrze\u0107 rowerem z rynku w okolice centrum przesiadkowego.<\/p>\r\n\r\n\r\n\r\n<h2 class=\"wp-block-heading\">Wprowadzenie oznakowania &#8222;Nie dotyczy&#8221; w strefach ograniczonego ruchu<\/h2>\r\n\r\n\r\n\r\n<p>Jak ju\u017c pisali\u015bmy, obecnie stosowane opisy s\u0105 ma\u0142o czytelne, gdy\u017c rowerzy\u015bci na wielopunktowych tablicach pod zakazami wjazdu musz\u0105 doszukiwa\u0107 si\u0119, czy s\u0105 uwzgl\u0119dnieni w wy\u0142\u0105czeniach z zakazu. Powszechnie stosowanym\u00a0 standardem s\u0105 bia\u0142e tabliczki z symbolem roweru i napisem &#8222;Nie dotyczy&#8221;.<\/p>\r\n\r\n\r\n\r\n<p>Ta propozycja r\u00f3wnie\u017c zosta\u0142a zaakceptowana i nowe oznakowanie ma pojawi\u0107 si\u0119 wraz z reorganizacj\u0105 ruchu w rejonie rynku, w drugim kwartale 2021 roku.<\/p>\r\n<figure id=\"attachment_895\" aria-describedby=\"caption-attachment-895\" style=\"width: 2048px\" class=\"wp-caption alignnone\"><a href=\"http:\/\/rowerowycieszyn.pl\/wp-content\/uploads\/2020\/12\/zakazy_scalone_tn.jpg\"><img loading=\"lazy\" decoding=\"async\" class=\"size-full wp-image-895\" src=\"http:\/\/rowerowycieszyn.pl\/wp-content\/uploads\/2020\/12\/zakazy_scalone_tn.jpg\" alt=\"Wy\u0142\u0105czenia umieszczone pod znakami zakazu wymagaj\u0105 uwa\u017cnej lektury. Szczeg\u00f3lnie k\u0142opotliwe mo\u017ce to by\u0107 dla obcoj\u0119zycznych rowerzyst\u00f3w.\" width=\"2048\" height=\"1516\" srcset=\"https:\/\/rowerowycieszyn.pl\/wp-content\/uploads\/2020\/12\/zakazy_scalone_tn.jpg 2048w, https:\/\/rowerowycieszyn.pl\/wp-content\/uploads\/2020\/12\/zakazy_scalone_tn-300x222.jpg 300w, https:\/\/rowerowycieszyn.pl\/wp-content\/uploads\/2020\/12\/zakazy_scalone_tn-1024x758.jpg 1024w, https:\/\/rowerowycieszyn.pl\/wp-content\/uploads\/2020\/12\/zakazy_scalone_tn-768x569.jpg 768w, https:\/\/rowerowycieszyn.pl\/wp-content\/uploads\/2020\/12\/zakazy_scalone_tn-1536x1137.jpg 1536w\" sizes=\"auto, (max-width: 2048px) 100vw, 2048px\" \/><\/a><figcaption id=\"caption-attachment-895\" class=\"wp-caption-text\">Wy\u0142\u0105czenia umieszczone pod znakami zakazu wymagaj\u0105 uwa\u017cnej lektury. Szczeg\u00f3lnie k\u0142opotliwe mo\u017ce to by\u0107 dla obcoj\u0119zycznych rowerzyst\u00f3w.<\/figcaption><\/figure>\r\n\r\n\r\n\r\n<h2 class=\"wp-block-heading\">Wprowadzenie oznakowania poziomego w postaci sier\u017cant\u00f3w rowerowych oraz wytyczanie pas\u00f3w dla rowerzyst\u00f3w<\/h2>\r\n\r\n\r\n\r\n<p>KORD zatwierdzi\u0142a r\u00f3wnie\u017c koncepcj\u0119 zastosowania w Cieszynie tzw. sier\u017cant\u00f3w rowerowych. Warto przypomnie\u0107, \u017ce <a href=\"https:\/\/rowerowypoznan.pl\/know-how\/rowerowy-poznan-poradnik-dla-mieszkancow\/sierzant-rowerowy-rowerzysto-poznaj-swojego-doradce\/\">sier\u017cant rowerowy<\/a> nie wytycza odr\u0119bnego pasa rowerowego, lecz jedynie informuje cyklist\u00f3w o kierunku poruszania si\u0119. Jest te\u017c ostrze\u017ceniem dla kierowc\u00f3w, \u017ce na danym odcinku mog\u0105 spotka\u0107 si\u0119 ze zwi\u0119kszonym ruchem rowerowym.<\/p>\r\n\r\n\r\n\r\n<p>Testowym obszarem, na kt\u00f3rym ma zosta\u0107 wprowadzone to oznakowanie, b\u0119dzie ul. 3 Maja. Co wi\u0119cej, w dolnym odcinku ul. 3 Maja (czyli w pobli\u017cu Olzy) jest wystarczaj\u0105co szeroka, aby wyznaczy\u0107 wydzielone pasy rowerowe. To r\u00f3wnie\u017c zostanie wzi\u0119te pod uwag\u0119.<\/p>\r\n\r\n\r\n\r\n<p>Docelowo analizowane b\u0119d\u0105 tak\u017ce inne drogi w Cieszynie, na kt\u00f3rych mo\u017cliwe jest zastosowanie wydzielonych pas\u00f3w rowerowych. Je\u017celi znacie takie miejsca, zach\u0119camy do zg\u0142aszania propozycji.<\/p>\r\n\r\n\r\n\r\n<h2 class=\"wp-block-heading\">B\u0142\u0119dy projektowe i wykonawcze na drodze dla rower\u00f3w (DDR) wzd\u0142u\u017c ul. Hajduka i ul. RNKC<\/h2>\r\n\r\n\r\n\r\n<p>Ten problem r\u00f3wnie\u017c by\u0142 tematem kilku naszych interwencji. Jak ju\u017c pisali\u015bmy, na DDR wzd\u0142u\u017c ul. Hajduka i RNKC wyst\u0119puje wi\u0119kszo\u015b\u0107 b\u0142\u0119d\u00f3w, jakie mo\u017cna pope\u0142ni\u0107 w tego typu inwestycji &#8211; nie zapewniono wystarczaj\u0105cych promieni skr\u0119tu, kraw\u0119\u017cniki na przejazdach przez drogi s\u0105 zbyt wysokie i ostro zako\u0144czone, \u015bcie\u017cka przebiega zbyt blisko \u015bcian\u00a0 galerii Stela (nie jest zachowana tzw. skrajnia) a zako\u0144czenie ca\u0142ego odcinka przy Urz\u0119dzie Celnym wo\u0142a o pomst\u0119 do nieba.<\/p>\r\n\r\n\r\n\r\n<p>W dalszym ci\u0105gu czekamy na odpowied\u017a, jakie s\u0105 mo\u017cliwo\u015bci w zakresie lepszego wytyczenia tej DDR (pad\u0142a propozycja, aby rondo Ksi\u0119stwa Cieszy\u0144skiego okr\u0105\u017ca\u0107 z drugiej strony).\u00a0 Otrzymali\u015bmy te\u017c informacj\u0119, \u017ce niebezpieczne najazdy na kraw\u0119\u017cniki na przeje\u017adzie przez rondo i w pobli\u017cu dworca kolejowego zostan\u0105 w najbli\u017cszym czasie skorygowane.<\/p>\r\n<figure id=\"attachment_896\" aria-describedby=\"caption-attachment-896\" style=\"width: 2048px\" class=\"wp-caption alignnone\"><a href=\"http:\/\/rowerowycieszyn.pl\/wp-content\/uploads\/2020\/12\/IMG_20200921_085003_cr_tn.jpg\"><img loading=\"lazy\" decoding=\"async\" class=\"size-full wp-image-896\" src=\"http:\/\/rowerowycieszyn.pl\/wp-content\/uploads\/2020\/12\/IMG_20200921_085003_cr_tn.jpg\" alt=\"&quot;Zakr\u0119t \u015bmierci&quot; o zerowym \u0142uku w pobli\u017cu galerii Stela.\" width=\"2048\" height=\"1152\" srcset=\"https:\/\/rowerowycieszyn.pl\/wp-content\/uploads\/2020\/12\/IMG_20200921_085003_cr_tn.jpg 2048w, https:\/\/rowerowycieszyn.pl\/wp-content\/uploads\/2020\/12\/IMG_20200921_085003_cr_tn-300x169.jpg 300w, https:\/\/rowerowycieszyn.pl\/wp-content\/uploads\/2020\/12\/IMG_20200921_085003_cr_tn-1024x576.jpg 1024w, https:\/\/rowerowycieszyn.pl\/wp-content\/uploads\/2020\/12\/IMG_20200921_085003_cr_tn-768x432.jpg 768w, https:\/\/rowerowycieszyn.pl\/wp-content\/uploads\/2020\/12\/IMG_20200921_085003_cr_tn-1536x864.jpg 1536w\" sizes=\"auto, (max-width: 2048px) 100vw, 2048px\" \/><\/a><figcaption id=\"caption-attachment-896\" class=\"wp-caption-text\">&#8222;Zakr\u0119t \u015bmierci&#8221; o zerowym \u0142uku w pobli\u017cu galerii Stela.<\/figcaption><\/figure>\r\n\r\n\r\n\r\n<h2 class=\"wp-block-heading\">DDR na odcinku Czarnego Chodnika mi\u0119dzy starostwem a ul. Brodzi\u0144skiego<\/h2>\r\n\r\n\r\n\r\n<p>Nieustannie promujemy pomys\u0142, by wykorzysta\u0107 dzik\u0105 \u015bcie\u017ck\u0119 wzd\u0142u\u017c Bobr\u00f3wki, ci\u0105gn\u0105c\u0105 si\u0119 od przejazdu kolejowego na ul. Bobreckiej a\u017c do kolejnego, asfaltowego fragmentu ul. Czarny Chodnik. Mo\u017cna ni\u0105 poprowadzi\u0107 bezpieczn\u0105, odseparowan\u0105 DDR, \u0142\u0105cz\u0105c\u0105 okolice centrum przesiadkowego z wschodnimi rejonami Cieszyna. Mamy nadziej\u0119, \u017ce ta DDR stanie si\u0119 cz\u0119\u015bci\u0105 <a href=\"http:\/\/rowerowycieszyn.pl\/index.php\/2020\/09\/07\/trasa-rowerowa-604-bielsko-biala-cieszyn-propozycja-przebiegu-odcinka-cieszynskiego\/\">trasy 604, \u0142\u0105cz\u0105cej Cieszyn z Ustroniem<\/a> (w podlinkowanym tek\u015bcie zamieszczono szczeg\u00f3\u0142ow\u0105 map\u0119, na kt\u00f3rej znajduje si\u0119 r\u00f3wnie\u017c ten fragment).<\/p>\r\n\r\n\r\n\r\n<p>Co wi\u0119cej, w przypadku realizacji tej inwestycji mo\u017cna b\u0119dzie zrezygnowa\u0107 z nieudanego, prowadz\u0105cego donik\u0105d odcinka DDR wzd\u0142u\u017c ul. RNKC. Co prawda ma tam powsta\u0107 kolejowe przej\u015bcie dla pieszych, kt\u00f3re pozwoli rowerzystom dotrze\u0107 na Czarny Chodnik, ale korzystanie z niego b\u0119dzie wymaga\u0142o zsiadania z roweru. Proponowana DDR wzd\u0142u\u017c Bobr\u00f3wki rozwi\u0105zuje ten problem, co dodatkowo zwi\u0119ksza bezpiecze\u0144stwo rowerzyst\u00f3w, gdy\u017c uniknie si\u0119 przechodzenia przez tory na niestrze\u017conym przeje\u017adzie.<\/p>\r\n\r\n\r\n\r\n<p>Uzyskali\u015bmy wst\u0119pn\u0105 informacj\u0119, \u017ce nie ma przeszk\u00f3d w\u0142asno\u015bciowych, aby utworzy\u0107 tam DDR. Temat b\u0119dzie kontynuowany po wizji lokalnej, na kt\u00f3r\u0105 jeste\u015bmy um\u00f3wieni z przedstawicielami miasta na pocz\u0105tku stycznia 2021.<\/p>\r\n<figure id=\"attachment_897\" aria-describedby=\"caption-attachment-897\" style=\"width: 2048px\" class=\"wp-caption alignnone\"><a href=\"http:\/\/rowerowycieszyn.pl\/wp-content\/uploads\/2020\/12\/P1050305_tn.jpg\"><img loading=\"lazy\" decoding=\"async\" class=\"wp-image-897 size-full\" src=\"http:\/\/rowerowycieszyn.pl\/wp-content\/uploads\/2020\/12\/P1050305_tn.jpg\" alt=\"Zako\u0144czenie &quot;drogi donik\u0105d&quot; przy ul. RNKC. Nic dziwnego, \u017ce cz\u0119\u015bciej mo\u017cna tu spotka\u0107 pieszego ni\u017c rowerzyst\u0119.\" width=\"2048\" height=\"1365\" srcset=\"https:\/\/rowerowycieszyn.pl\/wp-content\/uploads\/2020\/12\/P1050305_tn.jpg 2048w, https:\/\/rowerowycieszyn.pl\/wp-content\/uploads\/2020\/12\/P1050305_tn-300x200.jpg 300w, https:\/\/rowerowycieszyn.pl\/wp-content\/uploads\/2020\/12\/P1050305_tn-1024x683.jpg 1024w, https:\/\/rowerowycieszyn.pl\/wp-content\/uploads\/2020\/12\/P1050305_tn-768x512.jpg 768w, https:\/\/rowerowycieszyn.pl\/wp-content\/uploads\/2020\/12\/P1050305_tn-1536x1024.jpg 1536w\" sizes=\"auto, (max-width: 2048px) 100vw, 2048px\" \/><\/a><figcaption id=\"caption-attachment-897\" class=\"wp-caption-text\">Zako\u0144czenie &#8222;drogi donik\u0105d&#8221; przy ul. RNKC. Nic dziwnego, \u017ce cz\u0119\u015bciej mo\u017cna tu spotka\u0107 pieszego ni\u017c rowerzyst\u0119.<\/figcaption><\/figure>\r\n\r\n\r\n\r\n<h2 class=\"wp-block-heading\">Trasa rowerowa 604 Cieszyn &#8211; Ustro\u0144<\/h2>\r\n\r\n\r\n\r\n<p>Wci\u0105\u017c czekamy na wizyt\u0119 wojew\u00f3dzkiego <a href=\"http:\/\/rowerowycieszyn.pl\/index.php\/2020\/08\/10\/oficer-rowerowy-ktoz-to-taki\/\">oficera rowerowego<\/a>, z kt\u00f3rym mamy przeprowadzi\u0107 wizj\u0119 lokaln\u0105 mo\u017cliwych wariant\u00f3w trasy. Rekomendacje oficera rowerowego b\u0119d\u0105 kluczowe przy wyborze jednej z opcji. Jednocze\u015bnie podtrzymujemy nasz\u0105 propozycj\u0119, aby trasa przebiega\u0142a <a href=\"http:\/\/rowerowycieszyn.pl\/index.php\/2020\/10\/26\/trasa-604-szansa-na-nowe-bezpieczne-polaczenie-cieszyna-z-ustroniem\/\">zgodnie zamieszczonym tu opisem<\/a>.<\/p>\r\n\r\n\r\n\r\n<h2 class=\"wp-block-heading\">Dopuszczenie ruchu rowerowego na chodnikach<\/h2>\r\n\r\n\r\n\r\n<p>Od pewnego czasu postulujemy wprowadzenie tabliczki &#8222;Dopuszczony ruch rowerowy&#8221; na chodnikach, na kt\u00f3rych wyst\u0119puje niewielkie nat\u0119\u017cenie ruchu pieszego i kt\u00f3re s\u0105 jednocze\u015bnie wystarczaj\u0105co szerokie, aby zastosowa\u0107 takie rozwi\u0105zanie.<\/p>\r\n\r\n\r\n\r\n<p>Niestety ta propozycja spotka\u0142a si\u0119 z negatywn\u0105 ocen\u0105 cieszy\u0144skiej policji. Jednym z argument\u00f3w przeciw jest niejasny status prawny takiego rozwi\u0105zania &#8211; nie wspomina o nim kodeks drogowy a jednocze\u015bnie istniej\u0105 negatywne interpretacje, zniech\u0119caj\u0105ce do stosowania wspomnianych tabliczek.<\/p>\r\n\r\n\r\n\r\n<p>Zaproponowali\u015bmy wi\u0119c, \u017ceby KORD ponownie rozwa\u017cy\u0142a mo\u017cliwo\u015b\u0107 dopuszczenia ruchu rowerowego na chodnikach w miejscach szczeg\u00f3lnie niebezpiecznych dla rowerzyst\u00f3w &#8211; np. na stromych podjazdach wzd\u0142u\u017c ul. G\u00f3rnej i Pu\u0144cowskiej.<\/p>\r\n\r\n\r\n\r\n<p>Miejmy nadziej\u0119, \u017ce mo\u017cliwo\u015b\u0107 bezpiecznego (z zachowaniem pierwsze\u0144stwa pieszych) korzystania z chodnika z czasem otrzyma jednoznaczne potwierdzenie w prawie drogowym. Od pewnego czasu organizacji rowerowe, takiej jak <a href=\"https:\/\/koalicja-rowerowa.pl\/prawo\/uwagi-do-nowelizacji-ustawy-prawo-o-ruchu-drogowym\">\u015al\u0105ska Koalicja Rowerowa, podejmuj\u0105 w tym kierunku intensywne dzia\u0142ania<\/a>.<\/p>\r\n\r\n\r\n\r\n<h2 class=\"wp-block-heading\">Niebezpieczny wjazd na pocz\u0105tek DDR w pobli\u017cu parkingu Pod Wa\u0142k\u0105<\/h2>\r\n\r\n\r\n\r\n<p>To kolejny temat, kt\u00f3ry nie znalaz\u0142 jeszcze ostatecznego rozstrzygni\u0119cia. Co prawda poprawiono oznakowanie poziome, umo\u017cliwiaj\u0105c tym samym wjazd na DDR osobom poruszaj\u0105cym si\u0119 od strony Pu\u0144cowa, ale to wci\u0105\u017c nie rozwi\u0105zuje problemu s\u0142abej widoczno\u015bci w tym miejscu, co w po\u0142\u0105czeniu z p\u0119dz\u0105cymi cz\u0119sto z naprzeciwka samochodami stwarza du\u017ce zagro\u017cenie.<\/p>\r\n\r\n\r\n\r\n<p>Dlatego zalecamy przed\u0142u\u017cenie CPR przynajmniej do pobliskiego przystanku autobusowego a jeszcze lepiej &#8211; a\u017c do pocz\u0105tku ul. \u017beromskiego. Tej propozycji przyjrzymy si\u0119 wsp\u00f3lnie podczas zaplanowanej na stycze\u0144 wizji lokalnej.<\/p>\r\n<figure id=\"attachment_898\" aria-describedby=\"caption-attachment-898\" style=\"width: 2048px\" class=\"wp-caption alignnone\"><a href=\"http:\/\/rowerowycieszyn.pl\/wp-content\/uploads\/2020\/12\/IMG_20201126_122813_cr_tn.jpg\"><img loading=\"lazy\" decoding=\"async\" class=\"wp-image-898 size-full\" src=\"http:\/\/rowerowycieszyn.pl\/wp-content\/uploads\/2020\/12\/IMG_20201126_122813_cr_tn.jpg\" alt=\"Skorygowana podw\u00f3jna ci\u0105g\u0142a umo\u017cliwia ju\u017c skr\u0119t w lewo na CPR przy al. \u0141yska, ale nie rozwi\u0105zuje to problemu bezpiecze\u0144stwa, wynikaj\u0105cego ze s\u0142abej widoczno\u015bci na zakr\u0119cie.\" width=\"2048\" height=\"1365\" srcset=\"https:\/\/rowerowycieszyn.pl\/wp-content\/uploads\/2020\/12\/IMG_20201126_122813_cr_tn.jpg 2048w, https:\/\/rowerowycieszyn.pl\/wp-content\/uploads\/2020\/12\/IMG_20201126_122813_cr_tn-300x200.jpg 300w, https:\/\/rowerowycieszyn.pl\/wp-content\/uploads\/2020\/12\/IMG_20201126_122813_cr_tn-1024x683.jpg 1024w, https:\/\/rowerowycieszyn.pl\/wp-content\/uploads\/2020\/12\/IMG_20201126_122813_cr_tn-768x512.jpg 768w, https:\/\/rowerowycieszyn.pl\/wp-content\/uploads\/2020\/12\/IMG_20201126_122813_cr_tn-1536x1024.jpg 1536w\" sizes=\"auto, (max-width: 2048px) 100vw, 2048px\" \/><\/a><figcaption id=\"caption-attachment-898\" class=\"wp-caption-text\">Skorygowana podw\u00f3jna ci\u0105g\u0142a umo\u017cliwia ju\u017c skr\u0119t w lewo na CPR przy al. \u0141yska, ale nie rozwi\u0105zuje to problemu bezpiecze\u0144stwa, wynikaj\u0105cego ze s\u0142abej widoczno\u015bci na zakr\u0119cie.<\/figcaption><\/figure>\r\n\r\n\r\n\r\n<h2 class=\"wp-block-heading\">Dzia\u0142ania strategiczne w zakresie rozwoju infrastruktury rowerowej w Cieszynie<\/h2>\r\n\r\n\r\n\r\n<p>Wi\u0119kszo\u015b\u0107 om\u00f3wionych powy\u017cej temat\u00f3w, to oczywi\u015bcie sprawy bie\u017c\u0105ce, cz\u0119sto nie wymagaj\u0105ce du\u017cych nak\u0142ad\u00f3w do osi\u0105gni\u0119cia oczekiwanego efektu. Jednocze\u015bnie jednak k\u0142adziemy nacisk na zagadnienia d\u0142ugoterminowe i strategiczne, takie jak tworzenie sp\u00f3jnej sieci DDR na terenie Cieszyna oraz bezpiecznych i atrakcyjnych po\u0142\u0105cze\u0144 rowerowych z s\u0105siednimi miejscowo\u015bciami.<\/p>\r\n\r\n\r\n\r\n<p>R\u00f3wnie\u017c stale zwracamy uwag\u0119, aby powstaj\u0105ca lub remontowana infrastruktura spe\u0142nia\u0142a podstawowe standardy. Jedn\u0105 z naszych propozycji jest, aby UM Cieszyn wprowadzi\u0142 do tzw. <a href=\"https:\/\/mfiles.pl\/pl\/index.php\/Specyfikacja_Istotnych_Warunk%C3%B3w_Zam%C3%B3wienia\">SIWZ<\/a> wym\u00f3g uwzgl\u0119dniania <a href=\"https:\/\/metropoliagzm.pl\/2020\/06\/18\/metropolia-doradzi-jak-budowac-drogi-rowerowe\/\">standard\u00f3w rowerowych<\/a> wzorowanych na rozwi\u0105zaniach, kt\u00f3re przyj\u0119\u0142y inne miasta, na przyk\u0142ad G\u00f3rno\u015bl\u0105sko &#8211; Zag\u0142\u0119biowska Metropolia.<\/p>\r\n\r\n\r\n\r\n<p class=\"has-text-align-right\" style=\"text-align: right;\">Piotr Stok\u0142osa<\/p>\r\n","protected":false},"excerpt":{"rendered":"<p>Jeste\u015bmy po kolejnym spotkaniu z w\u0142adzami miasta. By\u0142o ono dla nas szczeg\u00f3lnie interesuj\u0105ce, poniewa\u017c na wcze\u015bniejszych zg\u0142aszali\u015bmy liczne propozycje i uwagi dotycz\u0105ce cieszy\u0144skiej infrastruktury rowerowej. Nadszed\u0142 wi\u0119c czas na pierwsze&hellip; <\/p>\n","protected":false},"author":1,"featured_media":893,"comment_status":"open","ping_status":"open","sticky":false,"template":"","format":"standard","meta":{"footnotes":""},"categories":[9,5,1],"tags":[],"class_list":["post-880","post","type-post","status-publish","format-standard","has-post-thumbnail","hentry","category-aktualnosci","category-artykuly","category-bez-kategorii"],"yoast_head":"<!-- This site is optimized with the Yoast SEO plugin v27.3 - https:\/\/yoast.com\/product\/yoast-seo-wordpress\/ -->\n<title>Spotkanie z w\u0142adzami miasta 08.12.2020 - aktualno\u015bci - Rowerowy Cieszyn<\/title>\n<meta name=\"description\" content=\"Najwa\u017cniejsze aktualno\u015bci rowerowe omawiane podczas spotkania z w\u0142adzami miasta Cieszyn - zmiany oznakowania, nowe inwestycje rowerowe itp.\" \/>\n<meta name=\"robots\" content=\"index, follow, max-snippet:-1, max-image-preview:large, max-video-preview:-1\" \/>\n<link rel=\"canonical\" href=\"https:\/\/rowerowycieszyn.pl\/index.php\/2020\/12\/15\/spotkanie-z-wladzami-miasta-08-12-2020-aktualnosci\/\" \/>\n<meta property=\"og:locale\" content=\"pl_PL\" \/>\n<meta property=\"og:type\" content=\"article\" \/>\n<meta property=\"og:title\" content=\"Spotkanie z w\u0142adzami miasta 08.12.2020 - aktualno\u015bci - Rowerowy Cieszyn\" \/>\n<meta property=\"og:description\" content=\"Najwa\u017cniejsze aktualno\u015bci rowerowe omawiane podczas spotkania z w\u0142adzami miasta Cieszyn - zmiany oznakowania, nowe inwestycje rowerowe itp.\" \/>\n<meta property=\"og:url\" content=\"https:\/\/rowerowycieszyn.pl\/index.php\/2020\/12\/15\/spotkanie-z-wladzami-miasta-08-12-2020-aktualnosci\/\" \/>\n<meta property=\"og:site_name\" content=\"Rowerowy Cieszyn\" \/>\n<meta property=\"article:publisher\" content=\"https:\/\/www.facebook.com\/RowerowyCieszyn\" \/>\n<meta property=\"article:published_time\" content=\"2020-12-15T09:34:42+00:00\" \/>\n<meta property=\"article:modified_time\" content=\"2020-12-15T13:22:37+00:00\" \/>\n<meta property=\"og:image\" content=\"http:\/\/rowerowycieszyn.pl\/wp-content\/uploads\/2020\/12\/P1100118_cr_tn.jpg\" \/>\n\t<meta property=\"og:image:width\" content=\"1920\" \/>\n\t<meta property=\"og:image:height\" content=\"1080\" \/>\n\t<meta property=\"og:image:type\" content=\"image\/jpeg\" \/>\n<meta name=\"author\" content=\"Rowerowy Cieszyn\" \/>\n<meta name=\"twitter:card\" content=\"summary_large_image\" \/>\n<meta name=\"twitter:label1\" content=\"Napisane przez\" \/>\n\t<meta name=\"twitter:data1\" content=\"Rowerowy Cieszyn\" \/>\n\t<meta name=\"twitter:label2\" content=\"Szacowany czas czytania\" \/>\n\t<meta name=\"twitter:data2\" content=\"7 minut\" \/>\n<script type=\"application\/ld+json\" class=\"yoast-schema-graph\">{\"@context\":\"https:\\\/\\\/schema.org\",\"@graph\":[{\"@type\":\"Article\",\"@id\":\"https:\\\/\\\/rowerowycieszyn.pl\\\/index.php\\\/2020\\\/12\\\/15\\\/spotkanie-z-wladzami-miasta-08-12-2020-aktualnosci\\\/#article\",\"isPartOf\":{\"@id\":\"https:\\\/\\\/rowerowycieszyn.pl\\\/index.php\\\/2020\\\/12\\\/15\\\/spotkanie-z-wladzami-miasta-08-12-2020-aktualnosci\\\/\"},\"author\":{\"name\":\"Rowerowy Cieszyn\",\"@id\":\"https:\\\/\\\/rowerowycieszyn.pl\\\/#\\\/schema\\\/person\\\/b698cee63b7405acd7e70007d7cc8b2a\"},\"headline\":\"Spotkanie z w\u0142adzami miasta 08.12.2020 &#8211; aktualno\u015bci\",\"datePublished\":\"2020-12-15T09:34:42+00:00\",\"dateModified\":\"2020-12-15T13:22:37+00:00\",\"mainEntityOfPage\":{\"@id\":\"https:\\\/\\\/rowerowycieszyn.pl\\\/index.php\\\/2020\\\/12\\\/15\\\/spotkanie-z-wladzami-miasta-08-12-2020-aktualnosci\\\/\"},\"wordCount\":1486,\"commentCount\":0,\"publisher\":{\"@id\":\"https:\\\/\\\/rowerowycieszyn.pl\\\/#organization\"},\"image\":{\"@id\":\"https:\\\/\\\/rowerowycieszyn.pl\\\/index.php\\\/2020\\\/12\\\/15\\\/spotkanie-z-wladzami-miasta-08-12-2020-aktualnosci\\\/#primaryimage\"},\"thumbnailUrl\":\"https:\\\/\\\/rowerowycieszyn.pl\\\/wp-content\\\/uploads\\\/2020\\\/12\\\/P1100118_cr_tn.jpg\",\"articleSection\":[\"Aktualno\u015bci\",\"Artyku\u0142y\"],\"inLanguage\":\"pl-PL\",\"potentialAction\":[{\"@type\":\"CommentAction\",\"name\":\"Comment\",\"target\":[\"https:\\\/\\\/rowerowycieszyn.pl\\\/index.php\\\/2020\\\/12\\\/15\\\/spotkanie-z-wladzami-miasta-08-12-2020-aktualnosci\\\/#respond\"]}]},{\"@type\":\"WebPage\",\"@id\":\"https:\\\/\\\/rowerowycieszyn.pl\\\/index.php\\\/2020\\\/12\\\/15\\\/spotkanie-z-wladzami-miasta-08-12-2020-aktualnosci\\\/\",\"url\":\"https:\\\/\\\/rowerowycieszyn.pl\\\/index.php\\\/2020\\\/12\\\/15\\\/spotkanie-z-wladzami-miasta-08-12-2020-aktualnosci\\\/\",\"name\":\"Spotkanie z w\u0142adzami miasta 08.12.2020 - aktualno\u015bci - Rowerowy Cieszyn\",\"isPartOf\":{\"@id\":\"https:\\\/\\\/rowerowycieszyn.pl\\\/#website\"},\"primaryImageOfPage\":{\"@id\":\"https:\\\/\\\/rowerowycieszyn.pl\\\/index.php\\\/2020\\\/12\\\/15\\\/spotkanie-z-wladzami-miasta-08-12-2020-aktualnosci\\\/#primaryimage\"},\"image\":{\"@id\":\"https:\\\/\\\/rowerowycieszyn.pl\\\/index.php\\\/2020\\\/12\\\/15\\\/spotkanie-z-wladzami-miasta-08-12-2020-aktualnosci\\\/#primaryimage\"},\"thumbnailUrl\":\"https:\\\/\\\/rowerowycieszyn.pl\\\/wp-content\\\/uploads\\\/2020\\\/12\\\/P1100118_cr_tn.jpg\",\"datePublished\":\"2020-12-15T09:34:42+00:00\",\"dateModified\":\"2020-12-15T13:22:37+00:00\",\"description\":\"Najwa\u017cniejsze aktualno\u015bci rowerowe omawiane podczas spotkania z w\u0142adzami miasta Cieszyn - zmiany oznakowania, nowe inwestycje rowerowe itp.\",\"breadcrumb\":{\"@id\":\"https:\\\/\\\/rowerowycieszyn.pl\\\/index.php\\\/2020\\\/12\\\/15\\\/spotkanie-z-wladzami-miasta-08-12-2020-aktualnosci\\\/#breadcrumb\"},\"inLanguage\":\"pl-PL\",\"potentialAction\":[{\"@type\":\"ReadAction\",\"target\":[\"https:\\\/\\\/rowerowycieszyn.pl\\\/index.php\\\/2020\\\/12\\\/15\\\/spotkanie-z-wladzami-miasta-08-12-2020-aktualnosci\\\/\"]}]},{\"@type\":\"ImageObject\",\"inLanguage\":\"pl-PL\",\"@id\":\"https:\\\/\\\/rowerowycieszyn.pl\\\/index.php\\\/2020\\\/12\\\/15\\\/spotkanie-z-wladzami-miasta-08-12-2020-aktualnosci\\\/#primaryimage\",\"url\":\"https:\\\/\\\/rowerowycieszyn.pl\\\/wp-content\\\/uploads\\\/2020\\\/12\\\/P1100118_cr_tn.jpg\",\"contentUrl\":\"https:\\\/\\\/rowerowycieszyn.pl\\\/wp-content\\\/uploads\\\/2020\\\/12\\\/P1100118_cr_tn.jpg\",\"width\":1920,\"height\":1080,\"caption\":\"Ul. Mennicza w Cieszynie. Jest szansa, \u017ce wkr\u00f3tce powstanie tu kontrapas rowerowy.\"},{\"@type\":\"BreadcrumbList\",\"@id\":\"https:\\\/\\\/rowerowycieszyn.pl\\\/index.php\\\/2020\\\/12\\\/15\\\/spotkanie-z-wladzami-miasta-08-12-2020-aktualnosci\\\/#breadcrumb\",\"itemListElement\":[{\"@type\":\"ListItem\",\"position\":1,\"name\":\"Home\",\"item\":\"https:\\\/\\\/rowerowycieszyn.pl\\\/\"},{\"@type\":\"ListItem\",\"position\":2,\"name\":\"Spotkanie z w\u0142adzami miasta 08.12.2020 &#8211; aktualno\u015bci\"}]},{\"@type\":\"WebSite\",\"@id\":\"https:\\\/\\\/rowerowycieszyn.pl\\\/#website\",\"url\":\"https:\\\/\\\/rowerowycieszyn.pl\\\/\",\"name\":\"Rowerowy Cieszyn\",\"description\":\"Strona promuj\u0105ca komunikacj\u0119 oraz turystyk\u0119 rowerow\u0105 na terenie Cieszyna i okolic.\",\"publisher\":{\"@id\":\"https:\\\/\\\/rowerowycieszyn.pl\\\/#organization\"},\"potentialAction\":[{\"@type\":\"SearchAction\",\"target\":{\"@type\":\"EntryPoint\",\"urlTemplate\":\"https:\\\/\\\/rowerowycieszyn.pl\\\/?s={search_term_string}\"},\"query-input\":{\"@type\":\"PropertyValueSpecification\",\"valueRequired\":true,\"valueName\":\"search_term_string\"}}],\"inLanguage\":\"pl-PL\"},{\"@type\":\"Organization\",\"@id\":\"https:\\\/\\\/rowerowycieszyn.pl\\\/#organization\",\"name\":\"Rowerowy Cieszyn\",\"url\":\"https:\\\/\\\/rowerowycieszyn.pl\\\/\",\"logo\":{\"@type\":\"ImageObject\",\"inLanguage\":\"pl-PL\",\"@id\":\"https:\\\/\\\/rowerowycieszyn.pl\\\/#\\\/schema\\\/logo\\\/image\\\/\",\"url\":\"https:\\\/\\\/rowerowycieszyn.pl\\\/wp-content\\\/uploads\\\/2020\\\/07\\\/cropped-rower1_cr_tn-1.jpg\",\"contentUrl\":\"https:\\\/\\\/rowerowycieszyn.pl\\\/wp-content\\\/uploads\\\/2020\\\/07\\\/cropped-rower1_cr_tn-1.jpg\",\"width\":250,\"height\":100,\"caption\":\"Rowerowy Cieszyn\"},\"image\":{\"@id\":\"https:\\\/\\\/rowerowycieszyn.pl\\\/#\\\/schema\\\/logo\\\/image\\\/\"},\"sameAs\":[\"https:\\\/\\\/www.facebook.com\\\/RowerowyCieszyn\"]},{\"@type\":\"Person\",\"@id\":\"https:\\\/\\\/rowerowycieszyn.pl\\\/#\\\/schema\\\/person\\\/b698cee63b7405acd7e70007d7cc8b2a\",\"name\":\"Rowerowy Cieszyn\",\"image\":{\"@type\":\"ImageObject\",\"inLanguage\":\"pl-PL\",\"@id\":\"https:\\\/\\\/secure.gravatar.com\\\/avatar\\\/1aef2c80bb06ccee0d820e4116589968d6d5c57310499f9271d42a4f7c5ffb3a?s=96&d=mm&r=g\",\"url\":\"https:\\\/\\\/secure.gravatar.com\\\/avatar\\\/1aef2c80bb06ccee0d820e4116589968d6d5c57310499f9271d42a4f7c5ffb3a?s=96&d=mm&r=g\",\"contentUrl\":\"https:\\\/\\\/secure.gravatar.com\\\/avatar\\\/1aef2c80bb06ccee0d820e4116589968d6d5c57310499f9271d42a4f7c5ffb3a?s=96&d=mm&r=g\",\"caption\":\"Rowerowy Cieszyn\"},\"sameAs\":[\"http:\\\/\\\/rowerowycieszyn.pl\"],\"url\":\"https:\\\/\\\/rowerowycieszyn.pl\\\/index.php\\\/author\\\/pstoklosa\\\/\"}]}<\/script>\n<!-- \/ Yoast SEO plugin. -->","yoast_head_json":{"title":"Spotkanie z w\u0142adzami miasta 08.12.2020 - aktualno\u015bci - Rowerowy Cieszyn","description":"Najwa\u017cniejsze aktualno\u015bci rowerowe omawiane podczas spotkania z w\u0142adzami miasta Cieszyn - zmiany oznakowania, nowe inwestycje rowerowe itp.","robots":{"index":"index","follow":"follow","max-snippet":"max-snippet:-1","max-image-preview":"max-image-preview:large","max-video-preview":"max-video-preview:-1"},"canonical":"https:\/\/rowerowycieszyn.pl\/index.php\/2020\/12\/15\/spotkanie-z-wladzami-miasta-08-12-2020-aktualnosci\/","og_locale":"pl_PL","og_type":"article","og_title":"Spotkanie z w\u0142adzami miasta 08.12.2020 - aktualno\u015bci - Rowerowy Cieszyn","og_description":"Najwa\u017cniejsze aktualno\u015bci rowerowe omawiane podczas spotkania z w\u0142adzami miasta Cieszyn - zmiany oznakowania, nowe inwestycje rowerowe itp.","og_url":"https:\/\/rowerowycieszyn.pl\/index.php\/2020\/12\/15\/spotkanie-z-wladzami-miasta-08-12-2020-aktualnosci\/","og_site_name":"Rowerowy Cieszyn","article_publisher":"https:\/\/www.facebook.com\/RowerowyCieszyn","article_published_time":"2020-12-15T09:34:42+00:00","article_modified_time":"2020-12-15T13:22:37+00:00","og_image":[{"width":1920,"height":1080,"url":"http:\/\/rowerowycieszyn.pl\/wp-content\/uploads\/2020\/12\/P1100118_cr_tn.jpg","type":"image\/jpeg"}],"author":"Rowerowy Cieszyn","twitter_card":"summary_large_image","twitter_misc":{"Napisane przez":"Rowerowy Cieszyn","Szacowany czas czytania":"7 minut"},"schema":{"@context":"https:\/\/schema.org","@graph":[{"@type":"Article","@id":"https:\/\/rowerowycieszyn.pl\/index.php\/2020\/12\/15\/spotkanie-z-wladzami-miasta-08-12-2020-aktualnosci\/#article","isPartOf":{"@id":"https:\/\/rowerowycieszyn.pl\/index.php\/2020\/12\/15\/spotkanie-z-wladzami-miasta-08-12-2020-aktualnosci\/"},"author":{"name":"Rowerowy Cieszyn","@id":"https:\/\/rowerowycieszyn.pl\/#\/schema\/person\/b698cee63b7405acd7e70007d7cc8b2a"},"headline":"Spotkanie z w\u0142adzami miasta 08.12.2020 &#8211; aktualno\u015bci","datePublished":"2020-12-15T09:34:42+00:00","dateModified":"2020-12-15T13:22:37+00:00","mainEntityOfPage":{"@id":"https:\/\/rowerowycieszyn.pl\/index.php\/2020\/12\/15\/spotkanie-z-wladzami-miasta-08-12-2020-aktualnosci\/"},"wordCount":1486,"commentCount":0,"publisher":{"@id":"https:\/\/rowerowycieszyn.pl\/#organization"},"image":{"@id":"https:\/\/rowerowycieszyn.pl\/index.php\/2020\/12\/15\/spotkanie-z-wladzami-miasta-08-12-2020-aktualnosci\/#primaryimage"},"thumbnailUrl":"https:\/\/rowerowycieszyn.pl\/wp-content\/uploads\/2020\/12\/P1100118_cr_tn.jpg","articleSection":["Aktualno\u015bci","Artyku\u0142y"],"inLanguage":"pl-PL","potentialAction":[{"@type":"CommentAction","name":"Comment","target":["https:\/\/rowerowycieszyn.pl\/index.php\/2020\/12\/15\/spotkanie-z-wladzami-miasta-08-12-2020-aktualnosci\/#respond"]}]},{"@type":"WebPage","@id":"https:\/\/rowerowycieszyn.pl\/index.php\/2020\/12\/15\/spotkanie-z-wladzami-miasta-08-12-2020-aktualnosci\/","url":"https:\/\/rowerowycieszyn.pl\/index.php\/2020\/12\/15\/spotkanie-z-wladzami-miasta-08-12-2020-aktualnosci\/","name":"Spotkanie z w\u0142adzami miasta 08.12.2020 - aktualno\u015bci - Rowerowy Cieszyn","isPartOf":{"@id":"https:\/\/rowerowycieszyn.pl\/#website"},"primaryImageOfPage":{"@id":"https:\/\/rowerowycieszyn.pl\/index.php\/2020\/12\/15\/spotkanie-z-wladzami-miasta-08-12-2020-aktualnosci\/#primaryimage"},"image":{"@id":"https:\/\/rowerowycieszyn.pl\/index.php\/2020\/12\/15\/spotkanie-z-wladzami-miasta-08-12-2020-aktualnosci\/#primaryimage"},"thumbnailUrl":"https:\/\/rowerowycieszyn.pl\/wp-content\/uploads\/2020\/12\/P1100118_cr_tn.jpg","datePublished":"2020-12-15T09:34:42+00:00","dateModified":"2020-12-15T13:22:37+00:00","description":"Najwa\u017cniejsze aktualno\u015bci rowerowe omawiane podczas spotkania z w\u0142adzami miasta Cieszyn - zmiany oznakowania, nowe inwestycje rowerowe itp.","breadcrumb":{"@id":"https:\/\/rowerowycieszyn.pl\/index.php\/2020\/12\/15\/spotkanie-z-wladzami-miasta-08-12-2020-aktualnosci\/#breadcrumb"},"inLanguage":"pl-PL","potentialAction":[{"@type":"ReadAction","target":["https:\/\/rowerowycieszyn.pl\/index.php\/2020\/12\/15\/spotkanie-z-wladzami-miasta-08-12-2020-aktualnosci\/"]}]},{"@type":"ImageObject","inLanguage":"pl-PL","@id":"https:\/\/rowerowycieszyn.pl\/index.php\/2020\/12\/15\/spotkanie-z-wladzami-miasta-08-12-2020-aktualnosci\/#primaryimage","url":"https:\/\/rowerowycieszyn.pl\/wp-content\/uploads\/2020\/12\/P1100118_cr_tn.jpg","contentUrl":"https:\/\/rowerowycieszyn.pl\/wp-content\/uploads\/2020\/12\/P1100118_cr_tn.jpg","width":1920,"height":1080,"caption":"Ul. Mennicza w Cieszynie. Jest szansa, \u017ce wkr\u00f3tce powstanie tu kontrapas rowerowy."},{"@type":"BreadcrumbList","@id":"https:\/\/rowerowycieszyn.pl\/index.php\/2020\/12\/15\/spotkanie-z-wladzami-miasta-08-12-2020-aktualnosci\/#breadcrumb","itemListElement":[{"@type":"ListItem","position":1,"name":"Home","item":"https:\/\/rowerowycieszyn.pl\/"},{"@type":"ListItem","position":2,"name":"Spotkanie z w\u0142adzami miasta 08.12.2020 &#8211; aktualno\u015bci"}]},{"@type":"WebSite","@id":"https:\/\/rowerowycieszyn.pl\/#website","url":"https:\/\/rowerowycieszyn.pl\/","name":"Rowerowy Cieszyn","description":"Strona promuj\u0105ca komunikacj\u0119 oraz turystyk\u0119 rowerow\u0105 na terenie Cieszyna i okolic.","publisher":{"@id":"https:\/\/rowerowycieszyn.pl\/#organization"},"potentialAction":[{"@type":"SearchAction","target":{"@type":"EntryPoint","urlTemplate":"https:\/\/rowerowycieszyn.pl\/?s={search_term_string}"},"query-input":{"@type":"PropertyValueSpecification","valueRequired":true,"valueName":"search_term_string"}}],"inLanguage":"pl-PL"},{"@type":"Organization","@id":"https:\/\/rowerowycieszyn.pl\/#organization","name":"Rowerowy Cieszyn","url":"https:\/\/rowerowycieszyn.pl\/","logo":{"@type":"ImageObject","inLanguage":"pl-PL","@id":"https:\/\/rowerowycieszyn.pl\/#\/schema\/logo\/image\/","url":"https:\/\/rowerowycieszyn.pl\/wp-content\/uploads\/2020\/07\/cropped-rower1_cr_tn-1.jpg","contentUrl":"https:\/\/rowerowycieszyn.pl\/wp-content\/uploads\/2020\/07\/cropped-rower1_cr_tn-1.jpg","width":250,"height":100,"caption":"Rowerowy Cieszyn"},"image":{"@id":"https:\/\/rowerowycieszyn.pl\/#\/schema\/logo\/image\/"},"sameAs":["https:\/\/www.facebook.com\/RowerowyCieszyn"]},{"@type":"Person","@id":"https:\/\/rowerowycieszyn.pl\/#\/schema\/person\/b698cee63b7405acd7e70007d7cc8b2a","name":"Rowerowy Cieszyn","image":{"@type":"ImageObject","inLanguage":"pl-PL","@id":"https:\/\/secure.gravatar.com\/avatar\/1aef2c80bb06ccee0d820e4116589968d6d5c57310499f9271d42a4f7c5ffb3a?s=96&d=mm&r=g","url":"https:\/\/secure.gravatar.com\/avatar\/1aef2c80bb06ccee0d820e4116589968d6d5c57310499f9271d42a4f7c5ffb3a?s=96&d=mm&r=g","contentUrl":"https:\/\/secure.gravatar.com\/avatar\/1aef2c80bb06ccee0d820e4116589968d6d5c57310499f9271d42a4f7c5ffb3a?s=96&d=mm&r=g","caption":"Rowerowy Cieszyn"},"sameAs":["http:\/\/rowerowycieszyn.pl"],"url":"https:\/\/rowerowycieszyn.pl\/index.php\/author\/pstoklosa\/"}]}},"_links":{"self":[{"href":"https:\/\/rowerowycieszyn.pl\/index.php\/wp-json\/wp\/v2\/posts\/880","targetHints":{"allow":["GET"]}}],"collection":[{"href":"https:\/\/rowerowycieszyn.pl\/index.php\/wp-json\/wp\/v2\/posts"}],"about":[{"href":"https:\/\/rowerowycieszyn.pl\/index.php\/wp-json\/wp\/v2\/types\/post"}],"author":[{"embeddable":true,"href":"https:\/\/rowerowycieszyn.pl\/index.php\/wp-json\/wp\/v2\/users\/1"}],"replies":[{"embeddable":true,"href":"https:\/\/rowerowycieszyn.pl\/index.php\/wp-json\/wp\/v2\/comments?post=880"}],"version-history":[{"count":27,"href":"https:\/\/rowerowycieszyn.pl\/index.php\/wp-json\/wp\/v2\/posts\/880\/revisions"}],"predecessor-version":[{"id":913,"href":"https:\/\/rowerowycieszyn.pl\/index.php\/wp-json\/wp\/v2\/posts\/880\/revisions\/913"}],"wp:featuredmedia":[{"embeddable":true,"href":"https:\/\/rowerowycieszyn.pl\/index.php\/wp-json\/wp\/v2\/media\/893"}],"wp:attachment":[{"href":"https:\/\/rowerowycieszyn.pl\/index.php\/wp-json\/wp\/v2\/media?parent=880"}],"wp:term":[{"taxonomy":"category","embeddable":true,"href":"https:\/\/rowerowycieszyn.pl\/index.php\/wp-json\/wp\/v2\/categories?post=880"},{"taxonomy":"post_tag","embeddable":true,"href":"https:\/\/rowerowycieszyn.pl\/index.php\/wp-json\/wp\/v2\/tags?post=880"}],"curies":[{"name":"wp","href":"https:\/\/api.w.org\/{rel}","templated":true}]}}