{"id":970,"date":"2021-02-13T15:47:54","date_gmt":"2021-02-13T14:47:54","guid":{"rendered":"http:\/\/rowerowycieszyn.pl\/?p=970"},"modified":"2021-02-13T20:04:41","modified_gmt":"2021-02-13T19:04:41","slug":"drogi-dla-rowerow-wzdluz-torow","status":"publish","type":"post","link":"https:\/\/rowerowycieszyn.pl\/index.php\/2021\/02\/13\/drogi-dla-rowerow-wzdluz-torow\/","title":{"rendered":"Drogi dla rower\u00f3w wzd\u0142u\u017c tor\u00f3w"},"content":{"rendered":"\r\n<p>W ostatnich dniach w lokalnych mediach g\u0142o\u015bna sta\u0142a si\u0119 inicjatywa pana Janusza Wapienika \u201eRowery i poci\u0105gi na wsp\u00f3lnym szlaku\u201d, promuj\u0105ca ide\u0119 budowy dr\u00f3g dla rower\u00f3w (<a href=\"http:\/\/rowerowycieszyn.pl\/index.php\/slowniczek-rowerzysty\/\">DDR<\/a>) wzd\u0142u\u017c tor\u00f3w kolejowych. Jak wiadomo, w\u0142a\u015bciciel linii kolejowych, czyli sp\u00f3\u0142ka PKP PLK, ma w swoim zarz\u0105dzie nie tylko torowisko i zwi\u0105zan\u0105 z nim infrastruktur\u0119, ale jest r\u00f3wnie\u017c w\u0142a\u015bcicielem pasa ziemi po obu stronach szyn, szeroko\u015bci od kilku do kilkudziesi\u0119ciu metr\u00f3w.<!--more--><\/p>\r\n\r\n\r\n\r\n<p>W szczeg\u00f3lno\u015bci wspomniany pas ziemi obejmuje tereny obj\u0119te wycink\u0105 drzew, kt\u00f3ra od ponad roku jest <a href=\"http:\/\/gazetacodzienna.pl\/artykul\/gospodarka\/cieszyn-czy-uratuja-drzewa\">tematem gor\u0105cej dyskusji<\/a> nie tylko w Cieszynie. Inicjatywa <a href=\"https:\/\/wiadomosci.ox.pl\/sciezki-rowerowe-moga-polaczyc-niemalze-caly-slask-cieszynski,67621\">Rowery i poci\u0105gi na wsp\u00f3lnym szlaku<\/a> ma na celu mi\u0119dzy innymi zagospodarowanie wolnej przestrzeni pozosta\u0142ej po wyci\u0119tych drzewach. Sam pomys\u0142 budowy DDR wzd\u0142u\u017c tor\u00f3w wydaje si\u0119 ciekawy, zw\u0142aszcza w naszym, pag\u00f3rkowatym terenie. Torowiska od zawsze prowadzone s\u0105 w taki spos\u00f3b, \u017ceby unika\u0107 nadmiernych przewy\u017csze\u0144. Przyk\u0142adem takiego planowania jest fragment <a href=\"https:\/\/pl.wikipedia.org\/wiki\/Linia_kolejowa_nr_190\">linii kolejowej numer 190<\/a> mi\u0119dzy Cieszynem a Goleszowem, poprowadzonej w dolinie Bobr\u00f3wki.<\/p>\r\n\r\n\r\n\r\n<p>Droga dla rower\u00f3w biegn\u0105ca wzd\u0142u\u017c tor\u00f3w i zapewniaj\u0105ca po\u0142\u0105czenie Cieszyna z Ustroniem by\u0142aby wi\u0119c <a href=\"http:\/\/rowerowycieszyn.pl\/index.php\/2020\/09\/04\/cieszyn-ustron-droga-rowerowa-ktorej-nie-bedzie-opinia\/\">ogromnym u\u0142atwieniem dla mieszka\u0144c\u00f3w i jednocze\u015bnie atrakcj\u0105 turystyczn\u0105<\/a>, pozwalaj\u0105c\u0105 turystom i wczasowiczom wypoczywaj\u0105cym w Ustroniu na \u0142atwe rowerowe wypady do Cieszyna. R\u00f3wnie warto\u015bciowe by\u0142aby DDR do Zebrzydowic, kt\u00f3ra zapewni\u0142aby po\u0142\u0105czenie z <a href=\"http:\/\/rowerowycieszyn.pl\/index.php\/2020\/09\/17\/zelazny-szlak-kilka-subiektywnych-komentarzy\/\">\u017belaznym Szlakiem<\/a>. Warto wspomnie\u0107, \u017ce inicjatywa \u201eRowery i poci\u0105gi na wsp\u00f3lnym szlaku\u201d jest znacznie szersza i obejmuje budowanie DDR wzd\u0142u\u017c torowisk r\u00f3wnie\u017c w kierunku Wodzis\u0142awia \u015al\u0105skiego, Pszczyny oraz Tych\u00f3w.<\/p>\r\n\r\n\r\n\r\n<p>Argumentem za realizacj\u0105 tego typu inwestycji jest r\u00f3wnie\u017c przychylno\u015b\u0107 PKP PLK, kt\u00f3re, zgodnie z informacjami uzyskanymi od p. Janusza Wapienika, s\u0105 sk\u0142onne finansowa\u0107 wspomniane drogi. Nic wi\u0119c dziwnego, \u017ce lokalni w\u0142odarze podpisuj\u0105 si\u0119 pod t\u0105 inicjatyw\u0105, bo pojawia si\u0119 szansa, \u017ce niskim kosztem, praktycznie bezinwestycyjnie poprawi\u0105 infrastruktur\u0119 rowerow\u0105 w swoim regionie.<\/p>\r\n\r\n\r\n\r\n<p>Idea jest wi\u0119c jak najbardziej cenna, chcemy jednak poruszy\u0107 kilka kwestii, kt\u00f3re powinny by\u0107 wzi\u0119te pod uwag\u0119 przed przyst\u0105pieniem do realizacji takiego projektu.<\/p>\r\n\r\n\r\n\r\n<p>Po pierwsze, koncepcja budowy dr\u00f3g rowerowych wzd\u0142u\u017c tor\u00f3w nie mo\u017ce by\u0107 pretekstem ani dodatkowym argumentem za trwaj\u0105c\u0105 bezwarunkow\u0105 wycink\u0105 drzew w pasie tor\u00f3w. Naszym zdaniem mo\u017cna zachowa\u0107 przynajmniej cz\u0119\u015b\u0107 cennego drzewostanu, uwzgl\u0119dniaj\u0105c jego obecn\u0105 kondycj\u0119 oraz zapewniaj\u0105c zdrowym drzewom w\u0142a\u015bciw\u0105 piel\u0119gnacj\u0119, aby nie stanowi\u0142y zagro\u017cenia dla komunikacji kolejowej.<\/p>\r\n\r\n\r\n\r\n<figure id=\"attachment_975\" aria-describedby=\"caption-attachment-975\" style=\"width: 1920px\" class=\"wp-caption alignnone\"><a href=\"http:\/\/rowerowycieszyn.pl\/wp-content\/uploads\/2021\/02\/P1190683_tn.jpg\"><img loading=\"lazy\" decoding=\"async\" class=\"wp-image-975 size-full\" src=\"http:\/\/rowerowycieszyn.pl\/wp-content\/uploads\/2021\/02\/P1190683_tn.jpg\" alt=\"\" width=\"1920\" height=\"1079\" srcset=\"https:\/\/rowerowycieszyn.pl\/wp-content\/uploads\/2021\/02\/P1190683_tn.jpg 1920w, https:\/\/rowerowycieszyn.pl\/wp-content\/uploads\/2021\/02\/P1190683_tn-300x169.jpg 300w, https:\/\/rowerowycieszyn.pl\/wp-content\/uploads\/2021\/02\/P1190683_tn-1024x575.jpg 1024w, https:\/\/rowerowycieszyn.pl\/wp-content\/uploads\/2021\/02\/P1190683_tn-768x432.jpg 768w, https:\/\/rowerowycieszyn.pl\/wp-content\/uploads\/2021\/02\/P1190683_tn-1536x863.jpg 1536w\" sizes=\"auto, (max-width: 1920px) 100vw, 1920px\" \/><\/a><figcaption id=\"caption-attachment-975\" class=\"wp-caption-text\">Z pi\u0119knych d\u0119b\u00f3w lasu Strzelbin, kt\u00f3re ros\u0142y zbyt blisko tor\u00f3w, niewiele pozosta\u0142o. Na zdj\u0119ciu stan z pa\u017adziernika 2019.<\/figcaption><\/figure>\r\n<p>Po drugie,\u00a0 DDRy wzd\u0142u\u017c tor\u00f3w nie powinny by\u0107 budowane w oderwaniu od istniej\u0105cej i planowanej sieci dr\u00f3g rowerowych. W szczeg\u00f3lno\u015bci powinna ona uwzgl\u0119dnia\u0107 <a href=\"https:\/\/www.slaskie.pl\/content\/strategia-rozwoju-wojewodztwa-slaskiego-slaskie-2020\">Strategi\u0119 Rozwoju Wojew\u00f3dztwa \u015al\u0105skiego<\/a> i wynikaj\u0105c\u0105 z niej koncepcj\u0119 wojew\u00f3dzkiej sieci tras rowerowych. Ewentualne DDRy wzd\u0142u\u017c tor\u00f3w powinny mie\u0107 zapewnione wygodne dla u\u017cytkownik\u00f3w i bezpieczne po\u0142\u0105czenia z istniej\u0105c\u0105 infrastruktur\u0105 i stanowi\u0107 jej istotne uzupe\u0142nienie.<\/p>\r\n\r\n\r\n\r\n<p>Nale\u017cy przypuszcza\u0107, \u017ce w wielu miejscach poprowadzenie DDR bezpo\u015brednio wzd\u0142u\u017c tor\u00f3w nie b\u0119dzie mo\u017cliwe, co z kolei oznacza, \u017ce za przygotowanie pozosta\u0142ych odcink\u00f3w b\u0119d\u0105 odpowiada\u0107 w\u0142adze lokalne. Kr\u00f3tko m\u00f3wi\u0105c DDRy wzd\u0142u\u017c tor\u00f3w powinny powstawa\u0107 tam, gdzie wnios\u0105 istotne korzy\u015bci dla komunikacji i turystyki rowerowej. Musz\u0105 te\u017c by\u0107 planowane w \u015bcis\u0142ej wsp\u00f3\u0142pracy z lokalnymi samorz\u0105dami, te za\u015b powinny je uwzgl\u0119dni\u0107 w swoich strategiach rozwoju. Tylko w ten spos\u00f3b jest szansa na powstanie sp\u00f3jnej sieci tras rowerowych.<\/p>\r\n\r\n\r\n\r\n<p>Z drugiej strony rozw\u00f3j takiej sieci nie mo\u017ce sta\u0107 si\u0119 pretekstem do zaniechania lub ograniczenia rozwoju infrastruktury na pozosta\u0142ych terenach. Nawet gdyby DDRy wybudowano wzd\u0142u\u017c wszystkich linii kolejowych na \u015al\u0105sku, nie stworz\u0105 one kompletnej sieci po\u0142\u0105cze\u0144. Warto r\u00f3wnie\u017c doda\u0107, \u017ce nie wsz\u0119dzie przebieg linii kolejowej jest r\u00f3wnie ciekawy krajobrazowo jak na przyk\u0142ad na trasie Cieszyn-Golesz\u00f3w. A przecie\u017c celem rowerzyst\u00f3w jest nie tylko sam akt przemieszczania si\u0119, ale r\u00f3wnie\u017c poruszanie si\u0119 w atrakcyjnym otoczeniu.<\/p>\r\n<figure id=\"attachment_976\" aria-describedby=\"caption-attachment-976\" style=\"width: 1620px\" class=\"wp-caption alignnone\"><a href=\"http:\/\/rowerowycieszyn.pl\/wp-content\/uploads\/2021\/02\/P1100523_tn_cr.jpg\"><img loading=\"lazy\" decoding=\"async\" class=\"size-full wp-image-976\" src=\"http:\/\/rowerowycieszyn.pl\/wp-content\/uploads\/2021\/02\/P1100523_tn_cr.jpg\" alt=\"Zakola Bobr\u00f3wki w okolicach lasu Strzelbin.\" width=\"1620\" height=\"911\" srcset=\"https:\/\/rowerowycieszyn.pl\/wp-content\/uploads\/2021\/02\/P1100523_tn_cr.jpg 1620w, https:\/\/rowerowycieszyn.pl\/wp-content\/uploads\/2021\/02\/P1100523_tn_cr-300x169.jpg 300w, https:\/\/rowerowycieszyn.pl\/wp-content\/uploads\/2021\/02\/P1100523_tn_cr-1024x576.jpg 1024w, https:\/\/rowerowycieszyn.pl\/wp-content\/uploads\/2021\/02\/P1100523_tn_cr-768x432.jpg 768w, https:\/\/rowerowycieszyn.pl\/wp-content\/uploads\/2021\/02\/P1100523_tn_cr-1536x864.jpg 1536w\" sizes=\"auto, (max-width: 1620px) 100vw, 1620px\" \/><\/a><figcaption id=\"caption-attachment-976\" class=\"wp-caption-text\">Zakola Bobr\u00f3wki w okolicach lasu Strzelbin.<\/figcaption><\/figure>\r\n\r\n\r\n\r\n<p>Kolejnym wa\u017cnym aspektem jest zachowanie standard\u00f3w rowerowych na projektowanych trasach. Chodzi przede wszystkim o takie podstawowe kwestie jak szeroko\u015b\u0107 DDR (wskazane 3m, minimum 2m), zastosowanie nawierzchni bitumicznej, odpowiednie kszta\u0142towanie zakr\u0119t\u00f3w, bezkraw\u0119\u017cnikowe przejazdy przez drogi, czytelne oznakowanie, miejsca postojowe itd. Uwa\u017camy, \u017ce je\u017celi ju\u017c dojdzie do projektowania tych dr\u00f3g, PKP PLK powinno wzorowa\u0107 si\u0119 na <a href=\"https:\/\/bip.metropoliagzm.pl\/artykul\/34552\/125426\/standardy-i-wytyczne-ksztaltowania-infrastruktury-rowerowej\">Standardach i wytycznych kszta\u0142towania infrastruktury rowerowej<\/a>, opracowanych przez G\u00f3rno\u015bl\u0105sko-Zag\u0142\u0119biowsk\u0105 Metropoli\u0119. Warto r\u00f3wnie\u017c zastanowi\u0107 si\u0119, czy niekt\u00f3rych tras nie nale\u017ca\u0142oby zaprojektowa\u0107 w standardzie velostrad, zapewniaj\u0105cych szybkie przemieszczanie si\u0119 rowerem na d\u0142u\u017cszych dystansach.<\/p>\r\n\r\n\r\n\r\n<p>Nie wolno r\u00f3wnie\u017c zapomina\u0107 o bezpiecze\u0144stwie. DDRy wzd\u0142u\u017c tor\u00f3w powinny zosta\u0107 tak zaprojektowane, aby ca\u0142kowicie wyeliminowa\u0107 zagro\u017cenie ze strony poci\u0105g\u00f3w. Dodatkowe zagro\u017cenie stanowi\u0105 przejazdy kolejowe i skrzy\u017cowania z ruchem samochodowym. Trzeba te\u017c pami\u0119ta\u0107, \u017ce linie kolejowe maj\u0105 r\u00f3\u017cne standardy pr\u0119dko\u015bci, co oznacza, \u017ce\u00a0 DDR powinna znajdowa\u0107 si\u0119 w odpowiedniej odleg\u0142o\u015bci od tor\u00f3w, w zale\u017cno\u015bci od dopuszczalnej pr\u0119dko\u015bci poci\u0105g\u00f3w.<\/p>\r\n\r\n\r\n\r\n<p>Podsumowuj\u0105c, mamy nadziej\u0119, \u017ce deklaracja wsparcia rozwoju DDR przez PKP PLK nie jest jedynie dzia\u0142aniem wizerunkowym, maj\u0105cym poprawi\u0107 niekorzystne wra\u017cenie powsta\u0142e po konflikcie z obro\u0144cami drzew, lecz ma charakter trwa\u0142y i przyczyni si\u0119 do rozwoju infrastruktury rowerowej w naszym regionie. Dlatego te\u017c b\u0119dziemy wspierali t\u0119 inicjatyw\u0119, monitoruj\u0105c jednocze\u015bnie ca\u0142y proces, aby finalne rozwi\u0105zanie by\u0142o jak najkorzystniejsze z punktu widzenia potrzeb rowerzyst\u00f3w.<\/p>\r\n<p style=\"text-align: right;\">Piotr Stok\u0142osa, Jacek Tomczyk<\/p>\r\n","protected":false},"excerpt":{"rendered":"<p>W ostatnich dniach w lokalnych mediach g\u0142o\u015bna sta\u0142a si\u0119 inicjatywa pana Janusza Wapienika \u201eRowery i poci\u0105gi na wsp\u00f3lnym szlaku\u201d, promuj\u0105ca ide\u0119 budowy dr\u00f3g dla rower\u00f3w (DDR) wzd\u0142u\u017c tor\u00f3w kolejowych. Jak&hellip; <\/p>\n","protected":false},"author":1,"featured_media":973,"comment_status":"open","ping_status":"open","sticky":false,"template":"","format":"standard","meta":{"footnotes":""},"categories":[9,5,1],"tags":[13,12],"class_list":["post-970","post","type-post","status-publish","format-standard","has-post-thumbnail","hentry","category-aktualnosci","category-artykuly","category-bez-kategorii","tag-drogi-rowerowe-wzdluz-torow","tag-trasa-rowerowa-cieszyn-goleszow"],"yoast_head":"<!-- This site is optimized with the Yoast SEO plugin v27.3 - https:\/\/yoast.com\/product\/yoast-seo-wordpress\/ -->\n<title>Drogi dla rower\u00f3w wzd\u0142u\u017c tor\u00f3w - Rowerowy Cieszyn<\/title>\n<meta name=\"description\" content=\"Stanowisko Rowerowego Cieszyna w sprawie inicjatywy &quot;Poci\u0105gi i rowery na wsp\u00f3lnym szlaku&quot;, promuj\u0105cej budow\u0119 dr\u00f3g dla rower\u00f3w wzd\u0142u\u017c tor\u00f3w.\" \/>\n<meta name=\"robots\" content=\"index, follow, max-snippet:-1, max-image-preview:large, max-video-preview:-1\" \/>\n<link rel=\"canonical\" href=\"https:\/\/rowerowycieszyn.pl\/index.php\/2021\/02\/13\/drogi-dla-rowerow-wzdluz-torow\/\" \/>\n<meta property=\"og:locale\" content=\"pl_PL\" \/>\n<meta property=\"og:type\" content=\"article\" \/>\n<meta property=\"og:title\" content=\"Drogi dla rower\u00f3w wzd\u0142u\u017c tor\u00f3w - Rowerowy Cieszyn\" \/>\n<meta property=\"og:description\" content=\"Stanowisko Rowerowego Cieszyna w sprawie inicjatywy &quot;Poci\u0105gi i rowery na wsp\u00f3lnym szlaku&quot;, promuj\u0105cej budow\u0119 dr\u00f3g dla rower\u00f3w wzd\u0142u\u017c tor\u00f3w.\" \/>\n<meta property=\"og:url\" content=\"https:\/\/rowerowycieszyn.pl\/index.php\/2021\/02\/13\/drogi-dla-rowerow-wzdluz-torow\/\" \/>\n<meta property=\"og:site_name\" content=\"Rowerowy Cieszyn\" \/>\n<meta property=\"article:publisher\" content=\"https:\/\/www.facebook.com\/RowerowyCieszyn\" \/>\n<meta property=\"article:published_time\" content=\"2021-02-13T14:47:54+00:00\" \/>\n<meta property=\"article:modified_time\" content=\"2021-02-13T19:04:41+00:00\" \/>\n<meta property=\"og:image\" content=\"http:\/\/rowerowycieszyn.pl\/wp-content\/uploads\/2021\/02\/P1190662_cr_tn.jpg\" \/>\n\t<meta property=\"og:image:width\" content=\"1920\" \/>\n\t<meta property=\"og:image:height\" content=\"1080\" \/>\n\t<meta property=\"og:image:type\" content=\"image\/jpeg\" \/>\n<meta name=\"author\" content=\"Rowerowy Cieszyn\" \/>\n<meta name=\"twitter:card\" content=\"summary_large_image\" \/>\n<meta name=\"twitter:label1\" content=\"Napisane przez\" \/>\n\t<meta name=\"twitter:data1\" content=\"Rowerowy Cieszyn\" \/>\n\t<meta name=\"twitter:label2\" content=\"Szacowany czas czytania\" \/>\n\t<meta name=\"twitter:data2\" content=\"4 minuty\" \/>\n<script type=\"application\/ld+json\" class=\"yoast-schema-graph\">{\"@context\":\"https:\\\/\\\/schema.org\",\"@graph\":[{\"@type\":\"Article\",\"@id\":\"https:\\\/\\\/rowerowycieszyn.pl\\\/index.php\\\/2021\\\/02\\\/13\\\/drogi-dla-rowerow-wzdluz-torow\\\/#article\",\"isPartOf\":{\"@id\":\"https:\\\/\\\/rowerowycieszyn.pl\\\/index.php\\\/2021\\\/02\\\/13\\\/drogi-dla-rowerow-wzdluz-torow\\\/\"},\"author\":{\"name\":\"Rowerowy Cieszyn\",\"@id\":\"https:\\\/\\\/rowerowycieszyn.pl\\\/#\\\/schema\\\/person\\\/b698cee63b7405acd7e70007d7cc8b2a\"},\"headline\":\"Drogi dla rower\u00f3w wzd\u0142u\u017c tor\u00f3w\",\"datePublished\":\"2021-02-13T14:47:54+00:00\",\"dateModified\":\"2021-02-13T19:04:41+00:00\",\"mainEntityOfPage\":{\"@id\":\"https:\\\/\\\/rowerowycieszyn.pl\\\/index.php\\\/2021\\\/02\\\/13\\\/drogi-dla-rowerow-wzdluz-torow\\\/\"},\"wordCount\":1016,\"commentCount\":0,\"publisher\":{\"@id\":\"https:\\\/\\\/rowerowycieszyn.pl\\\/#organization\"},\"image\":{\"@id\":\"https:\\\/\\\/rowerowycieszyn.pl\\\/index.php\\\/2021\\\/02\\\/13\\\/drogi-dla-rowerow-wzdluz-torow\\\/#primaryimage\"},\"thumbnailUrl\":\"https:\\\/\\\/rowerowycieszyn.pl\\\/wp-content\\\/uploads\\\/2021\\\/02\\\/P1190662_cr_tn.jpg\",\"keywords\":[\"drogi rowerowe wzd\u0142u\u017c tor\u00f3w\",\"trasa rowerowa Cieszyn Golesz\u00f3w\"],\"articleSection\":[\"Aktualno\u015bci\",\"Artyku\u0142y\"],\"inLanguage\":\"pl-PL\",\"potentialAction\":[{\"@type\":\"CommentAction\",\"name\":\"Comment\",\"target\":[\"https:\\\/\\\/rowerowycieszyn.pl\\\/index.php\\\/2021\\\/02\\\/13\\\/drogi-dla-rowerow-wzdluz-torow\\\/#respond\"]}]},{\"@type\":\"WebPage\",\"@id\":\"https:\\\/\\\/rowerowycieszyn.pl\\\/index.php\\\/2021\\\/02\\\/13\\\/drogi-dla-rowerow-wzdluz-torow\\\/\",\"url\":\"https:\\\/\\\/rowerowycieszyn.pl\\\/index.php\\\/2021\\\/02\\\/13\\\/drogi-dla-rowerow-wzdluz-torow\\\/\",\"name\":\"Drogi dla rower\u00f3w wzd\u0142u\u017c tor\u00f3w - Rowerowy Cieszyn\",\"isPartOf\":{\"@id\":\"https:\\\/\\\/rowerowycieszyn.pl\\\/#website\"},\"primaryImageOfPage\":{\"@id\":\"https:\\\/\\\/rowerowycieszyn.pl\\\/index.php\\\/2021\\\/02\\\/13\\\/drogi-dla-rowerow-wzdluz-torow\\\/#primaryimage\"},\"image\":{\"@id\":\"https:\\\/\\\/rowerowycieszyn.pl\\\/index.php\\\/2021\\\/02\\\/13\\\/drogi-dla-rowerow-wzdluz-torow\\\/#primaryimage\"},\"thumbnailUrl\":\"https:\\\/\\\/rowerowycieszyn.pl\\\/wp-content\\\/uploads\\\/2021\\\/02\\\/P1190662_cr_tn.jpg\",\"datePublished\":\"2021-02-13T14:47:54+00:00\",\"dateModified\":\"2021-02-13T19:04:41+00:00\",\"description\":\"Stanowisko Rowerowego Cieszyna w sprawie inicjatywy \\\"Poci\u0105gi i rowery na wsp\u00f3lnym szlaku\\\", promuj\u0105cej budow\u0119 dr\u00f3g dla rower\u00f3w wzd\u0142u\u017c tor\u00f3w.\",\"breadcrumb\":{\"@id\":\"https:\\\/\\\/rowerowycieszyn.pl\\\/index.php\\\/2021\\\/02\\\/13\\\/drogi-dla-rowerow-wzdluz-torow\\\/#breadcrumb\"},\"inLanguage\":\"pl-PL\",\"potentialAction\":[{\"@type\":\"ReadAction\",\"target\":[\"https:\\\/\\\/rowerowycieszyn.pl\\\/index.php\\\/2021\\\/02\\\/13\\\/drogi-dla-rowerow-wzdluz-torow\\\/\"]}]},{\"@type\":\"ImageObject\",\"inLanguage\":\"pl-PL\",\"@id\":\"https:\\\/\\\/rowerowycieszyn.pl\\\/index.php\\\/2021\\\/02\\\/13\\\/drogi-dla-rowerow-wzdluz-torow\\\/#primaryimage\",\"url\":\"https:\\\/\\\/rowerowycieszyn.pl\\\/wp-content\\\/uploads\\\/2021\\\/02\\\/P1190662_cr_tn.jpg\",\"contentUrl\":\"https:\\\/\\\/rowerowycieszyn.pl\\\/wp-content\\\/uploads\\\/2021\\\/02\\\/P1190662_cr_tn.jpg\",\"width\":1920,\"height\":1080,\"caption\":\"Fragment nieczynnego torowiska trasy 190 w okolicach Cieszyna Mnisztwa. Pa\u017adzienik 2019.\"},{\"@type\":\"BreadcrumbList\",\"@id\":\"https:\\\/\\\/rowerowycieszyn.pl\\\/index.php\\\/2021\\\/02\\\/13\\\/drogi-dla-rowerow-wzdluz-torow\\\/#breadcrumb\",\"itemListElement\":[{\"@type\":\"ListItem\",\"position\":1,\"name\":\"Home\",\"item\":\"https:\\\/\\\/rowerowycieszyn.pl\\\/\"},{\"@type\":\"ListItem\",\"position\":2,\"name\":\"Drogi dla rower\u00f3w wzd\u0142u\u017c tor\u00f3w\"}]},{\"@type\":\"WebSite\",\"@id\":\"https:\\\/\\\/rowerowycieszyn.pl\\\/#website\",\"url\":\"https:\\\/\\\/rowerowycieszyn.pl\\\/\",\"name\":\"Rowerowy Cieszyn\",\"description\":\"Strona promuj\u0105ca komunikacj\u0119 oraz turystyk\u0119 rowerow\u0105 na terenie Cieszyna i okolic.\",\"publisher\":{\"@id\":\"https:\\\/\\\/rowerowycieszyn.pl\\\/#organization\"},\"potentialAction\":[{\"@type\":\"SearchAction\",\"target\":{\"@type\":\"EntryPoint\",\"urlTemplate\":\"https:\\\/\\\/rowerowycieszyn.pl\\\/?s={search_term_string}\"},\"query-input\":{\"@type\":\"PropertyValueSpecification\",\"valueRequired\":true,\"valueName\":\"search_term_string\"}}],\"inLanguage\":\"pl-PL\"},{\"@type\":\"Organization\",\"@id\":\"https:\\\/\\\/rowerowycieszyn.pl\\\/#organization\",\"name\":\"Rowerowy Cieszyn\",\"url\":\"https:\\\/\\\/rowerowycieszyn.pl\\\/\",\"logo\":{\"@type\":\"ImageObject\",\"inLanguage\":\"pl-PL\",\"@id\":\"https:\\\/\\\/rowerowycieszyn.pl\\\/#\\\/schema\\\/logo\\\/image\\\/\",\"url\":\"https:\\\/\\\/rowerowycieszyn.pl\\\/wp-content\\\/uploads\\\/2020\\\/07\\\/cropped-rower1_cr_tn-1.jpg\",\"contentUrl\":\"https:\\\/\\\/rowerowycieszyn.pl\\\/wp-content\\\/uploads\\\/2020\\\/07\\\/cropped-rower1_cr_tn-1.jpg\",\"width\":250,\"height\":100,\"caption\":\"Rowerowy Cieszyn\"},\"image\":{\"@id\":\"https:\\\/\\\/rowerowycieszyn.pl\\\/#\\\/schema\\\/logo\\\/image\\\/\"},\"sameAs\":[\"https:\\\/\\\/www.facebook.com\\\/RowerowyCieszyn\"]},{\"@type\":\"Person\",\"@id\":\"https:\\\/\\\/rowerowycieszyn.pl\\\/#\\\/schema\\\/person\\\/b698cee63b7405acd7e70007d7cc8b2a\",\"name\":\"Rowerowy Cieszyn\",\"image\":{\"@type\":\"ImageObject\",\"inLanguage\":\"pl-PL\",\"@id\":\"https:\\\/\\\/secure.gravatar.com\\\/avatar\\\/1aef2c80bb06ccee0d820e4116589968d6d5c57310499f9271d42a4f7c5ffb3a?s=96&d=mm&r=g\",\"url\":\"https:\\\/\\\/secure.gravatar.com\\\/avatar\\\/1aef2c80bb06ccee0d820e4116589968d6d5c57310499f9271d42a4f7c5ffb3a?s=96&d=mm&r=g\",\"contentUrl\":\"https:\\\/\\\/secure.gravatar.com\\\/avatar\\\/1aef2c80bb06ccee0d820e4116589968d6d5c57310499f9271d42a4f7c5ffb3a?s=96&d=mm&r=g\",\"caption\":\"Rowerowy Cieszyn\"},\"sameAs\":[\"http:\\\/\\\/rowerowycieszyn.pl\"],\"url\":\"https:\\\/\\\/rowerowycieszyn.pl\\\/index.php\\\/author\\\/pstoklosa\\\/\"}]}<\/script>\n<!-- \/ Yoast SEO plugin. -->","yoast_head_json":{"title":"Drogi dla rower\u00f3w wzd\u0142u\u017c tor\u00f3w - Rowerowy Cieszyn","description":"Stanowisko Rowerowego Cieszyna w sprawie inicjatywy \"Poci\u0105gi i rowery na wsp\u00f3lnym szlaku\", promuj\u0105cej budow\u0119 dr\u00f3g dla rower\u00f3w wzd\u0142u\u017c tor\u00f3w.","robots":{"index":"index","follow":"follow","max-snippet":"max-snippet:-1","max-image-preview":"max-image-preview:large","max-video-preview":"max-video-preview:-1"},"canonical":"https:\/\/rowerowycieszyn.pl\/index.php\/2021\/02\/13\/drogi-dla-rowerow-wzdluz-torow\/","og_locale":"pl_PL","og_type":"article","og_title":"Drogi dla rower\u00f3w wzd\u0142u\u017c tor\u00f3w - Rowerowy Cieszyn","og_description":"Stanowisko Rowerowego Cieszyna w sprawie inicjatywy \"Poci\u0105gi i rowery na wsp\u00f3lnym szlaku\", promuj\u0105cej budow\u0119 dr\u00f3g dla rower\u00f3w wzd\u0142u\u017c tor\u00f3w.","og_url":"https:\/\/rowerowycieszyn.pl\/index.php\/2021\/02\/13\/drogi-dla-rowerow-wzdluz-torow\/","og_site_name":"Rowerowy Cieszyn","article_publisher":"https:\/\/www.facebook.com\/RowerowyCieszyn","article_published_time":"2021-02-13T14:47:54+00:00","article_modified_time":"2021-02-13T19:04:41+00:00","og_image":[{"width":1920,"height":1080,"url":"http:\/\/rowerowycieszyn.pl\/wp-content\/uploads\/2021\/02\/P1190662_cr_tn.jpg","type":"image\/jpeg"}],"author":"Rowerowy Cieszyn","twitter_card":"summary_large_image","twitter_misc":{"Napisane przez":"Rowerowy Cieszyn","Szacowany czas czytania":"4 minuty"},"schema":{"@context":"https:\/\/schema.org","@graph":[{"@type":"Article","@id":"https:\/\/rowerowycieszyn.pl\/index.php\/2021\/02\/13\/drogi-dla-rowerow-wzdluz-torow\/#article","isPartOf":{"@id":"https:\/\/rowerowycieszyn.pl\/index.php\/2021\/02\/13\/drogi-dla-rowerow-wzdluz-torow\/"},"author":{"name":"Rowerowy Cieszyn","@id":"https:\/\/rowerowycieszyn.pl\/#\/schema\/person\/b698cee63b7405acd7e70007d7cc8b2a"},"headline":"Drogi dla rower\u00f3w wzd\u0142u\u017c tor\u00f3w","datePublished":"2021-02-13T14:47:54+00:00","dateModified":"2021-02-13T19:04:41+00:00","mainEntityOfPage":{"@id":"https:\/\/rowerowycieszyn.pl\/index.php\/2021\/02\/13\/drogi-dla-rowerow-wzdluz-torow\/"},"wordCount":1016,"commentCount":0,"publisher":{"@id":"https:\/\/rowerowycieszyn.pl\/#organization"},"image":{"@id":"https:\/\/rowerowycieszyn.pl\/index.php\/2021\/02\/13\/drogi-dla-rowerow-wzdluz-torow\/#primaryimage"},"thumbnailUrl":"https:\/\/rowerowycieszyn.pl\/wp-content\/uploads\/2021\/02\/P1190662_cr_tn.jpg","keywords":["drogi rowerowe wzd\u0142u\u017c tor\u00f3w","trasa rowerowa Cieszyn Golesz\u00f3w"],"articleSection":["Aktualno\u015bci","Artyku\u0142y"],"inLanguage":"pl-PL","potentialAction":[{"@type":"CommentAction","name":"Comment","target":["https:\/\/rowerowycieszyn.pl\/index.php\/2021\/02\/13\/drogi-dla-rowerow-wzdluz-torow\/#respond"]}]},{"@type":"WebPage","@id":"https:\/\/rowerowycieszyn.pl\/index.php\/2021\/02\/13\/drogi-dla-rowerow-wzdluz-torow\/","url":"https:\/\/rowerowycieszyn.pl\/index.php\/2021\/02\/13\/drogi-dla-rowerow-wzdluz-torow\/","name":"Drogi dla rower\u00f3w wzd\u0142u\u017c tor\u00f3w - Rowerowy Cieszyn","isPartOf":{"@id":"https:\/\/rowerowycieszyn.pl\/#website"},"primaryImageOfPage":{"@id":"https:\/\/rowerowycieszyn.pl\/index.php\/2021\/02\/13\/drogi-dla-rowerow-wzdluz-torow\/#primaryimage"},"image":{"@id":"https:\/\/rowerowycieszyn.pl\/index.php\/2021\/02\/13\/drogi-dla-rowerow-wzdluz-torow\/#primaryimage"},"thumbnailUrl":"https:\/\/rowerowycieszyn.pl\/wp-content\/uploads\/2021\/02\/P1190662_cr_tn.jpg","datePublished":"2021-02-13T14:47:54+00:00","dateModified":"2021-02-13T19:04:41+00:00","description":"Stanowisko Rowerowego Cieszyna w sprawie inicjatywy \"Poci\u0105gi i rowery na wsp\u00f3lnym szlaku\", promuj\u0105cej budow\u0119 dr\u00f3g dla rower\u00f3w wzd\u0142u\u017c tor\u00f3w.","breadcrumb":{"@id":"https:\/\/rowerowycieszyn.pl\/index.php\/2021\/02\/13\/drogi-dla-rowerow-wzdluz-torow\/#breadcrumb"},"inLanguage":"pl-PL","potentialAction":[{"@type":"ReadAction","target":["https:\/\/rowerowycieszyn.pl\/index.php\/2021\/02\/13\/drogi-dla-rowerow-wzdluz-torow\/"]}]},{"@type":"ImageObject","inLanguage":"pl-PL","@id":"https:\/\/rowerowycieszyn.pl\/index.php\/2021\/02\/13\/drogi-dla-rowerow-wzdluz-torow\/#primaryimage","url":"https:\/\/rowerowycieszyn.pl\/wp-content\/uploads\/2021\/02\/P1190662_cr_tn.jpg","contentUrl":"https:\/\/rowerowycieszyn.pl\/wp-content\/uploads\/2021\/02\/P1190662_cr_tn.jpg","width":1920,"height":1080,"caption":"Fragment nieczynnego torowiska trasy 190 w okolicach Cieszyna Mnisztwa. Pa\u017adzienik 2019."},{"@type":"BreadcrumbList","@id":"https:\/\/rowerowycieszyn.pl\/index.php\/2021\/02\/13\/drogi-dla-rowerow-wzdluz-torow\/#breadcrumb","itemListElement":[{"@type":"ListItem","position":1,"name":"Home","item":"https:\/\/rowerowycieszyn.pl\/"},{"@type":"ListItem","position":2,"name":"Drogi dla rower\u00f3w wzd\u0142u\u017c tor\u00f3w"}]},{"@type":"WebSite","@id":"https:\/\/rowerowycieszyn.pl\/#website","url":"https:\/\/rowerowycieszyn.pl\/","name":"Rowerowy Cieszyn","description":"Strona promuj\u0105ca komunikacj\u0119 oraz turystyk\u0119 rowerow\u0105 na terenie Cieszyna i okolic.","publisher":{"@id":"https:\/\/rowerowycieszyn.pl\/#organization"},"potentialAction":[{"@type":"SearchAction","target":{"@type":"EntryPoint","urlTemplate":"https:\/\/rowerowycieszyn.pl\/?s={search_term_string}"},"query-input":{"@type":"PropertyValueSpecification","valueRequired":true,"valueName":"search_term_string"}}],"inLanguage":"pl-PL"},{"@type":"Organization","@id":"https:\/\/rowerowycieszyn.pl\/#organization","name":"Rowerowy Cieszyn","url":"https:\/\/rowerowycieszyn.pl\/","logo":{"@type":"ImageObject","inLanguage":"pl-PL","@id":"https:\/\/rowerowycieszyn.pl\/#\/schema\/logo\/image\/","url":"https:\/\/rowerowycieszyn.pl\/wp-content\/uploads\/2020\/07\/cropped-rower1_cr_tn-1.jpg","contentUrl":"https:\/\/rowerowycieszyn.pl\/wp-content\/uploads\/2020\/07\/cropped-rower1_cr_tn-1.jpg","width":250,"height":100,"caption":"Rowerowy Cieszyn"},"image":{"@id":"https:\/\/rowerowycieszyn.pl\/#\/schema\/logo\/image\/"},"sameAs":["https:\/\/www.facebook.com\/RowerowyCieszyn"]},{"@type":"Person","@id":"https:\/\/rowerowycieszyn.pl\/#\/schema\/person\/b698cee63b7405acd7e70007d7cc8b2a","name":"Rowerowy Cieszyn","image":{"@type":"ImageObject","inLanguage":"pl-PL","@id":"https:\/\/secure.gravatar.com\/avatar\/1aef2c80bb06ccee0d820e4116589968d6d5c57310499f9271d42a4f7c5ffb3a?s=96&d=mm&r=g","url":"https:\/\/secure.gravatar.com\/avatar\/1aef2c80bb06ccee0d820e4116589968d6d5c57310499f9271d42a4f7c5ffb3a?s=96&d=mm&r=g","contentUrl":"https:\/\/secure.gravatar.com\/avatar\/1aef2c80bb06ccee0d820e4116589968d6d5c57310499f9271d42a4f7c5ffb3a?s=96&d=mm&r=g","caption":"Rowerowy Cieszyn"},"sameAs":["http:\/\/rowerowycieszyn.pl"],"url":"https:\/\/rowerowycieszyn.pl\/index.php\/author\/pstoklosa\/"}]}},"_links":{"self":[{"href":"https:\/\/rowerowycieszyn.pl\/index.php\/wp-json\/wp\/v2\/posts\/970","targetHints":{"allow":["GET"]}}],"collection":[{"href":"https:\/\/rowerowycieszyn.pl\/index.php\/wp-json\/wp\/v2\/posts"}],"about":[{"href":"https:\/\/rowerowycieszyn.pl\/index.php\/wp-json\/wp\/v2\/types\/post"}],"author":[{"embeddable":true,"href":"https:\/\/rowerowycieszyn.pl\/index.php\/wp-json\/wp\/v2\/users\/1"}],"replies":[{"embeddable":true,"href":"https:\/\/rowerowycieszyn.pl\/index.php\/wp-json\/wp\/v2\/comments?post=970"}],"version-history":[{"count":16,"href":"https:\/\/rowerowycieszyn.pl\/index.php\/wp-json\/wp\/v2\/posts\/970\/revisions"}],"predecessor-version":[{"id":990,"href":"https:\/\/rowerowycieszyn.pl\/index.php\/wp-json\/wp\/v2\/posts\/970\/revisions\/990"}],"wp:featuredmedia":[{"embeddable":true,"href":"https:\/\/rowerowycieszyn.pl\/index.php\/wp-json\/wp\/v2\/media\/973"}],"wp:attachment":[{"href":"https:\/\/rowerowycieszyn.pl\/index.php\/wp-json\/wp\/v2\/media?parent=970"}],"wp:term":[{"taxonomy":"category","embeddable":true,"href":"https:\/\/rowerowycieszyn.pl\/index.php\/wp-json\/wp\/v2\/categories?post=970"},{"taxonomy":"post_tag","embeddable":true,"href":"https:\/\/rowerowycieszyn.pl\/index.php\/wp-json\/wp\/v2\/tags?post=970"}],"curies":[{"name":"wp","href":"https:\/\/api.w.org\/{rel}","templated":true}]}}