{"id":995,"date":"2021-04-14T08:41:18","date_gmt":"2021-04-14T06:41:18","guid":{"rendered":"http:\/\/rowerowycieszyn.pl\/?p=995"},"modified":"2022-06-05T10:21:50","modified_gmt":"2022-06-05T08:21:50","slug":"stacje-ladowania-wzdluz-tras-rowerowych-czy-to-ma-sens","status":"publish","type":"post","link":"https:\/\/rowerowycieszyn.pl\/index.php\/2021\/04\/14\/stacje-ladowania-wzdluz-tras-rowerowych-czy-to-ma-sens\/","title":{"rendered":"Stacje \u0142adowania wzd\u0142u\u017c tras rowerowych. Czy to ma sens?"},"content":{"rendered":"\r\n<p>Lokalne \u015brodowisko rowerowe dos\u0142ownie zelektryzowa\u0142a poni\u017csza wiadomo\u015b\u0107 &#8211; na jastrz\u0119bskim odcinku \u017belaznego Szlaku <a href=\"https:\/\/www.jastrzebie.pl\/strefa-mieszkanca\/aktualnosci\/aktualnosc\/zszr#.YHXTPFiGRVc.facebook\">powstan\u0105 dwie stacje naprawcze i dwa punkty \u0142adowania dla rower\u00f3w elektrycznych<\/a>. Wiceprezydent miasta Roman Foksowicz z rado\u015bci\u0105 oznajmia: &#8222;Bardzo si\u0119 ciesz\u0119, \u017ce mo\u017cemy rozwija\u0107 \u017belazny Szlak Rowerowy dostosowuj\u0105c go do potrzeb rowerzyst\u00f3w w taki spos\u00f3b, aby by\u0142 jeszcze lepszy i jeszcze bardziej atrakcyjny\u201d.<!--more--><\/p>\r\n\r\n\r\n\r\n<p>Ulepszanie szlak\u00f3w rowerowych? Jak najbardziej! Czy jednak w taki spos\u00f3b? O ile stanowiska naprawcze mog\u0105 si\u0119 przyda\u0107 pechowym rowerzystom, o tyle punkty \u0142adowania ju\u017c budz\u0105 w\u0105tpliwo\u015bci. Wyja\u015bnijmy dlaczego.<\/p>\r\n\r\n\r\n\r\n<p>Po pierwsze, trzeba pami\u0119ta\u0107, \u017ce rower \u201etankuje si\u0119\u201d troch\u0119 inaczej ni\u017c samoch\u00f3d. Pe\u0142ne na\u0142adowanie baterii zajmuje kilka godzin. Z drugiej strony pod\u0142adowanie przez kilkana\u015bcie minut da elektrykowi wspomaganie na niewiele d\u0142u\u017cszy czas. W rezultacie punkty \u0142adowania rozmieszczane gdzie\u015b wzd\u0142u\u017c szlaku na zasadzie stacji benzynowych nie maj\u0105 sensu. Bo trudno\u00a0 oczekiwa\u0107, \u017ce rowerzy\u015bci w punktach postojowych b\u0119d\u0119 organizowa\u0107 dwugodzinne pikniki.<\/p>\r\n\r\n\r\n\r\n<p>Stacje \u0142adowania mog\u0105 by\u0107 przydatne tam, gdzie zostawiamy rowery na d\u0142u\u017cej, a wi\u0119c w centrach miast, w kt\u00f3rych rowerzy\u015bci planuj\u0105 posi\u0142ek lub zwiedzanie, obok zak\u0142ad\u00f3w pracy czy urz\u0119d\u00f3w. Wzd\u0142u\u017c szlak\u00f3w, nawet w najpi\u0119kniejszych okoliczno\u015bciach przyrody, ma\u0142o kto z nich skorzysta.<\/p>\r\n\r\n\r\n\r\n<p>Po drugie, <a href=\"https:\/\/roweremposlasku.pl\/zelazny-szlak-rowerowy\/\">\u017belazny Szlak<\/a> ma w najd\u0142u\u017cszym wariancie 55 kilometr\u00f3w. <a href=\"http:\/\/www.rowery-elektryczne-warszawa.pl\/po-co\/czy-rower-elektryczny-sie-oplaca\">\u015aredniej klasy bateria<\/a> na tego typu stosunkowo p\u0142askiej trasie wytrzyma oko\u0142o 80. Co wi\u0119cej, u\u017cytkownicy elektryk\u00f3w bardzo dbaj\u0105 o to, by na tras\u0119 wyrusza\u0107 z wszystkim diodami akumulatora \u015bwi\u0119c\u0105cymi na zielono. W rezultacie w gronie potencjalnych klient\u00f3w takich stacji znajd\u0105 si\u0119 co najwy\u017cej tury\u015bci tranzytowi, kt\u00f3rym jakim\u015b trafem roz\u0142adowa\u0142a si\u0119 bateria &#8211; oni te\u017c raczej nie ruszaj\u0105 w tras\u0119 z po\u0142ow\u0105 \u201ebaku\u201d.<\/p>\r\n\r\n\r\n\r\n<p>Po trzecie, co rozumie\u0107 pod poj\u0119ciem \u201estacja \u0142adowania\u201d. Czy to b\u0119dzie prostownik z iloma\u015b typami wtyczek do r\u00f3\u017cnych baterii? Bo przecie\u017c w tym obszarze ca\u0142kowicie brak standaryzacji. A nawet gdyby wprowadzi\u0107 kilka typ\u00f3w ko\u0144c\u00f3wek, to zawsze znajd\u0105 si\u0119 modele rower\u00f3w, kt\u00f3rych gniazdka b\u0119d\u0105 niekompatybilne z takimi wtyczkami. Nale\u017cy wi\u0119c przypuszcza\u0107, \u017ce wspomniane <a href=\"https:\/\/www.fachowyelektryk.pl\/katalog-produktow\/zasilanie\/1302-stacje-ladowania-e-rowerow.html\">punkty \u0142adowania<\/a> b\u0119d\u0105 wyposa\u017cone w zwyk\u0142e gniazdka 230V. A to oznacza, \u017ce potencjalny u\u017cytkownik takiej stacji b\u0119dzie musia\u0142 wozi\u0107 z sob\u0105 wcale nie najl\u017cejsz\u0105 \u0142adowark\u0119.<\/p>\r\n\r\n\r\n\r\n<p>Ca\u0142a ta inicjatywa przypomina troch\u0119 s\u0142awetne \u0141awki Niepodleg\u0142o\u015bci. Czy wiecie, \u017ce z ty\u0142u ka\u017cdej z nich s\u0105 dwa gniazda USB, w kt\u00f3rych mo\u017cna pod\u0142adowa\u0107 telefon, s\u0142uchaj\u0105c sobie w mi\u0119dzyczasie wszystkich zwrotek \u201ePierwszej brygady\u201d? A po co? Ano \u017ceby wygl\u0105da\u0142o nowocze\u015bnie i innowacyjnie. Tak\u0105 sam\u0105 \u201eatrakcj\u0119\u201d zafundowano nam w cieszy\u0144skim <a href=\"https:\/\/openairmuseum.info\/pl\/o-muzeum\">Open Air Museum<\/a>. Ilu z was zauwa\u017cy\u0142o, \u017ce tablice informacyjne wzd\u0142u\u017c \u015bcie\u017cki pod zamkiem maj\u0105 gniazda USB? A ilu z was z nich skorzysta\u0142o (o ile zd\u0105\u017cy\u0142o, bo cz\u0119\u015b\u0107 gniazd jest ju\u017c wy\u0142amana i zniszczona)?<\/p>\r\n<figure id=\"attachment_1000\" aria-describedby=\"caption-attachment-1000\" style=\"width: 1919px\" class=\"wp-caption alignnone\"><a href=\"http:\/\/rowerowycieszyn.pl\/wp-content\/uploads\/2021\/04\/P1010581_tn.jpg\"><img loading=\"lazy\" decoding=\"async\" class=\"wp-image-1000 size-full\" src=\"http:\/\/rowerowycieszyn.pl\/wp-content\/uploads\/2021\/04\/P1010581_tn.jpg\" alt=\"\u0141adowarka USB w \u0141awce Niepodleg\u0142o\u015bci.\" width=\"1919\" height=\"1080\" srcset=\"https:\/\/rowerowycieszyn.pl\/wp-content\/uploads\/2021\/04\/P1010581_tn.jpg 1919w, https:\/\/rowerowycieszyn.pl\/wp-content\/uploads\/2021\/04\/P1010581_tn-300x169.jpg 300w, https:\/\/rowerowycieszyn.pl\/wp-content\/uploads\/2021\/04\/P1010581_tn-1024x576.jpg 1024w, https:\/\/rowerowycieszyn.pl\/wp-content\/uploads\/2021\/04\/P1010581_tn-768x432.jpg 768w, https:\/\/rowerowycieszyn.pl\/wp-content\/uploads\/2021\/04\/P1010581_tn-1536x864.jpg 1536w\" sizes=\"auto, (max-width: 1919px) 100vw, 1919px\" \/><\/a><figcaption id=\"caption-attachment-1000\" class=\"wp-caption-text\">\u0141adowarka USB w \u0141awce Niepodleg\u0142o\u015bci. Je\u017celi masz z sob\u0105 kabelek, mo\u017cesz pod\u0142adowa\u0107 kom\u00f3rk\u0119 s\u0142uchaj\u0105c pie\u015bni patriotycznych lub poprzegl\u0105da\u0107 strony internetowe \u0142\u0105cz\u0105c si\u0119 z hotspotem, kt\u00f3ry ukryty jest w betonowym sarkofagu.<\/figcaption><\/figure>\r\n\r\n\r\n\r\n<p>Kr\u00f3tko m\u00f3wi\u0105c budowanie stacji \u0142adowania wzd\u0142u\u017c tras rowerowych mo\u017ce kojarzy\u0107 si\u0119 ze stawianiem stajni w \u015brodku prerii ale z pomini\u0119ciem towarzysz\u0105cego saloonu. Co z tego, \u017ce ko\u0144 ma szans\u0119 na wiadro owsa, skoro i tak \u017caden kowboj tam nie zawita.<\/p>\r\n<p>Ca\u0142kowity koszt projektu, obejmuj\u0105cego budow\u0119 stacji \u0142adowania, punkt\u00f3w naprawczych oraz &#8222;warsztaty z marketingu marki turystycznej, kt\u00f3re pozwol\u0105 wypracowa\u0107 kierunki, zadania i podzia\u0142 r\u00f3l przysz\u0142ej promocji wsp\u00f3lnego produktu turystycznego&#8221; to nieco ponad 200 tysi\u0119cy z\u0142otych.<\/p>\r\n<p style=\"text-align: right;\">Piotr Stok\u0142osa<\/p>\r\n","protected":false},"excerpt":{"rendered":"<p>Lokalne \u015brodowisko rowerowe dos\u0142ownie zelektryzowa\u0142a poni\u017csza wiadomo\u015b\u0107 &#8211; na jastrz\u0119bskim odcinku \u017belaznego Szlaku powstan\u0105 dwie stacje naprawcze i dwa punkty \u0142adowania dla rower\u00f3w elektrycznych. Wiceprezydent miasta Roman Foksowicz z rado\u015bci\u0105&hellip; <\/p>\n","protected":false},"author":1,"featured_media":998,"comment_status":"open","ping_status":"open","sticky":false,"template":"","format":"standard","meta":{"footnotes":""},"categories":[9,5,1],"tags":[],"class_list":["post-995","post","type-post","status-publish","format-standard","has-post-thumbnail","hentry","category-aktualnosci","category-artykuly","category-bez-kategorii"],"yoast_head":"<!-- This site is optimized with the Yoast SEO plugin v27.3 - https:\/\/yoast.com\/product\/yoast-seo-wordpress\/ -->\n<title>Stacje \u0142adowania wzd\u0142u\u017c tras rowerowych. Czy to ma sens? - Rowerowy Cieszyn<\/title>\n<meta name=\"description\" content=\"Czy stacje \u0142adowania dla rower\u00f3w elektrycznych wzd\u0142u\u017c tras maj\u0105 sens? Takie rozwi\u0105zanie ma powsta\u0107 na \u017belaznym Szlaku.\" \/>\n<meta name=\"robots\" content=\"index, follow, max-snippet:-1, max-image-preview:large, max-video-preview:-1\" \/>\n<link rel=\"canonical\" href=\"https:\/\/rowerowycieszyn.pl\/index.php\/2021\/04\/14\/stacje-ladowania-wzdluz-tras-rowerowych-czy-to-ma-sens\/\" \/>\n<meta property=\"og:locale\" content=\"pl_PL\" \/>\n<meta property=\"og:type\" content=\"article\" \/>\n<meta property=\"og:title\" content=\"Stacje \u0142adowania wzd\u0142u\u017c tras rowerowych. Czy to ma sens? - Rowerowy Cieszyn\" \/>\n<meta property=\"og:description\" content=\"Czy stacje \u0142adowania dla rower\u00f3w elektrycznych wzd\u0142u\u017c tras maj\u0105 sens? Takie rozwi\u0105zanie ma powsta\u0107 na \u017belaznym Szlaku.\" \/>\n<meta property=\"og:url\" content=\"https:\/\/rowerowycieszyn.pl\/index.php\/2021\/04\/14\/stacje-ladowania-wzdluz-tras-rowerowych-czy-to-ma-sens\/\" \/>\n<meta property=\"og:site_name\" content=\"Rowerowy Cieszyn\" \/>\n<meta property=\"article:publisher\" content=\"https:\/\/www.facebook.com\/RowerowyCieszyn\" \/>\n<meta property=\"article:published_time\" content=\"2021-04-14T06:41:18+00:00\" \/>\n<meta property=\"article:modified_time\" content=\"2022-06-05T08:21:50+00:00\" \/>\n<meta property=\"og:image\" content=\"https:\/\/rowerowycieszyn.pl\/wp-content\/uploads\/2021\/04\/P1040925_cr_cr_tn.jpg\" \/>\n\t<meta property=\"og:image:width\" content=\"1920\" \/>\n\t<meta property=\"og:image:height\" content=\"1080\" \/>\n\t<meta property=\"og:image:type\" content=\"image\/jpeg\" \/>\n<meta name=\"author\" content=\"Rowerowy Cieszyn\" \/>\n<meta name=\"twitter:card\" content=\"summary_large_image\" \/>\n<meta name=\"twitter:label1\" content=\"Napisane przez\" \/>\n\t<meta name=\"twitter:data1\" content=\"Rowerowy Cieszyn\" \/>\n\t<meta name=\"twitter:label2\" content=\"Szacowany czas czytania\" \/>\n\t<meta name=\"twitter:data2\" content=\"3 minuty\" \/>\n<script type=\"application\/ld+json\" class=\"yoast-schema-graph\">{\"@context\":\"https:\\\/\\\/schema.org\",\"@graph\":[{\"@type\":\"Article\",\"@id\":\"https:\\\/\\\/rowerowycieszyn.pl\\\/index.php\\\/2021\\\/04\\\/14\\\/stacje-ladowania-wzdluz-tras-rowerowych-czy-to-ma-sens\\\/#article\",\"isPartOf\":{\"@id\":\"https:\\\/\\\/rowerowycieszyn.pl\\\/index.php\\\/2021\\\/04\\\/14\\\/stacje-ladowania-wzdluz-tras-rowerowych-czy-to-ma-sens\\\/\"},\"author\":{\"name\":\"Rowerowy Cieszyn\",\"@id\":\"https:\\\/\\\/rowerowycieszyn.pl\\\/#\\\/schema\\\/person\\\/b698cee63b7405acd7e70007d7cc8b2a\"},\"headline\":\"Stacje \u0142adowania wzd\u0142u\u017c tras rowerowych. Czy to ma sens?\",\"datePublished\":\"2021-04-14T06:41:18+00:00\",\"dateModified\":\"2022-06-05T08:21:50+00:00\",\"mainEntityOfPage\":{\"@id\":\"https:\\\/\\\/rowerowycieszyn.pl\\\/index.php\\\/2021\\\/04\\\/14\\\/stacje-ladowania-wzdluz-tras-rowerowych-czy-to-ma-sens\\\/\"},\"wordCount\":665,\"commentCount\":1,\"publisher\":{\"@id\":\"https:\\\/\\\/rowerowycieszyn.pl\\\/#organization\"},\"image\":{\"@id\":\"https:\\\/\\\/rowerowycieszyn.pl\\\/index.php\\\/2021\\\/04\\\/14\\\/stacje-ladowania-wzdluz-tras-rowerowych-czy-to-ma-sens\\\/#primaryimage\"},\"thumbnailUrl\":\"https:\\\/\\\/rowerowycieszyn.pl\\\/wp-content\\\/uploads\\\/2021\\\/04\\\/P1040925_cr_cr_tn.jpg\",\"articleSection\":[\"Aktualno\u015bci\",\"Artyku\u0142y\"],\"inLanguage\":\"pl-PL\",\"potentialAction\":[{\"@type\":\"CommentAction\",\"name\":\"Comment\",\"target\":[\"https:\\\/\\\/rowerowycieszyn.pl\\\/index.php\\\/2021\\\/04\\\/14\\\/stacje-ladowania-wzdluz-tras-rowerowych-czy-to-ma-sens\\\/#respond\"]}]},{\"@type\":\"WebPage\",\"@id\":\"https:\\\/\\\/rowerowycieszyn.pl\\\/index.php\\\/2021\\\/04\\\/14\\\/stacje-ladowania-wzdluz-tras-rowerowych-czy-to-ma-sens\\\/\",\"url\":\"https:\\\/\\\/rowerowycieszyn.pl\\\/index.php\\\/2021\\\/04\\\/14\\\/stacje-ladowania-wzdluz-tras-rowerowych-czy-to-ma-sens\\\/\",\"name\":\"Stacje \u0142adowania wzd\u0142u\u017c tras rowerowych. Czy to ma sens? - Rowerowy Cieszyn\",\"isPartOf\":{\"@id\":\"https:\\\/\\\/rowerowycieszyn.pl\\\/#website\"},\"primaryImageOfPage\":{\"@id\":\"https:\\\/\\\/rowerowycieszyn.pl\\\/index.php\\\/2021\\\/04\\\/14\\\/stacje-ladowania-wzdluz-tras-rowerowych-czy-to-ma-sens\\\/#primaryimage\"},\"image\":{\"@id\":\"https:\\\/\\\/rowerowycieszyn.pl\\\/index.php\\\/2021\\\/04\\\/14\\\/stacje-ladowania-wzdluz-tras-rowerowych-czy-to-ma-sens\\\/#primaryimage\"},\"thumbnailUrl\":\"https:\\\/\\\/rowerowycieszyn.pl\\\/wp-content\\\/uploads\\\/2021\\\/04\\\/P1040925_cr_cr_tn.jpg\",\"datePublished\":\"2021-04-14T06:41:18+00:00\",\"dateModified\":\"2022-06-05T08:21:50+00:00\",\"description\":\"Czy stacje \u0142adowania dla rower\u00f3w elektrycznych wzd\u0142u\u017c tras maj\u0105 sens? Takie rozwi\u0105zanie ma powsta\u0107 na \u017belaznym Szlaku.\",\"breadcrumb\":{\"@id\":\"https:\\\/\\\/rowerowycieszyn.pl\\\/index.php\\\/2021\\\/04\\\/14\\\/stacje-ladowania-wzdluz-tras-rowerowych-czy-to-ma-sens\\\/#breadcrumb\"},\"inLanguage\":\"pl-PL\",\"potentialAction\":[{\"@type\":\"ReadAction\",\"target\":[\"https:\\\/\\\/rowerowycieszyn.pl\\\/index.php\\\/2021\\\/04\\\/14\\\/stacje-ladowania-wzdluz-tras-rowerowych-czy-to-ma-sens\\\/\"]}]},{\"@type\":\"ImageObject\",\"inLanguage\":\"pl-PL\",\"@id\":\"https:\\\/\\\/rowerowycieszyn.pl\\\/index.php\\\/2021\\\/04\\\/14\\\/stacje-ladowania-wzdluz-tras-rowerowych-czy-to-ma-sens\\\/#primaryimage\",\"url\":\"https:\\\/\\\/rowerowycieszyn.pl\\\/wp-content\\\/uploads\\\/2021\\\/04\\\/P1040925_cr_cr_tn.jpg\",\"contentUrl\":\"https:\\\/\\\/rowerowycieszyn.pl\\\/wp-content\\\/uploads\\\/2021\\\/04\\\/P1040925_cr_cr_tn.jpg\",\"width\":1920,\"height\":1080,\"caption\":\"Wiadukt na \u017belaznym Szlaku w Zebrzydowicach\"},{\"@type\":\"BreadcrumbList\",\"@id\":\"https:\\\/\\\/rowerowycieszyn.pl\\\/index.php\\\/2021\\\/04\\\/14\\\/stacje-ladowania-wzdluz-tras-rowerowych-czy-to-ma-sens\\\/#breadcrumb\",\"itemListElement\":[{\"@type\":\"ListItem\",\"position\":1,\"name\":\"Home\",\"item\":\"https:\\\/\\\/rowerowycieszyn.pl\\\/\"},{\"@type\":\"ListItem\",\"position\":2,\"name\":\"Stacje \u0142adowania wzd\u0142u\u017c tras rowerowych. Czy to ma sens?\"}]},{\"@type\":\"WebSite\",\"@id\":\"https:\\\/\\\/rowerowycieszyn.pl\\\/#website\",\"url\":\"https:\\\/\\\/rowerowycieszyn.pl\\\/\",\"name\":\"Rowerowy Cieszyn\",\"description\":\"Strona promuj\u0105ca komunikacj\u0119 oraz turystyk\u0119 rowerow\u0105 na terenie Cieszyna i okolic.\",\"publisher\":{\"@id\":\"https:\\\/\\\/rowerowycieszyn.pl\\\/#organization\"},\"potentialAction\":[{\"@type\":\"SearchAction\",\"target\":{\"@type\":\"EntryPoint\",\"urlTemplate\":\"https:\\\/\\\/rowerowycieszyn.pl\\\/?s={search_term_string}\"},\"query-input\":{\"@type\":\"PropertyValueSpecification\",\"valueRequired\":true,\"valueName\":\"search_term_string\"}}],\"inLanguage\":\"pl-PL\"},{\"@type\":\"Organization\",\"@id\":\"https:\\\/\\\/rowerowycieszyn.pl\\\/#organization\",\"name\":\"Rowerowy Cieszyn\",\"url\":\"https:\\\/\\\/rowerowycieszyn.pl\\\/\",\"logo\":{\"@type\":\"ImageObject\",\"inLanguage\":\"pl-PL\",\"@id\":\"https:\\\/\\\/rowerowycieszyn.pl\\\/#\\\/schema\\\/logo\\\/image\\\/\",\"url\":\"https:\\\/\\\/rowerowycieszyn.pl\\\/wp-content\\\/uploads\\\/2020\\\/07\\\/cropped-rower1_cr_tn-1.jpg\",\"contentUrl\":\"https:\\\/\\\/rowerowycieszyn.pl\\\/wp-content\\\/uploads\\\/2020\\\/07\\\/cropped-rower1_cr_tn-1.jpg\",\"width\":250,\"height\":100,\"caption\":\"Rowerowy Cieszyn\"},\"image\":{\"@id\":\"https:\\\/\\\/rowerowycieszyn.pl\\\/#\\\/schema\\\/logo\\\/image\\\/\"},\"sameAs\":[\"https:\\\/\\\/www.facebook.com\\\/RowerowyCieszyn\"]},{\"@type\":\"Person\",\"@id\":\"https:\\\/\\\/rowerowycieszyn.pl\\\/#\\\/schema\\\/person\\\/b698cee63b7405acd7e70007d7cc8b2a\",\"name\":\"Rowerowy Cieszyn\",\"image\":{\"@type\":\"ImageObject\",\"inLanguage\":\"pl-PL\",\"@id\":\"https:\\\/\\\/secure.gravatar.com\\\/avatar\\\/1aef2c80bb06ccee0d820e4116589968d6d5c57310499f9271d42a4f7c5ffb3a?s=96&d=mm&r=g\",\"url\":\"https:\\\/\\\/secure.gravatar.com\\\/avatar\\\/1aef2c80bb06ccee0d820e4116589968d6d5c57310499f9271d42a4f7c5ffb3a?s=96&d=mm&r=g\",\"contentUrl\":\"https:\\\/\\\/secure.gravatar.com\\\/avatar\\\/1aef2c80bb06ccee0d820e4116589968d6d5c57310499f9271d42a4f7c5ffb3a?s=96&d=mm&r=g\",\"caption\":\"Rowerowy Cieszyn\"},\"sameAs\":[\"http:\\\/\\\/rowerowycieszyn.pl\"],\"url\":\"https:\\\/\\\/rowerowycieszyn.pl\\\/index.php\\\/author\\\/pstoklosa\\\/\"}]}<\/script>\n<!-- \/ Yoast SEO plugin. -->","yoast_head_json":{"title":"Stacje \u0142adowania wzd\u0142u\u017c tras rowerowych. Czy to ma sens? - Rowerowy Cieszyn","description":"Czy stacje \u0142adowania dla rower\u00f3w elektrycznych wzd\u0142u\u017c tras maj\u0105 sens? Takie rozwi\u0105zanie ma powsta\u0107 na \u017belaznym Szlaku.","robots":{"index":"index","follow":"follow","max-snippet":"max-snippet:-1","max-image-preview":"max-image-preview:large","max-video-preview":"max-video-preview:-1"},"canonical":"https:\/\/rowerowycieszyn.pl\/index.php\/2021\/04\/14\/stacje-ladowania-wzdluz-tras-rowerowych-czy-to-ma-sens\/","og_locale":"pl_PL","og_type":"article","og_title":"Stacje \u0142adowania wzd\u0142u\u017c tras rowerowych. Czy to ma sens? - Rowerowy Cieszyn","og_description":"Czy stacje \u0142adowania dla rower\u00f3w elektrycznych wzd\u0142u\u017c tras maj\u0105 sens? Takie rozwi\u0105zanie ma powsta\u0107 na \u017belaznym Szlaku.","og_url":"https:\/\/rowerowycieszyn.pl\/index.php\/2021\/04\/14\/stacje-ladowania-wzdluz-tras-rowerowych-czy-to-ma-sens\/","og_site_name":"Rowerowy Cieszyn","article_publisher":"https:\/\/www.facebook.com\/RowerowyCieszyn","article_published_time":"2021-04-14T06:41:18+00:00","article_modified_time":"2022-06-05T08:21:50+00:00","og_image":[{"width":1920,"height":1080,"url":"https:\/\/rowerowycieszyn.pl\/wp-content\/uploads\/2021\/04\/P1040925_cr_cr_tn.jpg","type":"image\/jpeg"}],"author":"Rowerowy Cieszyn","twitter_card":"summary_large_image","twitter_misc":{"Napisane przez":"Rowerowy Cieszyn","Szacowany czas czytania":"3 minuty"},"schema":{"@context":"https:\/\/schema.org","@graph":[{"@type":"Article","@id":"https:\/\/rowerowycieszyn.pl\/index.php\/2021\/04\/14\/stacje-ladowania-wzdluz-tras-rowerowych-czy-to-ma-sens\/#article","isPartOf":{"@id":"https:\/\/rowerowycieszyn.pl\/index.php\/2021\/04\/14\/stacje-ladowania-wzdluz-tras-rowerowych-czy-to-ma-sens\/"},"author":{"name":"Rowerowy Cieszyn","@id":"https:\/\/rowerowycieszyn.pl\/#\/schema\/person\/b698cee63b7405acd7e70007d7cc8b2a"},"headline":"Stacje \u0142adowania wzd\u0142u\u017c tras rowerowych. Czy to ma sens?","datePublished":"2021-04-14T06:41:18+00:00","dateModified":"2022-06-05T08:21:50+00:00","mainEntityOfPage":{"@id":"https:\/\/rowerowycieszyn.pl\/index.php\/2021\/04\/14\/stacje-ladowania-wzdluz-tras-rowerowych-czy-to-ma-sens\/"},"wordCount":665,"commentCount":1,"publisher":{"@id":"https:\/\/rowerowycieszyn.pl\/#organization"},"image":{"@id":"https:\/\/rowerowycieszyn.pl\/index.php\/2021\/04\/14\/stacje-ladowania-wzdluz-tras-rowerowych-czy-to-ma-sens\/#primaryimage"},"thumbnailUrl":"https:\/\/rowerowycieszyn.pl\/wp-content\/uploads\/2021\/04\/P1040925_cr_cr_tn.jpg","articleSection":["Aktualno\u015bci","Artyku\u0142y"],"inLanguage":"pl-PL","potentialAction":[{"@type":"CommentAction","name":"Comment","target":["https:\/\/rowerowycieszyn.pl\/index.php\/2021\/04\/14\/stacje-ladowania-wzdluz-tras-rowerowych-czy-to-ma-sens\/#respond"]}]},{"@type":"WebPage","@id":"https:\/\/rowerowycieszyn.pl\/index.php\/2021\/04\/14\/stacje-ladowania-wzdluz-tras-rowerowych-czy-to-ma-sens\/","url":"https:\/\/rowerowycieszyn.pl\/index.php\/2021\/04\/14\/stacje-ladowania-wzdluz-tras-rowerowych-czy-to-ma-sens\/","name":"Stacje \u0142adowania wzd\u0142u\u017c tras rowerowych. Czy to ma sens? - Rowerowy Cieszyn","isPartOf":{"@id":"https:\/\/rowerowycieszyn.pl\/#website"},"primaryImageOfPage":{"@id":"https:\/\/rowerowycieszyn.pl\/index.php\/2021\/04\/14\/stacje-ladowania-wzdluz-tras-rowerowych-czy-to-ma-sens\/#primaryimage"},"image":{"@id":"https:\/\/rowerowycieszyn.pl\/index.php\/2021\/04\/14\/stacje-ladowania-wzdluz-tras-rowerowych-czy-to-ma-sens\/#primaryimage"},"thumbnailUrl":"https:\/\/rowerowycieszyn.pl\/wp-content\/uploads\/2021\/04\/P1040925_cr_cr_tn.jpg","datePublished":"2021-04-14T06:41:18+00:00","dateModified":"2022-06-05T08:21:50+00:00","description":"Czy stacje \u0142adowania dla rower\u00f3w elektrycznych wzd\u0142u\u017c tras maj\u0105 sens? Takie rozwi\u0105zanie ma powsta\u0107 na \u017belaznym Szlaku.","breadcrumb":{"@id":"https:\/\/rowerowycieszyn.pl\/index.php\/2021\/04\/14\/stacje-ladowania-wzdluz-tras-rowerowych-czy-to-ma-sens\/#breadcrumb"},"inLanguage":"pl-PL","potentialAction":[{"@type":"ReadAction","target":["https:\/\/rowerowycieszyn.pl\/index.php\/2021\/04\/14\/stacje-ladowania-wzdluz-tras-rowerowych-czy-to-ma-sens\/"]}]},{"@type":"ImageObject","inLanguage":"pl-PL","@id":"https:\/\/rowerowycieszyn.pl\/index.php\/2021\/04\/14\/stacje-ladowania-wzdluz-tras-rowerowych-czy-to-ma-sens\/#primaryimage","url":"https:\/\/rowerowycieszyn.pl\/wp-content\/uploads\/2021\/04\/P1040925_cr_cr_tn.jpg","contentUrl":"https:\/\/rowerowycieszyn.pl\/wp-content\/uploads\/2021\/04\/P1040925_cr_cr_tn.jpg","width":1920,"height":1080,"caption":"Wiadukt na \u017belaznym Szlaku w Zebrzydowicach"},{"@type":"BreadcrumbList","@id":"https:\/\/rowerowycieszyn.pl\/index.php\/2021\/04\/14\/stacje-ladowania-wzdluz-tras-rowerowych-czy-to-ma-sens\/#breadcrumb","itemListElement":[{"@type":"ListItem","position":1,"name":"Home","item":"https:\/\/rowerowycieszyn.pl\/"},{"@type":"ListItem","position":2,"name":"Stacje \u0142adowania wzd\u0142u\u017c tras rowerowych. Czy to ma sens?"}]},{"@type":"WebSite","@id":"https:\/\/rowerowycieszyn.pl\/#website","url":"https:\/\/rowerowycieszyn.pl\/","name":"Rowerowy Cieszyn","description":"Strona promuj\u0105ca komunikacj\u0119 oraz turystyk\u0119 rowerow\u0105 na terenie Cieszyna i okolic.","publisher":{"@id":"https:\/\/rowerowycieszyn.pl\/#organization"},"potentialAction":[{"@type":"SearchAction","target":{"@type":"EntryPoint","urlTemplate":"https:\/\/rowerowycieszyn.pl\/?s={search_term_string}"},"query-input":{"@type":"PropertyValueSpecification","valueRequired":true,"valueName":"search_term_string"}}],"inLanguage":"pl-PL"},{"@type":"Organization","@id":"https:\/\/rowerowycieszyn.pl\/#organization","name":"Rowerowy Cieszyn","url":"https:\/\/rowerowycieszyn.pl\/","logo":{"@type":"ImageObject","inLanguage":"pl-PL","@id":"https:\/\/rowerowycieszyn.pl\/#\/schema\/logo\/image\/","url":"https:\/\/rowerowycieszyn.pl\/wp-content\/uploads\/2020\/07\/cropped-rower1_cr_tn-1.jpg","contentUrl":"https:\/\/rowerowycieszyn.pl\/wp-content\/uploads\/2020\/07\/cropped-rower1_cr_tn-1.jpg","width":250,"height":100,"caption":"Rowerowy Cieszyn"},"image":{"@id":"https:\/\/rowerowycieszyn.pl\/#\/schema\/logo\/image\/"},"sameAs":["https:\/\/www.facebook.com\/RowerowyCieszyn"]},{"@type":"Person","@id":"https:\/\/rowerowycieszyn.pl\/#\/schema\/person\/b698cee63b7405acd7e70007d7cc8b2a","name":"Rowerowy Cieszyn","image":{"@type":"ImageObject","inLanguage":"pl-PL","@id":"https:\/\/secure.gravatar.com\/avatar\/1aef2c80bb06ccee0d820e4116589968d6d5c57310499f9271d42a4f7c5ffb3a?s=96&d=mm&r=g","url":"https:\/\/secure.gravatar.com\/avatar\/1aef2c80bb06ccee0d820e4116589968d6d5c57310499f9271d42a4f7c5ffb3a?s=96&d=mm&r=g","contentUrl":"https:\/\/secure.gravatar.com\/avatar\/1aef2c80bb06ccee0d820e4116589968d6d5c57310499f9271d42a4f7c5ffb3a?s=96&d=mm&r=g","caption":"Rowerowy Cieszyn"},"sameAs":["http:\/\/rowerowycieszyn.pl"],"url":"https:\/\/rowerowycieszyn.pl\/index.php\/author\/pstoklosa\/"}]}},"_links":{"self":[{"href":"https:\/\/rowerowycieszyn.pl\/index.php\/wp-json\/wp\/v2\/posts\/995","targetHints":{"allow":["GET"]}}],"collection":[{"href":"https:\/\/rowerowycieszyn.pl\/index.php\/wp-json\/wp\/v2\/posts"}],"about":[{"href":"https:\/\/rowerowycieszyn.pl\/index.php\/wp-json\/wp\/v2\/types\/post"}],"author":[{"embeddable":true,"href":"https:\/\/rowerowycieszyn.pl\/index.php\/wp-json\/wp\/v2\/users\/1"}],"replies":[{"embeddable":true,"href":"https:\/\/rowerowycieszyn.pl\/index.php\/wp-json\/wp\/v2\/comments?post=995"}],"version-history":[{"count":8,"href":"https:\/\/rowerowycieszyn.pl\/index.php\/wp-json\/wp\/v2\/posts\/995\/revisions"}],"predecessor-version":[{"id":1007,"href":"https:\/\/rowerowycieszyn.pl\/index.php\/wp-json\/wp\/v2\/posts\/995\/revisions\/1007"}],"wp:featuredmedia":[{"embeddable":true,"href":"https:\/\/rowerowycieszyn.pl\/index.php\/wp-json\/wp\/v2\/media\/998"}],"wp:attachment":[{"href":"https:\/\/rowerowycieszyn.pl\/index.php\/wp-json\/wp\/v2\/media?parent=995"}],"wp:term":[{"taxonomy":"category","embeddable":true,"href":"https:\/\/rowerowycieszyn.pl\/index.php\/wp-json\/wp\/v2\/categories?post=995"},{"taxonomy":"post_tag","embeddable":true,"href":"https:\/\/rowerowycieszyn.pl\/index.php\/wp-json\/wp\/v2\/tags?post=995"}],"curies":[{"name":"wp","href":"https:\/\/api.w.org\/{rel}","templated":true}]}}